{"id":46069,"date":"2020-05-11T14:32:07","date_gmt":"2020-05-11T13:32:07","guid":{"rendered":"http:\/\/www.altominho.tv\/site\/?p=46069"},"modified":"2020-05-11T14:32:13","modified_gmt":"2020-05-11T13:32:13","slug":"mais-de-280-mil-mortos-e-mais-de-41-milhoes-de-infetados-em-todo-mundo","status":"publish","type":"post","link":"https:\/\/www.altominho.tv\/site\/2020\/05\/11\/mais-de-280-mil-mortos-e-mais-de-41-milhoes-de-infetados-em-todo-mundo\/","title":{"rendered":"Mais de 280 mil mortos e mais de 4,1 milh\u00f5es de infetados em todo mundo"},"content":{"rendered":"\n<p>A pandemia do novo coronav\u00edrus j\u00e1 matou pelo menos 282.447 pessoas e infetou mais de 4,1 milh\u00f5es em todo o mundo desde dezembro, segundo um balan\u00e7o da ag\u00eancia AFP, \u00e0s 11:00 hoje, baseado em dados oficiais.<\/p>\n\n\n\n<p>De acordo com os dados recolhidos pela ag\u00eancia noticiosa francesa, j\u00e1 morreram pelo menos 282.447 pessoas e h\u00e1 mais de 4.117.740 infetados em 195 pa\u00edses e territ\u00f3rios desde o in\u00edcio da epidemia, em dezembro de 2019 na cidade chinesa de Wuhan.<\/p>\n\n\n\n<p>A AFP alerta que o n\u00famero de casos diagnosticados reflete apenas uma fra\u00e7\u00e3o do total real de infe\u00e7\u00f5es, j\u00e1 que um grande n\u00famero de pa\u00edses est\u00e1 a testar apenas os casos que requerem tratamento hospitalar. Entre esses casos, pelo menos 1.388.600 foram considerados curados.<\/p>\n\n\n\n<p>Os Estados Unidos, que registaram a primeira morte ligada \u00e0 covid-19 no in\u00edcio de fevereiro, s\u00e3o o pa\u00eds mais afetado em termos de n\u00famero de mortes e casos, com 79.528 \u00f3bitos em 1.329.799 casos.<\/p>\n\n\n\n<p>Pelo menos 216.169 pessoas foram declaradas curadas pelas autoridades dos Estados Unidos.<\/p>\n\n\n\n<p>Depois dos Estados Unidos, os pa\u00edses mais afetados s\u00e3o o Reino Unido, com 31.855 mortes em 219.183 casos, a It\u00e1lia com 30.560 mortes (219.070 casos), a Espanha com 26.744 mortes (227.436 casos) e Fran\u00e7a com 26.380 mortes (176.970 casos).<\/p>\n\n\n\n<p>A China (excluindo os territ\u00f3rios de Hong Kong e Macau), onde a epidemia come\u00e7ou no final de dezembro, contabilizou 82.918 casos (17 novos entre domingo e hoje), incluindo 4.633 mortes (nenhuma nova) e 78.144 curados.<\/p>\n\n\n\n<p>A Europa totalizou 156.449 mortes para 1.748.140 casos, Estados Unidos e Canad\u00e1 84.338 mortes (1.397.802 casos), Am\u00e9rica Latina e Cara\u00edbas 20.888 mortes (373.716 casos), \u00c1sia 10.736 mortes (299.747 casos), M\u00e9dio Oriente 7.636 mortes (227.086 casos), \u00c1frica 2.275 mortes (62.968 casos) e Oce\u00e2nia 125 mortes (8.284 casos).<\/p>\n\n\n\n<p>Esta avalia\u00e7\u00e3o foi realizada com dados recolhidos pela AFP junto de autoridades de sa\u00fade e informa\u00e7\u00f5es da Organiza\u00e7\u00e3o Mundial da Sa\u00fade (OMS).<\/p>\n\n\n\n<p>Portugal, com 1.144 mortes registadas e 27.679 casos confirmados \u00e9 o 21.\u00ba pa\u00eds do mundo com mais \u00f3bitos e o 23.\u00ba em n\u00famero de infe\u00e7\u00f5es.<\/p>\n","protected":false},"excerpt":{"rendered":"<p>A pandemia do novo coronav\u00edrus j\u00e1 matou pelo menos 282.447 pessoas e infetou mais de 4,1 milh\u00f5es em todo o mundo desde dezembro, segundo um balan\u00e7o da ag\u00eancia AFP, \u00e0s 11:00 hoje, baseado em dados oficiais. De acordo com os dados recolhidos pela ag\u00eancia noticiosa francesa, j\u00e1 morreram pelo menos 282.447 pessoas e h\u00e1 mais [&hellip;]<\/p>\n","protected":false},"author":16,"featured_media":45946,"comment_status":"closed","ping_status":"closed","sticky":false,"template":"","format":"standard","meta":{"_exactmetrics_skip_tracking":false,"_exactmetrics_sitenote_active":false,"_exactmetrics_sitenote_note":"","_exactmetrics_sitenote_category":0,"footnotes":""},"categories":[42722],"tags":[26,27],"class_list":["post-46069","post","type-post","status-publish","format-standard","has-post-thumbnail","hentry","category-covid-19","tag-saude","tag-sociedade"],"yoast_head":"<!-- This site is optimized with the Yoast SEO Premium plugin v27.4 (Yoast SEO v27.4) - https:\/\/yoast.com\/product\/yoast-seo-premium-wordpress\/ -->\n<title>Mais de 280 mil mortos e mais de 4,1 milh\u00f5es de infetados em todo mundo<\/title>\n<meta name=\"robots\" content=\"index, follow, max-snippet:-1, max-image-preview:large, max-video-preview:-1\" \/>\n<link rel=\"canonical\" href=\"https:\/\/www.altominho.tv\/site\/2020\/05\/11\/mais-de-280-mil-mortos-e-mais-de-41-milhoes-de-infetados-em-todo-mundo\/\" \/>\n<meta property=\"og:locale\" content=\"pt_PT\" \/>\n<meta property=\"og:type\" content=\"article\" \/>\n<meta property=\"og:title\" content=\"Mais de 280 mil mortos e mais de 4,1 milh\u00f5es de infetados em todo mundo\" \/>\n<meta property=\"og:description\" content=\"A pandemia do novo coronav\u00edrus j\u00e1 matou pelo menos 282.447 pessoas e infetou mais de 4,1 milh\u00f5es em todo o mundo desde dezembro, segundo um balan\u00e7o da ag\u00eancia AFP, \u00e0s 11:00 hoje, baseado em dados oficiais. De acordo com os dados recolhidos pela ag\u00eancia noticiosa francesa, j\u00e1 morreram pelo menos 282.447 pessoas e h\u00e1 mais [&hellip;]\" \/>\n<meta property=\"og:url\" content=\"https:\/\/www.altominho.tv\/site\/2020\/05\/11\/mais-de-280-mil-mortos-e-mais-de-41-milhoes-de-infetados-em-todo-mundo\/\" \/>\n<meta property=\"og:site_name\" content=\"Altominho.tv\" \/>\n<meta property=\"article:publisher\" content=\"https:\/\/www.facebook.com\/altominhotv\" \/>\n<meta property=\"article:published_time\" content=\"2020-05-11T13:32:07+00:00\" \/>\n<meta property=\"article:modified_time\" content=\"2020-05-11T13:32:13+00:00\" \/>\n<meta property=\"og:image\" content=\"https:\/\/www.altominho.tv\/site\/wp-content\/uploads\/2020\/05\/covid-19.jpg\" \/>\n\t<meta property=\"og:image:width\" content=\"1500\" \/>\n\t<meta property=\"og:image:height\" content=\"844\" \/>\n\t<meta property=\"og:image:type\" content=\"image\/jpeg\" \/>\n<meta name=\"author\" content=\"Andreia Cunha | Lusa\" \/>\n<meta name=\"twitter:card\" content=\"summary_large_image\" \/>\n<meta name=\"twitter:creator\" content=\"@altominhoTV\" \/>\n<meta name=\"twitter:site\" content=\"@altominhoTV\" \/>\n<meta name=\"twitter:label1\" content=\"Escrito por\" \/>\n\t<meta name=\"twitter:data1\" content=\"Andreia Cunha | Lusa\" \/>\n\t<meta name=\"twitter:label2\" content=\"Tempo estimado de leitura\" \/>\n\t<meta name=\"twitter:data2\" content=\"2 minutos\" \/>\n<script type=\"application\/ld+json\" class=\"yoast-schema-graph\">{\"@context\":\"https:\\\/\\\/schema.org\",\"@graph\":[{\"@type\":\"Article\",\"@id\":\"https:\\\/\\\/www.altominho.tv\\\/site\\\/2020\\\/05\\\/11\\\/mais-de-280-mil-mortos-e-mais-de-41-milhoes-de-infetados-em-todo-mundo\\\/#article\",\"isPartOf\":{\"@id\":\"https:\\\/\\\/www.altominho.tv\\\/site\\\/2020\\\/05\\\/11\\\/mais-de-280-mil-mortos-e-mais-de-41-milhoes-de-infetados-em-todo-mundo\\\/\"},\"author\":{\"name\":\"Andreia Cunha | Lusa\",\"@id\":\"https:\\\/\\\/www.altominho.tv\\\/site\\\/#\\\/schema\\\/person\\\/dbaf181c01b51ff40c9f461a905d321e\"},\"headline\":\"Mais de 280 mil mortos e mais de 4,1 milh\u00f5es de infetados em todo mundo\",\"datePublished\":\"2020-05-11T13:32:07+00:00\",\"dateModified\":\"2020-05-11T13:32:13+00:00\",\"mainEntityOfPage\":{\"@id\":\"https:\\\/\\\/www.altominho.tv\\\/site\\\/2020\\\/05\\\/11\\\/mais-de-280-mil-mortos-e-mais-de-41-milhoes-de-infetados-em-todo-mundo\\\/\"},\"wordCount\":340,\"image\":{\"@id\":\"https:\\\/\\\/www.altominho.tv\\\/site\\\/2020\\\/05\\\/11\\\/mais-de-280-mil-mortos-e-mais-de-41-milhoes-de-infetados-em-todo-mundo\\\/#primaryimage\"},\"thumbnailUrl\":\"https:\\\/\\\/www.altominho.tv\\\/site\\\/wp-content\\\/uploads\\\/2020\\\/05\\\/covid-19.jpg\",\"keywords\":[\"Sa\u00fade\",\"Sociedade\"],\"articleSection\":[\"Coronav\u00edrus\"],\"inLanguage\":\"pt-PT\",\"copyrightYear\":\"2020\",\"copyrightHolder\":{\"@id\":\"https:\\\/\\\/www.altominho.tv\\\/site\\\/#organization\"}},{\"@type\":\"WebPage\",\"@id\":\"https:\\\/\\\/www.altominho.tv\\\/site\\\/2020\\\/05\\\/11\\\/mais-de-280-mil-mortos-e-mais-de-41-milhoes-de-infetados-em-todo-mundo\\\/\",\"url\":\"https:\\\/\\\/www.altominho.tv\\\/site\\\/2020\\\/05\\\/11\\\/mais-de-280-mil-mortos-e-mais-de-41-milhoes-de-infetados-em-todo-mundo\\\/\",\"name\":\"Mais de 280 mil mortos e mais de 4,1 milh\u00f5es de infetados em todo mundo\",\"isPartOf\":{\"@id\":\"https:\\\/\\\/www.altominho.tv\\\/site\\\/#website\"},\"primaryImageOfPage\":{\"@id\":\"https:\\\/\\\/www.altominho.tv\\\/site\\\/2020\\\/05\\\/11\\\/mais-de-280-mil-mortos-e-mais-de-41-milhoes-de-infetados-em-todo-mundo\\\/#primaryimage\"},\"image\":{\"@id\":\"https:\\\/\\\/www.altominho.tv\\\/site\\\/2020\\\/05\\\/11\\\/mais-de-280-mil-mortos-e-mais-de-41-milhoes-de-infetados-em-todo-mundo\\\/#primaryimage\"},\"thumbnailUrl\":\"https:\\\/\\\/www.altominho.tv\\\/site\\\/wp-content\\\/uploads\\\/2020\\\/05\\\/covid-19.jpg\",\"datePublished\":\"2020-05-11T13:32:07+00:00\",\"dateModified\":\"2020-05-11T13:32:13+00:00\",\"author\":{\"@id\":\"https:\\\/\\\/www.altominho.tv\\\/site\\\/#\\\/schema\\\/person\\\/dbaf181c01b51ff40c9f461a905d321e\"},\"breadcrumb\":{\"@id\":\"https:\\\/\\\/www.altominho.tv\\\/site\\\/2020\\\/05\\\/11\\\/mais-de-280-mil-mortos-e-mais-de-41-milhoes-de-infetados-em-todo-mundo\\\/#breadcrumb\"},\"inLanguage\":\"pt-PT\",\"potentialAction\":[{\"@type\":\"ReadAction\",\"target\":[\"https:\\\/\\\/www.altominho.tv\\\/site\\\/2020\\\/05\\\/11\\\/mais-de-280-mil-mortos-e-mais-de-41-milhoes-de-infetados-em-todo-mundo\\\/\"]}]},{\"@type\":\"ImageObject\",\"inLanguage\":\"pt-PT\",\"@id\":\"https:\\\/\\\/www.altominho.tv\\\/site\\\/2020\\\/05\\\/11\\\/mais-de-280-mil-mortos-e-mais-de-41-milhoes-de-infetados-em-todo-mundo\\\/#primaryimage\",\"url\":\"https:\\\/\\\/www.altominho.tv\\\/site\\\/wp-content\\\/uploads\\\/2020\\\/05\\\/covid-19.jpg\",\"contentUrl\":\"https:\\\/\\\/www.altominho.tv\\\/site\\\/wp-content\\\/uploads\\\/2020\\\/05\\\/covid-19.jpg\",\"width\":1500,\"height\":844},{\"@type\":\"BreadcrumbList\",\"@id\":\"https:\\\/\\\/www.altominho.tv\\\/site\\\/2020\\\/05\\\/11\\\/mais-de-280-mil-mortos-e-mais-de-41-milhoes-de-infetados-em-todo-mundo\\\/#breadcrumb\",\"itemListElement\":[{\"@type\":\"ListItem\",\"position\":1,\"name\":\"In\u00edcio\",\"item\":\"https:\\\/\\\/www.altominho.tv\\\/site\\\/\"},{\"@type\":\"ListItem\",\"position\":2,\"name\":\"Mais de 280 mil mortos e mais de 4,1 milh\u00f5es de infetados em todo mundo\"}]},{\"@type\":\"WebSite\",\"@id\":\"https:\\\/\\\/www.altominho.tv\\\/site\\\/#website\",\"url\":\"https:\\\/\\\/www.altominho.tv\\\/site\\\/\",\"name\":\"Altominho.tv\",\"description\":\"A sua regi\u00e3o \u00e0 dist\u00e2ncia de um clique...\",\"potentialAction\":[{\"@type\":\"SearchAction\",\"target\":{\"@type\":\"EntryPoint\",\"urlTemplate\":\"https:\\\/\\\/www.altominho.tv\\\/site\\\/?s={search_term_string}\"},\"query-input\":{\"@type\":\"PropertyValueSpecification\",\"valueRequired\":true,\"valueName\":\"search_term_string\"}}],\"inLanguage\":\"pt-PT\"},{\"@type\":\"Person\",\"@id\":\"https:\\\/\\\/www.altominho.tv\\\/site\\\/#\\\/schema\\\/person\\\/dbaf181c01b51ff40c9f461a905d321e\",\"name\":\"Andreia Cunha | Lusa\",\"image\":{\"@type\":\"ImageObject\",\"inLanguage\":\"pt-PT\",\"@id\":\"https:\\\/\\\/www.altominho.tv\\\/site\\\/wp-content\\\/uploads\\\/2017\\\/11\\\/Andreia_Cunha-1-150x150.jpg\",\"url\":\"https:\\\/\\\/www.altominho.tv\\\/site\\\/wp-content\\\/uploads\\\/2017\\\/11\\\/Andreia_Cunha-1-150x150.jpg\",\"contentUrl\":\"https:\\\/\\\/www.altominho.tv\\\/site\\\/wp-content\\\/uploads\\\/2017\\\/11\\\/Andreia_Cunha-1-150x150.jpg\",\"caption\":\"Andreia Cunha | Lusa\"},\"sameAs\":[\"https:\\\/\\\/www.altominho.tv\\\/site\"],\"url\":\"https:\\\/\\\/www.altominho.tv\\\/site\\\/author\\\/andreiacunhalusa\\\/\"}]}<\/script>\n<!-- \/ Yoast SEO Premium plugin. -->","yoast_head_json":{"title":"Mais de 280 mil mortos e mais de 4,1 milh\u00f5es de infetados em todo mundo","robots":{"index":"index","follow":"follow","max-snippet":"max-snippet:-1","max-image-preview":"max-image-preview:large","max-video-preview":"max-video-preview:-1"},"canonical":"https:\/\/www.altominho.tv\/site\/2020\/05\/11\/mais-de-280-mil-mortos-e-mais-de-41-milhoes-de-infetados-em-todo-mundo\/","og_locale":"pt_PT","og_type":"article","og_title":"Mais de 280 mil mortos e mais de 4,1 milh\u00f5es de infetados em todo mundo","og_description":"A pandemia do novo coronav\u00edrus j\u00e1 matou pelo menos 282.447 pessoas e infetou mais de 4,1 milh\u00f5es em todo o mundo desde dezembro, segundo um balan\u00e7o da ag\u00eancia AFP, \u00e0s 11:00 hoje, baseado em dados oficiais. De acordo com os dados recolhidos pela ag\u00eancia noticiosa francesa, j\u00e1 morreram pelo menos 282.447 pessoas e h\u00e1 mais [&hellip;]","og_url":"https:\/\/www.altominho.tv\/site\/2020\/05\/11\/mais-de-280-mil-mortos-e-mais-de-41-milhoes-de-infetados-em-todo-mundo\/","og_site_name":"Altominho.tv","article_publisher":"https:\/\/www.facebook.com\/altominhotv","article_published_time":"2020-05-11T13:32:07+00:00","article_modified_time":"2020-05-11T13:32:13+00:00","og_image":[{"width":1500,"height":844,"url":"https:\/\/www.altominho.tv\/site\/wp-content\/uploads\/2020\/05\/covid-19.jpg","type":"image\/jpeg"}],"author":"Andreia Cunha | Lusa","twitter_card":"summary_large_image","twitter_creator":"@altominhoTV","twitter_site":"@altominhoTV","twitter_misc":{"Escrito por":"Andreia Cunha | Lusa","Tempo estimado de leitura":"2 minutos"},"schema":{"@context":"https:\/\/schema.org","@graph":[{"@type":"Article","@id":"https:\/\/www.altominho.tv\/site\/2020\/05\/11\/mais-de-280-mil-mortos-e-mais-de-41-milhoes-de-infetados-em-todo-mundo\/#article","isPartOf":{"@id":"https:\/\/www.altominho.tv\/site\/2020\/05\/11\/mais-de-280-mil-mortos-e-mais-de-41-milhoes-de-infetados-em-todo-mundo\/"},"author":{"name":"Andreia Cunha | Lusa","@id":"https:\/\/www.altominho.tv\/site\/#\/schema\/person\/dbaf181c01b51ff40c9f461a905d321e"},"headline":"Mais de 280 mil mortos e mais de 4,1 milh\u00f5es de infetados em todo mundo","datePublished":"2020-05-11T13:32:07+00:00","dateModified":"2020-05-11T13:32:13+00:00","mainEntityOfPage":{"@id":"https:\/\/www.altominho.tv\/site\/2020\/05\/11\/mais-de-280-mil-mortos-e-mais-de-41-milhoes-de-infetados-em-todo-mundo\/"},"wordCount":340,"image":{"@id":"https:\/\/www.altominho.tv\/site\/2020\/05\/11\/mais-de-280-mil-mortos-e-mais-de-41-milhoes-de-infetados-em-todo-mundo\/#primaryimage"},"thumbnailUrl":"https:\/\/www.altominho.tv\/site\/wp-content\/uploads\/2020\/05\/covid-19.jpg","keywords":["Sa\u00fade","Sociedade"],"articleSection":["Coronav\u00edrus"],"inLanguage":"pt-PT","copyrightYear":"2020","copyrightHolder":{"@id":"https:\/\/www.altominho.tv\/site\/#organization"}},{"@type":"WebPage","@id":"https:\/\/www.altominho.tv\/site\/2020\/05\/11\/mais-de-280-mil-mortos-e-mais-de-41-milhoes-de-infetados-em-todo-mundo\/","url":"https:\/\/www.altominho.tv\/site\/2020\/05\/11\/mais-de-280-mil-mortos-e-mais-de-41-milhoes-de-infetados-em-todo-mundo\/","name":"Mais de 280 mil mortos e mais de 4,1 milh\u00f5es de infetados em todo mundo","isPartOf":{"@id":"https:\/\/www.altominho.tv\/site\/#website"},"primaryImageOfPage":{"@id":"https:\/\/www.altominho.tv\/site\/2020\/05\/11\/mais-de-280-mil-mortos-e-mais-de-41-milhoes-de-infetados-em-todo-mundo\/#primaryimage"},"image":{"@id":"https:\/\/www.altominho.tv\/site\/2020\/05\/11\/mais-de-280-mil-mortos-e-mais-de-41-milhoes-de-infetados-em-todo-mundo\/#primaryimage"},"thumbnailUrl":"https:\/\/www.altominho.tv\/site\/wp-content\/uploads\/2020\/05\/covid-19.jpg","datePublished":"2020-05-11T13:32:07+00:00","dateModified":"2020-05-11T13:32:13+00:00","author":{"@id":"https:\/\/www.altominho.tv\/site\/#\/schema\/person\/dbaf181c01b51ff40c9f461a905d321e"},"breadcrumb":{"@id":"https:\/\/www.altominho.tv\/site\/2020\/05\/11\/mais-de-280-mil-mortos-e-mais-de-41-milhoes-de-infetados-em-todo-mundo\/#breadcrumb"},"inLanguage":"pt-PT","potentialAction":[{"@type":"ReadAction","target":["https:\/\/www.altominho.tv\/site\/2020\/05\/11\/mais-de-280-mil-mortos-e-mais-de-41-milhoes-de-infetados-em-todo-mundo\/"]}]},{"@type":"ImageObject","inLanguage":"pt-PT","@id":"https:\/\/www.altominho.tv\/site\/2020\/05\/11\/mais-de-280-mil-mortos-e-mais-de-41-milhoes-de-infetados-em-todo-mundo\/#primaryimage","url":"https:\/\/www.altominho.tv\/site\/wp-content\/uploads\/2020\/05\/covid-19.jpg","contentUrl":"https:\/\/www.altominho.tv\/site\/wp-content\/uploads\/2020\/05\/covid-19.jpg","width":1500,"height":844},{"@type":"BreadcrumbList","@id":"https:\/\/www.altominho.tv\/site\/2020\/05\/11\/mais-de-280-mil-mortos-e-mais-de-41-milhoes-de-infetados-em-todo-mundo\/#breadcrumb","itemListElement":[{"@type":"ListItem","position":1,"name":"In\u00edcio","item":"https:\/\/www.altominho.tv\/site\/"},{"@type":"ListItem","position":2,"name":"Mais de 280 mil mortos e mais de 4,1 milh\u00f5es de infetados em todo mundo"}]},{"@type":"WebSite","@id":"https:\/\/www.altominho.tv\/site\/#website","url":"https:\/\/www.altominho.tv\/site\/","name":"Altominho.tv","description":"A sua regi\u00e3o \u00e0 dist\u00e2ncia de um clique...","potentialAction":[{"@type":"SearchAction","target":{"@type":"EntryPoint","urlTemplate":"https:\/\/www.altominho.tv\/site\/?s={search_term_string}"},"query-input":{"@type":"PropertyValueSpecification","valueRequired":true,"valueName":"search_term_string"}}],"inLanguage":"pt-PT"},{"@type":"Person","@id":"https:\/\/www.altominho.tv\/site\/#\/schema\/person\/dbaf181c01b51ff40c9f461a905d321e","name":"Andreia Cunha | Lusa","image":{"@type":"ImageObject","inLanguage":"pt-PT","@id":"https:\/\/www.altominho.tv\/site\/wp-content\/uploads\/2017\/11\/Andreia_Cunha-1-150x150.jpg","url":"https:\/\/www.altominho.tv\/site\/wp-content\/uploads\/2017\/11\/Andreia_Cunha-1-150x150.jpg","contentUrl":"https:\/\/www.altominho.tv\/site\/wp-content\/uploads\/2017\/11\/Andreia_Cunha-1-150x150.jpg","caption":"Andreia Cunha | Lusa"},"sameAs":["https:\/\/www.altominho.tv\/site"],"url":"https:\/\/www.altominho.tv\/site\/author\/andreiacunhalusa\/"}]}},"_links":{"self":[{"href":"https:\/\/www.altominho.tv\/site\/wp-json\/wp\/v2\/posts\/46069","targetHints":{"allow":["GET"]}}],"collection":[{"href":"https:\/\/www.altominho.tv\/site\/wp-json\/wp\/v2\/posts"}],"about":[{"href":"https:\/\/www.altominho.tv\/site\/wp-json\/wp\/v2\/types\/post"}],"author":[{"embeddable":true,"href":"https:\/\/www.altominho.tv\/site\/wp-json\/wp\/v2\/users\/16"}],"replies":[{"embeddable":true,"href":"https:\/\/www.altominho.tv\/site\/wp-json\/wp\/v2\/comments?post=46069"}],"version-history":[{"count":0,"href":"https:\/\/www.altominho.tv\/site\/wp-json\/wp\/v2\/posts\/46069\/revisions"}],"wp:featuredmedia":[{"embeddable":true,"href":"https:\/\/www.altominho.tv\/site\/wp-json\/wp\/v2\/media\/45946"}],"wp:attachment":[{"href":"https:\/\/www.altominho.tv\/site\/wp-json\/wp\/v2\/media?parent=46069"}],"wp:term":[{"taxonomy":"category","embeddable":true,"href":"https:\/\/www.altominho.tv\/site\/wp-json\/wp\/v2\/categories?post=46069"},{"taxonomy":"post_tag","embeddable":true,"href":"https:\/\/www.altominho.tv\/site\/wp-json\/wp\/v2\/tags?post=46069"}],"curies":[{"name":"wp","href":"https:\/\/api.w.org\/{rel}","templated":true}]}}