{"id":46053,"date":"2020-05-11T12:20:06","date_gmt":"2020-05-11T11:20:06","guid":{"rendered":"http:\/\/www.altominho.tv\/site\/?p=46053"},"modified":"2020-05-11T12:20:11","modified_gmt":"2020-05-11T11:20:11","slug":"alunos-devem-ser-organizados-por-grupos-para-nao-se-cruzarem-nas-escolas","status":"publish","type":"post","link":"https:\/\/www.altominho.tv\/site\/2020\/05\/11\/alunos-devem-ser-organizados-por-grupos-para-nao-se-cruzarem-nas-escolas\/","title":{"rendered":"Alunos devem ser organizados por grupos para n\u00e3o se cruzarem nas escolas"},"content":{"rendered":"\n<p>Os alunos que regressem ao regime de aulas presenciais devem ser organizados por grupos para se cruzarem o menos poss\u00edvel no espa\u00e7o escolar, usar sempre m\u00e1scaras e desinfetar as m\u00e3os \u00e0 entrada e sa\u00edda da escola.<\/p>\n\n\n\n<p>Numa orienta\u00e7\u00e3o publicada no seu \u2018site\u2019, a Dire\u00e7\u00e3o-Geral da Sa\u00fade (DGS) diz que a cada grupo de alunos deve ser atribu\u00edda uma zona da escola e que cada sala de aula deve ser usada pelo mesmo grupo de estudantes, para impedir a contamina\u00e7\u00e3o por covid-19.<\/p>\n\n\n\n<p>O distanciamento f\u00edsico (1,5 a dois metros) deve ser mantido fora e dentro da sala de aula, com as secret\u00e1rias dispostas o mais poss\u00edvel junto das paredes e janelas, evitando que os alunos fiquem de frente uns para os outros.<\/p>\n\n\n\n<p>As salas e outros espa\u00e7os interiores usados pelos alunos devem ser ventilados, de prefer\u00eancia abrindo janelas e portas. Caso seja usado ar condicionado, deve optar-se pelo modo de extra\u00e7\u00e3o e nunca pelo de recircula\u00e7\u00e3o do ar.<\/p>\n\n\n\n<p>A DGS diz ainda que, os espa\u00e7os n\u00e3o necess\u00e1rios \u00e0 atividade letiva, como os bufetes\/bares, salas de apoio, salas de conv\u00edvio de alunos e outros, devem ser encerrados.<\/p>\n\n\n\n<p>\u201cSe, por motivos de garantia de equidade, for necess\u00e1rio disponibilizar o acesso \u00e0 biblioteca ou \u00e0 sala de inform\u00e1tica, estas devem reduzir a lota\u00e7\u00e3o m\u00e1xima e dispor de uma sinal\u00e9tica que indique os lugares que podem ser ocupados de forma a garantir as regras de distanciamento f\u00edsico. Devem tamb\u00e9m ser higienizadas e desinfetadas ap\u00f3s cada utiliza\u00e7\u00e3o\u201d, acrescenta.<\/p>\n\n\n\n<p>A DGS insiste na import\u00e2ncia da desinfe\u00e7\u00e3o de superf\u00edcies para prevenir a transmiss\u00e3o da covid-19 em ambientes comunit\u00e1rios, lembrando que o v\u00edrus SARS-CoV-2, que provoca a doen\u00e7a, \u201cpode sobreviver em diferentes superf\u00edcies, durante horas (cobre e papel\u00e3o) a alguns dias (pl\u00e1stico e a\u00e7o inoxid\u00e1vel)\u201d.<\/p>\n\n\n\n<p>Sublinha que as medidas adicionais de limpeza de desinfe\u00e7\u00e3o nas escolas devem abranger laborat\u00f3rios, salas de inform\u00e1tica, salas de aula, bibliotecas, salas de professores, refeit\u00f3rios, instala\u00e7\u00f5es sanit\u00e1rias e \u00e1reas de isolamento e que o plano de higieniza\u00e7\u00e3o de cada escola deve definir o que se limpa, quando, com que produtos e quem \u00e9 que limpa, deve ser do conhecimento dos profissionais envolvidos e estar afixado em local vis\u00edvel.<\/p>\n\n\n\n<p>Para aumentar a capacita\u00e7\u00e3o do pessoal n\u00e3o docente respons\u00e1vel pela limpeza e desinfe\u00e7\u00e3o do edif\u00edcio escolar e pela gest\u00e3o de res\u00edduos, dever\u00e1 ser acautelada, sempre que poss\u00edvel, \u201cforma\u00e7\u00e3o por parte do grupo nacional do Programa de Preven\u00e7\u00e3o e Controlo de Infe\u00e7\u00e3o e Resist\u00eancia aos Antimicrobianos (PPCIRA), bem como das For\u00e7as Armadas, no \u00e2mbito das a\u00e7\u00f5es de desinfe\u00e7\u00e3o e sensibiliza\u00e7\u00e3o que est\u00e3o a ocorrer\u201d, define a DGS.<\/p>\n\n\n\n<p>Se algum caso suspeito for identificado na escola, deve ser encaminhado para a \u00e1rea de isolamento que as escolas devem ter e deve ser contactada a linha Sa\u00fade 24.<\/p>\n\n\n\n<p>O regresso \u00e0s aulas em regime presencial, que arranca no dia 18 de maio, abrange os alunos dos 11.\u00ba e 12.\u00ba anos (apenas disciplinas com exame nacional) e os dos 2.\u00ba e 3.\u00ba anos dos Cursos de Dupla Certifica\u00e7\u00e3o do Ensino Secund\u00e1rio.<\/p>\n\n\n\n<p>A tutela j\u00e1 tinha enviado no in\u00edcio do m\u00eas orienta\u00e7\u00f5es \u00e0s escolas que, entre outras medidas, indicavam que as aulas das diferentes disciplinas de cada turma devem ser concentradas no per\u00edodo da manh\u00e3 ou da tarde para evitar que as turmas tenham tempos livres entre aulas.<\/p>\n\n\n\n<p>Estas orienta\u00e7\u00f5es da Dire\u00e7\u00e3o-Geral dos Estabelecimentos Escolares (DGEstE) n\u00e3o definem um limite m\u00e1ximo no n\u00famero de alunos por turma, mas preveem normas para a disposi\u00e7\u00e3o das salas de aula, que devem ser \u201camplas e arejadas\u201d, estabelecendo que cada secret\u00e1ria seja ocupada por apenas um aluno.<\/p>\n\n\n\n<p>Caso o n\u00famero de alunos da turma e as dimens\u00f5es das salas impossibilitarem o cumprimento desta regra, as escolas poder\u00e3o dividir as turmas e recorrer, para esse efeito, \u201ca professores com disponibilidade na sua componente letiva\u201d.<\/p>\n\n\n\n<p>A DGEstE prev\u00ea ainda que, \u201ccaso esta ou outra via n\u00e3o sejam vi\u00e1veis, pode ser reduzida at\u00e9 50% a carga letiva das disciplinas lecionadas em regime presencial, organizando-se momentos de trabalho aut\u00f3nomo nos restantes tempos\u201d.<\/p>\n\n\n\n<p>Os \u00faltimos dados oficiais indicam que Portugal regista 1.135 mortes relacionadas com a covid-19 e 27.581 casos de infe\u00e7\u00e3o.<\/p>\n\n\n\n<p>A pandemia de covid-19 j\u00e1 provocou mais de 280 mil mortos e infetou mais de quatro milh\u00f5es de pessoas em todo o mundo. Mais de 1,3 milh\u00f5es de doentes foram considerados curados pelas autoridades de sa\u00fade.<\/p>\n","protected":false},"excerpt":{"rendered":"<p>Os alunos que regressem ao regime de aulas presenciais devem ser organizados por grupos para se cruzarem o menos poss\u00edvel no espa\u00e7o escolar, usar sempre m\u00e1scaras e desinfetar as m\u00e3os \u00e0 entrada e sa\u00edda da escola. Numa orienta\u00e7\u00e3o publicada no seu \u2018site\u2019, a Dire\u00e7\u00e3o-Geral da Sa\u00fade (DGS) diz que a cada grupo de alunos deve [&hellip;]<\/p>\n","protected":false},"author":16,"featured_media":46055,"comment_status":"closed","ping_status":"closed","sticky":false,"template":"","format":"standard","meta":{"_exactmetrics_skip_tracking":false,"_exactmetrics_sitenote_active":false,"_exactmetrics_sitenote_note":"","_exactmetrics_sitenote_category":0,"footnotes":""},"categories":[73],"tags":[22,26],"class_list":["post-46053","post","type-post","status-publish","format-standard","has-post-thumbnail","hentry","category-alto-minho","tag-educacao","tag-saude"],"yoast_head":"<!-- This site is optimized with the Yoast SEO Premium plugin v27.4 (Yoast SEO v27.4) - https:\/\/yoast.com\/product\/yoast-seo-premium-wordpress\/ -->\n<title>Alunos devem ser organizados por grupos para n\u00e3o se cruzarem nas escolas<\/title>\n<meta name=\"robots\" content=\"index, follow, max-snippet:-1, max-image-preview:large, max-video-preview:-1\" \/>\n<link rel=\"canonical\" href=\"https:\/\/www.altominho.tv\/site\/2020\/05\/11\/alunos-devem-ser-organizados-por-grupos-para-nao-se-cruzarem-nas-escolas\/\" \/>\n<meta property=\"og:locale\" content=\"pt_PT\" \/>\n<meta property=\"og:type\" content=\"article\" \/>\n<meta property=\"og:title\" content=\"Alunos devem ser organizados por grupos para n\u00e3o se cruzarem nas escolas\" \/>\n<meta property=\"og:description\" content=\"Os alunos que regressem ao regime de aulas presenciais devem ser organizados por grupos para se cruzarem o menos poss\u00edvel no espa\u00e7o escolar, usar sempre m\u00e1scaras e desinfetar as m\u00e3os \u00e0 entrada e sa\u00edda da escola. Numa orienta\u00e7\u00e3o publicada no seu \u2018site\u2019, a Dire\u00e7\u00e3o-Geral da Sa\u00fade (DGS) diz que a cada grupo de alunos deve [&hellip;]\" \/>\n<meta property=\"og:url\" content=\"https:\/\/www.altominho.tv\/site\/2020\/05\/11\/alunos-devem-ser-organizados-por-grupos-para-nao-se-cruzarem-nas-escolas\/\" \/>\n<meta property=\"og:site_name\" content=\"Altominho.tv\" \/>\n<meta property=\"article:publisher\" content=\"https:\/\/www.facebook.com\/altominhotv\" \/>\n<meta property=\"article:published_time\" content=\"2020-05-11T11:20:06+00:00\" \/>\n<meta property=\"article:modified_time\" content=\"2020-05-11T11:20:11+00:00\" \/>\n<meta property=\"og:image\" content=\"https:\/\/www.altominho.tv\/site\/wp-content\/uploads\/2020\/05\/escolas-cv.jpg\" \/>\n\t<meta property=\"og:image:width\" content=\"1920\" \/>\n\t<meta property=\"og:image:height\" content=\"1080\" \/>\n\t<meta property=\"og:image:type\" content=\"image\/jpeg\" \/>\n<meta name=\"author\" content=\"Andreia Cunha | Lusa\" \/>\n<meta name=\"twitter:card\" content=\"summary_large_image\" \/>\n<meta name=\"twitter:creator\" content=\"@altominhoTV\" \/>\n<meta name=\"twitter:site\" content=\"@altominhoTV\" \/>\n<meta name=\"twitter:label1\" content=\"Escrito por\" \/>\n\t<meta name=\"twitter:data1\" content=\"Andreia Cunha | Lusa\" \/>\n\t<meta name=\"twitter:label2\" content=\"Tempo estimado de leitura\" \/>\n\t<meta name=\"twitter:data2\" content=\"4 minutos\" \/>\n<script type=\"application\/ld+json\" class=\"yoast-schema-graph\">{\"@context\":\"https:\\\/\\\/schema.org\",\"@graph\":[{\"@type\":\"Article\",\"@id\":\"https:\\\/\\\/www.altominho.tv\\\/site\\\/2020\\\/05\\\/11\\\/alunos-devem-ser-organizados-por-grupos-para-nao-se-cruzarem-nas-escolas\\\/#article\",\"isPartOf\":{\"@id\":\"https:\\\/\\\/www.altominho.tv\\\/site\\\/2020\\\/05\\\/11\\\/alunos-devem-ser-organizados-por-grupos-para-nao-se-cruzarem-nas-escolas\\\/\"},\"author\":{\"name\":\"Andreia Cunha | Lusa\",\"@id\":\"https:\\\/\\\/www.altominho.tv\\\/site\\\/#\\\/schema\\\/person\\\/dbaf181c01b51ff40c9f461a905d321e\"},\"headline\":\"Alunos devem ser organizados por grupos para n\u00e3o se cruzarem nas escolas\",\"datePublished\":\"2020-05-11T11:20:06+00:00\",\"dateModified\":\"2020-05-11T11:20:11+00:00\",\"mainEntityOfPage\":{\"@id\":\"https:\\\/\\\/www.altominho.tv\\\/site\\\/2020\\\/05\\\/11\\\/alunos-devem-ser-organizados-por-grupos-para-nao-se-cruzarem-nas-escolas\\\/\"},\"wordCount\":796,\"image\":{\"@id\":\"https:\\\/\\\/www.altominho.tv\\\/site\\\/2020\\\/05\\\/11\\\/alunos-devem-ser-organizados-por-grupos-para-nao-se-cruzarem-nas-escolas\\\/#primaryimage\"},\"thumbnailUrl\":\"https:\\\/\\\/www.altominho.tv\\\/site\\\/wp-content\\\/uploads\\\/2020\\\/05\\\/escolas-cv.jpg\",\"keywords\":[\"Educa\u00e7\u00e3o\",\"Sa\u00fade\"],\"articleSection\":[\"Alto Minho\"],\"inLanguage\":\"pt-PT\",\"copyrightYear\":\"2020\",\"copyrightHolder\":{\"@id\":\"https:\\\/\\\/www.altominho.tv\\\/site\\\/#organization\"}},{\"@type\":\"WebPage\",\"@id\":\"https:\\\/\\\/www.altominho.tv\\\/site\\\/2020\\\/05\\\/11\\\/alunos-devem-ser-organizados-por-grupos-para-nao-se-cruzarem-nas-escolas\\\/\",\"url\":\"https:\\\/\\\/www.altominho.tv\\\/site\\\/2020\\\/05\\\/11\\\/alunos-devem-ser-organizados-por-grupos-para-nao-se-cruzarem-nas-escolas\\\/\",\"name\":\"Alunos devem ser organizados por grupos para n\u00e3o se cruzarem nas escolas\",\"isPartOf\":{\"@id\":\"https:\\\/\\\/www.altominho.tv\\\/site\\\/#website\"},\"primaryImageOfPage\":{\"@id\":\"https:\\\/\\\/www.altominho.tv\\\/site\\\/2020\\\/05\\\/11\\\/alunos-devem-ser-organizados-por-grupos-para-nao-se-cruzarem-nas-escolas\\\/#primaryimage\"},\"image\":{\"@id\":\"https:\\\/\\\/www.altominho.tv\\\/site\\\/2020\\\/05\\\/11\\\/alunos-devem-ser-organizados-por-grupos-para-nao-se-cruzarem-nas-escolas\\\/#primaryimage\"},\"thumbnailUrl\":\"https:\\\/\\\/www.altominho.tv\\\/site\\\/wp-content\\\/uploads\\\/2020\\\/05\\\/escolas-cv.jpg\",\"datePublished\":\"2020-05-11T11:20:06+00:00\",\"dateModified\":\"2020-05-11T11:20:11+00:00\",\"author\":{\"@id\":\"https:\\\/\\\/www.altominho.tv\\\/site\\\/#\\\/schema\\\/person\\\/dbaf181c01b51ff40c9f461a905d321e\"},\"breadcrumb\":{\"@id\":\"https:\\\/\\\/www.altominho.tv\\\/site\\\/2020\\\/05\\\/11\\\/alunos-devem-ser-organizados-por-grupos-para-nao-se-cruzarem-nas-escolas\\\/#breadcrumb\"},\"inLanguage\":\"pt-PT\",\"potentialAction\":[{\"@type\":\"ReadAction\",\"target\":[\"https:\\\/\\\/www.altominho.tv\\\/site\\\/2020\\\/05\\\/11\\\/alunos-devem-ser-organizados-por-grupos-para-nao-se-cruzarem-nas-escolas\\\/\"]}]},{\"@type\":\"ImageObject\",\"inLanguage\":\"pt-PT\",\"@id\":\"https:\\\/\\\/www.altominho.tv\\\/site\\\/2020\\\/05\\\/11\\\/alunos-devem-ser-organizados-por-grupos-para-nao-se-cruzarem-nas-escolas\\\/#primaryimage\",\"url\":\"https:\\\/\\\/www.altominho.tv\\\/site\\\/wp-content\\\/uploads\\\/2020\\\/05\\\/escolas-cv.jpg\",\"contentUrl\":\"https:\\\/\\\/www.altominho.tv\\\/site\\\/wp-content\\\/uploads\\\/2020\\\/05\\\/escolas-cv.jpg\",\"width\":1920,\"height\":1080},{\"@type\":\"BreadcrumbList\",\"@id\":\"https:\\\/\\\/www.altominho.tv\\\/site\\\/2020\\\/05\\\/11\\\/alunos-devem-ser-organizados-por-grupos-para-nao-se-cruzarem-nas-escolas\\\/#breadcrumb\",\"itemListElement\":[{\"@type\":\"ListItem\",\"position\":1,\"name\":\"In\u00edcio\",\"item\":\"https:\\\/\\\/www.altominho.tv\\\/site\\\/\"},{\"@type\":\"ListItem\",\"position\":2,\"name\":\"Alunos devem ser organizados por grupos para n\u00e3o se cruzarem nas escolas\"}]},{\"@type\":\"WebSite\",\"@id\":\"https:\\\/\\\/www.altominho.tv\\\/site\\\/#website\",\"url\":\"https:\\\/\\\/www.altominho.tv\\\/site\\\/\",\"name\":\"Altominho.tv\",\"description\":\"A sua regi\u00e3o \u00e0 dist\u00e2ncia de um clique...\",\"potentialAction\":[{\"@type\":\"SearchAction\",\"target\":{\"@type\":\"EntryPoint\",\"urlTemplate\":\"https:\\\/\\\/www.altominho.tv\\\/site\\\/?s={search_term_string}\"},\"query-input\":{\"@type\":\"PropertyValueSpecification\",\"valueRequired\":true,\"valueName\":\"search_term_string\"}}],\"inLanguage\":\"pt-PT\"},{\"@type\":\"Person\",\"@id\":\"https:\\\/\\\/www.altominho.tv\\\/site\\\/#\\\/schema\\\/person\\\/dbaf181c01b51ff40c9f461a905d321e\",\"name\":\"Andreia Cunha | Lusa\",\"image\":{\"@type\":\"ImageObject\",\"inLanguage\":\"pt-PT\",\"@id\":\"https:\\\/\\\/www.altominho.tv\\\/site\\\/wp-content\\\/uploads\\\/2017\\\/11\\\/Andreia_Cunha-1-150x150.jpg\",\"url\":\"https:\\\/\\\/www.altominho.tv\\\/site\\\/wp-content\\\/uploads\\\/2017\\\/11\\\/Andreia_Cunha-1-150x150.jpg\",\"contentUrl\":\"https:\\\/\\\/www.altominho.tv\\\/site\\\/wp-content\\\/uploads\\\/2017\\\/11\\\/Andreia_Cunha-1-150x150.jpg\",\"caption\":\"Andreia Cunha | Lusa\"},\"sameAs\":[\"https:\\\/\\\/www.altominho.tv\\\/site\"],\"url\":\"https:\\\/\\\/www.altominho.tv\\\/site\\\/author\\\/andreiacunhalusa\\\/\"}]}<\/script>\n<!-- \/ Yoast SEO Premium plugin. -->","yoast_head_json":{"title":"Alunos devem ser organizados por grupos para n\u00e3o se cruzarem nas escolas","robots":{"index":"index","follow":"follow","max-snippet":"max-snippet:-1","max-image-preview":"max-image-preview:large","max-video-preview":"max-video-preview:-1"},"canonical":"https:\/\/www.altominho.tv\/site\/2020\/05\/11\/alunos-devem-ser-organizados-por-grupos-para-nao-se-cruzarem-nas-escolas\/","og_locale":"pt_PT","og_type":"article","og_title":"Alunos devem ser organizados por grupos para n\u00e3o se cruzarem nas escolas","og_description":"Os alunos que regressem ao regime de aulas presenciais devem ser organizados por grupos para se cruzarem o menos poss\u00edvel no espa\u00e7o escolar, usar sempre m\u00e1scaras e desinfetar as m\u00e3os \u00e0 entrada e sa\u00edda da escola. Numa orienta\u00e7\u00e3o publicada no seu \u2018site\u2019, a Dire\u00e7\u00e3o-Geral da Sa\u00fade (DGS) diz que a cada grupo de alunos deve [&hellip;]","og_url":"https:\/\/www.altominho.tv\/site\/2020\/05\/11\/alunos-devem-ser-organizados-por-grupos-para-nao-se-cruzarem-nas-escolas\/","og_site_name":"Altominho.tv","article_publisher":"https:\/\/www.facebook.com\/altominhotv","article_published_time":"2020-05-11T11:20:06+00:00","article_modified_time":"2020-05-11T11:20:11+00:00","og_image":[{"width":1920,"height":1080,"url":"https:\/\/www.altominho.tv\/site\/wp-content\/uploads\/2020\/05\/escolas-cv.jpg","type":"image\/jpeg"}],"author":"Andreia Cunha | Lusa","twitter_card":"summary_large_image","twitter_creator":"@altominhoTV","twitter_site":"@altominhoTV","twitter_misc":{"Escrito por":"Andreia Cunha | Lusa","Tempo estimado de leitura":"4 minutos"},"schema":{"@context":"https:\/\/schema.org","@graph":[{"@type":"Article","@id":"https:\/\/www.altominho.tv\/site\/2020\/05\/11\/alunos-devem-ser-organizados-por-grupos-para-nao-se-cruzarem-nas-escolas\/#article","isPartOf":{"@id":"https:\/\/www.altominho.tv\/site\/2020\/05\/11\/alunos-devem-ser-organizados-por-grupos-para-nao-se-cruzarem-nas-escolas\/"},"author":{"name":"Andreia Cunha | Lusa","@id":"https:\/\/www.altominho.tv\/site\/#\/schema\/person\/dbaf181c01b51ff40c9f461a905d321e"},"headline":"Alunos devem ser organizados por grupos para n\u00e3o se cruzarem nas escolas","datePublished":"2020-05-11T11:20:06+00:00","dateModified":"2020-05-11T11:20:11+00:00","mainEntityOfPage":{"@id":"https:\/\/www.altominho.tv\/site\/2020\/05\/11\/alunos-devem-ser-organizados-por-grupos-para-nao-se-cruzarem-nas-escolas\/"},"wordCount":796,"image":{"@id":"https:\/\/www.altominho.tv\/site\/2020\/05\/11\/alunos-devem-ser-organizados-por-grupos-para-nao-se-cruzarem-nas-escolas\/#primaryimage"},"thumbnailUrl":"https:\/\/www.altominho.tv\/site\/wp-content\/uploads\/2020\/05\/escolas-cv.jpg","keywords":["Educa\u00e7\u00e3o","Sa\u00fade"],"articleSection":["Alto Minho"],"inLanguage":"pt-PT","copyrightYear":"2020","copyrightHolder":{"@id":"https:\/\/www.altominho.tv\/site\/#organization"}},{"@type":"WebPage","@id":"https:\/\/www.altominho.tv\/site\/2020\/05\/11\/alunos-devem-ser-organizados-por-grupos-para-nao-se-cruzarem-nas-escolas\/","url":"https:\/\/www.altominho.tv\/site\/2020\/05\/11\/alunos-devem-ser-organizados-por-grupos-para-nao-se-cruzarem-nas-escolas\/","name":"Alunos devem ser organizados por grupos para n\u00e3o se cruzarem nas escolas","isPartOf":{"@id":"https:\/\/www.altominho.tv\/site\/#website"},"primaryImageOfPage":{"@id":"https:\/\/www.altominho.tv\/site\/2020\/05\/11\/alunos-devem-ser-organizados-por-grupos-para-nao-se-cruzarem-nas-escolas\/#primaryimage"},"image":{"@id":"https:\/\/www.altominho.tv\/site\/2020\/05\/11\/alunos-devem-ser-organizados-por-grupos-para-nao-se-cruzarem-nas-escolas\/#primaryimage"},"thumbnailUrl":"https:\/\/www.altominho.tv\/site\/wp-content\/uploads\/2020\/05\/escolas-cv.jpg","datePublished":"2020-05-11T11:20:06+00:00","dateModified":"2020-05-11T11:20:11+00:00","author":{"@id":"https:\/\/www.altominho.tv\/site\/#\/schema\/person\/dbaf181c01b51ff40c9f461a905d321e"},"breadcrumb":{"@id":"https:\/\/www.altominho.tv\/site\/2020\/05\/11\/alunos-devem-ser-organizados-por-grupos-para-nao-se-cruzarem-nas-escolas\/#breadcrumb"},"inLanguage":"pt-PT","potentialAction":[{"@type":"ReadAction","target":["https:\/\/www.altominho.tv\/site\/2020\/05\/11\/alunos-devem-ser-organizados-por-grupos-para-nao-se-cruzarem-nas-escolas\/"]}]},{"@type":"ImageObject","inLanguage":"pt-PT","@id":"https:\/\/www.altominho.tv\/site\/2020\/05\/11\/alunos-devem-ser-organizados-por-grupos-para-nao-se-cruzarem-nas-escolas\/#primaryimage","url":"https:\/\/www.altominho.tv\/site\/wp-content\/uploads\/2020\/05\/escolas-cv.jpg","contentUrl":"https:\/\/www.altominho.tv\/site\/wp-content\/uploads\/2020\/05\/escolas-cv.jpg","width":1920,"height":1080},{"@type":"BreadcrumbList","@id":"https:\/\/www.altominho.tv\/site\/2020\/05\/11\/alunos-devem-ser-organizados-por-grupos-para-nao-se-cruzarem-nas-escolas\/#breadcrumb","itemListElement":[{"@type":"ListItem","position":1,"name":"In\u00edcio","item":"https:\/\/www.altominho.tv\/site\/"},{"@type":"ListItem","position":2,"name":"Alunos devem ser organizados por grupos para n\u00e3o se cruzarem nas escolas"}]},{"@type":"WebSite","@id":"https:\/\/www.altominho.tv\/site\/#website","url":"https:\/\/www.altominho.tv\/site\/","name":"Altominho.tv","description":"A sua regi\u00e3o \u00e0 dist\u00e2ncia de um clique...","potentialAction":[{"@type":"SearchAction","target":{"@type":"EntryPoint","urlTemplate":"https:\/\/www.altominho.tv\/site\/?s={search_term_string}"},"query-input":{"@type":"PropertyValueSpecification","valueRequired":true,"valueName":"search_term_string"}}],"inLanguage":"pt-PT"},{"@type":"Person","@id":"https:\/\/www.altominho.tv\/site\/#\/schema\/person\/dbaf181c01b51ff40c9f461a905d321e","name":"Andreia Cunha | Lusa","image":{"@type":"ImageObject","inLanguage":"pt-PT","@id":"https:\/\/www.altominho.tv\/site\/wp-content\/uploads\/2017\/11\/Andreia_Cunha-1-150x150.jpg","url":"https:\/\/www.altominho.tv\/site\/wp-content\/uploads\/2017\/11\/Andreia_Cunha-1-150x150.jpg","contentUrl":"https:\/\/www.altominho.tv\/site\/wp-content\/uploads\/2017\/11\/Andreia_Cunha-1-150x150.jpg","caption":"Andreia Cunha | Lusa"},"sameAs":["https:\/\/www.altominho.tv\/site"],"url":"https:\/\/www.altominho.tv\/site\/author\/andreiacunhalusa\/"}]}},"_links":{"self":[{"href":"https:\/\/www.altominho.tv\/site\/wp-json\/wp\/v2\/posts\/46053","targetHints":{"allow":["GET"]}}],"collection":[{"href":"https:\/\/www.altominho.tv\/site\/wp-json\/wp\/v2\/posts"}],"about":[{"href":"https:\/\/www.altominho.tv\/site\/wp-json\/wp\/v2\/types\/post"}],"author":[{"embeddable":true,"href":"https:\/\/www.altominho.tv\/site\/wp-json\/wp\/v2\/users\/16"}],"replies":[{"embeddable":true,"href":"https:\/\/www.altominho.tv\/site\/wp-json\/wp\/v2\/comments?post=46053"}],"version-history":[{"count":0,"href":"https:\/\/www.altominho.tv\/site\/wp-json\/wp\/v2\/posts\/46053\/revisions"}],"wp:featuredmedia":[{"embeddable":true,"href":"https:\/\/www.altominho.tv\/site\/wp-json\/wp\/v2\/media\/46055"}],"wp:attachment":[{"href":"https:\/\/www.altominho.tv\/site\/wp-json\/wp\/v2\/media?parent=46053"}],"wp:term":[{"taxonomy":"category","embeddable":true,"href":"https:\/\/www.altominho.tv\/site\/wp-json\/wp\/v2\/categories?post=46053"},{"taxonomy":"post_tag","embeddable":true,"href":"https:\/\/www.altominho.tv\/site\/wp-json\/wp\/v2\/tags?post=46053"}],"curies":[{"name":"wp","href":"https:\/\/api.w.org\/{rel}","templated":true}]}}