{"id":46042,"date":"2020-05-11T11:25:24","date_gmt":"2020-05-11T10:25:24","guid":{"rendered":"http:\/\/www.altominho.tv\/site\/?p=46042"},"modified":"2020-05-11T11:25:29","modified_gmt":"2020-05-11T10:25:29","slug":"um-espetaculo-cancelado-equivale-a-18-artistas-sem-rendimento","status":"publish","type":"post","link":"https:\/\/www.altominho.tv\/site\/2020\/05\/11\/um-espetaculo-cancelado-equivale-a-18-artistas-sem-rendimento\/","title":{"rendered":"Um espet\u00e1culo cancelado equivale a 18 artistas sem rendimento"},"content":{"rendered":"\n<p>Por cada espet\u00e1culo cancelado em Portugal, at\u00e9 31 de mar\u00e7o, devido \u00e0 pandemia da covid-19, 18 artistas ficaram sem rendimento, de acordo com os resultados de um inqu\u00e9rito promovido pela Funda\u00e7\u00e3o GDA (Gest\u00e3o dos Direitos dos Artistas).<\/p>\n\n\n\n<p>\u201cO inqu\u00e9rito lan\u00e7ado pela GDA indica que por cada espet\u00e1culo cancelado ficaram sem rendimento, em m\u00e9dia, 18 artistas, 1,3 profissionais de produ\u00e7\u00e3o e 2,5 t\u00e9cnicos\u201d, refere aquela estrutura num comunicado enviado \u00e0 ag\u00eancia Lusa.<\/p>\n\n\n\n<p>A GDA criou o inqu\u00e9rito em mar\u00e7o &#8211; depois de come\u00e7arem a ser adiados ou cancelados espet\u00e1culos na sequ\u00eancia das medidas de conting\u00eancia definidas pelas autoridades para tentar travar a propaga\u00e7\u00e3o da covid-19 &#8211; com o &#8220;objetivo de recolher dados que contribuam para avaliar a situa\u00e7\u00e3o real vivida no setor das artes do espet\u00e1culo\u201d.<\/p>\n\n\n\n<p>Ao inqu\u00e9rito responderam, at\u00e9 31 de mar\u00e7o, 992 profissionais, que deram conta do cancelamento de 4.287 espet\u00e1culos.<\/p>\n\n\n\n<p>A maioria dos espet\u00e1culos cancelados \u00e9 de M\u00fasica (2.964), seguindo-se os de Teatro (1.048) e os de Dan\u00e7a (100). Na categoria \u201cespet\u00e1culos de outra natureza\u201d foram reportados 175 cancelamentos.<\/p>\n\n\n\n<p>Dos quase mil profissionais que responderam ao inqu\u00e9rito, a maioria s\u00e3o m\u00fasicos (67%), seguindo-se depois atores (23%) e bailarinos (4%). Os restantes (6%) \u201cprov\u00eam de outras profiss\u00f5es do espet\u00e1culo\u201d.<\/p>\n\n\n\n<p>A GDA destaca que os resultados do inqu\u00e9rito \u201cacabam por refletir muito as carater\u00edsticas da relev\u00e2ncia da amostra\u201d, uma vez que o mesmo foi promovido por uma cooperativa constitu\u00edda por atores, bailarinos e m\u00fasicos.<\/p>\n\n\n\n<p>Considera a Funda\u00e7\u00e3o GDA que, \u201csomados aos dados da Associa\u00e7\u00e3o dos M\u00fasicos de Portugal (AMP) e do Sindicato dos Trabalhadores de Espet\u00e1culos, do Audiovisual e dos M\u00fasicos (CENA-STE), os resultados [deste inqu\u00e9rito] poder\u00e3o contribuir para a constru\u00e7\u00e3o de um retrato da situa\u00e7\u00e3o que seja fiel \u00e0 realidade dram\u00e1tica que est\u00e1 a ser vivida por muitos artistas em Portugal\u201d.<\/p>\n\n\n\n<p>Segundo a GDA, \u201ca informa\u00e7\u00e3o recolhida j\u00e1 foi discutida com a ministra da Cultura e com o Presidente da Rep\u00fablica, assim como com partidos com assento parlamentar e com o presidente da Associa\u00e7\u00e3o Nacional de Munic\u00edpios\u201d.<\/p>\n\n\n\n<p>Os resultados do inqu\u00e9rito da GDA complementam outros cujos resultados foram divulgados anteriormente por outras estruturas.<\/p>\n\n\n\n<p>Segundo um inqu\u00e9rito promovido pelo CENA-STE, e cujos resultados foram anunciados no in\u00edcio de abril, 98% dos trabalhadores de espet\u00e1culos viram trabalhos cancelados e, 33 por cento, por mais de 30 dias.<\/p>\n\n\n\n<p>Em termos financeiros, para as 1.300 pessoas que responderam ao question\u00e1rio, as perdas por trabalhos cancelados representam ainda dois milh\u00f5es de euros, apenas para o per\u00edodo de mar\u00e7o a maio deste ano, de acordo com o CENA-STE (o que indica a perda de um valor m\u00e9dio de receita, por trabalhador, de cerca de 1.500 euros).<\/p>\n\n\n\n<p>O inqu\u00e9rito, realizado j\u00e1 na segunda quinzena de mar\u00e7o, no contexto de confinamento, em resposta \u00e0 pandemia de Covid-19, indica ainda que 85% dos trabalhadores questionados s\u00e3o independentes e n\u00e3o t\u00eam qualquer prote\u00e7\u00e3o laboral.<\/p>\n\n\n\n<p>De acordo com um inqu\u00e9rito realizado pelo Movimento SOS Arte PT, a 300 pessoas entre 03 e 17 de abril, 65% dos profissionais das artes &#8211; tr\u00eas em cada quatro &#8211; registaram fortes quebras de rendimento devido \u00e0 pandemia da covid-19.<\/p>\n\n\n\n<p>Em mar\u00e7o, devido \u00e0 covid-19, 62% dos inquiridos tiveram o seu trabalho completamente ou quase completamente parado, 65% (dois em cada tr\u00eas) viram ser completamente afetada a sua vida profissional e 75% (tr\u00eas em cada quatro) a sua vida pessoal.<\/p>\n\n\n\n<p>Cerca de metade dos inquiridos (54%) afirmaram que a covid-19 prejudicou completamente os seus rendimentos, enquanto apenas 6,6% disseram n\u00e3o ter os rendimentos afetados pela paralisa\u00e7\u00e3o na resposta \u00e0 pandemia.<\/p>\n\n\n\n<p>Ao mesmo tempo, 65% dos inquiridos viram a vida profissional completamente afetada pela covid-19, contra 0,6% dos inquiridos que disseram que a pandemia do novo coronav\u00edrus n\u00e3o lhes afetou a vida profissional.<\/p>\n\n\n\n<p>Os espa\u00e7os culturais come\u00e7aram a encerrar, e consequentemente a adiar ou cancelar espet\u00e1culos, no in\u00edcio de mar\u00e7o, qual tal era ainda apenas uma recomenda\u00e7\u00e3o do Governo.<\/p>\n\n\n\n<p>De acordo com a Associa\u00e7\u00e3o de Promotores de Espet\u00e1culos, Festivais e Eventos (APEFE), desde meados de mar\u00e7o e at\u00e9 ao final de abril foram cancelados, suspensos ou adiados cerca de 27 mil espet\u00e1culos. A APEFE contabilizou apenas espet\u00e1culos com bilhetes pagos.<\/p>\n\n\n\n<p>Entretanto, o Governo aprovou em 30 de abril, em Conselho de Ministros, o &#8220;Plano de Desconfinamento&#8221;, que previa a reabertura de livrarias, bibliotecas e arquivos (que aconteceu no dia 04 de maio), seguindo-se museus, pal\u00e1cios, galerias e monumentos, em 18 de maio, data que coincide com o Dia Internacional dos Museus.<\/p>\n\n\n\n<p>Segundo este plano, cinemas, teatros, audit\u00f3rios e salas de espet\u00e1culos podem abrir em 01 de junho, &#8220;com lugares marcados, lota\u00e7\u00e3o reduzida e distanciamento f\u00edsico&#8221;.<\/p>\n\n\n\n<p>Estas decis\u00f5es ser\u00e3o \u201creavaliadas a cada 15 dias\u201d.<\/p>\n\n\n\n<p>Al\u00e9m disso, na semana passada deu entrada no parlamento uma proposta de lei, da autoria do governo, que pro\u00edbe a realiza\u00e7\u00e3o de \u201cfestivais e espet\u00e1culos de natureza an\u00e1loga\u201d at\u00e9 30 de setembro, mas com exce\u00e7\u00f5es.<\/p>\n\n\n\n<p>Segundo a proposta de lei, que ser\u00e1 discutida em plen\u00e1rio na quinta-feira, \u201cat\u00e9 30 de setembro, os espet\u00e1culos podem acontecer em recinto coberto ou ao ar livre, com lugar marcado e no respeito pela lota\u00e7\u00e3o especificamente definida pela Dire\u00e7\u00e3o-Geral da Sa\u00fade em fun\u00e7\u00e3o das regras de distanciamento f\u00edsico que sejam adequadas face \u00e0 evolu\u00e7\u00e3o da pandemia da doen\u00e7a COVID-19\u201d.<\/p>\n\n\n\n<p>A proposta \u00e9 aplic\u00e1vel ao reagendamento ou cancelamento de espet\u00e1culos n\u00e3o realizados entre os dias 28 de fevereiro de 2020 e 30 de setembro de 2020.<\/p>\n\n\n\n<p>\u00c9 ainda feito o alerta de que a proibi\u00e7\u00e3o da realiza\u00e7\u00e3o de \u201cfestivais e espet\u00e1culos de natureza an\u00e1loga\u201d pode ser prolongada para depois de 30 de setembro, \u201ccom fundamento em recomenda\u00e7\u00e3o da Dire\u00e7\u00e3o-Geral da Sa\u00fade\u201d.<\/p>\n","protected":false},"excerpt":{"rendered":"<p>Por cada espet\u00e1culo cancelado em Portugal, at\u00e9 31 de mar\u00e7o, devido \u00e0 pandemia da covid-19, 18 artistas ficaram sem rendimento, de acordo com os resultados de um inqu\u00e9rito promovido pela Funda\u00e7\u00e3o GDA (Gest\u00e3o dos Direitos dos Artistas). \u201cO inqu\u00e9rito lan\u00e7ado pela GDA indica que por cada espet\u00e1culo cancelado ficaram sem rendimento, em m\u00e9dia, 18 artistas, [&hellip;]<\/p>\n","protected":false},"author":16,"featured_media":46043,"comment_status":"closed","ping_status":"closed","sticky":false,"template":"","format":"standard","meta":{"_exactmetrics_skip_tracking":false,"_exactmetrics_sitenote_active":false,"_exactmetrics_sitenote_note":"","_exactmetrics_sitenote_category":0,"footnotes":""},"categories":[73],"tags":[19,27],"class_list":["post-46042","post","type-post","status-publish","format-standard","has-post-thumbnail","hentry","category-alto-minho","tag-cultura","tag-sociedade"],"yoast_head":"<!-- This site is optimized with the Yoast SEO Premium plugin v27.4 (Yoast SEO v27.4) - https:\/\/yoast.com\/product\/yoast-seo-premium-wordpress\/ -->\n<title>Um espet\u00e1culo cancelado equivale a 18 artistas sem rendimento<\/title>\n<meta name=\"robots\" content=\"index, follow, max-snippet:-1, max-image-preview:large, max-video-preview:-1\" \/>\n<link rel=\"canonical\" href=\"https:\/\/www.altominho.tv\/site\/2020\/05\/11\/um-espetaculo-cancelado-equivale-a-18-artistas-sem-rendimento\/\" \/>\n<meta property=\"og:locale\" content=\"pt_PT\" \/>\n<meta property=\"og:type\" content=\"article\" \/>\n<meta property=\"og:title\" content=\"Um espet\u00e1culo cancelado equivale a 18 artistas sem rendimento\" \/>\n<meta property=\"og:description\" content=\"Por cada espet\u00e1culo cancelado em Portugal, at\u00e9 31 de mar\u00e7o, devido \u00e0 pandemia da covid-19, 18 artistas ficaram sem rendimento, de acordo com os resultados de um inqu\u00e9rito promovido pela Funda\u00e7\u00e3o GDA (Gest\u00e3o dos Direitos dos Artistas). \u201cO inqu\u00e9rito lan\u00e7ado pela GDA indica que por cada espet\u00e1culo cancelado ficaram sem rendimento, em m\u00e9dia, 18 artistas, [&hellip;]\" \/>\n<meta property=\"og:url\" content=\"https:\/\/www.altominho.tv\/site\/2020\/05\/11\/um-espetaculo-cancelado-equivale-a-18-artistas-sem-rendimento\/\" \/>\n<meta property=\"og:site_name\" content=\"Altominho.tv\" \/>\n<meta property=\"article:publisher\" content=\"https:\/\/www.facebook.com\/altominhotv\" \/>\n<meta property=\"article:published_time\" content=\"2020-05-11T10:25:24+00:00\" \/>\n<meta property=\"article:modified_time\" content=\"2020-05-11T10:25:29+00:00\" \/>\n<meta property=\"og:image\" content=\"https:\/\/www.altominho.tv\/site\/wp-content\/uploads\/2020\/05\/cultura.jpg\" \/>\n\t<meta property=\"og:image:width\" content=\"1000\" \/>\n\t<meta property=\"og:image:height\" content=\"600\" \/>\n\t<meta property=\"og:image:type\" content=\"image\/jpeg\" \/>\n<meta name=\"author\" content=\"Andreia Cunha | Lusa\" \/>\n<meta name=\"twitter:card\" content=\"summary_large_image\" \/>\n<meta name=\"twitter:creator\" content=\"@altominhoTV\" \/>\n<meta name=\"twitter:site\" content=\"@altominhoTV\" \/>\n<meta name=\"twitter:label1\" content=\"Escrito por\" \/>\n\t<meta name=\"twitter:data1\" content=\"Andreia Cunha | Lusa\" \/>\n\t<meta name=\"twitter:label2\" content=\"Tempo estimado de leitura\" \/>\n\t<meta name=\"twitter:data2\" content=\"5 minutos\" \/>\n<script type=\"application\/ld+json\" class=\"yoast-schema-graph\">{\"@context\":\"https:\\\/\\\/schema.org\",\"@graph\":[{\"@type\":\"Article\",\"@id\":\"https:\\\/\\\/www.altominho.tv\\\/site\\\/2020\\\/05\\\/11\\\/um-espetaculo-cancelado-equivale-a-18-artistas-sem-rendimento\\\/#article\",\"isPartOf\":{\"@id\":\"https:\\\/\\\/www.altominho.tv\\\/site\\\/2020\\\/05\\\/11\\\/um-espetaculo-cancelado-equivale-a-18-artistas-sem-rendimento\\\/\"},\"author\":{\"name\":\"Andreia Cunha | Lusa\",\"@id\":\"https:\\\/\\\/www.altominho.tv\\\/site\\\/#\\\/schema\\\/person\\\/dbaf181c01b51ff40c9f461a905d321e\"},\"headline\":\"Um espet\u00e1culo cancelado equivale a 18 artistas sem rendimento\",\"datePublished\":\"2020-05-11T10:25:24+00:00\",\"dateModified\":\"2020-05-11T10:25:29+00:00\",\"mainEntityOfPage\":{\"@id\":\"https:\\\/\\\/www.altominho.tv\\\/site\\\/2020\\\/05\\\/11\\\/um-espetaculo-cancelado-equivale-a-18-artistas-sem-rendimento\\\/\"},\"wordCount\":985,\"image\":{\"@id\":\"https:\\\/\\\/www.altominho.tv\\\/site\\\/2020\\\/05\\\/11\\\/um-espetaculo-cancelado-equivale-a-18-artistas-sem-rendimento\\\/#primaryimage\"},\"thumbnailUrl\":\"https:\\\/\\\/www.altominho.tv\\\/site\\\/wp-content\\\/uploads\\\/2020\\\/05\\\/cultura.jpg\",\"keywords\":[\"Cultura\",\"Sociedade\"],\"articleSection\":[\"Alto Minho\"],\"inLanguage\":\"pt-PT\",\"copyrightYear\":\"2020\",\"copyrightHolder\":{\"@id\":\"https:\\\/\\\/www.altominho.tv\\\/site\\\/#organization\"}},{\"@type\":\"WebPage\",\"@id\":\"https:\\\/\\\/www.altominho.tv\\\/site\\\/2020\\\/05\\\/11\\\/um-espetaculo-cancelado-equivale-a-18-artistas-sem-rendimento\\\/\",\"url\":\"https:\\\/\\\/www.altominho.tv\\\/site\\\/2020\\\/05\\\/11\\\/um-espetaculo-cancelado-equivale-a-18-artistas-sem-rendimento\\\/\",\"name\":\"Um espet\u00e1culo cancelado equivale a 18 artistas sem rendimento\",\"isPartOf\":{\"@id\":\"https:\\\/\\\/www.altominho.tv\\\/site\\\/#website\"},\"primaryImageOfPage\":{\"@id\":\"https:\\\/\\\/www.altominho.tv\\\/site\\\/2020\\\/05\\\/11\\\/um-espetaculo-cancelado-equivale-a-18-artistas-sem-rendimento\\\/#primaryimage\"},\"image\":{\"@id\":\"https:\\\/\\\/www.altominho.tv\\\/site\\\/2020\\\/05\\\/11\\\/um-espetaculo-cancelado-equivale-a-18-artistas-sem-rendimento\\\/#primaryimage\"},\"thumbnailUrl\":\"https:\\\/\\\/www.altominho.tv\\\/site\\\/wp-content\\\/uploads\\\/2020\\\/05\\\/cultura.jpg\",\"datePublished\":\"2020-05-11T10:25:24+00:00\",\"dateModified\":\"2020-05-11T10:25:29+00:00\",\"author\":{\"@id\":\"https:\\\/\\\/www.altominho.tv\\\/site\\\/#\\\/schema\\\/person\\\/dbaf181c01b51ff40c9f461a905d321e\"},\"breadcrumb\":{\"@id\":\"https:\\\/\\\/www.altominho.tv\\\/site\\\/2020\\\/05\\\/11\\\/um-espetaculo-cancelado-equivale-a-18-artistas-sem-rendimento\\\/#breadcrumb\"},\"inLanguage\":\"pt-PT\",\"potentialAction\":[{\"@type\":\"ReadAction\",\"target\":[\"https:\\\/\\\/www.altominho.tv\\\/site\\\/2020\\\/05\\\/11\\\/um-espetaculo-cancelado-equivale-a-18-artistas-sem-rendimento\\\/\"]}]},{\"@type\":\"ImageObject\",\"inLanguage\":\"pt-PT\",\"@id\":\"https:\\\/\\\/www.altominho.tv\\\/site\\\/2020\\\/05\\\/11\\\/um-espetaculo-cancelado-equivale-a-18-artistas-sem-rendimento\\\/#primaryimage\",\"url\":\"https:\\\/\\\/www.altominho.tv\\\/site\\\/wp-content\\\/uploads\\\/2020\\\/05\\\/cultura.jpg\",\"contentUrl\":\"https:\\\/\\\/www.altominho.tv\\\/site\\\/wp-content\\\/uploads\\\/2020\\\/05\\\/cultura.jpg\",\"width\":1000,\"height\":600},{\"@type\":\"BreadcrumbList\",\"@id\":\"https:\\\/\\\/www.altominho.tv\\\/site\\\/2020\\\/05\\\/11\\\/um-espetaculo-cancelado-equivale-a-18-artistas-sem-rendimento\\\/#breadcrumb\",\"itemListElement\":[{\"@type\":\"ListItem\",\"position\":1,\"name\":\"In\u00edcio\",\"item\":\"https:\\\/\\\/www.altominho.tv\\\/site\\\/\"},{\"@type\":\"ListItem\",\"position\":2,\"name\":\"Um espet\u00e1culo cancelado equivale a 18 artistas sem rendimento\"}]},{\"@type\":\"WebSite\",\"@id\":\"https:\\\/\\\/www.altominho.tv\\\/site\\\/#website\",\"url\":\"https:\\\/\\\/www.altominho.tv\\\/site\\\/\",\"name\":\"Altominho.tv\",\"description\":\"A sua regi\u00e3o \u00e0 dist\u00e2ncia de um clique...\",\"potentialAction\":[{\"@type\":\"SearchAction\",\"target\":{\"@type\":\"EntryPoint\",\"urlTemplate\":\"https:\\\/\\\/www.altominho.tv\\\/site\\\/?s={search_term_string}\"},\"query-input\":{\"@type\":\"PropertyValueSpecification\",\"valueRequired\":true,\"valueName\":\"search_term_string\"}}],\"inLanguage\":\"pt-PT\"},{\"@type\":\"Person\",\"@id\":\"https:\\\/\\\/www.altominho.tv\\\/site\\\/#\\\/schema\\\/person\\\/dbaf181c01b51ff40c9f461a905d321e\",\"name\":\"Andreia Cunha | Lusa\",\"image\":{\"@type\":\"ImageObject\",\"inLanguage\":\"pt-PT\",\"@id\":\"https:\\\/\\\/www.altominho.tv\\\/site\\\/wp-content\\\/uploads\\\/2017\\\/11\\\/Andreia_Cunha-1-150x150.jpg\",\"url\":\"https:\\\/\\\/www.altominho.tv\\\/site\\\/wp-content\\\/uploads\\\/2017\\\/11\\\/Andreia_Cunha-1-150x150.jpg\",\"contentUrl\":\"https:\\\/\\\/www.altominho.tv\\\/site\\\/wp-content\\\/uploads\\\/2017\\\/11\\\/Andreia_Cunha-1-150x150.jpg\",\"caption\":\"Andreia Cunha | Lusa\"},\"sameAs\":[\"https:\\\/\\\/www.altominho.tv\\\/site\"],\"url\":\"https:\\\/\\\/www.altominho.tv\\\/site\\\/author\\\/andreiacunhalusa\\\/\"}]}<\/script>\n<!-- \/ Yoast SEO Premium plugin. -->","yoast_head_json":{"title":"Um espet\u00e1culo cancelado equivale a 18 artistas sem rendimento","robots":{"index":"index","follow":"follow","max-snippet":"max-snippet:-1","max-image-preview":"max-image-preview:large","max-video-preview":"max-video-preview:-1"},"canonical":"https:\/\/www.altominho.tv\/site\/2020\/05\/11\/um-espetaculo-cancelado-equivale-a-18-artistas-sem-rendimento\/","og_locale":"pt_PT","og_type":"article","og_title":"Um espet\u00e1culo cancelado equivale a 18 artistas sem rendimento","og_description":"Por cada espet\u00e1culo cancelado em Portugal, at\u00e9 31 de mar\u00e7o, devido \u00e0 pandemia da covid-19, 18 artistas ficaram sem rendimento, de acordo com os resultados de um inqu\u00e9rito promovido pela Funda\u00e7\u00e3o GDA (Gest\u00e3o dos Direitos dos Artistas). \u201cO inqu\u00e9rito lan\u00e7ado pela GDA indica que por cada espet\u00e1culo cancelado ficaram sem rendimento, em m\u00e9dia, 18 artistas, [&hellip;]","og_url":"https:\/\/www.altominho.tv\/site\/2020\/05\/11\/um-espetaculo-cancelado-equivale-a-18-artistas-sem-rendimento\/","og_site_name":"Altominho.tv","article_publisher":"https:\/\/www.facebook.com\/altominhotv","article_published_time":"2020-05-11T10:25:24+00:00","article_modified_time":"2020-05-11T10:25:29+00:00","og_image":[{"width":1000,"height":600,"url":"https:\/\/www.altominho.tv\/site\/wp-content\/uploads\/2020\/05\/cultura.jpg","type":"image\/jpeg"}],"author":"Andreia Cunha | Lusa","twitter_card":"summary_large_image","twitter_creator":"@altominhoTV","twitter_site":"@altominhoTV","twitter_misc":{"Escrito por":"Andreia Cunha | Lusa","Tempo estimado de leitura":"5 minutos"},"schema":{"@context":"https:\/\/schema.org","@graph":[{"@type":"Article","@id":"https:\/\/www.altominho.tv\/site\/2020\/05\/11\/um-espetaculo-cancelado-equivale-a-18-artistas-sem-rendimento\/#article","isPartOf":{"@id":"https:\/\/www.altominho.tv\/site\/2020\/05\/11\/um-espetaculo-cancelado-equivale-a-18-artistas-sem-rendimento\/"},"author":{"name":"Andreia Cunha | Lusa","@id":"https:\/\/www.altominho.tv\/site\/#\/schema\/person\/dbaf181c01b51ff40c9f461a905d321e"},"headline":"Um espet\u00e1culo cancelado equivale a 18 artistas sem rendimento","datePublished":"2020-05-11T10:25:24+00:00","dateModified":"2020-05-11T10:25:29+00:00","mainEntityOfPage":{"@id":"https:\/\/www.altominho.tv\/site\/2020\/05\/11\/um-espetaculo-cancelado-equivale-a-18-artistas-sem-rendimento\/"},"wordCount":985,"image":{"@id":"https:\/\/www.altominho.tv\/site\/2020\/05\/11\/um-espetaculo-cancelado-equivale-a-18-artistas-sem-rendimento\/#primaryimage"},"thumbnailUrl":"https:\/\/www.altominho.tv\/site\/wp-content\/uploads\/2020\/05\/cultura.jpg","keywords":["Cultura","Sociedade"],"articleSection":["Alto Minho"],"inLanguage":"pt-PT","copyrightYear":"2020","copyrightHolder":{"@id":"https:\/\/www.altominho.tv\/site\/#organization"}},{"@type":"WebPage","@id":"https:\/\/www.altominho.tv\/site\/2020\/05\/11\/um-espetaculo-cancelado-equivale-a-18-artistas-sem-rendimento\/","url":"https:\/\/www.altominho.tv\/site\/2020\/05\/11\/um-espetaculo-cancelado-equivale-a-18-artistas-sem-rendimento\/","name":"Um espet\u00e1culo cancelado equivale a 18 artistas sem rendimento","isPartOf":{"@id":"https:\/\/www.altominho.tv\/site\/#website"},"primaryImageOfPage":{"@id":"https:\/\/www.altominho.tv\/site\/2020\/05\/11\/um-espetaculo-cancelado-equivale-a-18-artistas-sem-rendimento\/#primaryimage"},"image":{"@id":"https:\/\/www.altominho.tv\/site\/2020\/05\/11\/um-espetaculo-cancelado-equivale-a-18-artistas-sem-rendimento\/#primaryimage"},"thumbnailUrl":"https:\/\/www.altominho.tv\/site\/wp-content\/uploads\/2020\/05\/cultura.jpg","datePublished":"2020-05-11T10:25:24+00:00","dateModified":"2020-05-11T10:25:29+00:00","author":{"@id":"https:\/\/www.altominho.tv\/site\/#\/schema\/person\/dbaf181c01b51ff40c9f461a905d321e"},"breadcrumb":{"@id":"https:\/\/www.altominho.tv\/site\/2020\/05\/11\/um-espetaculo-cancelado-equivale-a-18-artistas-sem-rendimento\/#breadcrumb"},"inLanguage":"pt-PT","potentialAction":[{"@type":"ReadAction","target":["https:\/\/www.altominho.tv\/site\/2020\/05\/11\/um-espetaculo-cancelado-equivale-a-18-artistas-sem-rendimento\/"]}]},{"@type":"ImageObject","inLanguage":"pt-PT","@id":"https:\/\/www.altominho.tv\/site\/2020\/05\/11\/um-espetaculo-cancelado-equivale-a-18-artistas-sem-rendimento\/#primaryimage","url":"https:\/\/www.altominho.tv\/site\/wp-content\/uploads\/2020\/05\/cultura.jpg","contentUrl":"https:\/\/www.altominho.tv\/site\/wp-content\/uploads\/2020\/05\/cultura.jpg","width":1000,"height":600},{"@type":"BreadcrumbList","@id":"https:\/\/www.altominho.tv\/site\/2020\/05\/11\/um-espetaculo-cancelado-equivale-a-18-artistas-sem-rendimento\/#breadcrumb","itemListElement":[{"@type":"ListItem","position":1,"name":"In\u00edcio","item":"https:\/\/www.altominho.tv\/site\/"},{"@type":"ListItem","position":2,"name":"Um espet\u00e1culo cancelado equivale a 18 artistas sem rendimento"}]},{"@type":"WebSite","@id":"https:\/\/www.altominho.tv\/site\/#website","url":"https:\/\/www.altominho.tv\/site\/","name":"Altominho.tv","description":"A sua regi\u00e3o \u00e0 dist\u00e2ncia de um clique...","potentialAction":[{"@type":"SearchAction","target":{"@type":"EntryPoint","urlTemplate":"https:\/\/www.altominho.tv\/site\/?s={search_term_string}"},"query-input":{"@type":"PropertyValueSpecification","valueRequired":true,"valueName":"search_term_string"}}],"inLanguage":"pt-PT"},{"@type":"Person","@id":"https:\/\/www.altominho.tv\/site\/#\/schema\/person\/dbaf181c01b51ff40c9f461a905d321e","name":"Andreia Cunha | Lusa","image":{"@type":"ImageObject","inLanguage":"pt-PT","@id":"https:\/\/www.altominho.tv\/site\/wp-content\/uploads\/2017\/11\/Andreia_Cunha-1-150x150.jpg","url":"https:\/\/www.altominho.tv\/site\/wp-content\/uploads\/2017\/11\/Andreia_Cunha-1-150x150.jpg","contentUrl":"https:\/\/www.altominho.tv\/site\/wp-content\/uploads\/2017\/11\/Andreia_Cunha-1-150x150.jpg","caption":"Andreia Cunha | Lusa"},"sameAs":["https:\/\/www.altominho.tv\/site"],"url":"https:\/\/www.altominho.tv\/site\/author\/andreiacunhalusa\/"}]}},"_links":{"self":[{"href":"https:\/\/www.altominho.tv\/site\/wp-json\/wp\/v2\/posts\/46042","targetHints":{"allow":["GET"]}}],"collection":[{"href":"https:\/\/www.altominho.tv\/site\/wp-json\/wp\/v2\/posts"}],"about":[{"href":"https:\/\/www.altominho.tv\/site\/wp-json\/wp\/v2\/types\/post"}],"author":[{"embeddable":true,"href":"https:\/\/www.altominho.tv\/site\/wp-json\/wp\/v2\/users\/16"}],"replies":[{"embeddable":true,"href":"https:\/\/www.altominho.tv\/site\/wp-json\/wp\/v2\/comments?post=46042"}],"version-history":[{"count":0,"href":"https:\/\/www.altominho.tv\/site\/wp-json\/wp\/v2\/posts\/46042\/revisions"}],"wp:featuredmedia":[{"embeddable":true,"href":"https:\/\/www.altominho.tv\/site\/wp-json\/wp\/v2\/media\/46043"}],"wp:attachment":[{"href":"https:\/\/www.altominho.tv\/site\/wp-json\/wp\/v2\/media?parent=46042"}],"wp:term":[{"taxonomy":"category","embeddable":true,"href":"https:\/\/www.altominho.tv\/site\/wp-json\/wp\/v2\/categories?post=46042"},{"taxonomy":"post_tag","embeddable":true,"href":"https:\/\/www.altominho.tv\/site\/wp-json\/wp\/v2\/tags?post=46042"}],"curies":[{"name":"wp","href":"https:\/\/api.w.org\/{rel}","templated":true}]}}