{"id":46039,"date":"2020-05-11T10:31:20","date_gmt":"2020-05-11T09:31:20","guid":{"rendered":"http:\/\/www.altominho.tv\/site\/?p=46039"},"modified":"2020-05-11T10:31:24","modified_gmt":"2020-05-11T09:31:24","slug":"estudantes-do-ensino-profissional-vao-realizar-exames-regionais-de-acesso-ao-superior","status":"publish","type":"post","link":"https:\/\/www.altominho.tv\/site\/2020\/05\/11\/estudantes-do-ensino-profissional-vao-realizar-exames-regionais-de-acesso-ao-superior\/","title":{"rendered":"Estudantes do ensino profissional v\u00e3o realizar exames regionais de acesso ao superior"},"content":{"rendered":"<p><strong>Os estudantes do ensino profissional v\u00e3o realizar exames regionais na institui\u00e7\u00e3o mais pr\u00f3xima da sua \u00e1rea de resid\u00eancia e com o resultado podem candidatar-se a todas as universidades e polit\u00e9cnicos que abrirem vagas para os concursos especiais.<\/strong><\/p>\n<p>De acordo com o jornal P\u00fablico de hoje, os estudantes que completam o ensino profissional, para quem foi criada uma nova via de acesso ao ensino superior a partir deste ano, v\u00e3o experimentar um modelo que \u00e9 uma novidade em Portugal: a realiza\u00e7\u00e3o de exames regionais, agendados para setembro.<\/p>\n<p>O jornal adianta, com informa\u00e7\u00e3o prestada pelo presidente do Conselho Coordenador dos Institutos Superiores Polit\u00e9cnicos (CCISP), Pedro Dominguinhos, que tr\u00eas cons\u00f3rcios, no norte, centro e sul do pa\u00eds v\u00e3o fazer provas espec\u00edficas para seriar os candidatos.<\/p>\n<p>A iniciativa \u00e9 dos institutos polit\u00e9cnicos, mas h\u00e1 universidades que tamb\u00e9m v\u00e3o integr\u00e1-los.<\/p>\n<p>Cada estudante far\u00e1 apenas um exame de acesso, na institui\u00e7\u00e3o mais pr\u00f3xima da sua \u00e1rea de resid\u00eancia e com esse resultado, pode candidatar-se a todas as universidades e polit\u00e9cnicos da regi\u00e3o que abrirem vagas para estes concursos especiais.<\/p>\n<p>A possibilidade de um exame \u00fanico vai estar em cima da mesa no pr\u00f3ximo ano letivo.<\/p>\n<p>Para j\u00e1, est\u00e3o formalizados dois cons\u00f3rcios. Um no Norte \u2014 que inclui os polit\u00e9cnicos de Bragan\u00e7a, Porto, C\u00e1vado e Ave e Viana do Castelo \u2014 e outro no Sul, com os polit\u00e9cnicos de Set\u00fabal, Santar\u00e9m, Portalegre e Beja, bem como a Escola Superior de Hotelaria e Turismo do Estoril e a Escola N\u00e1utica Infante D. Henrique, em Oeiras. Integra tamb\u00e9m esta rede a Universidade do Algarve, que tem ensino polit\u00e9cnico.<\/p>\n<p>O terceiro cons\u00f3rcio, na regi\u00e3o Centro, envolvendo polit\u00e9cnicos como Coimbra e Leiria, ainda n\u00e3o est\u00e1 concretizado, de acordo com Pedro Dominguinhos.<br \/>\nA Universidade de Aveiro, que tamb\u00e9m tem ensino polit\u00e9cnico, pode igualmente integrar o cons\u00f3rcio. As universidades est\u00e3o mais atrasadas.<\/p>\n<p>\u201cO concurso especial destinado aos diplomados do ensino profissional \u2014 e que tamb\u00e9m abrange quem fez cursos art\u00edsticos ou de aprendizagem \u2014 permite a cada estudante candidatar-se a tr\u00eas cursos superiores diferentes, o que, de acordo com as regras aprovadas em abril pelo Governo, poderia obrig\u00e1-los a fazer mais do que um exame de ingresso\u201d, adianta o jornal.<\/p>\n<p>Se um aluno se candidatasse a licenciaturas de institui\u00e7\u00f5es diferentes, teria que fazer tr\u00eas provas espec\u00edficas distintas.<br \/>\nEm declara\u00e7\u00f5es ao p\u00fablico, o presidente do CCISP disse que \u201cfaz pouco sentido os estudantes andarem a fazer provas em todas as institui\u00e7\u00f5es a que querem concorrer\u201d.<\/p>\n<p>O pr\u00f3ximo ano letivo no ensino superior come\u00e7a nas primeiras semanas de outubro, depois das altera\u00e7\u00f5es no calend\u00e1rio motivadas pela pandemia de covid-19.<\/p>\n<p>As institui\u00e7\u00f5es t\u00eam at\u00e9 18 de maio para aprovar os seus regulamentos internos e definir a f\u00f3rmula de acesso a usar e dizer ao Governo se querem ou n\u00e3o abrir estes concursos especiais no pr\u00f3ximo ano letivo.<\/p>\n","protected":false},"excerpt":{"rendered":"<p>Os estudantes do ensino profissional v\u00e3o realizar exames regionais na institui\u00e7\u00e3o mais pr\u00f3xima da sua \u00e1rea de resid\u00eancia e com o resultado podem candidatar-se a todas as universidades e polit\u00e9cnicos que abrirem vagas para os concursos especiais. De acordo com o jornal P\u00fablico de hoje, os estudantes que completam o ensino profissional, para quem foi [&hellip;]<\/p>\n","protected":false},"author":1,"featured_media":46040,"comment_status":"closed","ping_status":"closed","sticky":false,"template":"","format":"standard","meta":{"_exactmetrics_skip_tracking":false,"_exactmetrics_sitenote_active":false,"_exactmetrics_sitenote_note":"","_exactmetrics_sitenote_category":0,"footnotes":""},"categories":[73],"tags":[22],"class_list":["post-46039","post","type-post","status-publish","format-standard","has-post-thumbnail","hentry","category-alto-minho","tag-educacao"],"yoast_head":"<!-- This site is optimized with the Yoast SEO Premium plugin v27.4 (Yoast SEO v27.4) - https:\/\/yoast.com\/product\/yoast-seo-premium-wordpress\/ -->\n<title>Estudantes do ensino profissional v\u00e3o realizar exames regionais de acesso ao superior<\/title>\n<meta name=\"robots\" content=\"index, follow, max-snippet:-1, max-image-preview:large, max-video-preview:-1\" \/>\n<link rel=\"canonical\" href=\"https:\/\/www.altominho.tv\/site\/2020\/05\/11\/estudantes-do-ensino-profissional-vao-realizar-exames-regionais-de-acesso-ao-superior\/\" \/>\n<meta property=\"og:locale\" content=\"pt_PT\" \/>\n<meta property=\"og:type\" content=\"article\" \/>\n<meta property=\"og:title\" content=\"Estudantes do ensino profissional v\u00e3o realizar exames regionais de acesso ao superior\" \/>\n<meta property=\"og:description\" content=\"Os estudantes do ensino profissional v\u00e3o realizar exames regionais na institui\u00e7\u00e3o mais pr\u00f3xima da sua \u00e1rea de resid\u00eancia e com o resultado podem candidatar-se a todas as universidades e polit\u00e9cnicos que abrirem vagas para os concursos especiais. De acordo com o jornal P\u00fablico de hoje, os estudantes que completam o ensino profissional, para quem foi [&hellip;]\" \/>\n<meta property=\"og:url\" content=\"https:\/\/www.altominho.tv\/site\/2020\/05\/11\/estudantes-do-ensino-profissional-vao-realizar-exames-regionais-de-acesso-ao-superior\/\" \/>\n<meta property=\"og:site_name\" content=\"Altominho.tv\" \/>\n<meta property=\"article:publisher\" content=\"https:\/\/www.facebook.com\/altominhotv\" \/>\n<meta property=\"article:published_time\" content=\"2020-05-11T09:31:20+00:00\" \/>\n<meta property=\"article:modified_time\" content=\"2020-05-11T09:31:24+00:00\" \/>\n<meta property=\"og:image\" content=\"https:\/\/www.altominho.tv\/site\/wp-content\/uploads\/2020\/05\/Exames.jpg\" \/>\n\t<meta property=\"og:image:width\" content=\"1920\" \/>\n\t<meta property=\"og:image:height\" content=\"1080\" \/>\n\t<meta property=\"og:image:type\" content=\"image\/jpeg\" \/>\n<meta name=\"author\" content=\"Altominho.tv\" \/>\n<meta name=\"twitter:card\" content=\"summary_large_image\" \/>\n<meta name=\"twitter:creator\" content=\"@altominhoTV\" \/>\n<meta name=\"twitter:site\" content=\"@altominhoTV\" \/>\n<meta name=\"twitter:label1\" content=\"Escrito por\" \/>\n\t<meta name=\"twitter:data1\" content=\"Altominho.tv\" \/>\n\t<meta name=\"twitter:label2\" content=\"Tempo estimado de leitura\" \/>\n\t<meta name=\"twitter:data2\" content=\"3 minutos\" \/>\n<script type=\"application\/ld+json\" class=\"yoast-schema-graph\">{\"@context\":\"https:\\\/\\\/schema.org\",\"@graph\":[{\"@type\":\"Article\",\"@id\":\"https:\\\/\\\/www.altominho.tv\\\/site\\\/2020\\\/05\\\/11\\\/estudantes-do-ensino-profissional-vao-realizar-exames-regionais-de-acesso-ao-superior\\\/#article\",\"isPartOf\":{\"@id\":\"https:\\\/\\\/www.altominho.tv\\\/site\\\/2020\\\/05\\\/11\\\/estudantes-do-ensino-profissional-vao-realizar-exames-regionais-de-acesso-ao-superior\\\/\"},\"author\":{\"name\":\"Altominho.tv\",\"@id\":\"https:\\\/\\\/www.altominho.tv\\\/site\\\/#\\\/schema\\\/person\\\/4e536851627d7914baf3dac752b6af22\"},\"headline\":\"Estudantes do ensino profissional v\u00e3o realizar exames regionais de acesso ao superior\",\"datePublished\":\"2020-05-11T09:31:20+00:00\",\"dateModified\":\"2020-05-11T09:31:24+00:00\",\"mainEntityOfPage\":{\"@id\":\"https:\\\/\\\/www.altominho.tv\\\/site\\\/2020\\\/05\\\/11\\\/estudantes-do-ensino-profissional-vao-realizar-exames-regionais-de-acesso-ao-superior\\\/\"},\"wordCount\":530,\"image\":{\"@id\":\"https:\\\/\\\/www.altominho.tv\\\/site\\\/2020\\\/05\\\/11\\\/estudantes-do-ensino-profissional-vao-realizar-exames-regionais-de-acesso-ao-superior\\\/#primaryimage\"},\"thumbnailUrl\":\"https:\\\/\\\/www.altominho.tv\\\/site\\\/wp-content\\\/uploads\\\/2020\\\/05\\\/Exames.jpg\",\"keywords\":[\"Educa\u00e7\u00e3o\"],\"articleSection\":[\"Alto Minho\"],\"inLanguage\":\"pt-PT\",\"copyrightYear\":\"2020\",\"copyrightHolder\":{\"@id\":\"https:\\\/\\\/www.altominho.tv\\\/site\\\/#organization\"}},{\"@type\":\"WebPage\",\"@id\":\"https:\\\/\\\/www.altominho.tv\\\/site\\\/2020\\\/05\\\/11\\\/estudantes-do-ensino-profissional-vao-realizar-exames-regionais-de-acesso-ao-superior\\\/\",\"url\":\"https:\\\/\\\/www.altominho.tv\\\/site\\\/2020\\\/05\\\/11\\\/estudantes-do-ensino-profissional-vao-realizar-exames-regionais-de-acesso-ao-superior\\\/\",\"name\":\"Estudantes do ensino profissional v\u00e3o realizar exames regionais de acesso ao superior\",\"isPartOf\":{\"@id\":\"https:\\\/\\\/www.altominho.tv\\\/site\\\/#website\"},\"primaryImageOfPage\":{\"@id\":\"https:\\\/\\\/www.altominho.tv\\\/site\\\/2020\\\/05\\\/11\\\/estudantes-do-ensino-profissional-vao-realizar-exames-regionais-de-acesso-ao-superior\\\/#primaryimage\"},\"image\":{\"@id\":\"https:\\\/\\\/www.altominho.tv\\\/site\\\/2020\\\/05\\\/11\\\/estudantes-do-ensino-profissional-vao-realizar-exames-regionais-de-acesso-ao-superior\\\/#primaryimage\"},\"thumbnailUrl\":\"https:\\\/\\\/www.altominho.tv\\\/site\\\/wp-content\\\/uploads\\\/2020\\\/05\\\/Exames.jpg\",\"datePublished\":\"2020-05-11T09:31:20+00:00\",\"dateModified\":\"2020-05-11T09:31:24+00:00\",\"author\":{\"@id\":\"https:\\\/\\\/www.altominho.tv\\\/site\\\/#\\\/schema\\\/person\\\/4e536851627d7914baf3dac752b6af22\"},\"breadcrumb\":{\"@id\":\"https:\\\/\\\/www.altominho.tv\\\/site\\\/2020\\\/05\\\/11\\\/estudantes-do-ensino-profissional-vao-realizar-exames-regionais-de-acesso-ao-superior\\\/#breadcrumb\"},\"inLanguage\":\"pt-PT\",\"potentialAction\":[{\"@type\":\"ReadAction\",\"target\":[\"https:\\\/\\\/www.altominho.tv\\\/site\\\/2020\\\/05\\\/11\\\/estudantes-do-ensino-profissional-vao-realizar-exames-regionais-de-acesso-ao-superior\\\/\"]}]},{\"@type\":\"ImageObject\",\"inLanguage\":\"pt-PT\",\"@id\":\"https:\\\/\\\/www.altominho.tv\\\/site\\\/2020\\\/05\\\/11\\\/estudantes-do-ensino-profissional-vao-realizar-exames-regionais-de-acesso-ao-superior\\\/#primaryimage\",\"url\":\"https:\\\/\\\/www.altominho.tv\\\/site\\\/wp-content\\\/uploads\\\/2020\\\/05\\\/Exames.jpg\",\"contentUrl\":\"https:\\\/\\\/www.altominho.tv\\\/site\\\/wp-content\\\/uploads\\\/2020\\\/05\\\/Exames.jpg\",\"width\":1920,\"height\":1080},{\"@type\":\"BreadcrumbList\",\"@id\":\"https:\\\/\\\/www.altominho.tv\\\/site\\\/2020\\\/05\\\/11\\\/estudantes-do-ensino-profissional-vao-realizar-exames-regionais-de-acesso-ao-superior\\\/#breadcrumb\",\"itemListElement\":[{\"@type\":\"ListItem\",\"position\":1,\"name\":\"In\u00edcio\",\"item\":\"https:\\\/\\\/www.altominho.tv\\\/site\\\/\"},{\"@type\":\"ListItem\",\"position\":2,\"name\":\"Estudantes do ensino profissional v\u00e3o realizar exames regionais de acesso ao superior\"}]},{\"@type\":\"WebSite\",\"@id\":\"https:\\\/\\\/www.altominho.tv\\\/site\\\/#website\",\"url\":\"https:\\\/\\\/www.altominho.tv\\\/site\\\/\",\"name\":\"Altominho.tv\",\"description\":\"A sua regi\u00e3o \u00e0 dist\u00e2ncia de um clique...\",\"potentialAction\":[{\"@type\":\"SearchAction\",\"target\":{\"@type\":\"EntryPoint\",\"urlTemplate\":\"https:\\\/\\\/www.altominho.tv\\\/site\\\/?s={search_term_string}\"},\"query-input\":{\"@type\":\"PropertyValueSpecification\",\"valueRequired\":true,\"valueName\":\"search_term_string\"}}],\"inLanguage\":\"pt-PT\"},{\"@type\":\"Person\",\"@id\":\"https:\\\/\\\/www.altominho.tv\\\/site\\\/#\\\/schema\\\/person\\\/4e536851627d7914baf3dac752b6af22\",\"name\":\"Altominho.tv\",\"image\":{\"@type\":\"ImageObject\",\"inLanguage\":\"pt-PT\",\"@id\":\"https:\\\/\\\/www.altominho.tv\\\/site\\\/wp-content\\\/uploads\\\/2019\\\/11\\\/Logo_Avatar_2-150x150.jpg\",\"url\":\"https:\\\/\\\/www.altominho.tv\\\/site\\\/wp-content\\\/uploads\\\/2019\\\/11\\\/Logo_Avatar_2-150x150.jpg\",\"contentUrl\":\"https:\\\/\\\/www.altominho.tv\\\/site\\\/wp-content\\\/uploads\\\/2019\\\/11\\\/Logo_Avatar_2-150x150.jpg\",\"caption\":\"Altominho.tv\"},\"url\":\"https:\\\/\\\/www.altominho.tv\\\/site\\\/author\\\/altominhotv-tecnico\\\/\"}]}<\/script>\n<!-- \/ Yoast SEO Premium plugin. -->","yoast_head_json":{"title":"Estudantes do ensino profissional v\u00e3o realizar exames regionais de acesso ao superior","robots":{"index":"index","follow":"follow","max-snippet":"max-snippet:-1","max-image-preview":"max-image-preview:large","max-video-preview":"max-video-preview:-1"},"canonical":"https:\/\/www.altominho.tv\/site\/2020\/05\/11\/estudantes-do-ensino-profissional-vao-realizar-exames-regionais-de-acesso-ao-superior\/","og_locale":"pt_PT","og_type":"article","og_title":"Estudantes do ensino profissional v\u00e3o realizar exames regionais de acesso ao superior","og_description":"Os estudantes do ensino profissional v\u00e3o realizar exames regionais na institui\u00e7\u00e3o mais pr\u00f3xima da sua \u00e1rea de resid\u00eancia e com o resultado podem candidatar-se a todas as universidades e polit\u00e9cnicos que abrirem vagas para os concursos especiais. De acordo com o jornal P\u00fablico de hoje, os estudantes que completam o ensino profissional, para quem foi [&hellip;]","og_url":"https:\/\/www.altominho.tv\/site\/2020\/05\/11\/estudantes-do-ensino-profissional-vao-realizar-exames-regionais-de-acesso-ao-superior\/","og_site_name":"Altominho.tv","article_publisher":"https:\/\/www.facebook.com\/altominhotv","article_published_time":"2020-05-11T09:31:20+00:00","article_modified_time":"2020-05-11T09:31:24+00:00","og_image":[{"width":1920,"height":1080,"url":"https:\/\/www.altominho.tv\/site\/wp-content\/uploads\/2020\/05\/Exames.jpg","type":"image\/jpeg"}],"author":"Altominho.tv","twitter_card":"summary_large_image","twitter_creator":"@altominhoTV","twitter_site":"@altominhoTV","twitter_misc":{"Escrito por":"Altominho.tv","Tempo estimado de leitura":"3 minutos"},"schema":{"@context":"https:\/\/schema.org","@graph":[{"@type":"Article","@id":"https:\/\/www.altominho.tv\/site\/2020\/05\/11\/estudantes-do-ensino-profissional-vao-realizar-exames-regionais-de-acesso-ao-superior\/#article","isPartOf":{"@id":"https:\/\/www.altominho.tv\/site\/2020\/05\/11\/estudantes-do-ensino-profissional-vao-realizar-exames-regionais-de-acesso-ao-superior\/"},"author":{"name":"Altominho.tv","@id":"https:\/\/www.altominho.tv\/site\/#\/schema\/person\/4e536851627d7914baf3dac752b6af22"},"headline":"Estudantes do ensino profissional v\u00e3o realizar exames regionais de acesso ao superior","datePublished":"2020-05-11T09:31:20+00:00","dateModified":"2020-05-11T09:31:24+00:00","mainEntityOfPage":{"@id":"https:\/\/www.altominho.tv\/site\/2020\/05\/11\/estudantes-do-ensino-profissional-vao-realizar-exames-regionais-de-acesso-ao-superior\/"},"wordCount":530,"image":{"@id":"https:\/\/www.altominho.tv\/site\/2020\/05\/11\/estudantes-do-ensino-profissional-vao-realizar-exames-regionais-de-acesso-ao-superior\/#primaryimage"},"thumbnailUrl":"https:\/\/www.altominho.tv\/site\/wp-content\/uploads\/2020\/05\/Exames.jpg","keywords":["Educa\u00e7\u00e3o"],"articleSection":["Alto Minho"],"inLanguage":"pt-PT","copyrightYear":"2020","copyrightHolder":{"@id":"https:\/\/www.altominho.tv\/site\/#organization"}},{"@type":"WebPage","@id":"https:\/\/www.altominho.tv\/site\/2020\/05\/11\/estudantes-do-ensino-profissional-vao-realizar-exames-regionais-de-acesso-ao-superior\/","url":"https:\/\/www.altominho.tv\/site\/2020\/05\/11\/estudantes-do-ensino-profissional-vao-realizar-exames-regionais-de-acesso-ao-superior\/","name":"Estudantes do ensino profissional v\u00e3o realizar exames regionais de acesso ao superior","isPartOf":{"@id":"https:\/\/www.altominho.tv\/site\/#website"},"primaryImageOfPage":{"@id":"https:\/\/www.altominho.tv\/site\/2020\/05\/11\/estudantes-do-ensino-profissional-vao-realizar-exames-regionais-de-acesso-ao-superior\/#primaryimage"},"image":{"@id":"https:\/\/www.altominho.tv\/site\/2020\/05\/11\/estudantes-do-ensino-profissional-vao-realizar-exames-regionais-de-acesso-ao-superior\/#primaryimage"},"thumbnailUrl":"https:\/\/www.altominho.tv\/site\/wp-content\/uploads\/2020\/05\/Exames.jpg","datePublished":"2020-05-11T09:31:20+00:00","dateModified":"2020-05-11T09:31:24+00:00","author":{"@id":"https:\/\/www.altominho.tv\/site\/#\/schema\/person\/4e536851627d7914baf3dac752b6af22"},"breadcrumb":{"@id":"https:\/\/www.altominho.tv\/site\/2020\/05\/11\/estudantes-do-ensino-profissional-vao-realizar-exames-regionais-de-acesso-ao-superior\/#breadcrumb"},"inLanguage":"pt-PT","potentialAction":[{"@type":"ReadAction","target":["https:\/\/www.altominho.tv\/site\/2020\/05\/11\/estudantes-do-ensino-profissional-vao-realizar-exames-regionais-de-acesso-ao-superior\/"]}]},{"@type":"ImageObject","inLanguage":"pt-PT","@id":"https:\/\/www.altominho.tv\/site\/2020\/05\/11\/estudantes-do-ensino-profissional-vao-realizar-exames-regionais-de-acesso-ao-superior\/#primaryimage","url":"https:\/\/www.altominho.tv\/site\/wp-content\/uploads\/2020\/05\/Exames.jpg","contentUrl":"https:\/\/www.altominho.tv\/site\/wp-content\/uploads\/2020\/05\/Exames.jpg","width":1920,"height":1080},{"@type":"BreadcrumbList","@id":"https:\/\/www.altominho.tv\/site\/2020\/05\/11\/estudantes-do-ensino-profissional-vao-realizar-exames-regionais-de-acesso-ao-superior\/#breadcrumb","itemListElement":[{"@type":"ListItem","position":1,"name":"In\u00edcio","item":"https:\/\/www.altominho.tv\/site\/"},{"@type":"ListItem","position":2,"name":"Estudantes do ensino profissional v\u00e3o realizar exames regionais de acesso ao superior"}]},{"@type":"WebSite","@id":"https:\/\/www.altominho.tv\/site\/#website","url":"https:\/\/www.altominho.tv\/site\/","name":"Altominho.tv","description":"A sua regi\u00e3o \u00e0 dist\u00e2ncia de um clique...","potentialAction":[{"@type":"SearchAction","target":{"@type":"EntryPoint","urlTemplate":"https:\/\/www.altominho.tv\/site\/?s={search_term_string}"},"query-input":{"@type":"PropertyValueSpecification","valueRequired":true,"valueName":"search_term_string"}}],"inLanguage":"pt-PT"},{"@type":"Person","@id":"https:\/\/www.altominho.tv\/site\/#\/schema\/person\/4e536851627d7914baf3dac752b6af22","name":"Altominho.tv","image":{"@type":"ImageObject","inLanguage":"pt-PT","@id":"https:\/\/www.altominho.tv\/site\/wp-content\/uploads\/2019\/11\/Logo_Avatar_2-150x150.jpg","url":"https:\/\/www.altominho.tv\/site\/wp-content\/uploads\/2019\/11\/Logo_Avatar_2-150x150.jpg","contentUrl":"https:\/\/www.altominho.tv\/site\/wp-content\/uploads\/2019\/11\/Logo_Avatar_2-150x150.jpg","caption":"Altominho.tv"},"url":"https:\/\/www.altominho.tv\/site\/author\/altominhotv-tecnico\/"}]}},"_links":{"self":[{"href":"https:\/\/www.altominho.tv\/site\/wp-json\/wp\/v2\/posts\/46039","targetHints":{"allow":["GET"]}}],"collection":[{"href":"https:\/\/www.altominho.tv\/site\/wp-json\/wp\/v2\/posts"}],"about":[{"href":"https:\/\/www.altominho.tv\/site\/wp-json\/wp\/v2\/types\/post"}],"author":[{"embeddable":true,"href":"https:\/\/www.altominho.tv\/site\/wp-json\/wp\/v2\/users\/1"}],"replies":[{"embeddable":true,"href":"https:\/\/www.altominho.tv\/site\/wp-json\/wp\/v2\/comments?post=46039"}],"version-history":[{"count":0,"href":"https:\/\/www.altominho.tv\/site\/wp-json\/wp\/v2\/posts\/46039\/revisions"}],"wp:featuredmedia":[{"embeddable":true,"href":"https:\/\/www.altominho.tv\/site\/wp-json\/wp\/v2\/media\/46040"}],"wp:attachment":[{"href":"https:\/\/www.altominho.tv\/site\/wp-json\/wp\/v2\/media?parent=46039"}],"wp:term":[{"taxonomy":"category","embeddable":true,"href":"https:\/\/www.altominho.tv\/site\/wp-json\/wp\/v2\/categories?post=46039"},{"taxonomy":"post_tag","embeddable":true,"href":"https:\/\/www.altominho.tv\/site\/wp-json\/wp\/v2\/tags?post=46039"}],"curies":[{"name":"wp","href":"https:\/\/api.w.org\/{rel}","templated":true}]}}