{"id":46008,"date":"2020-05-10T15:01:38","date_gmt":"2020-05-10T14:01:38","guid":{"rendered":"http:\/\/www.altominho.tv\/site\/?p=46008"},"modified":"2020-05-10T15:01:42","modified_gmt":"2020-05-10T14:01:42","slug":"mais-de-quatro-milhoes-de-infetados-e-279-mil-mortes-em-todo-o-mundo","status":"publish","type":"post","link":"https:\/\/www.altominho.tv\/site\/2020\/05\/10\/mais-de-quatro-milhoes-de-infetados-e-279-mil-mortes-em-todo-o-mundo\/","title":{"rendered":"Mais de quatro milh\u00f5es de infetados e 279 mil mortes em todo o mundo"},"content":{"rendered":"<p>A pandemia do novo coronav\u00edrus causou pelo menos 279.185 mortos no mundo desde dezembro, segundo um balan\u00e7o da ag\u00eancia France Presse (AFP), \u00e0s 12h30 deste domingo, atrav\u00e9s de fontes oficiais. De acordo com os dados divulgados, mais de 4.035.470 casos de infe\u00e7\u00e3o foram oficialmente diagnosticados em 195 pa\u00edses e territ\u00f3rios desde o in\u00edcio da pandemia.<\/p>\n<p>A AFP alerta, contudo, que o n\u00famero de casos diagnosticados poder\u00e1 n\u00e3o refletir o n\u00famero real de infe\u00e7\u00f5es, uma vez que muitos pa\u00edses testam apenas os casos que necessitam de cuidados hospitalares. Entre esses casos diagnosticados, este domingo,\u00a0pelo menos 1.340.700 pessoas foram consideradas como curadas.<\/p>\n<p class=\"text-paragraph\">Os Estados Unidos, que registaram o primeiro \u00f3bito associado ao novo coronav\u00edrus no in\u00edcio de fevereiro, mant\u00eam-se como o pa\u00eds com mais v\u00edtimas mortais (78.794) e com mais casos de infe\u00e7\u00e3o registados (1.309.541 casos). Pelo menos 212.534 pessoas foram declaradas como curadas no territ\u00f3rio norte-americano.<\/p>\n<p class=\"text-paragraph\">Depois dos Estados Unidos, o balan\u00e7o da AFP refere que os pa\u00edses mais afetados, todos na Europa, s\u00e3o o Reino Unido (31.587 mortos e 215.260 casos), It\u00e1lia (30.395 mortos e 218.268 casos), Espanha (26.621 mortos e 224.390 casos) e Fran\u00e7a (26.310 mortos e 176.658 casos).<\/p>\n<p class=\"text-paragraph\">Ainda na Europa, a R\u00fassia tamb\u00e9m j\u00e1 ultrapassou a barreira dos 200 mil casos confirmados da doen\u00e7a Covid-19, com um total de 209.688 desde o in\u00edcio da pandemia.<\/p>\n<p class=\"text-paragraph\">Na China (excluindo os territ\u00f3rios de Hong Kong e Macau), onde o novo coronav\u00edrus foi detetado pela primeira vez em dezembro \u00faltimo, est\u00e3o oficialmente contabilizados 82.901 casos (com o registo de 14 novos casos entre s\u00e1bado e hoje), incluindo 4.633 v\u00edtimas mortais e 78.120 pessoas recuperadas.<\/p>\n<p class=\"text-paragraph\">Por regi\u00f5es do mundo, a Europa somava, ao fim da manh\u00e3 deste domingo, 155.441 mortes em 1.721.579 casos, Estados Unidos e Canad\u00e1 83.597 mortes (1.377.243 casos), Am\u00e9rica Latina e Caribe 19.743 mortes (359.010 casos), \u00c1sia 10.541 mortes (289.683 casos), M\u00e9dio Oriente 7.554 mortes (219.755 casos), \u00c1frica 2.184 mortes (59.927 casos) e Oce\u00e2nia com 125 mortes (8.276 casos).<\/p>\n<p class=\"text-paragraph\">Este balan\u00e7o \u00e9 realizado com base em dados recolhidos a n\u00edvel internacional junto das autoridades nacionais competentes e da Organiza\u00e7\u00e3o Mundial da Sa\u00fade (OMS).<\/p>\n<p>Em Portugal, <a href=\"http:\/\/www.altominho.tv\/site\/2020\/05\/10\/portugal-regista-mais-nove-vitimas-mortais-e-175-infetados\/\">segundo o balan\u00e7o feito este domingo pela Dire\u00e7\u00e3o-Geral da Sa\u00fade<\/a>, registaram-se 1.135 mortes, mais nove mortes do que na v\u00e9spera, e 27.581 casos de infe\u00e7\u00e3o confirmados, o que representa um aumento de 175 em rela\u00e7\u00e3o a s\u00e1bado. H\u00e1 mais 50 doentes curados, subindo para 2549 o n\u00famero total de casos recuperados.<\/p>\n","protected":false},"excerpt":{"rendered":"<p>A pandemia do novo coronav\u00edrus causou pelo menos 279.185 mortos no mundo desde dezembro, segundo um balan\u00e7o da ag\u00eancia France Presse (AFP), \u00e0s 12h30 deste domingo, atrav\u00e9s de fontes oficiais. De acordo com os dados divulgados, mais de 4.035.470 casos de infe\u00e7\u00e3o foram oficialmente diagnosticados em 195 pa\u00edses e territ\u00f3rios desde o in\u00edcio da pandemia. [&hellip;]<\/p>\n","protected":false},"author":15,"featured_media":43481,"comment_status":"closed","ping_status":"closed","sticky":false,"template":"","format":"standard","meta":{"_exactmetrics_skip_tracking":false,"_exactmetrics_sitenote_active":false,"_exactmetrics_sitenote_note":"","_exactmetrics_sitenote_category":0,"footnotes":""},"categories":[42722],"tags":[27],"class_list":["post-46008","post","type-post","status-publish","format-standard","has-post-thumbnail","hentry","category-covid-19","tag-sociedade"],"yoast_head":"<!-- This site is optimized with the Yoast SEO Premium plugin v27.4 (Yoast SEO v27.4) - https:\/\/yoast.com\/product\/yoast-seo-premium-wordpress\/ -->\n<title>Mais de quatro milh\u00f5es de infetados e 279 mil mortes em todo o mundo<\/title>\n<meta name=\"robots\" content=\"index, follow, max-snippet:-1, max-image-preview:large, max-video-preview:-1\" \/>\n<link rel=\"canonical\" href=\"https:\/\/www.altominho.tv\/site\/2020\/05\/10\/mais-de-quatro-milhoes-de-infetados-e-279-mil-mortes-em-todo-o-mundo\/\" \/>\n<meta property=\"og:locale\" content=\"pt_PT\" \/>\n<meta property=\"og:type\" content=\"article\" \/>\n<meta property=\"og:title\" content=\"Mais de quatro milh\u00f5es de infetados e 279 mil mortes em todo o mundo\" \/>\n<meta property=\"og:description\" content=\"A pandemia do novo coronav\u00edrus causou pelo menos 279.185 mortos no mundo desde dezembro, segundo um balan\u00e7o da ag\u00eancia France Presse (AFP), \u00e0s 12h30 deste domingo, atrav\u00e9s de fontes oficiais. De acordo com os dados divulgados, mais de 4.035.470 casos de infe\u00e7\u00e3o foram oficialmente diagnosticados em 195 pa\u00edses e territ\u00f3rios desde o in\u00edcio da pandemia. [&hellip;]\" \/>\n<meta property=\"og:url\" content=\"https:\/\/www.altominho.tv\/site\/2020\/05\/10\/mais-de-quatro-milhoes-de-infetados-e-279-mil-mortes-em-todo-o-mundo\/\" \/>\n<meta property=\"og:site_name\" content=\"Altominho.tv\" \/>\n<meta property=\"article:publisher\" content=\"https:\/\/www.facebook.com\/altominhotv\" \/>\n<meta property=\"article:published_time\" content=\"2020-05-10T14:01:38+00:00\" \/>\n<meta property=\"article:modified_time\" content=\"2020-05-10T14:01:42+00:00\" \/>\n<meta property=\"og:image\" content=\"https:\/\/www.altominho.tv\/site\/wp-content\/uploads\/2020\/04\/covid19enfermeiros.jpg\" \/>\n\t<meta property=\"og:image:width\" content=\"1060\" \/>\n\t<meta property=\"og:image:height\" content=\"594\" \/>\n\t<meta property=\"og:image:type\" content=\"image\/jpeg\" \/>\n<meta name=\"author\" content=\"Andreia Ferreira | Lusa\" \/>\n<meta name=\"twitter:card\" content=\"summary_large_image\" \/>\n<meta name=\"twitter:creator\" content=\"@altominhoTV\" \/>\n<meta name=\"twitter:site\" content=\"@altominhoTV\" \/>\n<meta name=\"twitter:label1\" content=\"Escrito por\" \/>\n\t<meta name=\"twitter:data1\" content=\"Andreia Ferreira | Lusa\" \/>\n\t<meta name=\"twitter:label2\" content=\"Tempo estimado de leitura\" \/>\n\t<meta name=\"twitter:data2\" content=\"2 minutos\" \/>\n<script type=\"application\/ld+json\" class=\"yoast-schema-graph\">{\"@context\":\"https:\\\/\\\/schema.org\",\"@graph\":[{\"@type\":\"Article\",\"@id\":\"https:\\\/\\\/www.altominho.tv\\\/site\\\/2020\\\/05\\\/10\\\/mais-de-quatro-milhoes-de-infetados-e-279-mil-mortes-em-todo-o-mundo\\\/#article\",\"isPartOf\":{\"@id\":\"https:\\\/\\\/www.altominho.tv\\\/site\\\/2020\\\/05\\\/10\\\/mais-de-quatro-milhoes-de-infetados-e-279-mil-mortes-em-todo-o-mundo\\\/\"},\"author\":{\"name\":\"Andreia Ferreira | Lusa\",\"@id\":\"https:\\\/\\\/www.altominho.tv\\\/site\\\/#\\\/schema\\\/person\\\/a0bff6dc1041aadd46fa81887444b017\"},\"headline\":\"Mais de quatro milh\u00f5es de infetados e 279 mil mortes em todo o mundo\",\"datePublished\":\"2020-05-10T14:01:38+00:00\",\"dateModified\":\"2020-05-10T14:01:42+00:00\",\"mainEntityOfPage\":{\"@id\":\"https:\\\/\\\/www.altominho.tv\\\/site\\\/2020\\\/05\\\/10\\\/mais-de-quatro-milhoes-de-infetados-e-279-mil-mortes-em-todo-o-mundo\\\/\"},\"wordCount\":422,\"image\":{\"@id\":\"https:\\\/\\\/www.altominho.tv\\\/site\\\/2020\\\/05\\\/10\\\/mais-de-quatro-milhoes-de-infetados-e-279-mil-mortes-em-todo-o-mundo\\\/#primaryimage\"},\"thumbnailUrl\":\"https:\\\/\\\/www.altominho.tv\\\/site\\\/wp-content\\\/uploads\\\/2020\\\/04\\\/covid19enfermeiros.jpg\",\"keywords\":[\"Sociedade\"],\"articleSection\":[\"Coronav\u00edrus\"],\"inLanguage\":\"pt-PT\",\"copyrightYear\":\"2020\",\"copyrightHolder\":{\"@id\":\"https:\\\/\\\/www.altominho.tv\\\/site\\\/#organization\"}},{\"@type\":\"WebPage\",\"@id\":\"https:\\\/\\\/www.altominho.tv\\\/site\\\/2020\\\/05\\\/10\\\/mais-de-quatro-milhoes-de-infetados-e-279-mil-mortes-em-todo-o-mundo\\\/\",\"url\":\"https:\\\/\\\/www.altominho.tv\\\/site\\\/2020\\\/05\\\/10\\\/mais-de-quatro-milhoes-de-infetados-e-279-mil-mortes-em-todo-o-mundo\\\/\",\"name\":\"Mais de quatro milh\u00f5es de infetados e 279 mil mortes em todo o mundo\",\"isPartOf\":{\"@id\":\"https:\\\/\\\/www.altominho.tv\\\/site\\\/#website\"},\"primaryImageOfPage\":{\"@id\":\"https:\\\/\\\/www.altominho.tv\\\/site\\\/2020\\\/05\\\/10\\\/mais-de-quatro-milhoes-de-infetados-e-279-mil-mortes-em-todo-o-mundo\\\/#primaryimage\"},\"image\":{\"@id\":\"https:\\\/\\\/www.altominho.tv\\\/site\\\/2020\\\/05\\\/10\\\/mais-de-quatro-milhoes-de-infetados-e-279-mil-mortes-em-todo-o-mundo\\\/#primaryimage\"},\"thumbnailUrl\":\"https:\\\/\\\/www.altominho.tv\\\/site\\\/wp-content\\\/uploads\\\/2020\\\/04\\\/covid19enfermeiros.jpg\",\"datePublished\":\"2020-05-10T14:01:38+00:00\",\"dateModified\":\"2020-05-10T14:01:42+00:00\",\"author\":{\"@id\":\"https:\\\/\\\/www.altominho.tv\\\/site\\\/#\\\/schema\\\/person\\\/a0bff6dc1041aadd46fa81887444b017\"},\"breadcrumb\":{\"@id\":\"https:\\\/\\\/www.altominho.tv\\\/site\\\/2020\\\/05\\\/10\\\/mais-de-quatro-milhoes-de-infetados-e-279-mil-mortes-em-todo-o-mundo\\\/#breadcrumb\"},\"inLanguage\":\"pt-PT\",\"potentialAction\":[{\"@type\":\"ReadAction\",\"target\":[\"https:\\\/\\\/www.altominho.tv\\\/site\\\/2020\\\/05\\\/10\\\/mais-de-quatro-milhoes-de-infetados-e-279-mil-mortes-em-todo-o-mundo\\\/\"]}]},{\"@type\":\"ImageObject\",\"inLanguage\":\"pt-PT\",\"@id\":\"https:\\\/\\\/www.altominho.tv\\\/site\\\/2020\\\/05\\\/10\\\/mais-de-quatro-milhoes-de-infetados-e-279-mil-mortes-em-todo-o-mundo\\\/#primaryimage\",\"url\":\"https:\\\/\\\/www.altominho.tv\\\/site\\\/wp-content\\\/uploads\\\/2020\\\/04\\\/covid19enfermeiros.jpg\",\"contentUrl\":\"https:\\\/\\\/www.altominho.tv\\\/site\\\/wp-content\\\/uploads\\\/2020\\\/04\\\/covid19enfermeiros.jpg\",\"width\":1060,\"height\":594},{\"@type\":\"BreadcrumbList\",\"@id\":\"https:\\\/\\\/www.altominho.tv\\\/site\\\/2020\\\/05\\\/10\\\/mais-de-quatro-milhoes-de-infetados-e-279-mil-mortes-em-todo-o-mundo\\\/#breadcrumb\",\"itemListElement\":[{\"@type\":\"ListItem\",\"position\":1,\"name\":\"In\u00edcio\",\"item\":\"https:\\\/\\\/www.altominho.tv\\\/site\\\/\"},{\"@type\":\"ListItem\",\"position\":2,\"name\":\"Mais de quatro milh\u00f5es de infetados e 279 mil mortes em todo o mundo\"}]},{\"@type\":\"WebSite\",\"@id\":\"https:\\\/\\\/www.altominho.tv\\\/site\\\/#website\",\"url\":\"https:\\\/\\\/www.altominho.tv\\\/site\\\/\",\"name\":\"Altominho.tv\",\"description\":\"A sua regi\u00e3o \u00e0 dist\u00e2ncia de um clique...\",\"potentialAction\":[{\"@type\":\"SearchAction\",\"target\":{\"@type\":\"EntryPoint\",\"urlTemplate\":\"https:\\\/\\\/www.altominho.tv\\\/site\\\/?s={search_term_string}\"},\"query-input\":{\"@type\":\"PropertyValueSpecification\",\"valueRequired\":true,\"valueName\":\"search_term_string\"}}],\"inLanguage\":\"pt-PT\"},{\"@type\":\"Person\",\"@id\":\"https:\\\/\\\/www.altominho.tv\\\/site\\\/#\\\/schema\\\/person\\\/a0bff6dc1041aadd46fa81887444b017\",\"name\":\"Andreia Ferreira | Lusa\",\"image\":{\"@type\":\"ImageObject\",\"inLanguage\":\"pt-PT\",\"@id\":\"https:\\\/\\\/www.altominho.tv\\\/site\\\/wp-content\\\/uploads\\\/2018\\\/04\\\/Andreia-150x150.jpg\",\"url\":\"https:\\\/\\\/www.altominho.tv\\\/site\\\/wp-content\\\/uploads\\\/2018\\\/04\\\/Andreia-150x150.jpg\",\"contentUrl\":\"https:\\\/\\\/www.altominho.tv\\\/site\\\/wp-content\\\/uploads\\\/2018\\\/04\\\/Andreia-150x150.jpg\",\"caption\":\"Andreia Ferreira | Lusa\"},\"sameAs\":[\"https:\\\/\\\/www.altominho.tv\\\/site\"],\"url\":\"https:\\\/\\\/www.altominho.tv\\\/site\\\/author\\\/andreiaferreiralusa\\\/\"}]}<\/script>\n<!-- \/ Yoast SEO Premium plugin. -->","yoast_head_json":{"title":"Mais de quatro milh\u00f5es de infetados e 279 mil mortes em todo o mundo","robots":{"index":"index","follow":"follow","max-snippet":"max-snippet:-1","max-image-preview":"max-image-preview:large","max-video-preview":"max-video-preview:-1"},"canonical":"https:\/\/www.altominho.tv\/site\/2020\/05\/10\/mais-de-quatro-milhoes-de-infetados-e-279-mil-mortes-em-todo-o-mundo\/","og_locale":"pt_PT","og_type":"article","og_title":"Mais de quatro milh\u00f5es de infetados e 279 mil mortes em todo o mundo","og_description":"A pandemia do novo coronav\u00edrus causou pelo menos 279.185 mortos no mundo desde dezembro, segundo um balan\u00e7o da ag\u00eancia France Presse (AFP), \u00e0s 12h30 deste domingo, atrav\u00e9s de fontes oficiais. De acordo com os dados divulgados, mais de 4.035.470 casos de infe\u00e7\u00e3o foram oficialmente diagnosticados em 195 pa\u00edses e territ\u00f3rios desde o in\u00edcio da pandemia. [&hellip;]","og_url":"https:\/\/www.altominho.tv\/site\/2020\/05\/10\/mais-de-quatro-milhoes-de-infetados-e-279-mil-mortes-em-todo-o-mundo\/","og_site_name":"Altominho.tv","article_publisher":"https:\/\/www.facebook.com\/altominhotv","article_published_time":"2020-05-10T14:01:38+00:00","article_modified_time":"2020-05-10T14:01:42+00:00","og_image":[{"width":1060,"height":594,"url":"https:\/\/www.altominho.tv\/site\/wp-content\/uploads\/2020\/04\/covid19enfermeiros.jpg","type":"image\/jpeg"}],"author":"Andreia Ferreira | Lusa","twitter_card":"summary_large_image","twitter_creator":"@altominhoTV","twitter_site":"@altominhoTV","twitter_misc":{"Escrito por":"Andreia Ferreira | Lusa","Tempo estimado de leitura":"2 minutos"},"schema":{"@context":"https:\/\/schema.org","@graph":[{"@type":"Article","@id":"https:\/\/www.altominho.tv\/site\/2020\/05\/10\/mais-de-quatro-milhoes-de-infetados-e-279-mil-mortes-em-todo-o-mundo\/#article","isPartOf":{"@id":"https:\/\/www.altominho.tv\/site\/2020\/05\/10\/mais-de-quatro-milhoes-de-infetados-e-279-mil-mortes-em-todo-o-mundo\/"},"author":{"name":"Andreia Ferreira | Lusa","@id":"https:\/\/www.altominho.tv\/site\/#\/schema\/person\/a0bff6dc1041aadd46fa81887444b017"},"headline":"Mais de quatro milh\u00f5es de infetados e 279 mil mortes em todo o mundo","datePublished":"2020-05-10T14:01:38+00:00","dateModified":"2020-05-10T14:01:42+00:00","mainEntityOfPage":{"@id":"https:\/\/www.altominho.tv\/site\/2020\/05\/10\/mais-de-quatro-milhoes-de-infetados-e-279-mil-mortes-em-todo-o-mundo\/"},"wordCount":422,"image":{"@id":"https:\/\/www.altominho.tv\/site\/2020\/05\/10\/mais-de-quatro-milhoes-de-infetados-e-279-mil-mortes-em-todo-o-mundo\/#primaryimage"},"thumbnailUrl":"https:\/\/www.altominho.tv\/site\/wp-content\/uploads\/2020\/04\/covid19enfermeiros.jpg","keywords":["Sociedade"],"articleSection":["Coronav\u00edrus"],"inLanguage":"pt-PT","copyrightYear":"2020","copyrightHolder":{"@id":"https:\/\/www.altominho.tv\/site\/#organization"}},{"@type":"WebPage","@id":"https:\/\/www.altominho.tv\/site\/2020\/05\/10\/mais-de-quatro-milhoes-de-infetados-e-279-mil-mortes-em-todo-o-mundo\/","url":"https:\/\/www.altominho.tv\/site\/2020\/05\/10\/mais-de-quatro-milhoes-de-infetados-e-279-mil-mortes-em-todo-o-mundo\/","name":"Mais de quatro milh\u00f5es de infetados e 279 mil mortes em todo o mundo","isPartOf":{"@id":"https:\/\/www.altominho.tv\/site\/#website"},"primaryImageOfPage":{"@id":"https:\/\/www.altominho.tv\/site\/2020\/05\/10\/mais-de-quatro-milhoes-de-infetados-e-279-mil-mortes-em-todo-o-mundo\/#primaryimage"},"image":{"@id":"https:\/\/www.altominho.tv\/site\/2020\/05\/10\/mais-de-quatro-milhoes-de-infetados-e-279-mil-mortes-em-todo-o-mundo\/#primaryimage"},"thumbnailUrl":"https:\/\/www.altominho.tv\/site\/wp-content\/uploads\/2020\/04\/covid19enfermeiros.jpg","datePublished":"2020-05-10T14:01:38+00:00","dateModified":"2020-05-10T14:01:42+00:00","author":{"@id":"https:\/\/www.altominho.tv\/site\/#\/schema\/person\/a0bff6dc1041aadd46fa81887444b017"},"breadcrumb":{"@id":"https:\/\/www.altominho.tv\/site\/2020\/05\/10\/mais-de-quatro-milhoes-de-infetados-e-279-mil-mortes-em-todo-o-mundo\/#breadcrumb"},"inLanguage":"pt-PT","potentialAction":[{"@type":"ReadAction","target":["https:\/\/www.altominho.tv\/site\/2020\/05\/10\/mais-de-quatro-milhoes-de-infetados-e-279-mil-mortes-em-todo-o-mundo\/"]}]},{"@type":"ImageObject","inLanguage":"pt-PT","@id":"https:\/\/www.altominho.tv\/site\/2020\/05\/10\/mais-de-quatro-milhoes-de-infetados-e-279-mil-mortes-em-todo-o-mundo\/#primaryimage","url":"https:\/\/www.altominho.tv\/site\/wp-content\/uploads\/2020\/04\/covid19enfermeiros.jpg","contentUrl":"https:\/\/www.altominho.tv\/site\/wp-content\/uploads\/2020\/04\/covid19enfermeiros.jpg","width":1060,"height":594},{"@type":"BreadcrumbList","@id":"https:\/\/www.altominho.tv\/site\/2020\/05\/10\/mais-de-quatro-milhoes-de-infetados-e-279-mil-mortes-em-todo-o-mundo\/#breadcrumb","itemListElement":[{"@type":"ListItem","position":1,"name":"In\u00edcio","item":"https:\/\/www.altominho.tv\/site\/"},{"@type":"ListItem","position":2,"name":"Mais de quatro milh\u00f5es de infetados e 279 mil mortes em todo o mundo"}]},{"@type":"WebSite","@id":"https:\/\/www.altominho.tv\/site\/#website","url":"https:\/\/www.altominho.tv\/site\/","name":"Altominho.tv","description":"A sua regi\u00e3o \u00e0 dist\u00e2ncia de um clique...","potentialAction":[{"@type":"SearchAction","target":{"@type":"EntryPoint","urlTemplate":"https:\/\/www.altominho.tv\/site\/?s={search_term_string}"},"query-input":{"@type":"PropertyValueSpecification","valueRequired":true,"valueName":"search_term_string"}}],"inLanguage":"pt-PT"},{"@type":"Person","@id":"https:\/\/www.altominho.tv\/site\/#\/schema\/person\/a0bff6dc1041aadd46fa81887444b017","name":"Andreia Ferreira | Lusa","image":{"@type":"ImageObject","inLanguage":"pt-PT","@id":"https:\/\/www.altominho.tv\/site\/wp-content\/uploads\/2018\/04\/Andreia-150x150.jpg","url":"https:\/\/www.altominho.tv\/site\/wp-content\/uploads\/2018\/04\/Andreia-150x150.jpg","contentUrl":"https:\/\/www.altominho.tv\/site\/wp-content\/uploads\/2018\/04\/Andreia-150x150.jpg","caption":"Andreia Ferreira | Lusa"},"sameAs":["https:\/\/www.altominho.tv\/site"],"url":"https:\/\/www.altominho.tv\/site\/author\/andreiaferreiralusa\/"}]}},"_links":{"self":[{"href":"https:\/\/www.altominho.tv\/site\/wp-json\/wp\/v2\/posts\/46008","targetHints":{"allow":["GET"]}}],"collection":[{"href":"https:\/\/www.altominho.tv\/site\/wp-json\/wp\/v2\/posts"}],"about":[{"href":"https:\/\/www.altominho.tv\/site\/wp-json\/wp\/v2\/types\/post"}],"author":[{"embeddable":true,"href":"https:\/\/www.altominho.tv\/site\/wp-json\/wp\/v2\/users\/15"}],"replies":[{"embeddable":true,"href":"https:\/\/www.altominho.tv\/site\/wp-json\/wp\/v2\/comments?post=46008"}],"version-history":[{"count":0,"href":"https:\/\/www.altominho.tv\/site\/wp-json\/wp\/v2\/posts\/46008\/revisions"}],"wp:featuredmedia":[{"embeddable":true,"href":"https:\/\/www.altominho.tv\/site\/wp-json\/wp\/v2\/media\/43481"}],"wp:attachment":[{"href":"https:\/\/www.altominho.tv\/site\/wp-json\/wp\/v2\/media?parent=46008"}],"wp:term":[{"taxonomy":"category","embeddable":true,"href":"https:\/\/www.altominho.tv\/site\/wp-json\/wp\/v2\/categories?post=46008"},{"taxonomy":"post_tag","embeddable":true,"href":"https:\/\/www.altominho.tv\/site\/wp-json\/wp\/v2\/tags?post=46008"}],"curies":[{"name":"wp","href":"https:\/\/api.w.org\/{rel}","templated":true}]}}