{"id":45998,"date":"2020-05-10T13:28:52","date_gmt":"2020-05-10T12:28:52","guid":{"rendered":"http:\/\/www.altominho.tv\/site\/?p=45998"},"modified":"2020-05-10T14:09:58","modified_gmt":"2020-05-10T13:09:58","slug":"portugal-regista-mais-nove-vitimas-mortais-e-175-infetados","status":"publish","type":"post","link":"https:\/\/www.altominho.tv\/site\/2020\/05\/10\/portugal-regista-mais-nove-vitimas-mortais-e-175-infetados\/","title":{"rendered":"Portugal regista mais nove v\u00edtimas mortais e 175 infetados"},"content":{"rendered":"<p>Portugal regista hoje 1.135 mortes relacionadas com a covid-19 e 27.581 infetados.<\/p>\n<p class=\"selectionShareable\">De acordo com o boletim da Dire\u00e7\u00e3o-Geral da Sa\u00fade (DGS) enviado este domingo, h\u00e1 <strong>mais nove mortes<\/strong> por covid-19 em Portugal (ontem tinham sido registados 12 \u00f3bitos).<\/p>\n<p class=\"selectionShareable\">Desde o in\u00edcio da pandemia, o novo coronav\u00edrus j\u00e1 matou <strong>1135 cidad\u00e3os<\/strong>. Em rela\u00e7\u00e3o ao n\u00famero de infetados, houve um aumento de <strong>175<\/strong> doentes nas \u00faltimas 24 horas, representando uma subida de 0,6%. O n\u00famero total de pessoas que contra\u00edram o novo coronav\u00edrus \u00e9 assim de <strong>27581<\/strong>.<\/p>\n<p class=\"text-paragraph\">A regi\u00e3o Norte \u00e9 a que regista o maior n\u00famero de mortos (648), seguida da regi\u00e3o de Lisboa e Vale do Tejo (243), do Centro (216), do Algarve (13), dos A\u00e7ores (135) e do Alentejo que regista um caso, adianta o relat\u00f3rio da situa\u00e7\u00e3o epidemiol\u00f3gica, com dados atualizados at\u00e9 \u00e0s 24h00 de sexta-feira, mantendo-se a Regi\u00e3o Aut\u00f3noma da Madeira sem registo de \u00f3bitos.<\/p>\n","protected":false},"excerpt":{"rendered":"<p>Portugal regista hoje 1.135 mortes relacionadas com a covid-19 e 27.581 infetados. De acordo com o boletim da Dire\u00e7\u00e3o-Geral da Sa\u00fade (DGS) enviado este domingo, h\u00e1 mais nove mortes por covid-19 em Portugal (ontem tinham sido registados 12 \u00f3bitos). Desde o in\u00edcio da pandemia, o novo coronav\u00edrus j\u00e1 matou 1135 cidad\u00e3os. Em rela\u00e7\u00e3o ao n\u00famero [&hellip;]<\/p>\n","protected":false},"author":13,"featured_media":44632,"comment_status":"closed","ping_status":"closed","sticky":false,"template":"","format":"standard","meta":{"_exactmetrics_skip_tracking":false,"_exactmetrics_sitenote_active":false,"_exactmetrics_sitenote_note":"","_exactmetrics_sitenote_category":0,"footnotes":""},"categories":[42722],"tags":[26],"class_list":["post-45998","post","type-post","status-publish","format-standard","has-post-thumbnail","hentry","category-covid-19","tag-saude"],"yoast_head":"<!-- This site is optimized with the Yoast SEO Premium plugin v27.4 (Yoast SEO v27.4) - https:\/\/yoast.com\/product\/yoast-seo-premium-wordpress\/ -->\n<title>Portugal regista mais nove v\u00edtimas mortais e 175 infetados<\/title>\n<meta name=\"robots\" content=\"index, follow, max-snippet:-1, max-image-preview:large, max-video-preview:-1\" \/>\n<link rel=\"canonical\" href=\"https:\/\/www.altominho.tv\/site\/2020\/05\/10\/portugal-regista-mais-nove-vitimas-mortais-e-175-infetados\/\" \/>\n<meta property=\"og:locale\" content=\"pt_PT\" \/>\n<meta property=\"og:type\" content=\"article\" \/>\n<meta property=\"og:title\" content=\"Portugal regista mais nove v\u00edtimas mortais e 175 infetados\" \/>\n<meta property=\"og:description\" content=\"Portugal regista hoje 1.135 mortes relacionadas com a covid-19 e 27.581 infetados. De acordo com o boletim da Dire\u00e7\u00e3o-Geral da Sa\u00fade (DGS) enviado este domingo, h\u00e1 mais nove mortes por covid-19 em Portugal (ontem tinham sido registados 12 \u00f3bitos). Desde o in\u00edcio da pandemia, o novo coronav\u00edrus j\u00e1 matou 1135 cidad\u00e3os. Em rela\u00e7\u00e3o ao n\u00famero [&hellip;]\" \/>\n<meta property=\"og:url\" content=\"https:\/\/www.altominho.tv\/site\/2020\/05\/10\/portugal-regista-mais-nove-vitimas-mortais-e-175-infetados\/\" \/>\n<meta property=\"og:site_name\" content=\"Altominho.tv\" \/>\n<meta property=\"article:publisher\" content=\"https:\/\/www.facebook.com\/altominhotv\" \/>\n<meta property=\"article:published_time\" content=\"2020-05-10T12:28:52+00:00\" \/>\n<meta property=\"article:modified_time\" content=\"2020-05-10T13:09:58+00:00\" \/>\n<meta property=\"og:image\" content=\"https:\/\/www.altominho.tv\/site\/wp-content\/uploads\/2020\/04\/vacinacovid.jpg\" \/>\n\t<meta property=\"og:image:width\" content=\"1920\" \/>\n\t<meta property=\"og:image:height\" content=\"1080\" \/>\n\t<meta property=\"og:image:type\" content=\"image\/jpeg\" \/>\n<meta name=\"author\" content=\"Lusa\" \/>\n<meta name=\"twitter:card\" content=\"summary_large_image\" \/>\n<meta name=\"twitter:creator\" content=\"@altominhoTV\" \/>\n<meta name=\"twitter:site\" content=\"@altominhoTV\" \/>\n<meta name=\"twitter:label1\" content=\"Escrito por\" \/>\n\t<meta name=\"twitter:data1\" content=\"Lusa\" \/>\n\t<meta name=\"twitter:label2\" content=\"Tempo estimado de leitura\" \/>\n\t<meta name=\"twitter:data2\" content=\"1 minuto\" \/>\n<script type=\"application\/ld+json\" class=\"yoast-schema-graph\">{\"@context\":\"https:\\\/\\\/schema.org\",\"@graph\":[{\"@type\":\"Article\",\"@id\":\"https:\\\/\\\/www.altominho.tv\\\/site\\\/2020\\\/05\\\/10\\\/portugal-regista-mais-nove-vitimas-mortais-e-175-infetados\\\/#article\",\"isPartOf\":{\"@id\":\"https:\\\/\\\/www.altominho.tv\\\/site\\\/2020\\\/05\\\/10\\\/portugal-regista-mais-nove-vitimas-mortais-e-175-infetados\\\/\"},\"author\":{\"name\":\"Lusa\",\"@id\":\"https:\\\/\\\/www.altominho.tv\\\/site\\\/#\\\/schema\\\/person\\\/63f693da3e1899361cbe955c46f3232e\"},\"headline\":\"Portugal regista mais nove v\u00edtimas mortais e 175 infetados\",\"datePublished\":\"2020-05-10T12:28:52+00:00\",\"dateModified\":\"2020-05-10T13:09:58+00:00\",\"mainEntityOfPage\":{\"@id\":\"https:\\\/\\\/www.altominho.tv\\\/site\\\/2020\\\/05\\\/10\\\/portugal-regista-mais-nove-vitimas-mortais-e-175-infetados\\\/\"},\"wordCount\":162,\"image\":{\"@id\":\"https:\\\/\\\/www.altominho.tv\\\/site\\\/2020\\\/05\\\/10\\\/portugal-regista-mais-nove-vitimas-mortais-e-175-infetados\\\/#primaryimage\"},\"thumbnailUrl\":\"https:\\\/\\\/www.altominho.tv\\\/site\\\/wp-content\\\/uploads\\\/2020\\\/04\\\/vacinacovid.jpg\",\"keywords\":[\"Sa\u00fade\"],\"articleSection\":[\"Coronav\u00edrus\"],\"inLanguage\":\"pt-PT\",\"copyrightYear\":\"2020\",\"copyrightHolder\":{\"@id\":\"https:\\\/\\\/www.altominho.tv\\\/site\\\/#organization\"}},{\"@type\":\"WebPage\",\"@id\":\"https:\\\/\\\/www.altominho.tv\\\/site\\\/2020\\\/05\\\/10\\\/portugal-regista-mais-nove-vitimas-mortais-e-175-infetados\\\/\",\"url\":\"https:\\\/\\\/www.altominho.tv\\\/site\\\/2020\\\/05\\\/10\\\/portugal-regista-mais-nove-vitimas-mortais-e-175-infetados\\\/\",\"name\":\"Portugal regista mais nove v\u00edtimas mortais e 175 infetados\",\"isPartOf\":{\"@id\":\"https:\\\/\\\/www.altominho.tv\\\/site\\\/#website\"},\"primaryImageOfPage\":{\"@id\":\"https:\\\/\\\/www.altominho.tv\\\/site\\\/2020\\\/05\\\/10\\\/portugal-regista-mais-nove-vitimas-mortais-e-175-infetados\\\/#primaryimage\"},\"image\":{\"@id\":\"https:\\\/\\\/www.altominho.tv\\\/site\\\/2020\\\/05\\\/10\\\/portugal-regista-mais-nove-vitimas-mortais-e-175-infetados\\\/#primaryimage\"},\"thumbnailUrl\":\"https:\\\/\\\/www.altominho.tv\\\/site\\\/wp-content\\\/uploads\\\/2020\\\/04\\\/vacinacovid.jpg\",\"datePublished\":\"2020-05-10T12:28:52+00:00\",\"dateModified\":\"2020-05-10T13:09:58+00:00\",\"author\":{\"@id\":\"https:\\\/\\\/www.altominho.tv\\\/site\\\/#\\\/schema\\\/person\\\/63f693da3e1899361cbe955c46f3232e\"},\"breadcrumb\":{\"@id\":\"https:\\\/\\\/www.altominho.tv\\\/site\\\/2020\\\/05\\\/10\\\/portugal-regista-mais-nove-vitimas-mortais-e-175-infetados\\\/#breadcrumb\"},\"inLanguage\":\"pt-PT\",\"potentialAction\":[{\"@type\":\"ReadAction\",\"target\":[\"https:\\\/\\\/www.altominho.tv\\\/site\\\/2020\\\/05\\\/10\\\/portugal-regista-mais-nove-vitimas-mortais-e-175-infetados\\\/\"]}]},{\"@type\":\"ImageObject\",\"inLanguage\":\"pt-PT\",\"@id\":\"https:\\\/\\\/www.altominho.tv\\\/site\\\/2020\\\/05\\\/10\\\/portugal-regista-mais-nove-vitimas-mortais-e-175-infetados\\\/#primaryimage\",\"url\":\"https:\\\/\\\/www.altominho.tv\\\/site\\\/wp-content\\\/uploads\\\/2020\\\/04\\\/vacinacovid.jpg\",\"contentUrl\":\"https:\\\/\\\/www.altominho.tv\\\/site\\\/wp-content\\\/uploads\\\/2020\\\/04\\\/vacinacovid.jpg\",\"width\":1920,\"height\":1080},{\"@type\":\"BreadcrumbList\",\"@id\":\"https:\\\/\\\/www.altominho.tv\\\/site\\\/2020\\\/05\\\/10\\\/portugal-regista-mais-nove-vitimas-mortais-e-175-infetados\\\/#breadcrumb\",\"itemListElement\":[{\"@type\":\"ListItem\",\"position\":1,\"name\":\"In\u00edcio\",\"item\":\"https:\\\/\\\/www.altominho.tv\\\/site\\\/\"},{\"@type\":\"ListItem\",\"position\":2,\"name\":\"Portugal regista mais nove v\u00edtimas mortais e 175 infetados\"}]},{\"@type\":\"WebSite\",\"@id\":\"https:\\\/\\\/www.altominho.tv\\\/site\\\/#website\",\"url\":\"https:\\\/\\\/www.altominho.tv\\\/site\\\/\",\"name\":\"Altominho.tv\",\"description\":\"A sua regi\u00e3o \u00e0 dist\u00e2ncia de um clique...\",\"potentialAction\":[{\"@type\":\"SearchAction\",\"target\":{\"@type\":\"EntryPoint\",\"urlTemplate\":\"https:\\\/\\\/www.altominho.tv\\\/site\\\/?s={search_term_string}\"},\"query-input\":{\"@type\":\"PropertyValueSpecification\",\"valueRequired\":true,\"valueName\":\"search_term_string\"}}],\"inLanguage\":\"pt-PT\"},{\"@type\":\"Person\",\"@id\":\"https:\\\/\\\/www.altominho.tv\\\/site\\\/#\\\/schema\\\/person\\\/63f693da3e1899361cbe955c46f3232e\",\"name\":\"Lusa\",\"image\":{\"@type\":\"ImageObject\",\"inLanguage\":\"pt-PT\",\"@id\":\"https:\\\/\\\/www.altominho.tv\\\/site\\\/wp-content\\\/uploads\\\/2019\\\/08\\\/LUSA_Logo.gif\",\"url\":\"https:\\\/\\\/www.altominho.tv\\\/site\\\/wp-content\\\/uploads\\\/2019\\\/08\\\/LUSA_Logo.gif\",\"contentUrl\":\"https:\\\/\\\/www.altominho.tv\\\/site\\\/wp-content\\\/uploads\\\/2019\\\/08\\\/LUSA_Logo.gif\",\"caption\":\"Lusa\"},\"sameAs\":[\"http:\\\/\\\/\\\/\\\/www.altominho.tv\\\/site\"],\"url\":\"https:\\\/\\\/www.altominho.tv\\\/site\\\/author\\\/lusa\\\/\"}]}<\/script>\n<!-- \/ Yoast SEO Premium plugin. -->","yoast_head_json":{"title":"Portugal regista mais nove v\u00edtimas mortais e 175 infetados","robots":{"index":"index","follow":"follow","max-snippet":"max-snippet:-1","max-image-preview":"max-image-preview:large","max-video-preview":"max-video-preview:-1"},"canonical":"https:\/\/www.altominho.tv\/site\/2020\/05\/10\/portugal-regista-mais-nove-vitimas-mortais-e-175-infetados\/","og_locale":"pt_PT","og_type":"article","og_title":"Portugal regista mais nove v\u00edtimas mortais e 175 infetados","og_description":"Portugal regista hoje 1.135 mortes relacionadas com a covid-19 e 27.581 infetados. De acordo com o boletim da Dire\u00e7\u00e3o-Geral da Sa\u00fade (DGS) enviado este domingo, h\u00e1 mais nove mortes por covid-19 em Portugal (ontem tinham sido registados 12 \u00f3bitos). Desde o in\u00edcio da pandemia, o novo coronav\u00edrus j\u00e1 matou 1135 cidad\u00e3os. Em rela\u00e7\u00e3o ao n\u00famero [&hellip;]","og_url":"https:\/\/www.altominho.tv\/site\/2020\/05\/10\/portugal-regista-mais-nove-vitimas-mortais-e-175-infetados\/","og_site_name":"Altominho.tv","article_publisher":"https:\/\/www.facebook.com\/altominhotv","article_published_time":"2020-05-10T12:28:52+00:00","article_modified_time":"2020-05-10T13:09:58+00:00","og_image":[{"width":1920,"height":1080,"url":"https:\/\/www.altominho.tv\/site\/wp-content\/uploads\/2020\/04\/vacinacovid.jpg","type":"image\/jpeg"}],"author":"Lusa","twitter_card":"summary_large_image","twitter_creator":"@altominhoTV","twitter_site":"@altominhoTV","twitter_misc":{"Escrito por":"Lusa","Tempo estimado de leitura":"1 minuto"},"schema":{"@context":"https:\/\/schema.org","@graph":[{"@type":"Article","@id":"https:\/\/www.altominho.tv\/site\/2020\/05\/10\/portugal-regista-mais-nove-vitimas-mortais-e-175-infetados\/#article","isPartOf":{"@id":"https:\/\/www.altominho.tv\/site\/2020\/05\/10\/portugal-regista-mais-nove-vitimas-mortais-e-175-infetados\/"},"author":{"name":"Lusa","@id":"https:\/\/www.altominho.tv\/site\/#\/schema\/person\/63f693da3e1899361cbe955c46f3232e"},"headline":"Portugal regista mais nove v\u00edtimas mortais e 175 infetados","datePublished":"2020-05-10T12:28:52+00:00","dateModified":"2020-05-10T13:09:58+00:00","mainEntityOfPage":{"@id":"https:\/\/www.altominho.tv\/site\/2020\/05\/10\/portugal-regista-mais-nove-vitimas-mortais-e-175-infetados\/"},"wordCount":162,"image":{"@id":"https:\/\/www.altominho.tv\/site\/2020\/05\/10\/portugal-regista-mais-nove-vitimas-mortais-e-175-infetados\/#primaryimage"},"thumbnailUrl":"https:\/\/www.altominho.tv\/site\/wp-content\/uploads\/2020\/04\/vacinacovid.jpg","keywords":["Sa\u00fade"],"articleSection":["Coronav\u00edrus"],"inLanguage":"pt-PT","copyrightYear":"2020","copyrightHolder":{"@id":"https:\/\/www.altominho.tv\/site\/#organization"}},{"@type":"WebPage","@id":"https:\/\/www.altominho.tv\/site\/2020\/05\/10\/portugal-regista-mais-nove-vitimas-mortais-e-175-infetados\/","url":"https:\/\/www.altominho.tv\/site\/2020\/05\/10\/portugal-regista-mais-nove-vitimas-mortais-e-175-infetados\/","name":"Portugal regista mais nove v\u00edtimas mortais e 175 infetados","isPartOf":{"@id":"https:\/\/www.altominho.tv\/site\/#website"},"primaryImageOfPage":{"@id":"https:\/\/www.altominho.tv\/site\/2020\/05\/10\/portugal-regista-mais-nove-vitimas-mortais-e-175-infetados\/#primaryimage"},"image":{"@id":"https:\/\/www.altominho.tv\/site\/2020\/05\/10\/portugal-regista-mais-nove-vitimas-mortais-e-175-infetados\/#primaryimage"},"thumbnailUrl":"https:\/\/www.altominho.tv\/site\/wp-content\/uploads\/2020\/04\/vacinacovid.jpg","datePublished":"2020-05-10T12:28:52+00:00","dateModified":"2020-05-10T13:09:58+00:00","author":{"@id":"https:\/\/www.altominho.tv\/site\/#\/schema\/person\/63f693da3e1899361cbe955c46f3232e"},"breadcrumb":{"@id":"https:\/\/www.altominho.tv\/site\/2020\/05\/10\/portugal-regista-mais-nove-vitimas-mortais-e-175-infetados\/#breadcrumb"},"inLanguage":"pt-PT","potentialAction":[{"@type":"ReadAction","target":["https:\/\/www.altominho.tv\/site\/2020\/05\/10\/portugal-regista-mais-nove-vitimas-mortais-e-175-infetados\/"]}]},{"@type":"ImageObject","inLanguage":"pt-PT","@id":"https:\/\/www.altominho.tv\/site\/2020\/05\/10\/portugal-regista-mais-nove-vitimas-mortais-e-175-infetados\/#primaryimage","url":"https:\/\/www.altominho.tv\/site\/wp-content\/uploads\/2020\/04\/vacinacovid.jpg","contentUrl":"https:\/\/www.altominho.tv\/site\/wp-content\/uploads\/2020\/04\/vacinacovid.jpg","width":1920,"height":1080},{"@type":"BreadcrumbList","@id":"https:\/\/www.altominho.tv\/site\/2020\/05\/10\/portugal-regista-mais-nove-vitimas-mortais-e-175-infetados\/#breadcrumb","itemListElement":[{"@type":"ListItem","position":1,"name":"In\u00edcio","item":"https:\/\/www.altominho.tv\/site\/"},{"@type":"ListItem","position":2,"name":"Portugal regista mais nove v\u00edtimas mortais e 175 infetados"}]},{"@type":"WebSite","@id":"https:\/\/www.altominho.tv\/site\/#website","url":"https:\/\/www.altominho.tv\/site\/","name":"Altominho.tv","description":"A sua regi\u00e3o \u00e0 dist\u00e2ncia de um clique...","potentialAction":[{"@type":"SearchAction","target":{"@type":"EntryPoint","urlTemplate":"https:\/\/www.altominho.tv\/site\/?s={search_term_string}"},"query-input":{"@type":"PropertyValueSpecification","valueRequired":true,"valueName":"search_term_string"}}],"inLanguage":"pt-PT"},{"@type":"Person","@id":"https:\/\/www.altominho.tv\/site\/#\/schema\/person\/63f693da3e1899361cbe955c46f3232e","name":"Lusa","image":{"@type":"ImageObject","inLanguage":"pt-PT","@id":"https:\/\/www.altominho.tv\/site\/wp-content\/uploads\/2019\/08\/LUSA_Logo.gif","url":"https:\/\/www.altominho.tv\/site\/wp-content\/uploads\/2019\/08\/LUSA_Logo.gif","contentUrl":"https:\/\/www.altominho.tv\/site\/wp-content\/uploads\/2019\/08\/LUSA_Logo.gif","caption":"Lusa"},"sameAs":["http:\/\/\/\/www.altominho.tv\/site"],"url":"https:\/\/www.altominho.tv\/site\/author\/lusa\/"}]}},"_links":{"self":[{"href":"https:\/\/www.altominho.tv\/site\/wp-json\/wp\/v2\/posts\/45998","targetHints":{"allow":["GET"]}}],"collection":[{"href":"https:\/\/www.altominho.tv\/site\/wp-json\/wp\/v2\/posts"}],"about":[{"href":"https:\/\/www.altominho.tv\/site\/wp-json\/wp\/v2\/types\/post"}],"author":[{"embeddable":true,"href":"https:\/\/www.altominho.tv\/site\/wp-json\/wp\/v2\/users\/13"}],"replies":[{"embeddable":true,"href":"https:\/\/www.altominho.tv\/site\/wp-json\/wp\/v2\/comments?post=45998"}],"version-history":[{"count":0,"href":"https:\/\/www.altominho.tv\/site\/wp-json\/wp\/v2\/posts\/45998\/revisions"}],"wp:featuredmedia":[{"embeddable":true,"href":"https:\/\/www.altominho.tv\/site\/wp-json\/wp\/v2\/media\/44632"}],"wp:attachment":[{"href":"https:\/\/www.altominho.tv\/site\/wp-json\/wp\/v2\/media?parent=45998"}],"wp:term":[{"taxonomy":"category","embeddable":true,"href":"https:\/\/www.altominho.tv\/site\/wp-json\/wp\/v2\/categories?post=45998"},{"taxonomy":"post_tag","embeddable":true,"href":"https:\/\/www.altominho.tv\/site\/wp-json\/wp\/v2\/tags?post=45998"}],"curies":[{"name":"wp","href":"https:\/\/api.w.org\/{rel}","templated":true}]}}