{"id":45977,"date":"2020-05-09T19:17:09","date_gmt":"2020-05-09T18:17:09","guid":{"rendered":"http:\/\/www.altominho.tv\/site\/?p=45977"},"modified":"2020-05-09T19:17:13","modified_gmt":"2020-05-09T18:17:13","slug":"portugal-com-1-126-mortos-e-27-406-infetados","status":"publish","type":"post","link":"https:\/\/www.altominho.tv\/site\/2020\/05\/09\/portugal-com-1-126-mortos-e-27-406-infetados\/","title":{"rendered":"Portugal com 1.126 mortos e 27.406 infetados"},"content":{"rendered":"\n<p>Portugal regista hoje 1.126 mortes relacionadas com a covid-19, mais 12 do que na sexta-feira, e 27.406 infetados (mais 138), segundo o boletim epidemiol\u00f3gico divulgado hoje pela Dire\u00e7\u00e3o Geral da Sa\u00fade.<\/p>\n\n\n\n<p>Em compara\u00e7\u00e3o com os dados de sexta-feira, em que se registavam 1.114 mortos, hoje constatou-se um aumento de \u00f3bitos de 1,1%.<\/p>\n\n\n\n<p>Relativamente ao n\u00famero de casos confirmados de infe\u00e7\u00e3o pelo novo coronav\u00edrus (27.406), os dados da Dire\u00e7\u00e3o-Geral da Sa\u00fade (DGS) revelam que h\u00e1 mais 138 casos do que na sexta-feira (27.268), representando uma subida de 0,5%.<\/p>\n\n\n\n<p>A regi\u00e3o Norte \u00e9 a que regista o maior n\u00famero de mortos (645), seguida da regi\u00e3o de Lisboa e Vale do Tejo (238), do Centro (215), do Algarve (13), dos A\u00e7ores (14) e do Alentejo, que regista um caso, adianta o relat\u00f3rio da situa\u00e7\u00e3o epidemiol\u00f3gica, com dados atualizados at\u00e9 \u00e0s 24:00 de sexta-feira, mantendo-se a Regi\u00e3o Aut\u00f3noma da Madeira sem registo de \u00f3bitos.<\/p>\n\n\n\n<p>Segundo os dados da Dire\u00e7\u00e3o-Geral da Sa\u00fade, 574 v\u00edtimas mortais s\u00e3o mulheres e 552 s\u00e3o homens.<\/p>\n\n\n\n<p>Das mortes registadas, 755 tinham mais de 80 anos, 226 tinham entre os 70 e os 79 anos, 97 tinham entre os 60 e 69 anos, 36 entre e 50 e 59, 11 entre os 40 e os 49 e um dos doentes tinha entre 20 e 29 anos.<\/p>\n\n\n\n<p>A caracteriza\u00e7\u00e3o cl\u00ednica dos casos confirmados indica que 815 doentes est\u00e3o internados em hospitais, menos 27 do que na sexta-feira e 120 est\u00e3o em Unidades de Cuidados Intensivos, (menos sete), o que representa uma descida de 5,5%.<\/p>\n\n\n\n<p>A recuperar em casa est\u00e3o 26.471 pessoas.<\/p>\n\n\n\n<p>Os dados da DGS precisam que o concelho de Lisboa \u00e9 o que regista o maior n\u00famero de casos de infe\u00e7\u00e3o pelo novo coronav\u00edrus (1.724), seguido por Vila Nova de Gaia (1.448), Porto (1.300), Matosinhos (1.197), Braga (1.149), Gondomar (1.048), Maia (908), Sintra (745) Valongo (737), Guimar\u00e3es (657), Ovar (614) e Coimbra (558).<\/p>\n\n\n\n<p>Desde o dia 01 de janeiro, registaram-se 272.443 casos suspeitos, dos quais 2.955 aguardam resultado dos testes.<\/p>\n\n\n\n<p>H\u00e1 242.082 casos em que o resultado dos testes foi negativo, refere a DGS, adiantando que o n\u00famero de doentes recuperados aumentou para 2.499, mais 77 do que na sexta-feira, representando uma subida de cerca de 3,2%.<\/p>\n\n\n\n<p>A regi\u00e3o Norte continua a registar o maior n\u00famero de infe\u00e7\u00f5es, totalizando 15.854, seguida pela regi\u00e3o de Lisboa e Vale do Tejo, com 7.166, da regi\u00e3o Centro, com 3.581, do Algarve (345) e do Alentejo (235).<\/p>\n\n\n\n<p>Os A\u00e7ores registam 135 casos de covid-19 e a Madeira contabiliza 90 casos confirmados, de acordo com o boletim hoje divulgado.<\/p>\n\n\n\n<p>A DGS regista tamb\u00e9m 26.667 contactos em vigil\u00e2ncia pelas autoridades de sa\u00fade.<\/p>\n\n\n\n<p>Do total de infetados, 16.175 s\u00e3o mulheres e 11.232 homens.<\/p>\n\n\n\n<p>A faixa et\u00e1ria mais afetada pela doen\u00e7a \u00e9 a dos 50 aos 59 anos (4.621), seguida da faixa dos 40 aos 49 anos (4.614) e das pessoas com mais de 80 anos (4.185 casos).<\/p>\n\n\n\n<p>H\u00e1 ainda 3.952 doentes com idades entre 30 e 39 anos, 3.282 entre os 20 e os 29 anos, 3.117 entre os 60 e 69 anos e 2.339, com idades entre 70 e 79 anos.<\/p>\n\n\n\n<p>A DGS regista tamb\u00e9m 465 casos de crian\u00e7as at\u00e9 aos nove anos e 831 de jovens com idades entre os 10 e os 19 anos.<\/p>\n\n\n\n<p>Segundo o relat\u00f3rio di\u00e1rio da situa\u00e7\u00e3o epidemiol\u00f3gica em Portugal, 177 casos resultam da importa\u00e7\u00e3o do v\u00edrus de Espanha, 137 de Fran\u00e7a e 88 do Reino Unido. H\u00e1 ainda centenas de casos importados de dezenas de outros pa\u00edses.<\/p>\n\n\n\n<p>De acordo com a DGS, 42% dos doentes positivos ao novo coronav\u00edrus apresentam como sintomas tosse, 30% febre, 21% dores musculares, 20% cefaleia, 16% fraqueza generalizada e 12% dificuldade respirat\u00f3ria. Esta informa\u00e7\u00e3o refere-se a 89% dos casos confirmados.<\/p>\n\n\n\n<p>A pandemia de covid-19 j\u00e1 provocou mais de 274 mil mortos e infetou mais de 3,9 milh\u00f5es de pessoas em 195 pa\u00edses e territ\u00f3rios.<\/p>\n\n\n\n<p>Mais de 1,2 milh\u00f5es de doentes foram considerados curados.<\/p>\n","protected":false},"excerpt":{"rendered":"<p>Portugal regista hoje 1.126 mortes relacionadas com a covid-19, mais 12 do que na sexta-feira, e 27.406 infetados (mais 138), segundo o boletim epidemiol\u00f3gico divulgado hoje pela Dire\u00e7\u00e3o Geral da Sa\u00fade. Em compara\u00e7\u00e3o com os dados de sexta-feira, em que se registavam 1.114 mortos, hoje constatou-se um aumento de \u00f3bitos de 1,1%. Relativamente ao n\u00famero [&hellip;]<\/p>\n","protected":false},"author":16,"featured_media":45949,"comment_status":"closed","ping_status":"closed","sticky":false,"template":"","format":"standard","meta":{"_exactmetrics_skip_tracking":false,"_exactmetrics_sitenote_active":false,"_exactmetrics_sitenote_note":"","_exactmetrics_sitenote_category":0,"footnotes":""},"categories":[42722],"tags":[26,27],"class_list":["post-45977","post","type-post","status-publish","format-standard","has-post-thumbnail","hentry","category-covid-19","tag-saude","tag-sociedade"],"yoast_head":"<!-- This site is optimized with the Yoast SEO Premium plugin v27.4 (Yoast SEO v27.4) - https:\/\/yoast.com\/product\/yoast-seo-premium-wordpress\/ -->\n<title>Portugal com 1.126 mortos e 27.406 infetados<\/title>\n<meta name=\"robots\" content=\"index, follow, max-snippet:-1, max-image-preview:large, max-video-preview:-1\" \/>\n<link rel=\"canonical\" href=\"https:\/\/www.altominho.tv\/site\/2020\/05\/09\/portugal-com-1-126-mortos-e-27-406-infetados\/\" \/>\n<meta property=\"og:locale\" content=\"pt_PT\" \/>\n<meta property=\"og:type\" content=\"article\" \/>\n<meta property=\"og:title\" content=\"Portugal com 1.126 mortos e 27.406 infetados\" \/>\n<meta property=\"og:description\" content=\"Portugal regista hoje 1.126 mortes relacionadas com a covid-19, mais 12 do que na sexta-feira, e 27.406 infetados (mais 138), segundo o boletim epidemiol\u00f3gico divulgado hoje pela Dire\u00e7\u00e3o Geral da Sa\u00fade. Em compara\u00e7\u00e3o com os dados de sexta-feira, em que se registavam 1.114 mortos, hoje constatou-se um aumento de \u00f3bitos de 1,1%. Relativamente ao n\u00famero [&hellip;]\" \/>\n<meta property=\"og:url\" content=\"https:\/\/www.altominho.tv\/site\/2020\/05\/09\/portugal-com-1-126-mortos-e-27-406-infetados\/\" \/>\n<meta property=\"og:site_name\" content=\"Altominho.tv\" \/>\n<meta property=\"article:publisher\" content=\"https:\/\/www.facebook.com\/altominhotv\" \/>\n<meta property=\"article:published_time\" content=\"2020-05-09T18:17:09+00:00\" \/>\n<meta property=\"article:modified_time\" content=\"2020-05-09T18:17:13+00:00\" \/>\n<meta property=\"og:image\" content=\"https:\/\/www.altominho.tv\/site\/wp-content\/uploads\/2020\/05\/covid-19-4908692_1920.jpg\" \/>\n\t<meta property=\"og:image:width\" content=\"1200\" \/>\n\t<meta property=\"og:image:height\" content=\"800\" \/>\n\t<meta property=\"og:image:type\" content=\"image\/jpeg\" \/>\n<meta name=\"author\" content=\"Andreia Cunha | Lusa\" \/>\n<meta name=\"twitter:card\" content=\"summary_large_image\" \/>\n<meta name=\"twitter:creator\" content=\"@altominhoTV\" \/>\n<meta name=\"twitter:site\" content=\"@altominhoTV\" \/>\n<meta name=\"twitter:label1\" content=\"Escrito por\" \/>\n\t<meta name=\"twitter:data1\" content=\"Andreia Cunha | Lusa\" \/>\n\t<meta name=\"twitter:label2\" content=\"Tempo estimado de leitura\" \/>\n\t<meta name=\"twitter:data2\" content=\"3 minutos\" \/>\n<script type=\"application\/ld+json\" class=\"yoast-schema-graph\">{\"@context\":\"https:\\\/\\\/schema.org\",\"@graph\":[{\"@type\":\"Article\",\"@id\":\"https:\\\/\\\/www.altominho.tv\\\/site\\\/2020\\\/05\\\/09\\\/portugal-com-1-126-mortos-e-27-406-infetados\\\/#article\",\"isPartOf\":{\"@id\":\"https:\\\/\\\/www.altominho.tv\\\/site\\\/2020\\\/05\\\/09\\\/portugal-com-1-126-mortos-e-27-406-infetados\\\/\"},\"author\":{\"name\":\"Andreia Cunha | Lusa\",\"@id\":\"https:\\\/\\\/www.altominho.tv\\\/site\\\/#\\\/schema\\\/person\\\/dbaf181c01b51ff40c9f461a905d321e\"},\"headline\":\"Portugal com 1.126 mortos e 27.406 infetados\",\"datePublished\":\"2020-05-09T18:17:09+00:00\",\"dateModified\":\"2020-05-09T18:17:13+00:00\",\"mainEntityOfPage\":{\"@id\":\"https:\\\/\\\/www.altominho.tv\\\/site\\\/2020\\\/05\\\/09\\\/portugal-com-1-126-mortos-e-27-406-infetados\\\/\"},\"wordCount\":605,\"image\":{\"@id\":\"https:\\\/\\\/www.altominho.tv\\\/site\\\/2020\\\/05\\\/09\\\/portugal-com-1-126-mortos-e-27-406-infetados\\\/#primaryimage\"},\"thumbnailUrl\":\"https:\\\/\\\/www.altominho.tv\\\/site\\\/wp-content\\\/uploads\\\/2020\\\/05\\\/covid-19-4908692_1920.jpg\",\"keywords\":[\"Sa\u00fade\",\"Sociedade\"],\"articleSection\":[\"Coronav\u00edrus\"],\"inLanguage\":\"pt-PT\",\"copyrightYear\":\"2020\",\"copyrightHolder\":{\"@id\":\"https:\\\/\\\/www.altominho.tv\\\/site\\\/#organization\"}},{\"@type\":\"WebPage\",\"@id\":\"https:\\\/\\\/www.altominho.tv\\\/site\\\/2020\\\/05\\\/09\\\/portugal-com-1-126-mortos-e-27-406-infetados\\\/\",\"url\":\"https:\\\/\\\/www.altominho.tv\\\/site\\\/2020\\\/05\\\/09\\\/portugal-com-1-126-mortos-e-27-406-infetados\\\/\",\"name\":\"Portugal com 1.126 mortos e 27.406 infetados\",\"isPartOf\":{\"@id\":\"https:\\\/\\\/www.altominho.tv\\\/site\\\/#website\"},\"primaryImageOfPage\":{\"@id\":\"https:\\\/\\\/www.altominho.tv\\\/site\\\/2020\\\/05\\\/09\\\/portugal-com-1-126-mortos-e-27-406-infetados\\\/#primaryimage\"},\"image\":{\"@id\":\"https:\\\/\\\/www.altominho.tv\\\/site\\\/2020\\\/05\\\/09\\\/portugal-com-1-126-mortos-e-27-406-infetados\\\/#primaryimage\"},\"thumbnailUrl\":\"https:\\\/\\\/www.altominho.tv\\\/site\\\/wp-content\\\/uploads\\\/2020\\\/05\\\/covid-19-4908692_1920.jpg\",\"datePublished\":\"2020-05-09T18:17:09+00:00\",\"dateModified\":\"2020-05-09T18:17:13+00:00\",\"author\":{\"@id\":\"https:\\\/\\\/www.altominho.tv\\\/site\\\/#\\\/schema\\\/person\\\/dbaf181c01b51ff40c9f461a905d321e\"},\"breadcrumb\":{\"@id\":\"https:\\\/\\\/www.altominho.tv\\\/site\\\/2020\\\/05\\\/09\\\/portugal-com-1-126-mortos-e-27-406-infetados\\\/#breadcrumb\"},\"inLanguage\":\"pt-PT\",\"potentialAction\":[{\"@type\":\"ReadAction\",\"target\":[\"https:\\\/\\\/www.altominho.tv\\\/site\\\/2020\\\/05\\\/09\\\/portugal-com-1-126-mortos-e-27-406-infetados\\\/\"]}]},{\"@type\":\"ImageObject\",\"inLanguage\":\"pt-PT\",\"@id\":\"https:\\\/\\\/www.altominho.tv\\\/site\\\/2020\\\/05\\\/09\\\/portugal-com-1-126-mortos-e-27-406-infetados\\\/#primaryimage\",\"url\":\"https:\\\/\\\/www.altominho.tv\\\/site\\\/wp-content\\\/uploads\\\/2020\\\/05\\\/covid-19-4908692_1920.jpg\",\"contentUrl\":\"https:\\\/\\\/www.altominho.tv\\\/site\\\/wp-content\\\/uploads\\\/2020\\\/05\\\/covid-19-4908692_1920.jpg\",\"width\":1200,\"height\":800},{\"@type\":\"BreadcrumbList\",\"@id\":\"https:\\\/\\\/www.altominho.tv\\\/site\\\/2020\\\/05\\\/09\\\/portugal-com-1-126-mortos-e-27-406-infetados\\\/#breadcrumb\",\"itemListElement\":[{\"@type\":\"ListItem\",\"position\":1,\"name\":\"In\u00edcio\",\"item\":\"https:\\\/\\\/www.altominho.tv\\\/site\\\/\"},{\"@type\":\"ListItem\",\"position\":2,\"name\":\"Portugal com 1.126 mortos e 27.406 infetados\"}]},{\"@type\":\"WebSite\",\"@id\":\"https:\\\/\\\/www.altominho.tv\\\/site\\\/#website\",\"url\":\"https:\\\/\\\/www.altominho.tv\\\/site\\\/\",\"name\":\"Altominho.tv\",\"description\":\"A sua regi\u00e3o \u00e0 dist\u00e2ncia de um clique...\",\"potentialAction\":[{\"@type\":\"SearchAction\",\"target\":{\"@type\":\"EntryPoint\",\"urlTemplate\":\"https:\\\/\\\/www.altominho.tv\\\/site\\\/?s={search_term_string}\"},\"query-input\":{\"@type\":\"PropertyValueSpecification\",\"valueRequired\":true,\"valueName\":\"search_term_string\"}}],\"inLanguage\":\"pt-PT\"},{\"@type\":\"Person\",\"@id\":\"https:\\\/\\\/www.altominho.tv\\\/site\\\/#\\\/schema\\\/person\\\/dbaf181c01b51ff40c9f461a905d321e\",\"name\":\"Andreia Cunha | Lusa\",\"image\":{\"@type\":\"ImageObject\",\"inLanguage\":\"pt-PT\",\"@id\":\"https:\\\/\\\/www.altominho.tv\\\/site\\\/wp-content\\\/uploads\\\/2017\\\/11\\\/Andreia_Cunha-1-150x150.jpg\",\"url\":\"https:\\\/\\\/www.altominho.tv\\\/site\\\/wp-content\\\/uploads\\\/2017\\\/11\\\/Andreia_Cunha-1-150x150.jpg\",\"contentUrl\":\"https:\\\/\\\/www.altominho.tv\\\/site\\\/wp-content\\\/uploads\\\/2017\\\/11\\\/Andreia_Cunha-1-150x150.jpg\",\"caption\":\"Andreia Cunha | Lusa\"},\"sameAs\":[\"https:\\\/\\\/www.altominho.tv\\\/site\"],\"url\":\"https:\\\/\\\/www.altominho.tv\\\/site\\\/author\\\/andreiacunhalusa\\\/\"}]}<\/script>\n<!-- \/ Yoast SEO Premium plugin. -->","yoast_head_json":{"title":"Portugal com 1.126 mortos e 27.406 infetados","robots":{"index":"index","follow":"follow","max-snippet":"max-snippet:-1","max-image-preview":"max-image-preview:large","max-video-preview":"max-video-preview:-1"},"canonical":"https:\/\/www.altominho.tv\/site\/2020\/05\/09\/portugal-com-1-126-mortos-e-27-406-infetados\/","og_locale":"pt_PT","og_type":"article","og_title":"Portugal com 1.126 mortos e 27.406 infetados","og_description":"Portugal regista hoje 1.126 mortes relacionadas com a covid-19, mais 12 do que na sexta-feira, e 27.406 infetados (mais 138), segundo o boletim epidemiol\u00f3gico divulgado hoje pela Dire\u00e7\u00e3o Geral da Sa\u00fade. Em compara\u00e7\u00e3o com os dados de sexta-feira, em que se registavam 1.114 mortos, hoje constatou-se um aumento de \u00f3bitos de 1,1%. Relativamente ao n\u00famero [&hellip;]","og_url":"https:\/\/www.altominho.tv\/site\/2020\/05\/09\/portugal-com-1-126-mortos-e-27-406-infetados\/","og_site_name":"Altominho.tv","article_publisher":"https:\/\/www.facebook.com\/altominhotv","article_published_time":"2020-05-09T18:17:09+00:00","article_modified_time":"2020-05-09T18:17:13+00:00","og_image":[{"width":1200,"height":800,"url":"https:\/\/www.altominho.tv\/site\/wp-content\/uploads\/2020\/05\/covid-19-4908692_1920.jpg","type":"image\/jpeg"}],"author":"Andreia Cunha | Lusa","twitter_card":"summary_large_image","twitter_creator":"@altominhoTV","twitter_site":"@altominhoTV","twitter_misc":{"Escrito por":"Andreia Cunha | Lusa","Tempo estimado de leitura":"3 minutos"},"schema":{"@context":"https:\/\/schema.org","@graph":[{"@type":"Article","@id":"https:\/\/www.altominho.tv\/site\/2020\/05\/09\/portugal-com-1-126-mortos-e-27-406-infetados\/#article","isPartOf":{"@id":"https:\/\/www.altominho.tv\/site\/2020\/05\/09\/portugal-com-1-126-mortos-e-27-406-infetados\/"},"author":{"name":"Andreia Cunha | Lusa","@id":"https:\/\/www.altominho.tv\/site\/#\/schema\/person\/dbaf181c01b51ff40c9f461a905d321e"},"headline":"Portugal com 1.126 mortos e 27.406 infetados","datePublished":"2020-05-09T18:17:09+00:00","dateModified":"2020-05-09T18:17:13+00:00","mainEntityOfPage":{"@id":"https:\/\/www.altominho.tv\/site\/2020\/05\/09\/portugal-com-1-126-mortos-e-27-406-infetados\/"},"wordCount":605,"image":{"@id":"https:\/\/www.altominho.tv\/site\/2020\/05\/09\/portugal-com-1-126-mortos-e-27-406-infetados\/#primaryimage"},"thumbnailUrl":"https:\/\/www.altominho.tv\/site\/wp-content\/uploads\/2020\/05\/covid-19-4908692_1920.jpg","keywords":["Sa\u00fade","Sociedade"],"articleSection":["Coronav\u00edrus"],"inLanguage":"pt-PT","copyrightYear":"2020","copyrightHolder":{"@id":"https:\/\/www.altominho.tv\/site\/#organization"}},{"@type":"WebPage","@id":"https:\/\/www.altominho.tv\/site\/2020\/05\/09\/portugal-com-1-126-mortos-e-27-406-infetados\/","url":"https:\/\/www.altominho.tv\/site\/2020\/05\/09\/portugal-com-1-126-mortos-e-27-406-infetados\/","name":"Portugal com 1.126 mortos e 27.406 infetados","isPartOf":{"@id":"https:\/\/www.altominho.tv\/site\/#website"},"primaryImageOfPage":{"@id":"https:\/\/www.altominho.tv\/site\/2020\/05\/09\/portugal-com-1-126-mortos-e-27-406-infetados\/#primaryimage"},"image":{"@id":"https:\/\/www.altominho.tv\/site\/2020\/05\/09\/portugal-com-1-126-mortos-e-27-406-infetados\/#primaryimage"},"thumbnailUrl":"https:\/\/www.altominho.tv\/site\/wp-content\/uploads\/2020\/05\/covid-19-4908692_1920.jpg","datePublished":"2020-05-09T18:17:09+00:00","dateModified":"2020-05-09T18:17:13+00:00","author":{"@id":"https:\/\/www.altominho.tv\/site\/#\/schema\/person\/dbaf181c01b51ff40c9f461a905d321e"},"breadcrumb":{"@id":"https:\/\/www.altominho.tv\/site\/2020\/05\/09\/portugal-com-1-126-mortos-e-27-406-infetados\/#breadcrumb"},"inLanguage":"pt-PT","potentialAction":[{"@type":"ReadAction","target":["https:\/\/www.altominho.tv\/site\/2020\/05\/09\/portugal-com-1-126-mortos-e-27-406-infetados\/"]}]},{"@type":"ImageObject","inLanguage":"pt-PT","@id":"https:\/\/www.altominho.tv\/site\/2020\/05\/09\/portugal-com-1-126-mortos-e-27-406-infetados\/#primaryimage","url":"https:\/\/www.altominho.tv\/site\/wp-content\/uploads\/2020\/05\/covid-19-4908692_1920.jpg","contentUrl":"https:\/\/www.altominho.tv\/site\/wp-content\/uploads\/2020\/05\/covid-19-4908692_1920.jpg","width":1200,"height":800},{"@type":"BreadcrumbList","@id":"https:\/\/www.altominho.tv\/site\/2020\/05\/09\/portugal-com-1-126-mortos-e-27-406-infetados\/#breadcrumb","itemListElement":[{"@type":"ListItem","position":1,"name":"In\u00edcio","item":"https:\/\/www.altominho.tv\/site\/"},{"@type":"ListItem","position":2,"name":"Portugal com 1.126 mortos e 27.406 infetados"}]},{"@type":"WebSite","@id":"https:\/\/www.altominho.tv\/site\/#website","url":"https:\/\/www.altominho.tv\/site\/","name":"Altominho.tv","description":"A sua regi\u00e3o \u00e0 dist\u00e2ncia de um clique...","potentialAction":[{"@type":"SearchAction","target":{"@type":"EntryPoint","urlTemplate":"https:\/\/www.altominho.tv\/site\/?s={search_term_string}"},"query-input":{"@type":"PropertyValueSpecification","valueRequired":true,"valueName":"search_term_string"}}],"inLanguage":"pt-PT"},{"@type":"Person","@id":"https:\/\/www.altominho.tv\/site\/#\/schema\/person\/dbaf181c01b51ff40c9f461a905d321e","name":"Andreia Cunha | Lusa","image":{"@type":"ImageObject","inLanguage":"pt-PT","@id":"https:\/\/www.altominho.tv\/site\/wp-content\/uploads\/2017\/11\/Andreia_Cunha-1-150x150.jpg","url":"https:\/\/www.altominho.tv\/site\/wp-content\/uploads\/2017\/11\/Andreia_Cunha-1-150x150.jpg","contentUrl":"https:\/\/www.altominho.tv\/site\/wp-content\/uploads\/2017\/11\/Andreia_Cunha-1-150x150.jpg","caption":"Andreia Cunha | Lusa"},"sameAs":["https:\/\/www.altominho.tv\/site"],"url":"https:\/\/www.altominho.tv\/site\/author\/andreiacunhalusa\/"}]}},"_links":{"self":[{"href":"https:\/\/www.altominho.tv\/site\/wp-json\/wp\/v2\/posts\/45977","targetHints":{"allow":["GET"]}}],"collection":[{"href":"https:\/\/www.altominho.tv\/site\/wp-json\/wp\/v2\/posts"}],"about":[{"href":"https:\/\/www.altominho.tv\/site\/wp-json\/wp\/v2\/types\/post"}],"author":[{"embeddable":true,"href":"https:\/\/www.altominho.tv\/site\/wp-json\/wp\/v2\/users\/16"}],"replies":[{"embeddable":true,"href":"https:\/\/www.altominho.tv\/site\/wp-json\/wp\/v2\/comments?post=45977"}],"version-history":[{"count":0,"href":"https:\/\/www.altominho.tv\/site\/wp-json\/wp\/v2\/posts\/45977\/revisions"}],"wp:featuredmedia":[{"embeddable":true,"href":"https:\/\/www.altominho.tv\/site\/wp-json\/wp\/v2\/media\/45949"}],"wp:attachment":[{"href":"https:\/\/www.altominho.tv\/site\/wp-json\/wp\/v2\/media?parent=45977"}],"wp:term":[{"taxonomy":"category","embeddable":true,"href":"https:\/\/www.altominho.tv\/site\/wp-json\/wp\/v2\/categories?post=45977"},{"taxonomy":"post_tag","embeddable":true,"href":"https:\/\/www.altominho.tv\/site\/wp-json\/wp\/v2\/tags?post=45977"}],"curies":[{"name":"wp","href":"https:\/\/api.w.org\/{rel}","templated":true}]}}