{"id":45975,"date":"2020-05-09T18:51:55","date_gmt":"2020-05-09T17:51:55","guid":{"rendered":"http:\/\/www.altominho.tv\/site\/?p=45975"},"modified":"2020-05-09T18:52:01","modified_gmt":"2020-05-09T17:52:01","slug":"portugal-com-450-mortes-em-lares-abaixo-da-media-da-europa","status":"publish","type":"post","link":"https:\/\/www.altominho.tv\/site\/2020\/05\/09\/portugal-com-450-mortes-em-lares-abaixo-da-media-da-europa\/","title":{"rendered":"Portugal com 450 mortes em lares, abaixo da m\u00e9dia da Europa"},"content":{"rendered":"\n<p>A diretora-geral da Sa\u00fade, Gra\u00e7as Freitas, indicou hoje que j\u00e1 se registaram 450 mortes em lares em Portugal devido \u00e0 covid-19, mas notou que a situa\u00e7\u00e3o est\u00e1 controlada, com uma mortalidade \u201cabaixo\u201d de outros pa\u00edses europeus.<\/p>\n\n\n\n<p>\u201cExiste mortalidade nestas institui\u00e7\u00f5es, mas em Portugal, felizmente, os n\u00fameros em termos percentuais at\u00e9 se colocam abaixo do que tem sido reportado a n\u00edvel da Europa\u201d, afirmou a respons\u00e1vel, falando na confer\u00eancia de imprensa di\u00e1ria relativa \u00e0 evolu\u00e7\u00e3o da pandemia no pa\u00eds.<\/p>\n\n\n\n<p>Em concreto, \u201cem Portugal e at\u00e9 \u00e0 data, ocorreram nestes lares 450 \u00f3bitos, que obviamente lamentamos, distribu\u00eddos por 243 na regi\u00e3o norte, 134 na regi\u00e3o centro, 69 na regi\u00e3o de Lisboa e Vale do Tejo, um no Alentejo e tr\u00eas no Algarve\u201d, precisou Gra\u00e7as Freitas.<\/p>\n\n\n\n<p>De acordo com a diretora-geral da Sa\u00fade, esta \u201c\u00e9 uma percentagem ainda elevada, mas est\u00e1 abaixo do que \u00e9 reportado pelos outros pa\u00edses [europeus]\u201d.<\/p>\n\n\n\n<p>\u201cReflete, creio eu, o que tem sido o cuidado intensivo de todas as entidades envolvidas junto destes lares\u201d, explicou Gra\u00e7as Freitas, falando numa \u201cinterven\u00e7\u00e3o precoce\u201d feita pelas autoridades, nomeadamente atrav\u00e9s de rastreios e da dete\u00e7\u00e3o e separa\u00e7\u00e3o de casos positivos.<\/p>\n\n\n\n<p>Tamb\u00e9m presente na confer\u00eancia de imprensa, a ministra da Sa\u00fade, Marta Temido, notou que a situa\u00e7\u00e3o em estruturas residenciais para idosos \u201cest\u00e1 relativamente controlada, com um ou outro caso que merece maior aten\u00e7\u00e3o e maior preocupa\u00e7\u00e3o\u201d.<\/p>\n\n\n\n<p>\u201cAquilo que neste momento temos \u00e9 muito o resultado do programa de testes que foi aplicado [j\u00e1 que] a op\u00e7\u00e3o foi, claramente, tentar controlar os casos positivos em profissionais que trabalham nestas unidades, sabendo que s\u00e3o o principal foco de cont\u00e1gio\u201d, justificou Marta Temido.<\/p>\n\n\n\n<p>J\u00e1 falando sobre a situa\u00e7\u00e3o na rede nacional de cuidados continuados integrados, a ministra indicou que \u201cs\u00f3 23 unidades t\u00eam situa\u00e7\u00f5es de casos\u201d, de um total de 389, acrescentando tratar-se de 62 doentes, mas sem nenhum estar \u201cinternado em ambiente hospitalar\u201d.<\/p>\n\n\n\n<p>Outra \u201cboa not\u00edcia\u201d, segundo Marta Temido, \u00e9 que \u201cdesde o dia 22 de abril que n\u00e3o h\u00e1 novos \u00f3bitos em unidades da rede\u201d.<\/p>\n\n\n\n<p>\u201cAl\u00e9m dos testes de diagn\u00f3stico que foram realizados nas estruturas residenciais para idosos, tamb\u00e9m na rede nacional de cuidados continuados integrados est\u00e3o a ser realizados testes aos profissionais [\u2026] e, neste momento, temos j\u00e1 3.190 com testes feitos e, desses, 114 foram positivos\u201d, precisou ainda a governante.<\/p>\n\n\n\n<p>Questionada sobre a evolu\u00e7\u00e3o dos pre\u00e7os de equipamentos de prote\u00e7\u00e3o individual, como m\u00e1scaras ou viseiras, Marta Temido garantiu que o executivo est\u00e1 a fazer uma \u201cavalia\u00e7\u00e3o atenta da evolu\u00e7\u00e3o dos pre\u00e7os e a adotar medidas em fun\u00e7\u00e3o que \u00e9 a evolu\u00e7\u00e3o das circunst\u00e2ncias\u201d.<\/p>\n\n\n\n<p>Segundo a respons\u00e1vel, dever\u00e1 registar-se \u201ca possibilidade cada vez mais evidente de encontrar artigos no mercado\u201d, o que levar\u00e1 \u201ca um equil\u00edbrio tendencial entre a oferta e a procura, atrav\u00e9s de um pre\u00e7o compat\u00edvel com aquilo que s\u00e3o as orienta\u00e7\u00f5es para a utiliza\u00e7\u00e3o de determinados equipamentos de prote\u00e7\u00e3o individual\u201d.<\/p>\n\n\n\n<p>\u201cSe assim n\u00e3o for, naturalmente ter\u00e3o de ser encontrados mecanismos que permitam garantir que as pessoas se protegem e encontram equipamentos de prote\u00e7\u00e3o individual a pre\u00e7os comport\u00e1veis\u201d, adiantou.<\/p>\n\n\n\n<p>Portugal contabiliza 1.126 mortos associados \u00e0 covid-19 em 27.406 casos confirmados de infe\u00e7\u00e3o, segundo o \u00faltimo boletim di\u00e1rio da DGS sobre a pandemia.<\/p>\n","protected":false},"excerpt":{"rendered":"<p>A diretora-geral da Sa\u00fade, Gra\u00e7as Freitas, indicou hoje que j\u00e1 se registaram 450 mortes em lares em Portugal devido \u00e0 covid-19, mas notou que a situa\u00e7\u00e3o est\u00e1 controlada, com uma mortalidade \u201cabaixo\u201d de outros pa\u00edses europeus. \u201cExiste mortalidade nestas institui\u00e7\u00f5es, mas em Portugal, felizmente, os n\u00fameros em termos percentuais at\u00e9 se colocam abaixo do que [&hellip;]<\/p>\n","protected":false},"author":16,"featured_media":45064,"comment_status":"closed","ping_status":"closed","sticky":false,"template":"","format":"standard","meta":{"_exactmetrics_skip_tracking":false,"_exactmetrics_sitenote_active":false,"_exactmetrics_sitenote_note":"","_exactmetrics_sitenote_category":0,"footnotes":""},"categories":[42722],"tags":[26,27],"class_list":["post-45975","post","type-post","status-publish","format-standard","has-post-thumbnail","hentry","category-covid-19","tag-saude","tag-sociedade"],"yoast_head":"<!-- This site is optimized with the Yoast SEO Premium plugin v27.4 (Yoast SEO v27.4) - https:\/\/yoast.com\/product\/yoast-seo-premium-wordpress\/ -->\n<title>Portugal com 450 mortes em lares, abaixo da m\u00e9dia da Europa<\/title>\n<meta name=\"robots\" content=\"index, follow, max-snippet:-1, max-image-preview:large, max-video-preview:-1\" \/>\n<link rel=\"canonical\" href=\"https:\/\/www.altominho.tv\/site\/2020\/05\/09\/portugal-com-450-mortes-em-lares-abaixo-da-media-da-europa\/\" \/>\n<meta property=\"og:locale\" content=\"pt_PT\" \/>\n<meta property=\"og:type\" content=\"article\" \/>\n<meta property=\"og:title\" content=\"Portugal com 450 mortes em lares, abaixo da m\u00e9dia da Europa\" \/>\n<meta property=\"og:description\" content=\"A diretora-geral da Sa\u00fade, Gra\u00e7as Freitas, indicou hoje que j\u00e1 se registaram 450 mortes em lares em Portugal devido \u00e0 covid-19, mas notou que a situa\u00e7\u00e3o est\u00e1 controlada, com uma mortalidade \u201cabaixo\u201d de outros pa\u00edses europeus. \u201cExiste mortalidade nestas institui\u00e7\u00f5es, mas em Portugal, felizmente, os n\u00fameros em termos percentuais at\u00e9 se colocam abaixo do que [&hellip;]\" \/>\n<meta property=\"og:url\" content=\"https:\/\/www.altominho.tv\/site\/2020\/05\/09\/portugal-com-450-mortes-em-lares-abaixo-da-media-da-europa\/\" \/>\n<meta property=\"og:site_name\" content=\"Altominho.tv\" \/>\n<meta property=\"article:publisher\" content=\"https:\/\/www.facebook.com\/altominhotv\" \/>\n<meta property=\"article:published_time\" content=\"2020-05-09T17:51:55+00:00\" \/>\n<meta property=\"article:modified_time\" content=\"2020-05-09T17:52:01+00:00\" \/>\n<meta property=\"og:image\" content=\"https:\/\/www.altominho.tv\/site\/wp-content\/uploads\/2020\/04\/Santa-Casa-Monc\u0327a\u0303o-scaled.jpg\" \/>\n\t<meta property=\"og:image:width\" content=\"2560\" \/>\n\t<meta property=\"og:image:height\" content=\"1636\" \/>\n\t<meta property=\"og:image:type\" content=\"image\/jpeg\" \/>\n<meta name=\"author\" content=\"Andreia Cunha | Lusa\" \/>\n<meta name=\"twitter:card\" content=\"summary_large_image\" \/>\n<meta name=\"twitter:creator\" content=\"@altominhoTV\" \/>\n<meta name=\"twitter:site\" content=\"@altominhoTV\" \/>\n<meta name=\"twitter:label1\" content=\"Escrito por\" \/>\n\t<meta name=\"twitter:data1\" content=\"Andreia Cunha | Lusa\" \/>\n\t<meta name=\"twitter:label2\" content=\"Tempo estimado de leitura\" \/>\n\t<meta name=\"twitter:data2\" content=\"3 minutos\" \/>\n<script type=\"application\/ld+json\" class=\"yoast-schema-graph\">{\"@context\":\"https:\\\/\\\/schema.org\",\"@graph\":[{\"@type\":\"Article\",\"@id\":\"https:\\\/\\\/www.altominho.tv\\\/site\\\/2020\\\/05\\\/09\\\/portugal-com-450-mortes-em-lares-abaixo-da-media-da-europa\\\/#article\",\"isPartOf\":{\"@id\":\"https:\\\/\\\/www.altominho.tv\\\/site\\\/2020\\\/05\\\/09\\\/portugal-com-450-mortes-em-lares-abaixo-da-media-da-europa\\\/\"},\"author\":{\"name\":\"Andreia Cunha | Lusa\",\"@id\":\"https:\\\/\\\/www.altominho.tv\\\/site\\\/#\\\/schema\\\/person\\\/dbaf181c01b51ff40c9f461a905d321e\"},\"headline\":\"Portugal com 450 mortes em lares, abaixo da m\u00e9dia da Europa\",\"datePublished\":\"2020-05-09T17:51:55+00:00\",\"dateModified\":\"2020-05-09T17:52:01+00:00\",\"mainEntityOfPage\":{\"@id\":\"https:\\\/\\\/www.altominho.tv\\\/site\\\/2020\\\/05\\\/09\\\/portugal-com-450-mortes-em-lares-abaixo-da-media-da-europa\\\/\"},\"wordCount\":578,\"image\":{\"@id\":\"https:\\\/\\\/www.altominho.tv\\\/site\\\/2020\\\/05\\\/09\\\/portugal-com-450-mortes-em-lares-abaixo-da-media-da-europa\\\/#primaryimage\"},\"thumbnailUrl\":\"https:\\\/\\\/www.altominho.tv\\\/site\\\/wp-content\\\/uploads\\\/2020\\\/04\\\/Santa-Casa-Monc\u0327a\u0303o-scaled.jpg\",\"keywords\":[\"Sa\u00fade\",\"Sociedade\"],\"articleSection\":[\"Coronav\u00edrus\"],\"inLanguage\":\"pt-PT\",\"copyrightYear\":\"2020\",\"copyrightHolder\":{\"@id\":\"https:\\\/\\\/www.altominho.tv\\\/site\\\/#organization\"}},{\"@type\":\"WebPage\",\"@id\":\"https:\\\/\\\/www.altominho.tv\\\/site\\\/2020\\\/05\\\/09\\\/portugal-com-450-mortes-em-lares-abaixo-da-media-da-europa\\\/\",\"url\":\"https:\\\/\\\/www.altominho.tv\\\/site\\\/2020\\\/05\\\/09\\\/portugal-com-450-mortes-em-lares-abaixo-da-media-da-europa\\\/\",\"name\":\"Portugal com 450 mortes em lares, abaixo da m\u00e9dia da Europa\",\"isPartOf\":{\"@id\":\"https:\\\/\\\/www.altominho.tv\\\/site\\\/#website\"},\"primaryImageOfPage\":{\"@id\":\"https:\\\/\\\/www.altominho.tv\\\/site\\\/2020\\\/05\\\/09\\\/portugal-com-450-mortes-em-lares-abaixo-da-media-da-europa\\\/#primaryimage\"},\"image\":{\"@id\":\"https:\\\/\\\/www.altominho.tv\\\/site\\\/2020\\\/05\\\/09\\\/portugal-com-450-mortes-em-lares-abaixo-da-media-da-europa\\\/#primaryimage\"},\"thumbnailUrl\":\"https:\\\/\\\/www.altominho.tv\\\/site\\\/wp-content\\\/uploads\\\/2020\\\/04\\\/Santa-Casa-Monc\u0327a\u0303o-scaled.jpg\",\"datePublished\":\"2020-05-09T17:51:55+00:00\",\"dateModified\":\"2020-05-09T17:52:01+00:00\",\"author\":{\"@id\":\"https:\\\/\\\/www.altominho.tv\\\/site\\\/#\\\/schema\\\/person\\\/dbaf181c01b51ff40c9f461a905d321e\"},\"breadcrumb\":{\"@id\":\"https:\\\/\\\/www.altominho.tv\\\/site\\\/2020\\\/05\\\/09\\\/portugal-com-450-mortes-em-lares-abaixo-da-media-da-europa\\\/#breadcrumb\"},\"inLanguage\":\"pt-PT\",\"potentialAction\":[{\"@type\":\"ReadAction\",\"target\":[\"https:\\\/\\\/www.altominho.tv\\\/site\\\/2020\\\/05\\\/09\\\/portugal-com-450-mortes-em-lares-abaixo-da-media-da-europa\\\/\"]}]},{\"@type\":\"ImageObject\",\"inLanguage\":\"pt-PT\",\"@id\":\"https:\\\/\\\/www.altominho.tv\\\/site\\\/2020\\\/05\\\/09\\\/portugal-com-450-mortes-em-lares-abaixo-da-media-da-europa\\\/#primaryimage\",\"url\":\"https:\\\/\\\/www.altominho.tv\\\/site\\\/wp-content\\\/uploads\\\/2020\\\/04\\\/Santa-Casa-Monc\u0327a\u0303o-scaled.jpg\",\"contentUrl\":\"https:\\\/\\\/www.altominho.tv\\\/site\\\/wp-content\\\/uploads\\\/2020\\\/04\\\/Santa-Casa-Monc\u0327a\u0303o-scaled.jpg\",\"width\":2560,\"height\":1636,\"caption\":\"DR\"},{\"@type\":\"BreadcrumbList\",\"@id\":\"https:\\\/\\\/www.altominho.tv\\\/site\\\/2020\\\/05\\\/09\\\/portugal-com-450-mortes-em-lares-abaixo-da-media-da-europa\\\/#breadcrumb\",\"itemListElement\":[{\"@type\":\"ListItem\",\"position\":1,\"name\":\"In\u00edcio\",\"item\":\"https:\\\/\\\/www.altominho.tv\\\/site\\\/\"},{\"@type\":\"ListItem\",\"position\":2,\"name\":\"Portugal com 450 mortes em lares, abaixo da m\u00e9dia da Europa\"}]},{\"@type\":\"WebSite\",\"@id\":\"https:\\\/\\\/www.altominho.tv\\\/site\\\/#website\",\"url\":\"https:\\\/\\\/www.altominho.tv\\\/site\\\/\",\"name\":\"Altominho.tv\",\"description\":\"A sua regi\u00e3o \u00e0 dist\u00e2ncia de um clique...\",\"potentialAction\":[{\"@type\":\"SearchAction\",\"target\":{\"@type\":\"EntryPoint\",\"urlTemplate\":\"https:\\\/\\\/www.altominho.tv\\\/site\\\/?s={search_term_string}\"},\"query-input\":{\"@type\":\"PropertyValueSpecification\",\"valueRequired\":true,\"valueName\":\"search_term_string\"}}],\"inLanguage\":\"pt-PT\"},{\"@type\":\"Person\",\"@id\":\"https:\\\/\\\/www.altominho.tv\\\/site\\\/#\\\/schema\\\/person\\\/dbaf181c01b51ff40c9f461a905d321e\",\"name\":\"Andreia Cunha | Lusa\",\"image\":{\"@type\":\"ImageObject\",\"inLanguage\":\"pt-PT\",\"@id\":\"https:\\\/\\\/www.altominho.tv\\\/site\\\/wp-content\\\/uploads\\\/2017\\\/11\\\/Andreia_Cunha-1-150x150.jpg\",\"url\":\"https:\\\/\\\/www.altominho.tv\\\/site\\\/wp-content\\\/uploads\\\/2017\\\/11\\\/Andreia_Cunha-1-150x150.jpg\",\"contentUrl\":\"https:\\\/\\\/www.altominho.tv\\\/site\\\/wp-content\\\/uploads\\\/2017\\\/11\\\/Andreia_Cunha-1-150x150.jpg\",\"caption\":\"Andreia Cunha | Lusa\"},\"sameAs\":[\"https:\\\/\\\/www.altominho.tv\\\/site\"],\"url\":\"https:\\\/\\\/www.altominho.tv\\\/site\\\/author\\\/andreiacunhalusa\\\/\"}]}<\/script>\n<!-- \/ Yoast SEO Premium plugin. -->","yoast_head_json":{"title":"Portugal com 450 mortes em lares, abaixo da m\u00e9dia da Europa","robots":{"index":"index","follow":"follow","max-snippet":"max-snippet:-1","max-image-preview":"max-image-preview:large","max-video-preview":"max-video-preview:-1"},"canonical":"https:\/\/www.altominho.tv\/site\/2020\/05\/09\/portugal-com-450-mortes-em-lares-abaixo-da-media-da-europa\/","og_locale":"pt_PT","og_type":"article","og_title":"Portugal com 450 mortes em lares, abaixo da m\u00e9dia da Europa","og_description":"A diretora-geral da Sa\u00fade, Gra\u00e7as Freitas, indicou hoje que j\u00e1 se registaram 450 mortes em lares em Portugal devido \u00e0 covid-19, mas notou que a situa\u00e7\u00e3o est\u00e1 controlada, com uma mortalidade \u201cabaixo\u201d de outros pa\u00edses europeus. \u201cExiste mortalidade nestas institui\u00e7\u00f5es, mas em Portugal, felizmente, os n\u00fameros em termos percentuais at\u00e9 se colocam abaixo do que [&hellip;]","og_url":"https:\/\/www.altominho.tv\/site\/2020\/05\/09\/portugal-com-450-mortes-em-lares-abaixo-da-media-da-europa\/","og_site_name":"Altominho.tv","article_publisher":"https:\/\/www.facebook.com\/altominhotv","article_published_time":"2020-05-09T17:51:55+00:00","article_modified_time":"2020-05-09T17:52:01+00:00","og_image":[{"width":2560,"height":1636,"url":"https:\/\/www.altominho.tv\/site\/wp-content\/uploads\/2020\/04\/Santa-Casa-Monc\u0327a\u0303o-scaled.jpg","type":"image\/jpeg"}],"author":"Andreia Cunha | Lusa","twitter_card":"summary_large_image","twitter_creator":"@altominhoTV","twitter_site":"@altominhoTV","twitter_misc":{"Escrito por":"Andreia Cunha | Lusa","Tempo estimado de leitura":"3 minutos"},"schema":{"@context":"https:\/\/schema.org","@graph":[{"@type":"Article","@id":"https:\/\/www.altominho.tv\/site\/2020\/05\/09\/portugal-com-450-mortes-em-lares-abaixo-da-media-da-europa\/#article","isPartOf":{"@id":"https:\/\/www.altominho.tv\/site\/2020\/05\/09\/portugal-com-450-mortes-em-lares-abaixo-da-media-da-europa\/"},"author":{"name":"Andreia Cunha | Lusa","@id":"https:\/\/www.altominho.tv\/site\/#\/schema\/person\/dbaf181c01b51ff40c9f461a905d321e"},"headline":"Portugal com 450 mortes em lares, abaixo da m\u00e9dia da Europa","datePublished":"2020-05-09T17:51:55+00:00","dateModified":"2020-05-09T17:52:01+00:00","mainEntityOfPage":{"@id":"https:\/\/www.altominho.tv\/site\/2020\/05\/09\/portugal-com-450-mortes-em-lares-abaixo-da-media-da-europa\/"},"wordCount":578,"image":{"@id":"https:\/\/www.altominho.tv\/site\/2020\/05\/09\/portugal-com-450-mortes-em-lares-abaixo-da-media-da-europa\/#primaryimage"},"thumbnailUrl":"https:\/\/www.altominho.tv\/site\/wp-content\/uploads\/2020\/04\/Santa-Casa-Monc\u0327a\u0303o-scaled.jpg","keywords":["Sa\u00fade","Sociedade"],"articleSection":["Coronav\u00edrus"],"inLanguage":"pt-PT","copyrightYear":"2020","copyrightHolder":{"@id":"https:\/\/www.altominho.tv\/site\/#organization"}},{"@type":"WebPage","@id":"https:\/\/www.altominho.tv\/site\/2020\/05\/09\/portugal-com-450-mortes-em-lares-abaixo-da-media-da-europa\/","url":"https:\/\/www.altominho.tv\/site\/2020\/05\/09\/portugal-com-450-mortes-em-lares-abaixo-da-media-da-europa\/","name":"Portugal com 450 mortes em lares, abaixo da m\u00e9dia da Europa","isPartOf":{"@id":"https:\/\/www.altominho.tv\/site\/#website"},"primaryImageOfPage":{"@id":"https:\/\/www.altominho.tv\/site\/2020\/05\/09\/portugal-com-450-mortes-em-lares-abaixo-da-media-da-europa\/#primaryimage"},"image":{"@id":"https:\/\/www.altominho.tv\/site\/2020\/05\/09\/portugal-com-450-mortes-em-lares-abaixo-da-media-da-europa\/#primaryimage"},"thumbnailUrl":"https:\/\/www.altominho.tv\/site\/wp-content\/uploads\/2020\/04\/Santa-Casa-Monc\u0327a\u0303o-scaled.jpg","datePublished":"2020-05-09T17:51:55+00:00","dateModified":"2020-05-09T17:52:01+00:00","author":{"@id":"https:\/\/www.altominho.tv\/site\/#\/schema\/person\/dbaf181c01b51ff40c9f461a905d321e"},"breadcrumb":{"@id":"https:\/\/www.altominho.tv\/site\/2020\/05\/09\/portugal-com-450-mortes-em-lares-abaixo-da-media-da-europa\/#breadcrumb"},"inLanguage":"pt-PT","potentialAction":[{"@type":"ReadAction","target":["https:\/\/www.altominho.tv\/site\/2020\/05\/09\/portugal-com-450-mortes-em-lares-abaixo-da-media-da-europa\/"]}]},{"@type":"ImageObject","inLanguage":"pt-PT","@id":"https:\/\/www.altominho.tv\/site\/2020\/05\/09\/portugal-com-450-mortes-em-lares-abaixo-da-media-da-europa\/#primaryimage","url":"https:\/\/www.altominho.tv\/site\/wp-content\/uploads\/2020\/04\/Santa-Casa-Monc\u0327a\u0303o-scaled.jpg","contentUrl":"https:\/\/www.altominho.tv\/site\/wp-content\/uploads\/2020\/04\/Santa-Casa-Monc\u0327a\u0303o-scaled.jpg","width":2560,"height":1636,"caption":"DR"},{"@type":"BreadcrumbList","@id":"https:\/\/www.altominho.tv\/site\/2020\/05\/09\/portugal-com-450-mortes-em-lares-abaixo-da-media-da-europa\/#breadcrumb","itemListElement":[{"@type":"ListItem","position":1,"name":"In\u00edcio","item":"https:\/\/www.altominho.tv\/site\/"},{"@type":"ListItem","position":2,"name":"Portugal com 450 mortes em lares, abaixo da m\u00e9dia da Europa"}]},{"@type":"WebSite","@id":"https:\/\/www.altominho.tv\/site\/#website","url":"https:\/\/www.altominho.tv\/site\/","name":"Altominho.tv","description":"A sua regi\u00e3o \u00e0 dist\u00e2ncia de um clique...","potentialAction":[{"@type":"SearchAction","target":{"@type":"EntryPoint","urlTemplate":"https:\/\/www.altominho.tv\/site\/?s={search_term_string}"},"query-input":{"@type":"PropertyValueSpecification","valueRequired":true,"valueName":"search_term_string"}}],"inLanguage":"pt-PT"},{"@type":"Person","@id":"https:\/\/www.altominho.tv\/site\/#\/schema\/person\/dbaf181c01b51ff40c9f461a905d321e","name":"Andreia Cunha | Lusa","image":{"@type":"ImageObject","inLanguage":"pt-PT","@id":"https:\/\/www.altominho.tv\/site\/wp-content\/uploads\/2017\/11\/Andreia_Cunha-1-150x150.jpg","url":"https:\/\/www.altominho.tv\/site\/wp-content\/uploads\/2017\/11\/Andreia_Cunha-1-150x150.jpg","contentUrl":"https:\/\/www.altominho.tv\/site\/wp-content\/uploads\/2017\/11\/Andreia_Cunha-1-150x150.jpg","caption":"Andreia Cunha | Lusa"},"sameAs":["https:\/\/www.altominho.tv\/site"],"url":"https:\/\/www.altominho.tv\/site\/author\/andreiacunhalusa\/"}]}},"_links":{"self":[{"href":"https:\/\/www.altominho.tv\/site\/wp-json\/wp\/v2\/posts\/45975","targetHints":{"allow":["GET"]}}],"collection":[{"href":"https:\/\/www.altominho.tv\/site\/wp-json\/wp\/v2\/posts"}],"about":[{"href":"https:\/\/www.altominho.tv\/site\/wp-json\/wp\/v2\/types\/post"}],"author":[{"embeddable":true,"href":"https:\/\/www.altominho.tv\/site\/wp-json\/wp\/v2\/users\/16"}],"replies":[{"embeddable":true,"href":"https:\/\/www.altominho.tv\/site\/wp-json\/wp\/v2\/comments?post=45975"}],"version-history":[{"count":0,"href":"https:\/\/www.altominho.tv\/site\/wp-json\/wp\/v2\/posts\/45975\/revisions"}],"wp:featuredmedia":[{"embeddable":true,"href":"https:\/\/www.altominho.tv\/site\/wp-json\/wp\/v2\/media\/45064"}],"wp:attachment":[{"href":"https:\/\/www.altominho.tv\/site\/wp-json\/wp\/v2\/media?parent=45975"}],"wp:term":[{"taxonomy":"category","embeddable":true,"href":"https:\/\/www.altominho.tv\/site\/wp-json\/wp\/v2\/categories?post=45975"},{"taxonomy":"post_tag","embeddable":true,"href":"https:\/\/www.altominho.tv\/site\/wp-json\/wp\/v2\/tags?post=45975"}],"curies":[{"name":"wp","href":"https:\/\/api.w.org\/{rel}","templated":true}]}}