{"id":45971,"date":"2020-05-09T18:20:01","date_gmt":"2020-05-09T17:20:01","guid":{"rendered":"http:\/\/www.altominho.tv\/site\/?p=45971"},"modified":"2020-05-09T18:25:56","modified_gmt":"2020-05-09T17:25:56","slug":"turismo-porto-e-norte-avanca-em-junho-com-plano-de-recuperacao-do-setor","status":"publish","type":"post","link":"https:\/\/www.altominho.tv\/site\/2020\/05\/09\/turismo-porto-e-norte-avanca-em-junho-com-plano-de-recuperacao-do-setor\/","title":{"rendered":"Turismo Porto e Norte avan\u00e7a em junho com plano de recupera\u00e7\u00e3o do setor"},"content":{"rendered":"\n<p>&#8220;Norte mais qualificado, \u201cNorte mais atrativo\u201d e \u201cNorte com mais energia\u201d s\u00e3o os eixos do novo plano de recupera\u00e7\u00e3o do turismo no Norte para avan\u00e7ar em junho e combater crise no setor provocada pela pandemia, disse hoje fonte oficial.<br><\/p>\n\n\n\n<p>\u201cA Turismo do Porto e Norte de Portugal (TPNP), com a Associa\u00e7\u00e3o de Turismo do Porto (ATP), est\u00e3o a preparar um plano de recupera\u00e7\u00e3o do setor do turismo na regi\u00e3o [Norte]. \u00c9 um plano que tem tr\u00eas eixos. Um que se chama Norte mais qualificado, outro Norte mais atrativo e um terceiro Norte com mais energia\u201d, revelou hoje \u00e0 Lusa o presidente da TPNP, Lu\u00eds Pedro Martins.<br><\/p>\n\n\n\n<p>Em entrevista telef\u00f3nica \u00e0 Lusa sobre o trabalho que a TPNP est\u00e1 a realizar para a retoma do setor tur\u00edstico na pr\u00f3xima \u00e9poca alta, Lu\u00eds Pedro Martins explica que o plano de recupera\u00e7\u00e3o \u00e9 um \u201dplano ambicioso\u201d e que se quer iniciar j\u00e1 no pr\u00f3ximo m\u00eas de junho, designadamente com a campanha promocional \u201cEscolha Segura &#8211; Mergulhe na Regi\u00e3o\u201d, cujo objetivo \u00e9 convidar o turista portugu\u00eas a visitar no ver\u00e3o os territ\u00f3rios do Norte com baixa densidade populacional em tempos de coronav\u00edrus.<br><\/p>\n\n\n\n<p>O primeiro eixo do plano de recupera\u00e7\u00e3o, o \u201cNorte mais qualificado\u201d, tem o objetivo de \u201crepensar\u201d toda o produto tur\u00edstico \u201ctendo em conta as novas necessidades do turista\u201d, relacionadas com a pandemia, explica o presidente da TPNP.<br><\/p>\n\n\n\n<p>Tudo aquilo que o turista agora procura \u00e9 \u201cprivacidade, seguran\u00e7a, tranquilidade, grupos mais pequenos, procura de espa\u00e7os de natureza e fuga dos grandes centros urbanos\u201d, caracter\u00edsticas que o territ\u00f3rio Norte de Portugal tem com as suas \u201calbufeiras\u201d, \u201crios\u201d, \u201clagoas\u201d, \u201cgeoparques\u201d e \u201cserras\u201d, para al\u00e9m do Patrim\u00f3nio Mundial da Unesco, como o Parque Nacional Peneda-Ger\u00eas, Vale do C\u00f4a ou o Douro Vinhateiro.<br><\/p>\n\n\n\n<p>Com o eixo do \u201cNorte mais atrativo\u201d, a TPNP est\u00e1 a rever a \u201ccomunica\u00e7\u00e3o do destino\u201d, colocando a \u201cseguran\u00e7a na linha da frente\u201d, com \u201cmuitas a\u00e7\u00f5es de promo\u00e7\u00e3o do destino\u201d destinadas, em primeiro lugar, para os portugueses, mas dirigida tamb\u00e9m no mercado espanhol e depois, atrav\u00e9s da ATP, no resto do mercado internacional.<br><\/p>\n\n\n\n<p>Neste momento o foco principal da TPNP \u00e9 a capta\u00e7\u00e3o do \u201cturista nacional\u201d, porque o regresso do mercado internacional est\u00e1 dependente das companhias de avia\u00e7\u00e3o, abertura das fronteiras, entre outras decis\u00f5es, acrescenta.<\/p>\n\n\n\n<p>O presidente da TPNP considera que num territ\u00f3rio \u201ct\u00e3o pequeno como Portugal\u201d, podem fazer-se \u201cf\u00e9rias inesquec\u00edveis em qualquer regi\u00e3o do pa\u00eds\u201d, mas sublinha que o Norte tem uma \u201cenorme vantagem\u201d, porque tem \u201cmais de 300 mil hectares de \u00e1rea protegida\u201d, com \u201cserras, montanhas, planaltos, vales, rios\u201d.<br><\/p>\n\n\n\n<p>\u201cTemos muitos trilhos, cascatas, observa\u00e7\u00e3o de aves, temos Peneda-Ger\u00eas, Douro Internacional, Parque Natural de Montesinho, Litoral Norte com praias fant\u00e1sticas para a pr\u00e1tica de desportos de deslize, temos a Barragem do Azibo, temos o Geoparque de Arouca, Miradouro do Penedo Dur\u00e3o sobre o Douro, Vale do Tua, Estu\u00e1rio do Douro, Reserva Biosfera transfronteiri\u00e7a\u201d, enumera Lu\u00eds Pedro Martins, acreditando que a \u201cimensid\u00e3o de possibilidades\u201d vai surpreender os turistas nacionais.<br><\/p>\n\n\n\n<p>As \u201croad trips\u201d (viagens de carro), mota ou caravana v\u00e3o uma tend\u00eancia que se cr\u00ea que cres\u00e7a no contexto p\u00f3s pandemia, e a regi\u00e3o Norte considera que \u201cestrada nacional N.2, a estrada nacional 222, ou rota do Rom\u00e2nico s\u00e3o outros argumentos para fazer \u201cf\u00e9rias em fam\u00edlia, em casal ou grupos reduzidos de amigos\u201d.<br><\/p>\n\n\n\n<p>O \u201cNorte com mais energia\u201d \u00e9 um eixo para 2021 e 2022 e tem a ver com a identifica\u00e7\u00e3o eventos que possam trazer turistas estrangeiros ao territ\u00f3rio \u2013 como o Wine Festival, o MIMO Festival Amarante, Feira Medieval, Romaria da Senhora da Agonia em Viana do Castelo ou os Caretos de Tr\u00e1s-os-Montes -, e depois \u201cfazer uma comunica\u00e7\u00e3o como nunca foi feita para ajudar a que seja mais um motivo de atra\u00e7\u00e3o para a regi\u00e3o\u201d, referiu.<br><\/p>\n\n\n\n<p>A n\u00edvel global, segundo um balan\u00e7o da ag\u00eancia de not\u00edcias AFP, a pandemia de covid-19 j\u00e1 provocou mais de 269 mil mortos e infetou mais de 3,8 milh\u00f5es de pessoas em 195 pa\u00edses e territ\u00f3rios.<br><\/p>\n\n\n\n<p>Mais de 1,2 milh\u00f5es de doentes foram considerados curados.<br><\/p>\n\n\n\n<p>Portugal contabiliza 1.126 mortos associados \u00e0 covid-19 em 27.406 casos confirmados de infe\u00e7\u00e3o, segundo o \u00faltimo boletim di\u00e1rio da Dire\u00e7\u00e3o-Geral da Sa\u00fade (DGS) sobre a pandemia.<br><\/p>\n\n\n\n<p>A doen\u00e7a \u00e9 transmitida por um novo coronav\u00edrus detetado no final de dezembro, em Wuhan, uma cidade do centro da China.<br><\/p>\n\n\n\n<p>Para combater a pandemia, os governos mandaram para casa 4,5 mil milh\u00f5es de pessoas (mais de metade da popula\u00e7\u00e3o do planeta), encerraram o com\u00e9rcio n\u00e3o essencial e reduziram drasticamente o tr\u00e1fego a\u00e9reo, paralisando setores inteiros da economia mundial.<br><\/p>\n\n\n\n<p>Face a uma diminui\u00e7\u00e3o de novos doentes em cuidados intensivos e de cont\u00e1gios, v\u00e1rios pa\u00edses come\u00e7aram a desenvolver planos de redu\u00e7\u00e3o do confinamento e em alguns casos a aliviar diversas medidas.<\/p>\n","protected":false},"excerpt":{"rendered":"<p>&#8220;Norte mais qualificado, \u201cNorte mais atrativo\u201d e \u201cNorte com mais energia\u201d s\u00e3o os eixos do novo plano de recupera\u00e7\u00e3o do turismo no Norte para avan\u00e7ar em junho e combater crise no setor provocada pela pandemia, disse hoje fonte oficial. \u201cA Turismo do Porto e Norte de Portugal (TPNP), com a Associa\u00e7\u00e3o de Turismo do Porto [&hellip;]<\/p>\n","protected":false},"author":16,"featured_media":45972,"comment_status":"closed","ping_status":"closed","sticky":false,"template":"","format":"standard","meta":{"_exactmetrics_skip_tracking":false,"_exactmetrics_sitenote_active":false,"_exactmetrics_sitenote_note":"","_exactmetrics_sitenote_category":0,"footnotes":""},"categories":[73],"tags":[21,27],"class_list":["post-45971","post","type-post","status-publish","format-standard","has-post-thumbnail","hentry","category-alto-minho","tag-economia","tag-sociedade"],"yoast_head":"<!-- This site is optimized with the Yoast SEO Premium plugin v27.4 (Yoast SEO v27.4) - https:\/\/yoast.com\/product\/yoast-seo-premium-wordpress\/ -->\n<title>Turismo Porto e Norte avan\u00e7a em junho com plano de recupera\u00e7\u00e3o do setor<\/title>\n<meta name=\"robots\" content=\"index, follow, max-snippet:-1, max-image-preview:large, max-video-preview:-1\" \/>\n<link rel=\"canonical\" href=\"https:\/\/www.altominho.tv\/site\/2020\/05\/09\/turismo-porto-e-norte-avanca-em-junho-com-plano-de-recuperacao-do-setor\/\" \/>\n<meta property=\"og:locale\" content=\"pt_PT\" \/>\n<meta property=\"og:type\" content=\"article\" \/>\n<meta property=\"og:title\" content=\"Turismo Porto e Norte avan\u00e7a em junho com plano de recupera\u00e7\u00e3o do setor\" \/>\n<meta property=\"og:description\" content=\"&#8220;Norte mais qualificado, \u201cNorte mais atrativo\u201d e \u201cNorte com mais energia\u201d s\u00e3o os eixos do novo plano de recupera\u00e7\u00e3o do turismo no Norte para avan\u00e7ar em junho e combater crise no setor provocada pela pandemia, disse hoje fonte oficial. \u201cA Turismo do Porto e Norte de Portugal (TPNP), com a Associa\u00e7\u00e3o de Turismo do Porto [&hellip;]\" \/>\n<meta property=\"og:url\" content=\"https:\/\/www.altominho.tv\/site\/2020\/05\/09\/turismo-porto-e-norte-avanca-em-junho-com-plano-de-recuperacao-do-setor\/\" \/>\n<meta property=\"og:site_name\" content=\"Altominho.tv\" \/>\n<meta property=\"article:publisher\" content=\"https:\/\/www.facebook.com\/altominhotv\" \/>\n<meta property=\"article:published_time\" content=\"2020-05-09T17:20:01+00:00\" \/>\n<meta property=\"article:modified_time\" content=\"2020-05-09T17:25:56+00:00\" \/>\n<meta property=\"og:image\" content=\"https:\/\/www.altominho.tv\/site\/wp-content\/uploads\/2020\/05\/png.png\" \/>\n\t<meta property=\"og:image:width\" content=\"512\" \/>\n\t<meta property=\"og:image:height\" content=\"311\" \/>\n\t<meta property=\"og:image:type\" content=\"image\/png\" \/>\n<meta name=\"author\" content=\"Andreia Cunha | Lusa\" \/>\n<meta name=\"twitter:card\" content=\"summary_large_image\" \/>\n<meta name=\"twitter:creator\" content=\"@altominhoTV\" \/>\n<meta name=\"twitter:site\" content=\"@altominhoTV\" \/>\n<meta name=\"twitter:label1\" content=\"Escrito por\" \/>\n\t<meta name=\"twitter:data1\" content=\"Andreia Cunha | Lusa\" \/>\n\t<meta name=\"twitter:label2\" content=\"Tempo estimado de leitura\" \/>\n\t<meta name=\"twitter:data2\" content=\"4 minutos\" \/>\n<script type=\"application\/ld+json\" class=\"yoast-schema-graph\">{\"@context\":\"https:\\\/\\\/schema.org\",\"@graph\":[{\"@type\":\"Article\",\"@id\":\"https:\\\/\\\/www.altominho.tv\\\/site\\\/2020\\\/05\\\/09\\\/turismo-porto-e-norte-avanca-em-junho-com-plano-de-recuperacao-do-setor\\\/#article\",\"isPartOf\":{\"@id\":\"https:\\\/\\\/www.altominho.tv\\\/site\\\/2020\\\/05\\\/09\\\/turismo-porto-e-norte-avanca-em-junho-com-plano-de-recuperacao-do-setor\\\/\"},\"author\":{\"name\":\"Andreia Cunha | Lusa\",\"@id\":\"https:\\\/\\\/www.altominho.tv\\\/site\\\/#\\\/schema\\\/person\\\/dbaf181c01b51ff40c9f461a905d321e\"},\"headline\":\"Turismo Porto e Norte avan\u00e7a em junho com plano de recupera\u00e7\u00e3o do setor\",\"datePublished\":\"2020-05-09T17:20:01+00:00\",\"dateModified\":\"2020-05-09T17:25:56+00:00\",\"mainEntityOfPage\":{\"@id\":\"https:\\\/\\\/www.altominho.tv\\\/site\\\/2020\\\/05\\\/09\\\/turismo-porto-e-norte-avanca-em-junho-com-plano-de-recuperacao-do-setor\\\/\"},\"wordCount\":863,\"image\":{\"@id\":\"https:\\\/\\\/www.altominho.tv\\\/site\\\/2020\\\/05\\\/09\\\/turismo-porto-e-norte-avanca-em-junho-com-plano-de-recuperacao-do-setor\\\/#primaryimage\"},\"thumbnailUrl\":\"https:\\\/\\\/www.altominho.tv\\\/site\\\/wp-content\\\/uploads\\\/2020\\\/05\\\/png.png\",\"keywords\":[\"Economia\",\"Sociedade\"],\"articleSection\":[\"Alto Minho\"],\"inLanguage\":\"pt-PT\",\"copyrightYear\":\"2020\",\"copyrightHolder\":{\"@id\":\"https:\\\/\\\/www.altominho.tv\\\/site\\\/#organization\"}},{\"@type\":\"WebPage\",\"@id\":\"https:\\\/\\\/www.altominho.tv\\\/site\\\/2020\\\/05\\\/09\\\/turismo-porto-e-norte-avanca-em-junho-com-plano-de-recuperacao-do-setor\\\/\",\"url\":\"https:\\\/\\\/www.altominho.tv\\\/site\\\/2020\\\/05\\\/09\\\/turismo-porto-e-norte-avanca-em-junho-com-plano-de-recuperacao-do-setor\\\/\",\"name\":\"Turismo Porto e Norte avan\u00e7a em junho com plano de recupera\u00e7\u00e3o do setor\",\"isPartOf\":{\"@id\":\"https:\\\/\\\/www.altominho.tv\\\/site\\\/#website\"},\"primaryImageOfPage\":{\"@id\":\"https:\\\/\\\/www.altominho.tv\\\/site\\\/2020\\\/05\\\/09\\\/turismo-porto-e-norte-avanca-em-junho-com-plano-de-recuperacao-do-setor\\\/#primaryimage\"},\"image\":{\"@id\":\"https:\\\/\\\/www.altominho.tv\\\/site\\\/2020\\\/05\\\/09\\\/turismo-porto-e-norte-avanca-em-junho-com-plano-de-recuperacao-do-setor\\\/#primaryimage\"},\"thumbnailUrl\":\"https:\\\/\\\/www.altominho.tv\\\/site\\\/wp-content\\\/uploads\\\/2020\\\/05\\\/png.png\",\"datePublished\":\"2020-05-09T17:20:01+00:00\",\"dateModified\":\"2020-05-09T17:25:56+00:00\",\"author\":{\"@id\":\"https:\\\/\\\/www.altominho.tv\\\/site\\\/#\\\/schema\\\/person\\\/dbaf181c01b51ff40c9f461a905d321e\"},\"breadcrumb\":{\"@id\":\"https:\\\/\\\/www.altominho.tv\\\/site\\\/2020\\\/05\\\/09\\\/turismo-porto-e-norte-avanca-em-junho-com-plano-de-recuperacao-do-setor\\\/#breadcrumb\"},\"inLanguage\":\"pt-PT\",\"potentialAction\":[{\"@type\":\"ReadAction\",\"target\":[\"https:\\\/\\\/www.altominho.tv\\\/site\\\/2020\\\/05\\\/09\\\/turismo-porto-e-norte-avanca-em-junho-com-plano-de-recuperacao-do-setor\\\/\"]}]},{\"@type\":\"ImageObject\",\"inLanguage\":\"pt-PT\",\"@id\":\"https:\\\/\\\/www.altominho.tv\\\/site\\\/2020\\\/05\\\/09\\\/turismo-porto-e-norte-avanca-em-junho-com-plano-de-recuperacao-do-setor\\\/#primaryimage\",\"url\":\"https:\\\/\\\/www.altominho.tv\\\/site\\\/wp-content\\\/uploads\\\/2020\\\/05\\\/png.png\",\"contentUrl\":\"https:\\\/\\\/www.altominho.tv\\\/site\\\/wp-content\\\/uploads\\\/2020\\\/05\\\/png.png\",\"width\":512,\"height\":311},{\"@type\":\"BreadcrumbList\",\"@id\":\"https:\\\/\\\/www.altominho.tv\\\/site\\\/2020\\\/05\\\/09\\\/turismo-porto-e-norte-avanca-em-junho-com-plano-de-recuperacao-do-setor\\\/#breadcrumb\",\"itemListElement\":[{\"@type\":\"ListItem\",\"position\":1,\"name\":\"In\u00edcio\",\"item\":\"https:\\\/\\\/www.altominho.tv\\\/site\\\/\"},{\"@type\":\"ListItem\",\"position\":2,\"name\":\"Turismo Porto e Norte avan\u00e7a em junho com plano de recupera\u00e7\u00e3o do setor\"}]},{\"@type\":\"WebSite\",\"@id\":\"https:\\\/\\\/www.altominho.tv\\\/site\\\/#website\",\"url\":\"https:\\\/\\\/www.altominho.tv\\\/site\\\/\",\"name\":\"Altominho.tv\",\"description\":\"A sua regi\u00e3o \u00e0 dist\u00e2ncia de um clique...\",\"potentialAction\":[{\"@type\":\"SearchAction\",\"target\":{\"@type\":\"EntryPoint\",\"urlTemplate\":\"https:\\\/\\\/www.altominho.tv\\\/site\\\/?s={search_term_string}\"},\"query-input\":{\"@type\":\"PropertyValueSpecification\",\"valueRequired\":true,\"valueName\":\"search_term_string\"}}],\"inLanguage\":\"pt-PT\"},{\"@type\":\"Person\",\"@id\":\"https:\\\/\\\/www.altominho.tv\\\/site\\\/#\\\/schema\\\/person\\\/dbaf181c01b51ff40c9f461a905d321e\",\"name\":\"Andreia Cunha | Lusa\",\"image\":{\"@type\":\"ImageObject\",\"inLanguage\":\"pt-PT\",\"@id\":\"https:\\\/\\\/www.altominho.tv\\\/site\\\/wp-content\\\/uploads\\\/2017\\\/11\\\/Andreia_Cunha-1-150x150.jpg\",\"url\":\"https:\\\/\\\/www.altominho.tv\\\/site\\\/wp-content\\\/uploads\\\/2017\\\/11\\\/Andreia_Cunha-1-150x150.jpg\",\"contentUrl\":\"https:\\\/\\\/www.altominho.tv\\\/site\\\/wp-content\\\/uploads\\\/2017\\\/11\\\/Andreia_Cunha-1-150x150.jpg\",\"caption\":\"Andreia Cunha | Lusa\"},\"sameAs\":[\"https:\\\/\\\/www.altominho.tv\\\/site\"],\"url\":\"https:\\\/\\\/www.altominho.tv\\\/site\\\/author\\\/andreiacunhalusa\\\/\"}]}<\/script>\n<!-- \/ Yoast SEO Premium plugin. -->","yoast_head_json":{"title":"Turismo Porto e Norte avan\u00e7a em junho com plano de recupera\u00e7\u00e3o do setor","robots":{"index":"index","follow":"follow","max-snippet":"max-snippet:-1","max-image-preview":"max-image-preview:large","max-video-preview":"max-video-preview:-1"},"canonical":"https:\/\/www.altominho.tv\/site\/2020\/05\/09\/turismo-porto-e-norte-avanca-em-junho-com-plano-de-recuperacao-do-setor\/","og_locale":"pt_PT","og_type":"article","og_title":"Turismo Porto e Norte avan\u00e7a em junho com plano de recupera\u00e7\u00e3o do setor","og_description":"&#8220;Norte mais qualificado, \u201cNorte mais atrativo\u201d e \u201cNorte com mais energia\u201d s\u00e3o os eixos do novo plano de recupera\u00e7\u00e3o do turismo no Norte para avan\u00e7ar em junho e combater crise no setor provocada pela pandemia, disse hoje fonte oficial. \u201cA Turismo do Porto e Norte de Portugal (TPNP), com a Associa\u00e7\u00e3o de Turismo do Porto [&hellip;]","og_url":"https:\/\/www.altominho.tv\/site\/2020\/05\/09\/turismo-porto-e-norte-avanca-em-junho-com-plano-de-recuperacao-do-setor\/","og_site_name":"Altominho.tv","article_publisher":"https:\/\/www.facebook.com\/altominhotv","article_published_time":"2020-05-09T17:20:01+00:00","article_modified_time":"2020-05-09T17:25:56+00:00","og_image":[{"width":512,"height":311,"url":"https:\/\/www.altominho.tv\/site\/wp-content\/uploads\/2020\/05\/png.png","type":"image\/png"}],"author":"Andreia Cunha | Lusa","twitter_card":"summary_large_image","twitter_creator":"@altominhoTV","twitter_site":"@altominhoTV","twitter_misc":{"Escrito por":"Andreia Cunha | Lusa","Tempo estimado de leitura":"4 minutos"},"schema":{"@context":"https:\/\/schema.org","@graph":[{"@type":"Article","@id":"https:\/\/www.altominho.tv\/site\/2020\/05\/09\/turismo-porto-e-norte-avanca-em-junho-com-plano-de-recuperacao-do-setor\/#article","isPartOf":{"@id":"https:\/\/www.altominho.tv\/site\/2020\/05\/09\/turismo-porto-e-norte-avanca-em-junho-com-plano-de-recuperacao-do-setor\/"},"author":{"name":"Andreia Cunha | Lusa","@id":"https:\/\/www.altominho.tv\/site\/#\/schema\/person\/dbaf181c01b51ff40c9f461a905d321e"},"headline":"Turismo Porto e Norte avan\u00e7a em junho com plano de recupera\u00e7\u00e3o do setor","datePublished":"2020-05-09T17:20:01+00:00","dateModified":"2020-05-09T17:25:56+00:00","mainEntityOfPage":{"@id":"https:\/\/www.altominho.tv\/site\/2020\/05\/09\/turismo-porto-e-norte-avanca-em-junho-com-plano-de-recuperacao-do-setor\/"},"wordCount":863,"image":{"@id":"https:\/\/www.altominho.tv\/site\/2020\/05\/09\/turismo-porto-e-norte-avanca-em-junho-com-plano-de-recuperacao-do-setor\/#primaryimage"},"thumbnailUrl":"https:\/\/www.altominho.tv\/site\/wp-content\/uploads\/2020\/05\/png.png","keywords":["Economia","Sociedade"],"articleSection":["Alto Minho"],"inLanguage":"pt-PT","copyrightYear":"2020","copyrightHolder":{"@id":"https:\/\/www.altominho.tv\/site\/#organization"}},{"@type":"WebPage","@id":"https:\/\/www.altominho.tv\/site\/2020\/05\/09\/turismo-porto-e-norte-avanca-em-junho-com-plano-de-recuperacao-do-setor\/","url":"https:\/\/www.altominho.tv\/site\/2020\/05\/09\/turismo-porto-e-norte-avanca-em-junho-com-plano-de-recuperacao-do-setor\/","name":"Turismo Porto e Norte avan\u00e7a em junho com plano de recupera\u00e7\u00e3o do setor","isPartOf":{"@id":"https:\/\/www.altominho.tv\/site\/#website"},"primaryImageOfPage":{"@id":"https:\/\/www.altominho.tv\/site\/2020\/05\/09\/turismo-porto-e-norte-avanca-em-junho-com-plano-de-recuperacao-do-setor\/#primaryimage"},"image":{"@id":"https:\/\/www.altominho.tv\/site\/2020\/05\/09\/turismo-porto-e-norte-avanca-em-junho-com-plano-de-recuperacao-do-setor\/#primaryimage"},"thumbnailUrl":"https:\/\/www.altominho.tv\/site\/wp-content\/uploads\/2020\/05\/png.png","datePublished":"2020-05-09T17:20:01+00:00","dateModified":"2020-05-09T17:25:56+00:00","author":{"@id":"https:\/\/www.altominho.tv\/site\/#\/schema\/person\/dbaf181c01b51ff40c9f461a905d321e"},"breadcrumb":{"@id":"https:\/\/www.altominho.tv\/site\/2020\/05\/09\/turismo-porto-e-norte-avanca-em-junho-com-plano-de-recuperacao-do-setor\/#breadcrumb"},"inLanguage":"pt-PT","potentialAction":[{"@type":"ReadAction","target":["https:\/\/www.altominho.tv\/site\/2020\/05\/09\/turismo-porto-e-norte-avanca-em-junho-com-plano-de-recuperacao-do-setor\/"]}]},{"@type":"ImageObject","inLanguage":"pt-PT","@id":"https:\/\/www.altominho.tv\/site\/2020\/05\/09\/turismo-porto-e-norte-avanca-em-junho-com-plano-de-recuperacao-do-setor\/#primaryimage","url":"https:\/\/www.altominho.tv\/site\/wp-content\/uploads\/2020\/05\/png.png","contentUrl":"https:\/\/www.altominho.tv\/site\/wp-content\/uploads\/2020\/05\/png.png","width":512,"height":311},{"@type":"BreadcrumbList","@id":"https:\/\/www.altominho.tv\/site\/2020\/05\/09\/turismo-porto-e-norte-avanca-em-junho-com-plano-de-recuperacao-do-setor\/#breadcrumb","itemListElement":[{"@type":"ListItem","position":1,"name":"In\u00edcio","item":"https:\/\/www.altominho.tv\/site\/"},{"@type":"ListItem","position":2,"name":"Turismo Porto e Norte avan\u00e7a em junho com plano de recupera\u00e7\u00e3o do setor"}]},{"@type":"WebSite","@id":"https:\/\/www.altominho.tv\/site\/#website","url":"https:\/\/www.altominho.tv\/site\/","name":"Altominho.tv","description":"A sua regi\u00e3o \u00e0 dist\u00e2ncia de um clique...","potentialAction":[{"@type":"SearchAction","target":{"@type":"EntryPoint","urlTemplate":"https:\/\/www.altominho.tv\/site\/?s={search_term_string}"},"query-input":{"@type":"PropertyValueSpecification","valueRequired":true,"valueName":"search_term_string"}}],"inLanguage":"pt-PT"},{"@type":"Person","@id":"https:\/\/www.altominho.tv\/site\/#\/schema\/person\/dbaf181c01b51ff40c9f461a905d321e","name":"Andreia Cunha | Lusa","image":{"@type":"ImageObject","inLanguage":"pt-PT","@id":"https:\/\/www.altominho.tv\/site\/wp-content\/uploads\/2017\/11\/Andreia_Cunha-1-150x150.jpg","url":"https:\/\/www.altominho.tv\/site\/wp-content\/uploads\/2017\/11\/Andreia_Cunha-1-150x150.jpg","contentUrl":"https:\/\/www.altominho.tv\/site\/wp-content\/uploads\/2017\/11\/Andreia_Cunha-1-150x150.jpg","caption":"Andreia Cunha | Lusa"},"sameAs":["https:\/\/www.altominho.tv\/site"],"url":"https:\/\/www.altominho.tv\/site\/author\/andreiacunhalusa\/"}]}},"_links":{"self":[{"href":"https:\/\/www.altominho.tv\/site\/wp-json\/wp\/v2\/posts\/45971","targetHints":{"allow":["GET"]}}],"collection":[{"href":"https:\/\/www.altominho.tv\/site\/wp-json\/wp\/v2\/posts"}],"about":[{"href":"https:\/\/www.altominho.tv\/site\/wp-json\/wp\/v2\/types\/post"}],"author":[{"embeddable":true,"href":"https:\/\/www.altominho.tv\/site\/wp-json\/wp\/v2\/users\/16"}],"replies":[{"embeddable":true,"href":"https:\/\/www.altominho.tv\/site\/wp-json\/wp\/v2\/comments?post=45971"}],"version-history":[{"count":0,"href":"https:\/\/www.altominho.tv\/site\/wp-json\/wp\/v2\/posts\/45971\/revisions"}],"wp:featuredmedia":[{"embeddable":true,"href":"https:\/\/www.altominho.tv\/site\/wp-json\/wp\/v2\/media\/45972"}],"wp:attachment":[{"href":"https:\/\/www.altominho.tv\/site\/wp-json\/wp\/v2\/media?parent=45971"}],"wp:term":[{"taxonomy":"category","embeddable":true,"href":"https:\/\/www.altominho.tv\/site\/wp-json\/wp\/v2\/categories?post=45971"},{"taxonomy":"post_tag","embeddable":true,"href":"https:\/\/www.altominho.tv\/site\/wp-json\/wp\/v2\/tags?post=45971"}],"curies":[{"name":"wp","href":"https:\/\/api.w.org\/{rel}","templated":true}]}}