{"id":45962,"date":"2020-05-09T09:54:26","date_gmt":"2020-05-09T08:54:26","guid":{"rendered":"http:\/\/www.altominho.tv\/site\/?p=45962"},"modified":"2020-05-09T09:54:31","modified_gmt":"2020-05-09T08:54:31","slug":"costa-diz-que-protocolo-sanitario-para-regresso-do-futebol-esta-perto-da-conclusao","status":"publish","type":"post","link":"https:\/\/www.altominho.tv\/site\/2020\/05\/09\/costa-diz-que-protocolo-sanitario-para-regresso-do-futebol-esta-perto-da-conclusao\/","title":{"rendered":"Costa diz que protocolo sanit\u00e1rio para regresso do futebol est\u00e1 perto da conclus\u00e3o"},"content":{"rendered":"\n<p>O primeiro-ministro, Ant\u00f3nio Costa, afirmou que os clubes da I Liga de futebol oferecem \u201ctodas as condi\u00e7\u00f5es\u201d para garantir a seguran\u00e7a dos intervenientes, frisando que o protocolo sanit\u00e1rio est\u00e1 perto de ser conclu\u00eddo.<\/p>\n\n\n\n<p>\u201cN\u00e3o vai haver p\u00fablico e os clubes da I Liga oferecem todas as condi\u00e7\u00f5es de organiza\u00e7\u00e3o interna para poderem assegurar a seguran\u00e7a dos seus t\u00e9cnicos e profissionais. Estamos a falar de uma popula\u00e7\u00e3o, quer pela faixa et\u00e1ria, quer pela sua condi\u00e7\u00e3o de sa\u00fade, tem um baixo risco. Todos t\u00eam interesse, mais do que todos n\u00f3s, em preservar a sua pr\u00f3pria sa\u00fade\u201d, disse, em entrevista ao Porto Canal.<\/p>\n\n\n\n<p>A I Liga, liderada pelo FC Porto com um ponto de vantagem sobre o campe\u00e3o Benfica, foi suspensa em 12 de mar\u00e7o devido \u00e0 pandemia da covid-19.<\/p>\n\n\n\n<p>Ant\u00f3nio Costa explicou que a Dire\u00e7\u00e3o-Geral da Sa\u00fade ainda n\u00e3o validou por completo o protocolo sanit\u00e1rio que permite o retomar da I Liga, mas que tal deve acontecer em breve.<\/p>\n\n\n\n<p>\u201cEst\u00e1 a ser negociado um protocolo sanit\u00e1rio, que ou foi hoje conclu\u00eddo ou que ser\u00e1 nos pr\u00f3ximos dias. Ontem [quinta-feira] ainda n\u00e3o estava conclu\u00eddo, a Dire\u00e7\u00e3o-Geral da Sa\u00fade ainda n\u00e3o validou a 100% o protocolo sanit\u00e1rio, o que pode ter acontecido durante a tarde e eu n\u00e3o ter dado conta disso ainda\u201d, salientou.<\/p>\n\n\n\n<p>O primeiro-ministro referiu que todos est\u00e3o a trabalhar e que v\u00e3o ser encontradas \u201cnormas de seguran\u00e7a para que a atividade possa decorrer\u201d.<\/p>\n\n\n\n<p>\u201cOs jogadores temem e os t\u00e9cnicos temem, ser\u00e3o os primeiros a tomar as cautelas necess\u00e1rias para n\u00e3o se deixarem contaminar. Se algu\u00e9m tiver a equipa toda infetada v\u00e3o perder o jogo por falta de compar\u00eancia. Todos temos de trabalhar com responsabilidade\u201d, acrescentou.<\/p>\n\n\n\n<p>Ant\u00f3nio Costa revelou ainda que a ministra da Sa\u00fade, Marta Temido, j\u00e1 falou com o seu homologo da Alemanha, que vai retomar a Liga de futebol mais cedo que Portugal, para perceber as normas que est\u00e3o a aplicar.<\/p>\n\n\n\n<p>\u201c\u00c9 importante que a \u00e9poca desportiva se possa concluir\u201d, defendeu.<\/p>\n\n\n\n<p>Sobre a presen\u00e7a dos presidentes de Benfica, FC Porto e Sporting juntos numa reuni\u00e3o com o Governo, o primeiro-ministro revelou que gostou de ver: \u201c\u00c9 um excelente exemplo que quando toca a rebate todos se unem para responder ao que \u00e9 essencial\u201d.<\/p>\n\n\n\n<p>Com o fim do estado de emerg\u00eancia no dia 03 de maio, o Governo autorizou o regresso dos jogos \u00e0 porta fechada na I Liga, no fim de semana de 30 e 31 de maio, numa decis\u00e3o que, no entanto, est\u00e1 dependente de aprova\u00e7\u00e3o da Dire\u00e7\u00e3o-Geral da Sa\u00fade (DGS).<\/p>\n","protected":false},"excerpt":{"rendered":"<p>O primeiro-ministro, Ant\u00f3nio Costa, afirmou que os clubes da I Liga de futebol oferecem \u201ctodas as condi\u00e7\u00f5es\u201d para garantir a seguran\u00e7a dos intervenientes, frisando que o protocolo sanit\u00e1rio est\u00e1 perto de ser conclu\u00eddo. \u201cN\u00e3o vai haver p\u00fablico e os clubes da I Liga oferecem todas as condi\u00e7\u00f5es de organiza\u00e7\u00e3o interna para poderem assegurar a seguran\u00e7a [&hellip;]<\/p>\n","protected":false},"author":16,"featured_media":45963,"comment_status":"closed","ping_status":"closed","sticky":false,"template":"","format":"standard","meta":{"_exactmetrics_skip_tracking":false,"_exactmetrics_sitenote_active":false,"_exactmetrics_sitenote_note":"","_exactmetrics_sitenote_category":0,"footnotes":""},"categories":[42722],"tags":[20,26],"class_list":["post-45962","post","type-post","status-publish","format-standard","has-post-thumbnail","hentry","category-covid-19","tag-desporto","tag-saude"],"yoast_head":"<!-- This site is optimized with the Yoast SEO Premium plugin v27.4 (Yoast SEO v27.4) - https:\/\/yoast.com\/product\/yoast-seo-premium-wordpress\/ -->\n<title>Costa diz que protocolo sanit\u00e1rio para regresso do futebol est\u00e1 perto da conclus\u00e3o<\/title>\n<meta name=\"robots\" content=\"index, follow, max-snippet:-1, max-image-preview:large, max-video-preview:-1\" \/>\n<link rel=\"canonical\" href=\"https:\/\/www.altominho.tv\/site\/2020\/05\/09\/costa-diz-que-protocolo-sanitario-para-regresso-do-futebol-esta-perto-da-conclusao\/\" \/>\n<meta property=\"og:locale\" content=\"pt_PT\" \/>\n<meta property=\"og:type\" content=\"article\" \/>\n<meta property=\"og:title\" content=\"Costa diz que protocolo sanit\u00e1rio para regresso do futebol est\u00e1 perto da conclus\u00e3o\" \/>\n<meta property=\"og:description\" content=\"O primeiro-ministro, Ant\u00f3nio Costa, afirmou que os clubes da I Liga de futebol oferecem \u201ctodas as condi\u00e7\u00f5es\u201d para garantir a seguran\u00e7a dos intervenientes, frisando que o protocolo sanit\u00e1rio est\u00e1 perto de ser conclu\u00eddo. \u201cN\u00e3o vai haver p\u00fablico e os clubes da I Liga oferecem todas as condi\u00e7\u00f5es de organiza\u00e7\u00e3o interna para poderem assegurar a seguran\u00e7a [&hellip;]\" \/>\n<meta property=\"og:url\" content=\"https:\/\/www.altominho.tv\/site\/2020\/05\/09\/costa-diz-que-protocolo-sanitario-para-regresso-do-futebol-esta-perto-da-conclusao\/\" \/>\n<meta property=\"og:site_name\" content=\"Altominho.tv\" \/>\n<meta property=\"article:publisher\" content=\"https:\/\/www.facebook.com\/altominhotv\" \/>\n<meta property=\"article:published_time\" content=\"2020-05-09T08:54:26+00:00\" \/>\n<meta property=\"article:modified_time\" content=\"2020-05-09T08:54:31+00:00\" \/>\n<meta property=\"og:image\" content=\"https:\/\/www.altominho.tv\/site\/wp-content\/uploads\/2020\/05\/futebol.jpg\" \/>\n\t<meta property=\"og:image:width\" content=\"920\" \/>\n\t<meta property=\"og:image:height\" content=\"518\" \/>\n\t<meta property=\"og:image:type\" content=\"image\/jpeg\" \/>\n<meta name=\"author\" content=\"Andreia Cunha | Lusa\" \/>\n<meta name=\"twitter:card\" content=\"summary_large_image\" \/>\n<meta name=\"twitter:creator\" content=\"@altominhoTV\" \/>\n<meta name=\"twitter:site\" content=\"@altominhoTV\" \/>\n<meta name=\"twitter:label1\" content=\"Escrito por\" \/>\n\t<meta name=\"twitter:data1\" content=\"Andreia Cunha | Lusa\" \/>\n\t<meta name=\"twitter:label2\" content=\"Tempo estimado de leitura\" \/>\n\t<meta name=\"twitter:data2\" content=\"2 minutos\" \/>\n<script type=\"application\/ld+json\" class=\"yoast-schema-graph\">{\"@context\":\"https:\\\/\\\/schema.org\",\"@graph\":[{\"@type\":\"Article\",\"@id\":\"https:\\\/\\\/www.altominho.tv\\\/site\\\/2020\\\/05\\\/09\\\/costa-diz-que-protocolo-sanitario-para-regresso-do-futebol-esta-perto-da-conclusao\\\/#article\",\"isPartOf\":{\"@id\":\"https:\\\/\\\/www.altominho.tv\\\/site\\\/2020\\\/05\\\/09\\\/costa-diz-que-protocolo-sanitario-para-regresso-do-futebol-esta-perto-da-conclusao\\\/\"},\"author\":{\"name\":\"Andreia Cunha | Lusa\",\"@id\":\"https:\\\/\\\/www.altominho.tv\\\/site\\\/#\\\/schema\\\/person\\\/dbaf181c01b51ff40c9f461a905d321e\"},\"headline\":\"Costa diz que protocolo sanit\u00e1rio para regresso do futebol est\u00e1 perto da conclus\u00e3o\",\"datePublished\":\"2020-05-09T08:54:26+00:00\",\"dateModified\":\"2020-05-09T08:54:31+00:00\",\"mainEntityOfPage\":{\"@id\":\"https:\\\/\\\/www.altominho.tv\\\/site\\\/2020\\\/05\\\/09\\\/costa-diz-que-protocolo-sanitario-para-regresso-do-futebol-esta-perto-da-conclusao\\\/\"},\"wordCount\":474,\"image\":{\"@id\":\"https:\\\/\\\/www.altominho.tv\\\/site\\\/2020\\\/05\\\/09\\\/costa-diz-que-protocolo-sanitario-para-regresso-do-futebol-esta-perto-da-conclusao\\\/#primaryimage\"},\"thumbnailUrl\":\"https:\\\/\\\/www.altominho.tv\\\/site\\\/wp-content\\\/uploads\\\/2020\\\/05\\\/futebol.jpg\",\"keywords\":[\"Desporto\",\"Sa\u00fade\"],\"articleSection\":[\"Coronav\u00edrus\"],\"inLanguage\":\"pt-PT\",\"copyrightYear\":\"2020\",\"copyrightHolder\":{\"@id\":\"https:\\\/\\\/www.altominho.tv\\\/site\\\/#organization\"}},{\"@type\":\"WebPage\",\"@id\":\"https:\\\/\\\/www.altominho.tv\\\/site\\\/2020\\\/05\\\/09\\\/costa-diz-que-protocolo-sanitario-para-regresso-do-futebol-esta-perto-da-conclusao\\\/\",\"url\":\"https:\\\/\\\/www.altominho.tv\\\/site\\\/2020\\\/05\\\/09\\\/costa-diz-que-protocolo-sanitario-para-regresso-do-futebol-esta-perto-da-conclusao\\\/\",\"name\":\"Costa diz que protocolo sanit\u00e1rio para regresso do futebol est\u00e1 perto da conclus\u00e3o\",\"isPartOf\":{\"@id\":\"https:\\\/\\\/www.altominho.tv\\\/site\\\/#website\"},\"primaryImageOfPage\":{\"@id\":\"https:\\\/\\\/www.altominho.tv\\\/site\\\/2020\\\/05\\\/09\\\/costa-diz-que-protocolo-sanitario-para-regresso-do-futebol-esta-perto-da-conclusao\\\/#primaryimage\"},\"image\":{\"@id\":\"https:\\\/\\\/www.altominho.tv\\\/site\\\/2020\\\/05\\\/09\\\/costa-diz-que-protocolo-sanitario-para-regresso-do-futebol-esta-perto-da-conclusao\\\/#primaryimage\"},\"thumbnailUrl\":\"https:\\\/\\\/www.altominho.tv\\\/site\\\/wp-content\\\/uploads\\\/2020\\\/05\\\/futebol.jpg\",\"datePublished\":\"2020-05-09T08:54:26+00:00\",\"dateModified\":\"2020-05-09T08:54:31+00:00\",\"author\":{\"@id\":\"https:\\\/\\\/www.altominho.tv\\\/site\\\/#\\\/schema\\\/person\\\/dbaf181c01b51ff40c9f461a905d321e\"},\"breadcrumb\":{\"@id\":\"https:\\\/\\\/www.altominho.tv\\\/site\\\/2020\\\/05\\\/09\\\/costa-diz-que-protocolo-sanitario-para-regresso-do-futebol-esta-perto-da-conclusao\\\/#breadcrumb\"},\"inLanguage\":\"pt-PT\",\"potentialAction\":[{\"@type\":\"ReadAction\",\"target\":[\"https:\\\/\\\/www.altominho.tv\\\/site\\\/2020\\\/05\\\/09\\\/costa-diz-que-protocolo-sanitario-para-regresso-do-futebol-esta-perto-da-conclusao\\\/\"]}]},{\"@type\":\"ImageObject\",\"inLanguage\":\"pt-PT\",\"@id\":\"https:\\\/\\\/www.altominho.tv\\\/site\\\/2020\\\/05\\\/09\\\/costa-diz-que-protocolo-sanitario-para-regresso-do-futebol-esta-perto-da-conclusao\\\/#primaryimage\",\"url\":\"https:\\\/\\\/www.altominho.tv\\\/site\\\/wp-content\\\/uploads\\\/2020\\\/05\\\/futebol.jpg\",\"contentUrl\":\"https:\\\/\\\/www.altominho.tv\\\/site\\\/wp-content\\\/uploads\\\/2020\\\/05\\\/futebol.jpg\",\"width\":920,\"height\":518},{\"@type\":\"BreadcrumbList\",\"@id\":\"https:\\\/\\\/www.altominho.tv\\\/site\\\/2020\\\/05\\\/09\\\/costa-diz-que-protocolo-sanitario-para-regresso-do-futebol-esta-perto-da-conclusao\\\/#breadcrumb\",\"itemListElement\":[{\"@type\":\"ListItem\",\"position\":1,\"name\":\"In\u00edcio\",\"item\":\"https:\\\/\\\/www.altominho.tv\\\/site\\\/\"},{\"@type\":\"ListItem\",\"position\":2,\"name\":\"Costa diz que protocolo sanit\u00e1rio para regresso do futebol est\u00e1 perto da conclus\u00e3o\"}]},{\"@type\":\"WebSite\",\"@id\":\"https:\\\/\\\/www.altominho.tv\\\/site\\\/#website\",\"url\":\"https:\\\/\\\/www.altominho.tv\\\/site\\\/\",\"name\":\"Altominho.tv\",\"description\":\"A sua regi\u00e3o \u00e0 dist\u00e2ncia de um clique...\",\"potentialAction\":[{\"@type\":\"SearchAction\",\"target\":{\"@type\":\"EntryPoint\",\"urlTemplate\":\"https:\\\/\\\/www.altominho.tv\\\/site\\\/?s={search_term_string}\"},\"query-input\":{\"@type\":\"PropertyValueSpecification\",\"valueRequired\":true,\"valueName\":\"search_term_string\"}}],\"inLanguage\":\"pt-PT\"},{\"@type\":\"Person\",\"@id\":\"https:\\\/\\\/www.altominho.tv\\\/site\\\/#\\\/schema\\\/person\\\/dbaf181c01b51ff40c9f461a905d321e\",\"name\":\"Andreia Cunha | Lusa\",\"image\":{\"@type\":\"ImageObject\",\"inLanguage\":\"pt-PT\",\"@id\":\"https:\\\/\\\/www.altominho.tv\\\/site\\\/wp-content\\\/uploads\\\/2017\\\/11\\\/Andreia_Cunha-1-150x150.jpg\",\"url\":\"https:\\\/\\\/www.altominho.tv\\\/site\\\/wp-content\\\/uploads\\\/2017\\\/11\\\/Andreia_Cunha-1-150x150.jpg\",\"contentUrl\":\"https:\\\/\\\/www.altominho.tv\\\/site\\\/wp-content\\\/uploads\\\/2017\\\/11\\\/Andreia_Cunha-1-150x150.jpg\",\"caption\":\"Andreia Cunha | Lusa\"},\"sameAs\":[\"https:\\\/\\\/www.altominho.tv\\\/site\"],\"url\":\"https:\\\/\\\/www.altominho.tv\\\/site\\\/author\\\/andreiacunhalusa\\\/\"}]}<\/script>\n<!-- \/ Yoast SEO Premium plugin. -->","yoast_head_json":{"title":"Costa diz que protocolo sanit\u00e1rio para regresso do futebol est\u00e1 perto da conclus\u00e3o","robots":{"index":"index","follow":"follow","max-snippet":"max-snippet:-1","max-image-preview":"max-image-preview:large","max-video-preview":"max-video-preview:-1"},"canonical":"https:\/\/www.altominho.tv\/site\/2020\/05\/09\/costa-diz-que-protocolo-sanitario-para-regresso-do-futebol-esta-perto-da-conclusao\/","og_locale":"pt_PT","og_type":"article","og_title":"Costa diz que protocolo sanit\u00e1rio para regresso do futebol est\u00e1 perto da conclus\u00e3o","og_description":"O primeiro-ministro, Ant\u00f3nio Costa, afirmou que os clubes da I Liga de futebol oferecem \u201ctodas as condi\u00e7\u00f5es\u201d para garantir a seguran\u00e7a dos intervenientes, frisando que o protocolo sanit\u00e1rio est\u00e1 perto de ser conclu\u00eddo. \u201cN\u00e3o vai haver p\u00fablico e os clubes da I Liga oferecem todas as condi\u00e7\u00f5es de organiza\u00e7\u00e3o interna para poderem assegurar a seguran\u00e7a [&hellip;]","og_url":"https:\/\/www.altominho.tv\/site\/2020\/05\/09\/costa-diz-que-protocolo-sanitario-para-regresso-do-futebol-esta-perto-da-conclusao\/","og_site_name":"Altominho.tv","article_publisher":"https:\/\/www.facebook.com\/altominhotv","article_published_time":"2020-05-09T08:54:26+00:00","article_modified_time":"2020-05-09T08:54:31+00:00","og_image":[{"width":920,"height":518,"url":"https:\/\/www.altominho.tv\/site\/wp-content\/uploads\/2020\/05\/futebol.jpg","type":"image\/jpeg"}],"author":"Andreia Cunha | Lusa","twitter_card":"summary_large_image","twitter_creator":"@altominhoTV","twitter_site":"@altominhoTV","twitter_misc":{"Escrito por":"Andreia Cunha | Lusa","Tempo estimado de leitura":"2 minutos"},"schema":{"@context":"https:\/\/schema.org","@graph":[{"@type":"Article","@id":"https:\/\/www.altominho.tv\/site\/2020\/05\/09\/costa-diz-que-protocolo-sanitario-para-regresso-do-futebol-esta-perto-da-conclusao\/#article","isPartOf":{"@id":"https:\/\/www.altominho.tv\/site\/2020\/05\/09\/costa-diz-que-protocolo-sanitario-para-regresso-do-futebol-esta-perto-da-conclusao\/"},"author":{"name":"Andreia Cunha | Lusa","@id":"https:\/\/www.altominho.tv\/site\/#\/schema\/person\/dbaf181c01b51ff40c9f461a905d321e"},"headline":"Costa diz que protocolo sanit\u00e1rio para regresso do futebol est\u00e1 perto da conclus\u00e3o","datePublished":"2020-05-09T08:54:26+00:00","dateModified":"2020-05-09T08:54:31+00:00","mainEntityOfPage":{"@id":"https:\/\/www.altominho.tv\/site\/2020\/05\/09\/costa-diz-que-protocolo-sanitario-para-regresso-do-futebol-esta-perto-da-conclusao\/"},"wordCount":474,"image":{"@id":"https:\/\/www.altominho.tv\/site\/2020\/05\/09\/costa-diz-que-protocolo-sanitario-para-regresso-do-futebol-esta-perto-da-conclusao\/#primaryimage"},"thumbnailUrl":"https:\/\/www.altominho.tv\/site\/wp-content\/uploads\/2020\/05\/futebol.jpg","keywords":["Desporto","Sa\u00fade"],"articleSection":["Coronav\u00edrus"],"inLanguage":"pt-PT","copyrightYear":"2020","copyrightHolder":{"@id":"https:\/\/www.altominho.tv\/site\/#organization"}},{"@type":"WebPage","@id":"https:\/\/www.altominho.tv\/site\/2020\/05\/09\/costa-diz-que-protocolo-sanitario-para-regresso-do-futebol-esta-perto-da-conclusao\/","url":"https:\/\/www.altominho.tv\/site\/2020\/05\/09\/costa-diz-que-protocolo-sanitario-para-regresso-do-futebol-esta-perto-da-conclusao\/","name":"Costa diz que protocolo sanit\u00e1rio para regresso do futebol est\u00e1 perto da conclus\u00e3o","isPartOf":{"@id":"https:\/\/www.altominho.tv\/site\/#website"},"primaryImageOfPage":{"@id":"https:\/\/www.altominho.tv\/site\/2020\/05\/09\/costa-diz-que-protocolo-sanitario-para-regresso-do-futebol-esta-perto-da-conclusao\/#primaryimage"},"image":{"@id":"https:\/\/www.altominho.tv\/site\/2020\/05\/09\/costa-diz-que-protocolo-sanitario-para-regresso-do-futebol-esta-perto-da-conclusao\/#primaryimage"},"thumbnailUrl":"https:\/\/www.altominho.tv\/site\/wp-content\/uploads\/2020\/05\/futebol.jpg","datePublished":"2020-05-09T08:54:26+00:00","dateModified":"2020-05-09T08:54:31+00:00","author":{"@id":"https:\/\/www.altominho.tv\/site\/#\/schema\/person\/dbaf181c01b51ff40c9f461a905d321e"},"breadcrumb":{"@id":"https:\/\/www.altominho.tv\/site\/2020\/05\/09\/costa-diz-que-protocolo-sanitario-para-regresso-do-futebol-esta-perto-da-conclusao\/#breadcrumb"},"inLanguage":"pt-PT","potentialAction":[{"@type":"ReadAction","target":["https:\/\/www.altominho.tv\/site\/2020\/05\/09\/costa-diz-que-protocolo-sanitario-para-regresso-do-futebol-esta-perto-da-conclusao\/"]}]},{"@type":"ImageObject","inLanguage":"pt-PT","@id":"https:\/\/www.altominho.tv\/site\/2020\/05\/09\/costa-diz-que-protocolo-sanitario-para-regresso-do-futebol-esta-perto-da-conclusao\/#primaryimage","url":"https:\/\/www.altominho.tv\/site\/wp-content\/uploads\/2020\/05\/futebol.jpg","contentUrl":"https:\/\/www.altominho.tv\/site\/wp-content\/uploads\/2020\/05\/futebol.jpg","width":920,"height":518},{"@type":"BreadcrumbList","@id":"https:\/\/www.altominho.tv\/site\/2020\/05\/09\/costa-diz-que-protocolo-sanitario-para-regresso-do-futebol-esta-perto-da-conclusao\/#breadcrumb","itemListElement":[{"@type":"ListItem","position":1,"name":"In\u00edcio","item":"https:\/\/www.altominho.tv\/site\/"},{"@type":"ListItem","position":2,"name":"Costa diz que protocolo sanit\u00e1rio para regresso do futebol est\u00e1 perto da conclus\u00e3o"}]},{"@type":"WebSite","@id":"https:\/\/www.altominho.tv\/site\/#website","url":"https:\/\/www.altominho.tv\/site\/","name":"Altominho.tv","description":"A sua regi\u00e3o \u00e0 dist\u00e2ncia de um clique...","potentialAction":[{"@type":"SearchAction","target":{"@type":"EntryPoint","urlTemplate":"https:\/\/www.altominho.tv\/site\/?s={search_term_string}"},"query-input":{"@type":"PropertyValueSpecification","valueRequired":true,"valueName":"search_term_string"}}],"inLanguage":"pt-PT"},{"@type":"Person","@id":"https:\/\/www.altominho.tv\/site\/#\/schema\/person\/dbaf181c01b51ff40c9f461a905d321e","name":"Andreia Cunha | Lusa","image":{"@type":"ImageObject","inLanguage":"pt-PT","@id":"https:\/\/www.altominho.tv\/site\/wp-content\/uploads\/2017\/11\/Andreia_Cunha-1-150x150.jpg","url":"https:\/\/www.altominho.tv\/site\/wp-content\/uploads\/2017\/11\/Andreia_Cunha-1-150x150.jpg","contentUrl":"https:\/\/www.altominho.tv\/site\/wp-content\/uploads\/2017\/11\/Andreia_Cunha-1-150x150.jpg","caption":"Andreia Cunha | Lusa"},"sameAs":["https:\/\/www.altominho.tv\/site"],"url":"https:\/\/www.altominho.tv\/site\/author\/andreiacunhalusa\/"}]}},"_links":{"self":[{"href":"https:\/\/www.altominho.tv\/site\/wp-json\/wp\/v2\/posts\/45962","targetHints":{"allow":["GET"]}}],"collection":[{"href":"https:\/\/www.altominho.tv\/site\/wp-json\/wp\/v2\/posts"}],"about":[{"href":"https:\/\/www.altominho.tv\/site\/wp-json\/wp\/v2\/types\/post"}],"author":[{"embeddable":true,"href":"https:\/\/www.altominho.tv\/site\/wp-json\/wp\/v2\/users\/16"}],"replies":[{"embeddable":true,"href":"https:\/\/www.altominho.tv\/site\/wp-json\/wp\/v2\/comments?post=45962"}],"version-history":[{"count":0,"href":"https:\/\/www.altominho.tv\/site\/wp-json\/wp\/v2\/posts\/45962\/revisions"}],"wp:featuredmedia":[{"embeddable":true,"href":"https:\/\/www.altominho.tv\/site\/wp-json\/wp\/v2\/media\/45963"}],"wp:attachment":[{"href":"https:\/\/www.altominho.tv\/site\/wp-json\/wp\/v2\/media?parent=45962"}],"wp:term":[{"taxonomy":"category","embeddable":true,"href":"https:\/\/www.altominho.tv\/site\/wp-json\/wp\/v2\/categories?post=45962"},{"taxonomy":"post_tag","embeddable":true,"href":"https:\/\/www.altominho.tv\/site\/wp-json\/wp\/v2\/tags?post=45962"}],"curies":[{"name":"wp","href":"https:\/\/api.w.org\/{rel}","templated":true}]}}