{"id":45934,"date":"2020-05-08T20:44:34","date_gmt":"2020-05-08T19:44:34","guid":{"rendered":"http:\/\/www.altominho.tv\/site\/?p=45934"},"modified":"2020-05-08T20:44:38","modified_gmt":"2020-05-08T19:44:38","slug":"alto-minho-suspende-romarias-festas-e-eventos-similares-ate-30-de-setembro","status":"publish","type":"post","link":"https:\/\/www.altominho.tv\/site\/2020\/05\/08\/alto-minho-suspende-romarias-festas-e-eventos-similares-ate-30-de-setembro\/","title":{"rendered":"Alto Minho suspende romarias, festas e eventos similares at\u00e9 30 de setembro"},"content":{"rendered":"<p><strong>Os dez munic\u00edpios do distrito de Viana do Castelo, agrupados na Comunidade Intermunicipal (CIM) do Alto Minho n\u00e3o v\u00e3o licenciar romarias, festas e eventos similares que decorram at\u00e9 30 setembro, para prevenir a propaga\u00e7\u00e3o da covid-19, informou hoje aquela estrutura.<\/strong><\/p>\n<p>Em comunicado enviado \u00e0s reda\u00e7\u00f5es, a CIM do Alto Minho, que tem sede em Ponte de Lima, informou que a decis\u00e3o foi tomada, hoje, pelo Conselho Intermunicipal &#8220;face aos graves riscos de sa\u00fade p\u00fablica associados \u00e0 propaga\u00e7\u00e3o da pandemia do covid-19&#8221; na regi\u00e3o e ap\u00f3s uma reuni\u00e3o com o presidente da Unidade Local de Sa\u00fade do Alto Minho (ULSAM), o delegado de Sa\u00fade do Alto Minho, a diretora do Centro Distrital da Seguran\u00e7a Social e o comandante Distrital da Prote\u00e7\u00e3o Civil.<\/p>\n<p>Na nota, a CIM do Alto Minho adiantou que a decis\u00e3o do seu Conselho Intermunicipal foi tomada na sequ\u00eancia das orienta\u00e7\u00f5es do Governo relativas \u00e0 proibi\u00e7\u00e3o de festivais e situa\u00e7\u00f5es an\u00e1logas at\u00e9 30 de setembro e da Confer\u00eancia Episcopal relativas ao adiamento de festas, romarias e outras atividades similares tamb\u00e9m at\u00e9 final de setembro.<\/p>\n","protected":false},"excerpt":{"rendered":"<p>Os dez munic\u00edpios do distrito de Viana do Castelo, agrupados na Comunidade Intermunicipal (CIM) do Alto Minho n\u00e3o v\u00e3o licenciar romarias, festas e eventos similares que decorram at\u00e9 30 setembro, para prevenir a propaga\u00e7\u00e3o da covid-19, informou hoje aquela estrutura. Em comunicado enviado \u00e0s reda\u00e7\u00f5es, a CIM do Alto Minho, que tem sede em Ponte [&hellip;]<\/p>\n","protected":false},"author":13,"featured_media":45935,"comment_status":"closed","ping_status":"closed","sticky":false,"template":"","format":"standard","meta":{"_exactmetrics_skip_tracking":false,"_exactmetrics_sitenote_active":false,"_exactmetrics_sitenote_note":"","_exactmetrics_sitenote_category":0,"footnotes":""},"categories":[73],"tags":[24],"class_list":["post-45934","post","type-post","status-publish","format-standard","has-post-thumbnail","hentry","category-alto-minho","tag-lazer"],"yoast_head":"<!-- This site is optimized with the Yoast SEO Premium plugin v27.4 (Yoast SEO v27.4) - https:\/\/yoast.com\/product\/yoast-seo-premium-wordpress\/ -->\n<title>Alto Minho suspende romarias, festas e eventos similares at\u00e9 30 de setembro<\/title>\n<meta name=\"robots\" content=\"index, follow, max-snippet:-1, max-image-preview:large, max-video-preview:-1\" \/>\n<link rel=\"canonical\" href=\"https:\/\/www.altominho.tv\/site\/2020\/05\/08\/alto-minho-suspende-romarias-festas-e-eventos-similares-ate-30-de-setembro\/\" \/>\n<meta property=\"og:locale\" content=\"pt_PT\" \/>\n<meta property=\"og:type\" content=\"article\" \/>\n<meta property=\"og:title\" content=\"Alto Minho suspende romarias, festas e eventos similares at\u00e9 30 de setembro\" \/>\n<meta property=\"og:description\" content=\"Os dez munic\u00edpios do distrito de Viana do Castelo, agrupados na Comunidade Intermunicipal (CIM) do Alto Minho n\u00e3o v\u00e3o licenciar romarias, festas e eventos similares que decorram at\u00e9 30 setembro, para prevenir a propaga\u00e7\u00e3o da covid-19, informou hoje aquela estrutura. Em comunicado enviado \u00e0s reda\u00e7\u00f5es, a CIM do Alto Minho, que tem sede em Ponte [&hellip;]\" \/>\n<meta property=\"og:url\" content=\"https:\/\/www.altominho.tv\/site\/2020\/05\/08\/alto-minho-suspende-romarias-festas-e-eventos-similares-ate-30-de-setembro\/\" \/>\n<meta property=\"og:site_name\" content=\"Altominho.tv\" \/>\n<meta property=\"article:publisher\" content=\"https:\/\/www.facebook.com\/altominhotv\" \/>\n<meta property=\"article:published_time\" content=\"2020-05-08T19:44:34+00:00\" \/>\n<meta property=\"article:modified_time\" content=\"2020-05-08T19:44:38+00:00\" \/>\n<meta property=\"og:image\" content=\"https:\/\/www.altominho.tv\/site\/wp-content\/uploads\/2020\/05\/Feiras_Novas.jpg\" \/>\n\t<meta property=\"og:image:width\" content=\"1990\" \/>\n\t<meta property=\"og:image:height\" content=\"1116\" \/>\n\t<meta property=\"og:image:type\" content=\"image\/jpeg\" \/>\n<meta name=\"author\" content=\"Lusa\" \/>\n<meta name=\"twitter:card\" content=\"summary_large_image\" \/>\n<meta name=\"twitter:creator\" content=\"@altominhoTV\" \/>\n<meta name=\"twitter:site\" content=\"@altominhoTV\" \/>\n<meta name=\"twitter:label1\" content=\"Escrito por\" \/>\n\t<meta name=\"twitter:data1\" content=\"Lusa\" \/>\n\t<meta name=\"twitter:label2\" content=\"Tempo estimado de leitura\" \/>\n\t<meta name=\"twitter:data2\" content=\"1 minuto\" \/>\n<script type=\"application\/ld+json\" class=\"yoast-schema-graph\">{\"@context\":\"https:\\\/\\\/schema.org\",\"@graph\":[{\"@type\":\"Article\",\"@id\":\"https:\\\/\\\/www.altominho.tv\\\/site\\\/2020\\\/05\\\/08\\\/alto-minho-suspende-romarias-festas-e-eventos-similares-ate-30-de-setembro\\\/#article\",\"isPartOf\":{\"@id\":\"https:\\\/\\\/www.altominho.tv\\\/site\\\/2020\\\/05\\\/08\\\/alto-minho-suspende-romarias-festas-e-eventos-similares-ate-30-de-setembro\\\/\"},\"author\":{\"name\":\"Lusa\",\"@id\":\"https:\\\/\\\/www.altominho.tv\\\/site\\\/#\\\/schema\\\/person\\\/63f693da3e1899361cbe955c46f3232e\"},\"headline\":\"Alto Minho suspende romarias, festas e eventos similares at\u00e9 30 de setembro\",\"datePublished\":\"2020-05-08T19:44:34+00:00\",\"dateModified\":\"2020-05-08T19:44:38+00:00\",\"mainEntityOfPage\":{\"@id\":\"https:\\\/\\\/www.altominho.tv\\\/site\\\/2020\\\/05\\\/08\\\/alto-minho-suspende-romarias-festas-e-eventos-similares-ate-30-de-setembro\\\/\"},\"wordCount\":206,\"image\":{\"@id\":\"https:\\\/\\\/www.altominho.tv\\\/site\\\/2020\\\/05\\\/08\\\/alto-minho-suspende-romarias-festas-e-eventos-similares-ate-30-de-setembro\\\/#primaryimage\"},\"thumbnailUrl\":\"https:\\\/\\\/www.altominho.tv\\\/site\\\/wp-content\\\/uploads\\\/2020\\\/05\\\/Feiras_Novas.jpg\",\"keywords\":[\"Lazer\"],\"articleSection\":[\"Alto Minho\"],\"inLanguage\":\"pt-PT\",\"copyrightYear\":\"2020\",\"copyrightHolder\":{\"@id\":\"https:\\\/\\\/www.altominho.tv\\\/site\\\/#organization\"}},{\"@type\":\"WebPage\",\"@id\":\"https:\\\/\\\/www.altominho.tv\\\/site\\\/2020\\\/05\\\/08\\\/alto-minho-suspende-romarias-festas-e-eventos-similares-ate-30-de-setembro\\\/\",\"url\":\"https:\\\/\\\/www.altominho.tv\\\/site\\\/2020\\\/05\\\/08\\\/alto-minho-suspende-romarias-festas-e-eventos-similares-ate-30-de-setembro\\\/\",\"name\":\"Alto Minho suspende romarias, festas e eventos similares at\u00e9 30 de setembro\",\"isPartOf\":{\"@id\":\"https:\\\/\\\/www.altominho.tv\\\/site\\\/#website\"},\"primaryImageOfPage\":{\"@id\":\"https:\\\/\\\/www.altominho.tv\\\/site\\\/2020\\\/05\\\/08\\\/alto-minho-suspende-romarias-festas-e-eventos-similares-ate-30-de-setembro\\\/#primaryimage\"},\"image\":{\"@id\":\"https:\\\/\\\/www.altominho.tv\\\/site\\\/2020\\\/05\\\/08\\\/alto-minho-suspende-romarias-festas-e-eventos-similares-ate-30-de-setembro\\\/#primaryimage\"},\"thumbnailUrl\":\"https:\\\/\\\/www.altominho.tv\\\/site\\\/wp-content\\\/uploads\\\/2020\\\/05\\\/Feiras_Novas.jpg\",\"datePublished\":\"2020-05-08T19:44:34+00:00\",\"dateModified\":\"2020-05-08T19:44:38+00:00\",\"author\":{\"@id\":\"https:\\\/\\\/www.altominho.tv\\\/site\\\/#\\\/schema\\\/person\\\/63f693da3e1899361cbe955c46f3232e\"},\"breadcrumb\":{\"@id\":\"https:\\\/\\\/www.altominho.tv\\\/site\\\/2020\\\/05\\\/08\\\/alto-minho-suspende-romarias-festas-e-eventos-similares-ate-30-de-setembro\\\/#breadcrumb\"},\"inLanguage\":\"pt-PT\",\"potentialAction\":[{\"@type\":\"ReadAction\",\"target\":[\"https:\\\/\\\/www.altominho.tv\\\/site\\\/2020\\\/05\\\/08\\\/alto-minho-suspende-romarias-festas-e-eventos-similares-ate-30-de-setembro\\\/\"]}]},{\"@type\":\"ImageObject\",\"inLanguage\":\"pt-PT\",\"@id\":\"https:\\\/\\\/www.altominho.tv\\\/site\\\/2020\\\/05\\\/08\\\/alto-minho-suspende-romarias-festas-e-eventos-similares-ate-30-de-setembro\\\/#primaryimage\",\"url\":\"https:\\\/\\\/www.altominho.tv\\\/site\\\/wp-content\\\/uploads\\\/2020\\\/05\\\/Feiras_Novas.jpg\",\"contentUrl\":\"https:\\\/\\\/www.altominho.tv\\\/site\\\/wp-content\\\/uploads\\\/2020\\\/05\\\/Feiras_Novas.jpg\",\"width\":1990,\"height\":1116},{\"@type\":\"BreadcrumbList\",\"@id\":\"https:\\\/\\\/www.altominho.tv\\\/site\\\/2020\\\/05\\\/08\\\/alto-minho-suspende-romarias-festas-e-eventos-similares-ate-30-de-setembro\\\/#breadcrumb\",\"itemListElement\":[{\"@type\":\"ListItem\",\"position\":1,\"name\":\"In\u00edcio\",\"item\":\"https:\\\/\\\/www.altominho.tv\\\/site\\\/\"},{\"@type\":\"ListItem\",\"position\":2,\"name\":\"Alto Minho suspende romarias, festas e eventos similares at\u00e9 30 de setembro\"}]},{\"@type\":\"WebSite\",\"@id\":\"https:\\\/\\\/www.altominho.tv\\\/site\\\/#website\",\"url\":\"https:\\\/\\\/www.altominho.tv\\\/site\\\/\",\"name\":\"Altominho.tv\",\"description\":\"A sua regi\u00e3o \u00e0 dist\u00e2ncia de um clique...\",\"potentialAction\":[{\"@type\":\"SearchAction\",\"target\":{\"@type\":\"EntryPoint\",\"urlTemplate\":\"https:\\\/\\\/www.altominho.tv\\\/site\\\/?s={search_term_string}\"},\"query-input\":{\"@type\":\"PropertyValueSpecification\",\"valueRequired\":true,\"valueName\":\"search_term_string\"}}],\"inLanguage\":\"pt-PT\"},{\"@type\":\"Person\",\"@id\":\"https:\\\/\\\/www.altominho.tv\\\/site\\\/#\\\/schema\\\/person\\\/63f693da3e1899361cbe955c46f3232e\",\"name\":\"Lusa\",\"image\":{\"@type\":\"ImageObject\",\"inLanguage\":\"pt-PT\",\"@id\":\"https:\\\/\\\/www.altominho.tv\\\/site\\\/wp-content\\\/uploads\\\/2019\\\/08\\\/LUSA_Logo.gif\",\"url\":\"https:\\\/\\\/www.altominho.tv\\\/site\\\/wp-content\\\/uploads\\\/2019\\\/08\\\/LUSA_Logo.gif\",\"contentUrl\":\"https:\\\/\\\/www.altominho.tv\\\/site\\\/wp-content\\\/uploads\\\/2019\\\/08\\\/LUSA_Logo.gif\",\"caption\":\"Lusa\"},\"sameAs\":[\"http:\\\/\\\/\\\/\\\/www.altominho.tv\\\/site\"],\"url\":\"https:\\\/\\\/www.altominho.tv\\\/site\\\/author\\\/lusa\\\/\"}]}<\/script>\n<!-- \/ Yoast SEO Premium plugin. -->","yoast_head_json":{"title":"Alto Minho suspende romarias, festas e eventos similares at\u00e9 30 de setembro","robots":{"index":"index","follow":"follow","max-snippet":"max-snippet:-1","max-image-preview":"max-image-preview:large","max-video-preview":"max-video-preview:-1"},"canonical":"https:\/\/www.altominho.tv\/site\/2020\/05\/08\/alto-minho-suspende-romarias-festas-e-eventos-similares-ate-30-de-setembro\/","og_locale":"pt_PT","og_type":"article","og_title":"Alto Minho suspende romarias, festas e eventos similares at\u00e9 30 de setembro","og_description":"Os dez munic\u00edpios do distrito de Viana do Castelo, agrupados na Comunidade Intermunicipal (CIM) do Alto Minho n\u00e3o v\u00e3o licenciar romarias, festas e eventos similares que decorram at\u00e9 30 setembro, para prevenir a propaga\u00e7\u00e3o da covid-19, informou hoje aquela estrutura. Em comunicado enviado \u00e0s reda\u00e7\u00f5es, a CIM do Alto Minho, que tem sede em Ponte [&hellip;]","og_url":"https:\/\/www.altominho.tv\/site\/2020\/05\/08\/alto-minho-suspende-romarias-festas-e-eventos-similares-ate-30-de-setembro\/","og_site_name":"Altominho.tv","article_publisher":"https:\/\/www.facebook.com\/altominhotv","article_published_time":"2020-05-08T19:44:34+00:00","article_modified_time":"2020-05-08T19:44:38+00:00","og_image":[{"width":1990,"height":1116,"url":"https:\/\/www.altominho.tv\/site\/wp-content\/uploads\/2020\/05\/Feiras_Novas.jpg","type":"image\/jpeg"}],"author":"Lusa","twitter_card":"summary_large_image","twitter_creator":"@altominhoTV","twitter_site":"@altominhoTV","twitter_misc":{"Escrito por":"Lusa","Tempo estimado de leitura":"1 minuto"},"schema":{"@context":"https:\/\/schema.org","@graph":[{"@type":"Article","@id":"https:\/\/www.altominho.tv\/site\/2020\/05\/08\/alto-minho-suspende-romarias-festas-e-eventos-similares-ate-30-de-setembro\/#article","isPartOf":{"@id":"https:\/\/www.altominho.tv\/site\/2020\/05\/08\/alto-minho-suspende-romarias-festas-e-eventos-similares-ate-30-de-setembro\/"},"author":{"name":"Lusa","@id":"https:\/\/www.altominho.tv\/site\/#\/schema\/person\/63f693da3e1899361cbe955c46f3232e"},"headline":"Alto Minho suspende romarias, festas e eventos similares at\u00e9 30 de setembro","datePublished":"2020-05-08T19:44:34+00:00","dateModified":"2020-05-08T19:44:38+00:00","mainEntityOfPage":{"@id":"https:\/\/www.altominho.tv\/site\/2020\/05\/08\/alto-minho-suspende-romarias-festas-e-eventos-similares-ate-30-de-setembro\/"},"wordCount":206,"image":{"@id":"https:\/\/www.altominho.tv\/site\/2020\/05\/08\/alto-minho-suspende-romarias-festas-e-eventos-similares-ate-30-de-setembro\/#primaryimage"},"thumbnailUrl":"https:\/\/www.altominho.tv\/site\/wp-content\/uploads\/2020\/05\/Feiras_Novas.jpg","keywords":["Lazer"],"articleSection":["Alto Minho"],"inLanguage":"pt-PT","copyrightYear":"2020","copyrightHolder":{"@id":"https:\/\/www.altominho.tv\/site\/#organization"}},{"@type":"WebPage","@id":"https:\/\/www.altominho.tv\/site\/2020\/05\/08\/alto-minho-suspende-romarias-festas-e-eventos-similares-ate-30-de-setembro\/","url":"https:\/\/www.altominho.tv\/site\/2020\/05\/08\/alto-minho-suspende-romarias-festas-e-eventos-similares-ate-30-de-setembro\/","name":"Alto Minho suspende romarias, festas e eventos similares at\u00e9 30 de setembro","isPartOf":{"@id":"https:\/\/www.altominho.tv\/site\/#website"},"primaryImageOfPage":{"@id":"https:\/\/www.altominho.tv\/site\/2020\/05\/08\/alto-minho-suspende-romarias-festas-e-eventos-similares-ate-30-de-setembro\/#primaryimage"},"image":{"@id":"https:\/\/www.altominho.tv\/site\/2020\/05\/08\/alto-minho-suspende-romarias-festas-e-eventos-similares-ate-30-de-setembro\/#primaryimage"},"thumbnailUrl":"https:\/\/www.altominho.tv\/site\/wp-content\/uploads\/2020\/05\/Feiras_Novas.jpg","datePublished":"2020-05-08T19:44:34+00:00","dateModified":"2020-05-08T19:44:38+00:00","author":{"@id":"https:\/\/www.altominho.tv\/site\/#\/schema\/person\/63f693da3e1899361cbe955c46f3232e"},"breadcrumb":{"@id":"https:\/\/www.altominho.tv\/site\/2020\/05\/08\/alto-minho-suspende-romarias-festas-e-eventos-similares-ate-30-de-setembro\/#breadcrumb"},"inLanguage":"pt-PT","potentialAction":[{"@type":"ReadAction","target":["https:\/\/www.altominho.tv\/site\/2020\/05\/08\/alto-minho-suspende-romarias-festas-e-eventos-similares-ate-30-de-setembro\/"]}]},{"@type":"ImageObject","inLanguage":"pt-PT","@id":"https:\/\/www.altominho.tv\/site\/2020\/05\/08\/alto-minho-suspende-romarias-festas-e-eventos-similares-ate-30-de-setembro\/#primaryimage","url":"https:\/\/www.altominho.tv\/site\/wp-content\/uploads\/2020\/05\/Feiras_Novas.jpg","contentUrl":"https:\/\/www.altominho.tv\/site\/wp-content\/uploads\/2020\/05\/Feiras_Novas.jpg","width":1990,"height":1116},{"@type":"BreadcrumbList","@id":"https:\/\/www.altominho.tv\/site\/2020\/05\/08\/alto-minho-suspende-romarias-festas-e-eventos-similares-ate-30-de-setembro\/#breadcrumb","itemListElement":[{"@type":"ListItem","position":1,"name":"In\u00edcio","item":"https:\/\/www.altominho.tv\/site\/"},{"@type":"ListItem","position":2,"name":"Alto Minho suspende romarias, festas e eventos similares at\u00e9 30 de setembro"}]},{"@type":"WebSite","@id":"https:\/\/www.altominho.tv\/site\/#website","url":"https:\/\/www.altominho.tv\/site\/","name":"Altominho.tv","description":"A sua regi\u00e3o \u00e0 dist\u00e2ncia de um clique...","potentialAction":[{"@type":"SearchAction","target":{"@type":"EntryPoint","urlTemplate":"https:\/\/www.altominho.tv\/site\/?s={search_term_string}"},"query-input":{"@type":"PropertyValueSpecification","valueRequired":true,"valueName":"search_term_string"}}],"inLanguage":"pt-PT"},{"@type":"Person","@id":"https:\/\/www.altominho.tv\/site\/#\/schema\/person\/63f693da3e1899361cbe955c46f3232e","name":"Lusa","image":{"@type":"ImageObject","inLanguage":"pt-PT","@id":"https:\/\/www.altominho.tv\/site\/wp-content\/uploads\/2019\/08\/LUSA_Logo.gif","url":"https:\/\/www.altominho.tv\/site\/wp-content\/uploads\/2019\/08\/LUSA_Logo.gif","contentUrl":"https:\/\/www.altominho.tv\/site\/wp-content\/uploads\/2019\/08\/LUSA_Logo.gif","caption":"Lusa"},"sameAs":["http:\/\/\/\/www.altominho.tv\/site"],"url":"https:\/\/www.altominho.tv\/site\/author\/lusa\/"}]}},"_links":{"self":[{"href":"https:\/\/www.altominho.tv\/site\/wp-json\/wp\/v2\/posts\/45934","targetHints":{"allow":["GET"]}}],"collection":[{"href":"https:\/\/www.altominho.tv\/site\/wp-json\/wp\/v2\/posts"}],"about":[{"href":"https:\/\/www.altominho.tv\/site\/wp-json\/wp\/v2\/types\/post"}],"author":[{"embeddable":true,"href":"https:\/\/www.altominho.tv\/site\/wp-json\/wp\/v2\/users\/13"}],"replies":[{"embeddable":true,"href":"https:\/\/www.altominho.tv\/site\/wp-json\/wp\/v2\/comments?post=45934"}],"version-history":[{"count":0,"href":"https:\/\/www.altominho.tv\/site\/wp-json\/wp\/v2\/posts\/45934\/revisions"}],"wp:featuredmedia":[{"embeddable":true,"href":"https:\/\/www.altominho.tv\/site\/wp-json\/wp\/v2\/media\/45935"}],"wp:attachment":[{"href":"https:\/\/www.altominho.tv\/site\/wp-json\/wp\/v2\/media?parent=45934"}],"wp:term":[{"taxonomy":"category","embeddable":true,"href":"https:\/\/www.altominho.tv\/site\/wp-json\/wp\/v2\/categories?post=45934"},{"taxonomy":"post_tag","embeddable":true,"href":"https:\/\/www.altominho.tv\/site\/wp-json\/wp\/v2\/tags?post=45934"}],"curies":[{"name":"wp","href":"https:\/\/api.w.org\/{rel}","templated":true}]}}