{"id":45927,"date":"2020-05-08T15:59:59","date_gmt":"2020-05-08T14:59:59","guid":{"rendered":"http:\/\/www.altominho.tv\/site\/?p=45927"},"modified":"2020-05-08T16:08:01","modified_gmt":"2020-05-08T15:08:01","slug":"festivais-sao-permitidos-com-lugar-marcado-e-reembolsos-so-em-2022","status":"publish","type":"post","link":"https:\/\/www.altominho.tv\/site\/2020\/05\/08\/festivais-sao-permitidos-com-lugar-marcado-e-reembolsos-so-em-2022\/","title":{"rendered":"Festivais s\u00e3o permitidos com lugar marcado e reembolsos s\u00f3 em 2022"},"content":{"rendered":"<p id=\":mt\" class=\"a3s aXjCH \"><strong>Os festivais de m\u00fasica e espet\u00e1culos \u201cde natureza an\u00e1loga\u201d, marcados at\u00e9 30 de setembro, s\u00f3 ser\u00e3o permitidos com lugares marcados e regras de distanciamento, e o reembolso de bilhetes s\u00f3 em 2022, segundo a proposta de lei hoje revelada.<\/strong><\/p>\n<p class=\"a3s aXjCH \">De acordo com o documento, que deu hoje entrada no parlamento e que ser\u00e1 discutido no pr\u00f3ximo dia 14, <strong>\u00e9 aberta uma exce\u00e7\u00e3o \u00e0 proibi\u00e7\u00e3o anunciada na quinta-feira pelo Governo <\/strong>sobre o calend\u00e1rio de festivais de m\u00fasica de ver\u00e3o e outros eventos semelhantes.<\/p>\n<p class=\"a3s aXjCH \">\u201c<strong>At\u00e9 30 de setembro, os espet\u00e1culos podem acontecer em recinto coberto ou ao ar livre, com lugar marcado e no respeito pela lota\u00e7\u00e3o especificamente definida pela Dire\u00e7\u00e3o-Geral da Sa\u00fade em fun\u00e7\u00e3o das regras de distanciamento f\u00edsico que sejam adequadas face \u00e0 evolu\u00e7\u00e3o da pandemia da doen\u00e7a COVID-19<\/strong>\u201d, l\u00ea-se na proposta.<\/p>\n<p class=\"a3s aXjCH \">A proposta \u00e9 aplic\u00e1vel ao reagendamento ou cancelamento de espet\u00e1culos n\u00e3o realizados entre os dias 28 de fevereiro de 2020 e 30 de setembro de 2020.<br \/>\n<strong>Quem comprou bilhete para eventos dentro daquele per\u00edodo, s\u00f3 poder\u00e1 pedir o reembolso a partir de 01 de janeiro de 2022.<\/strong><\/p>\n<p class=\"a3s aXjCH \"><strong>At\u00e9 l\u00e1, pode pedir a troca do bilhete por um vale \u201cde igual valor ao pre\u00e7o pago\u201d, v\u00e1lido at\u00e9 31 de dezembro de 2021, e esse vale pode ser utilizado na \u201caquisi\u00e7\u00e3o de bilhetes de ingresso para o mesmo espet\u00e1culo a realizar em nova data ou para outros eventos realizados pelo mesmo promotor\u201d<\/strong>.<\/p>\n<p class=\"a3s aXjCH \">\u201cCaso o vale n\u00e3o seja utilizado at\u00e9 ao dia 31 de dezembro de 2021, o portador tem direito ao reembolso do valor do mesmo, a solicitar no prazo de 14 dias \u00fateis\u201d, l\u00ea-se no documento.<\/p>\n<p class=\"a3s aXjCH \">\u00c9 ainda feito o alerta de que a proibi\u00e7\u00e3o da realiza\u00e7\u00e3o de \u201cfestivais e espet\u00e1culos de natureza an\u00e1loga\u201d pode ser prolongada para depois de 30 de setembro, \u201ccom fundamento em recomenda\u00e7\u00e3o da Dire\u00e7\u00e3o-Geral da Sa\u00fade\u201d.<\/p>\n<p class=\"a3s aXjCH \">O Governo entende que estas regras excecionais procuram \u201cum equil\u00edbrio entre a sustentabilidade financeira dos operadores econ\u00f3micos e os direitos dos consumidores que, n\u00e3o obstante o contexto atual, n\u00e3o podem ser suprimidos ou eliminados\u201d.<\/p>\n<p class=\"a3s aXjCH \">Na proposta de lei \u00e9 defendida ainda, no \u00e2mbito do processo legislativo, a audi\u00e7\u00e3o da Associa\u00e7\u00e3o de Promotores Espet\u00e1culos (APEFE), da Associa\u00e7\u00e3o Portuguesa dos Festivais da M\u00fasica (APORFEST) e do Conselho Nacional de Consumo.<\/p>\n<p class=\"a3s aXjCH \">Esta proposta de lei esclarece algumas d\u00favidas sobre poss\u00edveis adiamentos ou cancelamentos das edi\u00e7\u00f5es deste ano das centenas de festivais de m\u00fasica que se realizam em Portugal entre junho e setembro.<\/p>\n<p class=\"a3s aXjCH \">A maioria destes festivais acontece com grandes aglomerados de espetadores, em recintos ao ar livre, com lota\u00e7\u00e3o em p\u00e9, circula\u00e7\u00e3o entre v\u00e1rios palcos e, em alguns casos, com a inclus\u00e3o de acesso a zona de campismo.<\/p>\n","protected":false},"excerpt":{"rendered":"<p>Os festivais de m\u00fasica e espet\u00e1culos \u201cde natureza an\u00e1loga\u201d, marcados at\u00e9 30 de setembro, s\u00f3 ser\u00e3o permitidos com lugares marcados e regras de distanciamento, e o reembolso de bilhetes s\u00f3 em 2022, segundo a proposta de lei hoje revelada. De acordo com o documento, que deu hoje entrada no parlamento e que ser\u00e1 discutido no [&hellip;]<\/p>\n","protected":false},"author":13,"featured_media":45928,"comment_status":"closed","ping_status":"closed","sticky":false,"template":"","format":"standard","meta":{"_exactmetrics_skip_tracking":false,"_exactmetrics_sitenote_active":false,"_exactmetrics_sitenote_note":"","_exactmetrics_sitenote_category":0,"footnotes":""},"categories":[73],"tags":[24],"class_list":["post-45927","post","type-post","status-publish","format-standard","has-post-thumbnail","hentry","category-alto-minho","tag-lazer"],"yoast_head":"<!-- This site is optimized with the Yoast SEO Premium plugin v27.4 (Yoast SEO v27.4) - https:\/\/yoast.com\/product\/yoast-seo-premium-wordpress\/ -->\n<title>Festivais s\u00e3o permitidos com lugar marcado e reembolsos s\u00f3 em 2022<\/title>\n<meta name=\"robots\" content=\"index, follow, max-snippet:-1, max-image-preview:large, max-video-preview:-1\" \/>\n<link rel=\"canonical\" href=\"https:\/\/www.altominho.tv\/site\/2020\/05\/08\/festivais-sao-permitidos-com-lugar-marcado-e-reembolsos-so-em-2022\/\" \/>\n<meta property=\"og:locale\" content=\"pt_PT\" \/>\n<meta property=\"og:type\" content=\"article\" \/>\n<meta property=\"og:title\" content=\"Festivais s\u00e3o permitidos com lugar marcado e reembolsos s\u00f3 em 2022\" \/>\n<meta property=\"og:description\" content=\"Os festivais de m\u00fasica e espet\u00e1culos \u201cde natureza an\u00e1loga\u201d, marcados at\u00e9 30 de setembro, s\u00f3 ser\u00e3o permitidos com lugares marcados e regras de distanciamento, e o reembolso de bilhetes s\u00f3 em 2022, segundo a proposta de lei hoje revelada. De acordo com o documento, que deu hoje entrada no parlamento e que ser\u00e1 discutido no [&hellip;]\" \/>\n<meta property=\"og:url\" content=\"https:\/\/www.altominho.tv\/site\/2020\/05\/08\/festivais-sao-permitidos-com-lugar-marcado-e-reembolsos-so-em-2022\/\" \/>\n<meta property=\"og:site_name\" content=\"Altominho.tv\" \/>\n<meta property=\"article:publisher\" content=\"https:\/\/www.facebook.com\/altominhotv\" \/>\n<meta property=\"article:published_time\" content=\"2020-05-08T14:59:59+00:00\" \/>\n<meta property=\"article:modified_time\" content=\"2020-05-08T15:08:01+00:00\" \/>\n<meta property=\"og:image\" content=\"https:\/\/www.altominho.tv\/site\/wp-content\/uploads\/2020\/05\/Festival_Vilar_Mouros_2.jpg\" \/>\n\t<meta property=\"og:image:width\" content=\"1078\" \/>\n\t<meta property=\"og:image:height\" content=\"778\" \/>\n\t<meta property=\"og:image:type\" content=\"image\/jpeg\" \/>\n<meta name=\"author\" content=\"Lusa\" \/>\n<meta name=\"twitter:card\" content=\"summary_large_image\" \/>\n<meta name=\"twitter:creator\" content=\"@altominhoTV\" \/>\n<meta name=\"twitter:site\" content=\"@altominhoTV\" \/>\n<meta name=\"twitter:label1\" content=\"Escrito por\" \/>\n\t<meta name=\"twitter:data1\" content=\"Lusa\" \/>\n\t<meta name=\"twitter:label2\" content=\"Tempo estimado de leitura\" \/>\n\t<meta name=\"twitter:data2\" content=\"2 minutos\" \/>\n<script type=\"application\/ld+json\" class=\"yoast-schema-graph\">{\"@context\":\"https:\\\/\\\/schema.org\",\"@graph\":[{\"@type\":\"Article\",\"@id\":\"https:\\\/\\\/www.altominho.tv\\\/site\\\/2020\\\/05\\\/08\\\/festivais-sao-permitidos-com-lugar-marcado-e-reembolsos-so-em-2022\\\/#article\",\"isPartOf\":{\"@id\":\"https:\\\/\\\/www.altominho.tv\\\/site\\\/2020\\\/05\\\/08\\\/festivais-sao-permitidos-com-lugar-marcado-e-reembolsos-so-em-2022\\\/\"},\"author\":{\"name\":\"Lusa\",\"@id\":\"https:\\\/\\\/www.altominho.tv\\\/site\\\/#\\\/schema\\\/person\\\/63f693da3e1899361cbe955c46f3232e\"},\"headline\":\"Festivais s\u00e3o permitidos com lugar marcado e reembolsos s\u00f3 em 2022\",\"datePublished\":\"2020-05-08T14:59:59+00:00\",\"dateModified\":\"2020-05-08T15:08:01+00:00\",\"mainEntityOfPage\":{\"@id\":\"https:\\\/\\\/www.altominho.tv\\\/site\\\/2020\\\/05\\\/08\\\/festivais-sao-permitidos-com-lugar-marcado-e-reembolsos-so-em-2022\\\/\"},\"wordCount\":479,\"image\":{\"@id\":\"https:\\\/\\\/www.altominho.tv\\\/site\\\/2020\\\/05\\\/08\\\/festivais-sao-permitidos-com-lugar-marcado-e-reembolsos-so-em-2022\\\/#primaryimage\"},\"thumbnailUrl\":\"https:\\\/\\\/www.altominho.tv\\\/site\\\/wp-content\\\/uploads\\\/2020\\\/05\\\/Festival_Vilar_Mouros_2.jpg\",\"keywords\":[\"Lazer\"],\"articleSection\":[\"Alto Minho\"],\"inLanguage\":\"pt-PT\",\"copyrightYear\":\"2020\",\"copyrightHolder\":{\"@id\":\"https:\\\/\\\/www.altominho.tv\\\/site\\\/#organization\"}},{\"@type\":\"WebPage\",\"@id\":\"https:\\\/\\\/www.altominho.tv\\\/site\\\/2020\\\/05\\\/08\\\/festivais-sao-permitidos-com-lugar-marcado-e-reembolsos-so-em-2022\\\/\",\"url\":\"https:\\\/\\\/www.altominho.tv\\\/site\\\/2020\\\/05\\\/08\\\/festivais-sao-permitidos-com-lugar-marcado-e-reembolsos-so-em-2022\\\/\",\"name\":\"Festivais s\u00e3o permitidos com lugar marcado e reembolsos s\u00f3 em 2022\",\"isPartOf\":{\"@id\":\"https:\\\/\\\/www.altominho.tv\\\/site\\\/#website\"},\"primaryImageOfPage\":{\"@id\":\"https:\\\/\\\/www.altominho.tv\\\/site\\\/2020\\\/05\\\/08\\\/festivais-sao-permitidos-com-lugar-marcado-e-reembolsos-so-em-2022\\\/#primaryimage\"},\"image\":{\"@id\":\"https:\\\/\\\/www.altominho.tv\\\/site\\\/2020\\\/05\\\/08\\\/festivais-sao-permitidos-com-lugar-marcado-e-reembolsos-so-em-2022\\\/#primaryimage\"},\"thumbnailUrl\":\"https:\\\/\\\/www.altominho.tv\\\/site\\\/wp-content\\\/uploads\\\/2020\\\/05\\\/Festival_Vilar_Mouros_2.jpg\",\"datePublished\":\"2020-05-08T14:59:59+00:00\",\"dateModified\":\"2020-05-08T15:08:01+00:00\",\"author\":{\"@id\":\"https:\\\/\\\/www.altominho.tv\\\/site\\\/#\\\/schema\\\/person\\\/63f693da3e1899361cbe955c46f3232e\"},\"breadcrumb\":{\"@id\":\"https:\\\/\\\/www.altominho.tv\\\/site\\\/2020\\\/05\\\/08\\\/festivais-sao-permitidos-com-lugar-marcado-e-reembolsos-so-em-2022\\\/#breadcrumb\"},\"inLanguage\":\"pt-PT\",\"potentialAction\":[{\"@type\":\"ReadAction\",\"target\":[\"https:\\\/\\\/www.altominho.tv\\\/site\\\/2020\\\/05\\\/08\\\/festivais-sao-permitidos-com-lugar-marcado-e-reembolsos-so-em-2022\\\/\"]}]},{\"@type\":\"ImageObject\",\"inLanguage\":\"pt-PT\",\"@id\":\"https:\\\/\\\/www.altominho.tv\\\/site\\\/2020\\\/05\\\/08\\\/festivais-sao-permitidos-com-lugar-marcado-e-reembolsos-so-em-2022\\\/#primaryimage\",\"url\":\"https:\\\/\\\/www.altominho.tv\\\/site\\\/wp-content\\\/uploads\\\/2020\\\/05\\\/Festival_Vilar_Mouros_2.jpg\",\"contentUrl\":\"https:\\\/\\\/www.altominho.tv\\\/site\\\/wp-content\\\/uploads\\\/2020\\\/05\\\/Festival_Vilar_Mouros_2.jpg\",\"width\":1078,\"height\":778},{\"@type\":\"BreadcrumbList\",\"@id\":\"https:\\\/\\\/www.altominho.tv\\\/site\\\/2020\\\/05\\\/08\\\/festivais-sao-permitidos-com-lugar-marcado-e-reembolsos-so-em-2022\\\/#breadcrumb\",\"itemListElement\":[{\"@type\":\"ListItem\",\"position\":1,\"name\":\"In\u00edcio\",\"item\":\"https:\\\/\\\/www.altominho.tv\\\/site\\\/\"},{\"@type\":\"ListItem\",\"position\":2,\"name\":\"Festivais s\u00e3o permitidos com lugar marcado e reembolsos s\u00f3 em 2022\"}]},{\"@type\":\"WebSite\",\"@id\":\"https:\\\/\\\/www.altominho.tv\\\/site\\\/#website\",\"url\":\"https:\\\/\\\/www.altominho.tv\\\/site\\\/\",\"name\":\"Altominho.tv\",\"description\":\"A sua regi\u00e3o \u00e0 dist\u00e2ncia de um clique...\",\"potentialAction\":[{\"@type\":\"SearchAction\",\"target\":{\"@type\":\"EntryPoint\",\"urlTemplate\":\"https:\\\/\\\/www.altominho.tv\\\/site\\\/?s={search_term_string}\"},\"query-input\":{\"@type\":\"PropertyValueSpecification\",\"valueRequired\":true,\"valueName\":\"search_term_string\"}}],\"inLanguage\":\"pt-PT\"},{\"@type\":\"Person\",\"@id\":\"https:\\\/\\\/www.altominho.tv\\\/site\\\/#\\\/schema\\\/person\\\/63f693da3e1899361cbe955c46f3232e\",\"name\":\"Lusa\",\"image\":{\"@type\":\"ImageObject\",\"inLanguage\":\"pt-PT\",\"@id\":\"https:\\\/\\\/www.altominho.tv\\\/site\\\/wp-content\\\/uploads\\\/2019\\\/08\\\/LUSA_Logo.gif\",\"url\":\"https:\\\/\\\/www.altominho.tv\\\/site\\\/wp-content\\\/uploads\\\/2019\\\/08\\\/LUSA_Logo.gif\",\"contentUrl\":\"https:\\\/\\\/www.altominho.tv\\\/site\\\/wp-content\\\/uploads\\\/2019\\\/08\\\/LUSA_Logo.gif\",\"caption\":\"Lusa\"},\"sameAs\":[\"http:\\\/\\\/\\\/\\\/www.altominho.tv\\\/site\"],\"url\":\"https:\\\/\\\/www.altominho.tv\\\/site\\\/author\\\/lusa\\\/\"}]}<\/script>\n<!-- \/ Yoast SEO Premium plugin. -->","yoast_head_json":{"title":"Festivais s\u00e3o permitidos com lugar marcado e reembolsos s\u00f3 em 2022","robots":{"index":"index","follow":"follow","max-snippet":"max-snippet:-1","max-image-preview":"max-image-preview:large","max-video-preview":"max-video-preview:-1"},"canonical":"https:\/\/www.altominho.tv\/site\/2020\/05\/08\/festivais-sao-permitidos-com-lugar-marcado-e-reembolsos-so-em-2022\/","og_locale":"pt_PT","og_type":"article","og_title":"Festivais s\u00e3o permitidos com lugar marcado e reembolsos s\u00f3 em 2022","og_description":"Os festivais de m\u00fasica e espet\u00e1culos \u201cde natureza an\u00e1loga\u201d, marcados at\u00e9 30 de setembro, s\u00f3 ser\u00e3o permitidos com lugares marcados e regras de distanciamento, e o reembolso de bilhetes s\u00f3 em 2022, segundo a proposta de lei hoje revelada. De acordo com o documento, que deu hoje entrada no parlamento e que ser\u00e1 discutido no [&hellip;]","og_url":"https:\/\/www.altominho.tv\/site\/2020\/05\/08\/festivais-sao-permitidos-com-lugar-marcado-e-reembolsos-so-em-2022\/","og_site_name":"Altominho.tv","article_publisher":"https:\/\/www.facebook.com\/altominhotv","article_published_time":"2020-05-08T14:59:59+00:00","article_modified_time":"2020-05-08T15:08:01+00:00","og_image":[{"width":1078,"height":778,"url":"https:\/\/www.altominho.tv\/site\/wp-content\/uploads\/2020\/05\/Festival_Vilar_Mouros_2.jpg","type":"image\/jpeg"}],"author":"Lusa","twitter_card":"summary_large_image","twitter_creator":"@altominhoTV","twitter_site":"@altominhoTV","twitter_misc":{"Escrito por":"Lusa","Tempo estimado de leitura":"2 minutos"},"schema":{"@context":"https:\/\/schema.org","@graph":[{"@type":"Article","@id":"https:\/\/www.altominho.tv\/site\/2020\/05\/08\/festivais-sao-permitidos-com-lugar-marcado-e-reembolsos-so-em-2022\/#article","isPartOf":{"@id":"https:\/\/www.altominho.tv\/site\/2020\/05\/08\/festivais-sao-permitidos-com-lugar-marcado-e-reembolsos-so-em-2022\/"},"author":{"name":"Lusa","@id":"https:\/\/www.altominho.tv\/site\/#\/schema\/person\/63f693da3e1899361cbe955c46f3232e"},"headline":"Festivais s\u00e3o permitidos com lugar marcado e reembolsos s\u00f3 em 2022","datePublished":"2020-05-08T14:59:59+00:00","dateModified":"2020-05-08T15:08:01+00:00","mainEntityOfPage":{"@id":"https:\/\/www.altominho.tv\/site\/2020\/05\/08\/festivais-sao-permitidos-com-lugar-marcado-e-reembolsos-so-em-2022\/"},"wordCount":479,"image":{"@id":"https:\/\/www.altominho.tv\/site\/2020\/05\/08\/festivais-sao-permitidos-com-lugar-marcado-e-reembolsos-so-em-2022\/#primaryimage"},"thumbnailUrl":"https:\/\/www.altominho.tv\/site\/wp-content\/uploads\/2020\/05\/Festival_Vilar_Mouros_2.jpg","keywords":["Lazer"],"articleSection":["Alto Minho"],"inLanguage":"pt-PT","copyrightYear":"2020","copyrightHolder":{"@id":"https:\/\/www.altominho.tv\/site\/#organization"}},{"@type":"WebPage","@id":"https:\/\/www.altominho.tv\/site\/2020\/05\/08\/festivais-sao-permitidos-com-lugar-marcado-e-reembolsos-so-em-2022\/","url":"https:\/\/www.altominho.tv\/site\/2020\/05\/08\/festivais-sao-permitidos-com-lugar-marcado-e-reembolsos-so-em-2022\/","name":"Festivais s\u00e3o permitidos com lugar marcado e reembolsos s\u00f3 em 2022","isPartOf":{"@id":"https:\/\/www.altominho.tv\/site\/#website"},"primaryImageOfPage":{"@id":"https:\/\/www.altominho.tv\/site\/2020\/05\/08\/festivais-sao-permitidos-com-lugar-marcado-e-reembolsos-so-em-2022\/#primaryimage"},"image":{"@id":"https:\/\/www.altominho.tv\/site\/2020\/05\/08\/festivais-sao-permitidos-com-lugar-marcado-e-reembolsos-so-em-2022\/#primaryimage"},"thumbnailUrl":"https:\/\/www.altominho.tv\/site\/wp-content\/uploads\/2020\/05\/Festival_Vilar_Mouros_2.jpg","datePublished":"2020-05-08T14:59:59+00:00","dateModified":"2020-05-08T15:08:01+00:00","author":{"@id":"https:\/\/www.altominho.tv\/site\/#\/schema\/person\/63f693da3e1899361cbe955c46f3232e"},"breadcrumb":{"@id":"https:\/\/www.altominho.tv\/site\/2020\/05\/08\/festivais-sao-permitidos-com-lugar-marcado-e-reembolsos-so-em-2022\/#breadcrumb"},"inLanguage":"pt-PT","potentialAction":[{"@type":"ReadAction","target":["https:\/\/www.altominho.tv\/site\/2020\/05\/08\/festivais-sao-permitidos-com-lugar-marcado-e-reembolsos-so-em-2022\/"]}]},{"@type":"ImageObject","inLanguage":"pt-PT","@id":"https:\/\/www.altominho.tv\/site\/2020\/05\/08\/festivais-sao-permitidos-com-lugar-marcado-e-reembolsos-so-em-2022\/#primaryimage","url":"https:\/\/www.altominho.tv\/site\/wp-content\/uploads\/2020\/05\/Festival_Vilar_Mouros_2.jpg","contentUrl":"https:\/\/www.altominho.tv\/site\/wp-content\/uploads\/2020\/05\/Festival_Vilar_Mouros_2.jpg","width":1078,"height":778},{"@type":"BreadcrumbList","@id":"https:\/\/www.altominho.tv\/site\/2020\/05\/08\/festivais-sao-permitidos-com-lugar-marcado-e-reembolsos-so-em-2022\/#breadcrumb","itemListElement":[{"@type":"ListItem","position":1,"name":"In\u00edcio","item":"https:\/\/www.altominho.tv\/site\/"},{"@type":"ListItem","position":2,"name":"Festivais s\u00e3o permitidos com lugar marcado e reembolsos s\u00f3 em 2022"}]},{"@type":"WebSite","@id":"https:\/\/www.altominho.tv\/site\/#website","url":"https:\/\/www.altominho.tv\/site\/","name":"Altominho.tv","description":"A sua regi\u00e3o \u00e0 dist\u00e2ncia de um clique...","potentialAction":[{"@type":"SearchAction","target":{"@type":"EntryPoint","urlTemplate":"https:\/\/www.altominho.tv\/site\/?s={search_term_string}"},"query-input":{"@type":"PropertyValueSpecification","valueRequired":true,"valueName":"search_term_string"}}],"inLanguage":"pt-PT"},{"@type":"Person","@id":"https:\/\/www.altominho.tv\/site\/#\/schema\/person\/63f693da3e1899361cbe955c46f3232e","name":"Lusa","image":{"@type":"ImageObject","inLanguage":"pt-PT","@id":"https:\/\/www.altominho.tv\/site\/wp-content\/uploads\/2019\/08\/LUSA_Logo.gif","url":"https:\/\/www.altominho.tv\/site\/wp-content\/uploads\/2019\/08\/LUSA_Logo.gif","contentUrl":"https:\/\/www.altominho.tv\/site\/wp-content\/uploads\/2019\/08\/LUSA_Logo.gif","caption":"Lusa"},"sameAs":["http:\/\/\/\/www.altominho.tv\/site"],"url":"https:\/\/www.altominho.tv\/site\/author\/lusa\/"}]}},"_links":{"self":[{"href":"https:\/\/www.altominho.tv\/site\/wp-json\/wp\/v2\/posts\/45927","targetHints":{"allow":["GET"]}}],"collection":[{"href":"https:\/\/www.altominho.tv\/site\/wp-json\/wp\/v2\/posts"}],"about":[{"href":"https:\/\/www.altominho.tv\/site\/wp-json\/wp\/v2\/types\/post"}],"author":[{"embeddable":true,"href":"https:\/\/www.altominho.tv\/site\/wp-json\/wp\/v2\/users\/13"}],"replies":[{"embeddable":true,"href":"https:\/\/www.altominho.tv\/site\/wp-json\/wp\/v2\/comments?post=45927"}],"version-history":[{"count":0,"href":"https:\/\/www.altominho.tv\/site\/wp-json\/wp\/v2\/posts\/45927\/revisions"}],"wp:featuredmedia":[{"embeddable":true,"href":"https:\/\/www.altominho.tv\/site\/wp-json\/wp\/v2\/media\/45928"}],"wp:attachment":[{"href":"https:\/\/www.altominho.tv\/site\/wp-json\/wp\/v2\/media?parent=45927"}],"wp:term":[{"taxonomy":"category","embeddable":true,"href":"https:\/\/www.altominho.tv\/site\/wp-json\/wp\/v2\/categories?post=45927"},{"taxonomy":"post_tag","embeddable":true,"href":"https:\/\/www.altominho.tv\/site\/wp-json\/wp\/v2\/tags?post=45927"}],"curies":[{"name":"wp","href":"https:\/\/api.w.org\/{rel}","templated":true}]}}