{"id":45903,"date":"2020-05-08T09:15:49","date_gmt":"2020-05-08T08:15:49","guid":{"rendered":"http:\/\/www.altominho.tv\/site\/?p=45903"},"modified":"2020-05-08T09:15:53","modified_gmt":"2020-05-08T08:15:53","slug":"emigrantes-poderao-regressar-a-portugal-no-verao-se-restricoes-do-espaco-schengen-estiverem-levantadas","status":"publish","type":"post","link":"https:\/\/www.altominho.tv\/site\/2020\/05\/08\/emigrantes-poderao-regressar-a-portugal-no-verao-se-restricoes-do-espaco-schengen-estiverem-levantadas\/","title":{"rendered":"Emigrantes poder\u00e3o regressar a Portugal no ver\u00e3o se restri\u00e7\u00f5es do espa\u00e7o Schengen estiverem levantadas"},"content":{"rendered":"<p><strong>O Minist\u00e9rio dos Neg\u00f3cios Estrangeiros diz que o Governo est\u00e1 a trabalhar \u201cafincadamente\u201d para que os emigrantes portugueses e luso-descendentes possam voltar a Portugal no ver\u00e3o.<\/strong><\/p>\n<p>Ao contr\u00e1rio do que aconteceu na P\u00e1scoa, altura em que o Governo pediu para os emigrantes n\u00e3o virem a Portugal, esta ter\u00e7a-feira, em audi\u00e7\u00e3o parlamentar, Augusto Santos Silva explicou que est\u00e3o a trabalhar para conseguir essa liberdade de circula\u00e7\u00e3o.<\/p>\n<p>\u201cNo que depender de n\u00f3s, essa possibilidade, esse regresso dessas visitas est\u00e1 garantido\u201d, disse Santos Silva, acrescentando que a presen\u00e7a dos emigrantes em Portugal \u201c\u00e9 um direito deles e ser\u00e1 uma contribui\u00e7\u00e3o muito importante para o reanimar todo o nosso territ\u00f3rio, seja do ponto de vista econ\u00f3mico, seja do ponto de vista social e cultural\u201d.<\/p>\n<p>No entanto, ressalvou o governante, para que essas viagens possam acontecer \u00e9 preciso que sejam suspensas as restri\u00e7\u00f5es de circula\u00e7\u00e3o.<\/p>\n<p>Antes, o ministro da Administra\u00e7\u00e3o Interna, Eduardo Cabrita, j\u00e1 tinha dito que ainda n\u00e3o h\u00e1 uma data para o levantamento das restri\u00e7\u00f5es nas fronteiras e que o crit\u00e9rio ter\u00e1 como ponto de partida os pa\u00edses com maior n\u00famero de portugueses. J\u00e1 a abertura da fronteira com Espanha depender\u00e1 dos n\u00fameros de infetados em territ\u00f3rio portugu\u00eas e espanhol.<\/p>\n<p>Ao contr\u00e1rio do que aconteceu na P\u00e1scoa, altura em que o Governo pediu para os emigrantes n\u00e3o virem a Portugal, esta ter\u00e7a-feira, em audi\u00e7\u00e3o parlamentar, Augusto Santos Silva explicou que est\u00e3o a trabalhar para conseguir essa liberdade de circula\u00e7\u00e3o.<\/p>\n<p>\u201c\u00c9 preciso trabalharmos em conjunto com os outros estados-membros da Uni\u00e3o Europeia para que as restri\u00e7\u00f5es que hoje existem na circula\u00e7\u00e3o no espa\u00e7o Schengen possam ser levantadas at\u00e9 ao ver\u00e3o. \u00c9 nisso que trabalhamos\u201d, rematou.<\/p>\n","protected":false},"excerpt":{"rendered":"<p>O Minist\u00e9rio dos Neg\u00f3cios Estrangeiros diz que o Governo est\u00e1 a trabalhar \u201cafincadamente\u201d para que os emigrantes portugueses e luso-descendentes possam voltar a Portugal no ver\u00e3o. Ao contr\u00e1rio do que aconteceu na P\u00e1scoa, altura em que o Governo pediu para os emigrantes n\u00e3o virem a Portugal, esta ter\u00e7a-feira, em audi\u00e7\u00e3o parlamentar, Augusto Santos Silva explicou [&hellip;]<\/p>\n","protected":false},"author":1,"featured_media":45904,"comment_status":"closed","ping_status":"closed","sticky":false,"template":"","format":"standard","meta":{"_exactmetrics_skip_tracking":false,"footnotes":""},"categories":[73],"tags":[27],"class_list":["post-45903","post","type-post","status-publish","format-standard","has-post-thumbnail","hentry","category-alto-minho","tag-sociedade"],"yoast_head":"<!-- This site is optimized with the Yoast SEO Premium plugin v28.3 (Yoast SEO v28.3) - https:\/\/yoast.com\/product\/yoast-seo-premium-wordpress\/ -->\n<title>Emigrantes poder\u00e3o regressar a Portugal no ver\u00e3o se restri\u00e7\u00f5es do espa\u00e7o Schengen estiverem levantadas<\/title>\n<meta name=\"robots\" content=\"index, follow, max-snippet:-1, max-image-preview:large, max-video-preview:-1\" \/>\n<link rel=\"canonical\" href=\"https:\/\/www.altominho.tv\/site\/2020\/05\/08\/emigrantes-poderao-regressar-a-portugal-no-verao-se-restricoes-do-espaco-schengen-estiverem-levantadas\/\" \/>\n<meta property=\"og:locale\" content=\"pt_PT\" \/>\n<meta property=\"og:type\" content=\"article\" \/>\n<meta property=\"og:title\" content=\"Emigrantes poder\u00e3o regressar a Portugal no ver\u00e3o se restri\u00e7\u00f5es do espa\u00e7o Schengen estiverem levantadas\" \/>\n<meta property=\"og:description\" content=\"O Minist\u00e9rio dos Neg\u00f3cios Estrangeiros diz que o Governo est\u00e1 a trabalhar \u201cafincadamente\u201d para que os emigrantes portugueses e luso-descendentes possam voltar a Portugal no ver\u00e3o. Ao contr\u00e1rio do que aconteceu na P\u00e1scoa, altura em que o Governo pediu para os emigrantes n\u00e3o virem a Portugal, esta ter\u00e7a-feira, em audi\u00e7\u00e3o parlamentar, Augusto Santos Silva explicou [&hellip;]\" \/>\n<meta property=\"og:url\" content=\"https:\/\/www.altominho.tv\/site\/2020\/05\/08\/emigrantes-poderao-regressar-a-portugal-no-verao-se-restricoes-do-espaco-schengen-estiverem-levantadas\/\" \/>\n<meta property=\"og:site_name\" content=\"Altominho.tv\" \/>\n<meta property=\"article:publisher\" content=\"https:\/\/www.facebook.com\/altominhotv\" \/>\n<meta property=\"article:published_time\" content=\"2020-05-08T08:15:49+00:00\" \/>\n<meta property=\"article:modified_time\" content=\"2020-05-08T08:15:53+00:00\" \/>\n<meta property=\"og:image\" content=\"https:\/\/www.altominho.tv\/site\/wp-content\/uploads\/2020\/05\/Portugal_Placa_Fronteira.jpg\" \/>\n\t<meta property=\"og:image:width\" content=\"1200\" \/>\n\t<meta property=\"og:image:height\" content=\"630\" \/>\n\t<meta property=\"og:image:type\" content=\"image\/jpeg\" \/>\n<meta name=\"author\" content=\"Altominho.tv\" \/>\n<meta name=\"twitter:card\" content=\"summary_large_image\" \/>\n<meta name=\"twitter:creator\" content=\"@altominhoTV\" \/>\n<meta name=\"twitter:site\" content=\"@altominhoTV\" \/>\n<meta name=\"twitter:label1\" content=\"Escrito por\" \/>\n\t<meta name=\"twitter:data1\" content=\"Altominho.tv\" \/>\n\t<meta name=\"twitter:label2\" content=\"Tempo estimado de leitura\" \/>\n\t<meta name=\"twitter:data2\" content=\"2 minutos\" \/>\n<script type=\"application\/ld+json\" class=\"yoast-schema-graph\">{\"@context\":\"https:\\\/\\\/schema.org\",\"@graph\":[{\"@type\":\"Article\",\"@id\":\"https:\\\/\\\/www.altominho.tv\\\/site\\\/2020\\\/05\\\/08\\\/emigrantes-poderao-regressar-a-portugal-no-verao-se-restricoes-do-espaco-schengen-estiverem-levantadas\\\/#article\",\"isPartOf\":{\"@id\":\"https:\\\/\\\/www.altominho.tv\\\/site\\\/2020\\\/05\\\/08\\\/emigrantes-poderao-regressar-a-portugal-no-verao-se-restricoes-do-espaco-schengen-estiverem-levantadas\\\/\"},\"author\":{\"name\":\"Altominho.tv\",\"@id\":\"https:\\\/\\\/www.altominho.tv\\\/site\\\/#\\\/schema\\\/person\\\/4e536851627d7914baf3dac752b6af22\"},\"headline\":\"Emigrantes poder\u00e3o regressar a Portugal no ver\u00e3o se restri\u00e7\u00f5es do espa\u00e7o Schengen estiverem levantadas\",\"datePublished\":\"2020-05-08T08:15:49+00:00\",\"dateModified\":\"2020-05-08T08:15:53+00:00\",\"mainEntityOfPage\":{\"@id\":\"https:\\\/\\\/www.altominho.tv\\\/site\\\/2020\\\/05\\\/08\\\/emigrantes-poderao-regressar-a-portugal-no-verao-se-restricoes-do-espaco-schengen-estiverem-levantadas\\\/\"},\"wordCount\":323,\"image\":{\"@id\":\"https:\\\/\\\/www.altominho.tv\\\/site\\\/2020\\\/05\\\/08\\\/emigrantes-poderao-regressar-a-portugal-no-verao-se-restricoes-do-espaco-schengen-estiverem-levantadas\\\/#primaryimage\"},\"thumbnailUrl\":\"https:\\\/\\\/www.altominho.tv\\\/site\\\/wp-content\\\/uploads\\\/2020\\\/05\\\/Portugal_Placa_Fronteira.jpg\",\"keywords\":[\"Sociedade\"],\"articleSection\":[\"Alto Minho\"],\"inLanguage\":\"pt-PT\",\"copyrightYear\":\"2020\",\"copyrightHolder\":{\"@id\":\"https:\\\/\\\/www.altominho.tv\\\/site\\\/#organization\"}},{\"@type\":\"WebPage\",\"@id\":\"https:\\\/\\\/www.altominho.tv\\\/site\\\/2020\\\/05\\\/08\\\/emigrantes-poderao-regressar-a-portugal-no-verao-se-restricoes-do-espaco-schengen-estiverem-levantadas\\\/\",\"url\":\"https:\\\/\\\/www.altominho.tv\\\/site\\\/2020\\\/05\\\/08\\\/emigrantes-poderao-regressar-a-portugal-no-verao-se-restricoes-do-espaco-schengen-estiverem-levantadas\\\/\",\"name\":\"Emigrantes poder\u00e3o regressar a Portugal no ver\u00e3o se restri\u00e7\u00f5es do espa\u00e7o Schengen estiverem levantadas\",\"isPartOf\":{\"@id\":\"https:\\\/\\\/www.altominho.tv\\\/site\\\/#website\"},\"primaryImageOfPage\":{\"@id\":\"https:\\\/\\\/www.altominho.tv\\\/site\\\/2020\\\/05\\\/08\\\/emigrantes-poderao-regressar-a-portugal-no-verao-se-restricoes-do-espaco-schengen-estiverem-levantadas\\\/#primaryimage\"},\"image\":{\"@id\":\"https:\\\/\\\/www.altominho.tv\\\/site\\\/2020\\\/05\\\/08\\\/emigrantes-poderao-regressar-a-portugal-no-verao-se-restricoes-do-espaco-schengen-estiverem-levantadas\\\/#primaryimage\"},\"thumbnailUrl\":\"https:\\\/\\\/www.altominho.tv\\\/site\\\/wp-content\\\/uploads\\\/2020\\\/05\\\/Portugal_Placa_Fronteira.jpg\",\"datePublished\":\"2020-05-08T08:15:49+00:00\",\"dateModified\":\"2020-05-08T08:15:53+00:00\",\"author\":{\"@id\":\"https:\\\/\\\/www.altominho.tv\\\/site\\\/#\\\/schema\\\/person\\\/4e536851627d7914baf3dac752b6af22\"},\"breadcrumb\":{\"@id\":\"https:\\\/\\\/www.altominho.tv\\\/site\\\/2020\\\/05\\\/08\\\/emigrantes-poderao-regressar-a-portugal-no-verao-se-restricoes-do-espaco-schengen-estiverem-levantadas\\\/#breadcrumb\"},\"inLanguage\":\"pt-PT\",\"potentialAction\":[{\"@type\":\"ReadAction\",\"target\":[\"https:\\\/\\\/www.altominho.tv\\\/site\\\/2020\\\/05\\\/08\\\/emigrantes-poderao-regressar-a-portugal-no-verao-se-restricoes-do-espaco-schengen-estiverem-levantadas\\\/\"]}]},{\"@type\":\"ImageObject\",\"inLanguage\":\"pt-PT\",\"@id\":\"https:\\\/\\\/www.altominho.tv\\\/site\\\/2020\\\/05\\\/08\\\/emigrantes-poderao-regressar-a-portugal-no-verao-se-restricoes-do-espaco-schengen-estiverem-levantadas\\\/#primaryimage\",\"url\":\"https:\\\/\\\/www.altominho.tv\\\/site\\\/wp-content\\\/uploads\\\/2020\\\/05\\\/Portugal_Placa_Fronteira.jpg\",\"contentUrl\":\"https:\\\/\\\/www.altominho.tv\\\/site\\\/wp-content\\\/uploads\\\/2020\\\/05\\\/Portugal_Placa_Fronteira.jpg\",\"width\":1200,\"height\":630},{\"@type\":\"BreadcrumbList\",\"@id\":\"https:\\\/\\\/www.altominho.tv\\\/site\\\/2020\\\/05\\\/08\\\/emigrantes-poderao-regressar-a-portugal-no-verao-se-restricoes-do-espaco-schengen-estiverem-levantadas\\\/#breadcrumb\",\"itemListElement\":[{\"@type\":\"ListItem\",\"position\":1,\"name\":\"In\u00edcio\",\"item\":\"https:\\\/\\\/www.altominho.tv\\\/site\\\/\"},{\"@type\":\"ListItem\",\"position\":2,\"name\":\"Emigrantes poder\u00e3o regressar a Portugal no ver\u00e3o se restri\u00e7\u00f5es do espa\u00e7o Schengen estiverem levantadas\"}]},{\"@type\":\"WebSite\",\"@id\":\"https:\\\/\\\/www.altominho.tv\\\/site\\\/#website\",\"url\":\"https:\\\/\\\/www.altominho.tv\\\/site\\\/\",\"name\":\"Altominho.tv\",\"description\":\"A sua regi\u00e3o \u00e0 dist\u00e2ncia de um clique...\",\"potentialAction\":[{\"@type\":\"SearchAction\",\"target\":{\"@type\":\"EntryPoint\",\"urlTemplate\":\"https:\\\/\\\/www.altominho.tv\\\/site\\\/?s={search_term_string}\"},\"query-input\":{\"@type\":\"PropertyValueSpecification\",\"valueRequired\":true,\"valueName\":\"search_term_string\"}}],\"inLanguage\":\"pt-PT\"},{\"@type\":\"Person\",\"@id\":\"https:\\\/\\\/www.altominho.tv\\\/site\\\/#\\\/schema\\\/person\\\/4e536851627d7914baf3dac752b6af22\",\"name\":\"Altominho.tv\",\"image\":{\"@type\":\"ImageObject\",\"inLanguage\":\"pt-PT\",\"@id\":\"https:\\\/\\\/www.altominho.tv\\\/site\\\/wp-content\\\/uploads\\\/2019\\\/11\\\/Logo_Avatar_2-150x150.jpg\",\"url\":\"https:\\\/\\\/www.altominho.tv\\\/site\\\/wp-content\\\/uploads\\\/2019\\\/11\\\/Logo_Avatar_2-150x150.jpg\",\"contentUrl\":\"https:\\\/\\\/www.altominho.tv\\\/site\\\/wp-content\\\/uploads\\\/2019\\\/11\\\/Logo_Avatar_2-150x150.jpg\",\"caption\":\"Altominho.tv\"},\"url\":\"https:\\\/\\\/www.altominho.tv\\\/site\\\/author\\\/altominhotv-tecnico\\\/\"}]}<\/script>\n<!-- \/ Yoast SEO Premium plugin. -->","yoast_head_json":{"title":"Emigrantes poder\u00e3o regressar a Portugal no ver\u00e3o se restri\u00e7\u00f5es do espa\u00e7o Schengen estiverem levantadas","robots":{"index":"index","follow":"follow","max-snippet":"max-snippet:-1","max-image-preview":"max-image-preview:large","max-video-preview":"max-video-preview:-1"},"canonical":"https:\/\/www.altominho.tv\/site\/2020\/05\/08\/emigrantes-poderao-regressar-a-portugal-no-verao-se-restricoes-do-espaco-schengen-estiverem-levantadas\/","og_locale":"pt_PT","og_type":"article","og_title":"Emigrantes poder\u00e3o regressar a Portugal no ver\u00e3o se restri\u00e7\u00f5es do espa\u00e7o Schengen estiverem levantadas","og_description":"O Minist\u00e9rio dos Neg\u00f3cios Estrangeiros diz que o Governo est\u00e1 a trabalhar \u201cafincadamente\u201d para que os emigrantes portugueses e luso-descendentes possam voltar a Portugal no ver\u00e3o. Ao contr\u00e1rio do que aconteceu na P\u00e1scoa, altura em que o Governo pediu para os emigrantes n\u00e3o virem a Portugal, esta ter\u00e7a-feira, em audi\u00e7\u00e3o parlamentar, Augusto Santos Silva explicou [&hellip;]","og_url":"https:\/\/www.altominho.tv\/site\/2020\/05\/08\/emigrantes-poderao-regressar-a-portugal-no-verao-se-restricoes-do-espaco-schengen-estiverem-levantadas\/","og_site_name":"Altominho.tv","article_publisher":"https:\/\/www.facebook.com\/altominhotv","article_published_time":"2020-05-08T08:15:49+00:00","article_modified_time":"2020-05-08T08:15:53+00:00","og_image":[{"width":1200,"height":630,"url":"https:\/\/www.altominho.tv\/site\/wp-content\/uploads\/2020\/05\/Portugal_Placa_Fronteira.jpg","type":"image\/jpeg"}],"author":"Altominho.tv","twitter_card":"summary_large_image","twitter_creator":"@altominhoTV","twitter_site":"@altominhoTV","twitter_misc":{"Escrito por":"Altominho.tv","Tempo estimado de leitura":"2 minutos"},"schema":{"@context":"https:\/\/schema.org","@graph":[{"@type":"Article","@id":"https:\/\/www.altominho.tv\/site\/2020\/05\/08\/emigrantes-poderao-regressar-a-portugal-no-verao-se-restricoes-do-espaco-schengen-estiverem-levantadas\/#article","isPartOf":{"@id":"https:\/\/www.altominho.tv\/site\/2020\/05\/08\/emigrantes-poderao-regressar-a-portugal-no-verao-se-restricoes-do-espaco-schengen-estiverem-levantadas\/"},"author":{"name":"Altominho.tv","@id":"https:\/\/www.altominho.tv\/site\/#\/schema\/person\/4e536851627d7914baf3dac752b6af22"},"headline":"Emigrantes poder\u00e3o regressar a Portugal no ver\u00e3o se restri\u00e7\u00f5es do espa\u00e7o Schengen estiverem levantadas","datePublished":"2020-05-08T08:15:49+00:00","dateModified":"2020-05-08T08:15:53+00:00","mainEntityOfPage":{"@id":"https:\/\/www.altominho.tv\/site\/2020\/05\/08\/emigrantes-poderao-regressar-a-portugal-no-verao-se-restricoes-do-espaco-schengen-estiverem-levantadas\/"},"wordCount":323,"image":{"@id":"https:\/\/www.altominho.tv\/site\/2020\/05\/08\/emigrantes-poderao-regressar-a-portugal-no-verao-se-restricoes-do-espaco-schengen-estiverem-levantadas\/#primaryimage"},"thumbnailUrl":"https:\/\/www.altominho.tv\/site\/wp-content\/uploads\/2020\/05\/Portugal_Placa_Fronteira.jpg","keywords":["Sociedade"],"articleSection":["Alto Minho"],"inLanguage":"pt-PT","copyrightYear":"2020","copyrightHolder":{"@id":"https:\/\/www.altominho.tv\/site\/#organization"}},{"@type":"WebPage","@id":"https:\/\/www.altominho.tv\/site\/2020\/05\/08\/emigrantes-poderao-regressar-a-portugal-no-verao-se-restricoes-do-espaco-schengen-estiverem-levantadas\/","url":"https:\/\/www.altominho.tv\/site\/2020\/05\/08\/emigrantes-poderao-regressar-a-portugal-no-verao-se-restricoes-do-espaco-schengen-estiverem-levantadas\/","name":"Emigrantes poder\u00e3o regressar a Portugal no ver\u00e3o se restri\u00e7\u00f5es do espa\u00e7o Schengen estiverem levantadas","isPartOf":{"@id":"https:\/\/www.altominho.tv\/site\/#website"},"primaryImageOfPage":{"@id":"https:\/\/www.altominho.tv\/site\/2020\/05\/08\/emigrantes-poderao-regressar-a-portugal-no-verao-se-restricoes-do-espaco-schengen-estiverem-levantadas\/#primaryimage"},"image":{"@id":"https:\/\/www.altominho.tv\/site\/2020\/05\/08\/emigrantes-poderao-regressar-a-portugal-no-verao-se-restricoes-do-espaco-schengen-estiverem-levantadas\/#primaryimage"},"thumbnailUrl":"https:\/\/www.altominho.tv\/site\/wp-content\/uploads\/2020\/05\/Portugal_Placa_Fronteira.jpg","datePublished":"2020-05-08T08:15:49+00:00","dateModified":"2020-05-08T08:15:53+00:00","author":{"@id":"https:\/\/www.altominho.tv\/site\/#\/schema\/person\/4e536851627d7914baf3dac752b6af22"},"breadcrumb":{"@id":"https:\/\/www.altominho.tv\/site\/2020\/05\/08\/emigrantes-poderao-regressar-a-portugal-no-verao-se-restricoes-do-espaco-schengen-estiverem-levantadas\/#breadcrumb"},"inLanguage":"pt-PT","potentialAction":[{"@type":"ReadAction","target":["https:\/\/www.altominho.tv\/site\/2020\/05\/08\/emigrantes-poderao-regressar-a-portugal-no-verao-se-restricoes-do-espaco-schengen-estiverem-levantadas\/"]}]},{"@type":"ImageObject","inLanguage":"pt-PT","@id":"https:\/\/www.altominho.tv\/site\/2020\/05\/08\/emigrantes-poderao-regressar-a-portugal-no-verao-se-restricoes-do-espaco-schengen-estiverem-levantadas\/#primaryimage","url":"https:\/\/www.altominho.tv\/site\/wp-content\/uploads\/2020\/05\/Portugal_Placa_Fronteira.jpg","contentUrl":"https:\/\/www.altominho.tv\/site\/wp-content\/uploads\/2020\/05\/Portugal_Placa_Fronteira.jpg","width":1200,"height":630},{"@type":"BreadcrumbList","@id":"https:\/\/www.altominho.tv\/site\/2020\/05\/08\/emigrantes-poderao-regressar-a-portugal-no-verao-se-restricoes-do-espaco-schengen-estiverem-levantadas\/#breadcrumb","itemListElement":[{"@type":"ListItem","position":1,"name":"In\u00edcio","item":"https:\/\/www.altominho.tv\/site\/"},{"@type":"ListItem","position":2,"name":"Emigrantes poder\u00e3o regressar a Portugal no ver\u00e3o se restri\u00e7\u00f5es do espa\u00e7o Schengen estiverem levantadas"}]},{"@type":"WebSite","@id":"https:\/\/www.altominho.tv\/site\/#website","url":"https:\/\/www.altominho.tv\/site\/","name":"Altominho.tv","description":"A sua regi\u00e3o \u00e0 dist\u00e2ncia de um clique...","potentialAction":[{"@type":"SearchAction","target":{"@type":"EntryPoint","urlTemplate":"https:\/\/www.altominho.tv\/site\/?s={search_term_string}"},"query-input":{"@type":"PropertyValueSpecification","valueRequired":true,"valueName":"search_term_string"}}],"inLanguage":"pt-PT"},{"@type":"Person","@id":"https:\/\/www.altominho.tv\/site\/#\/schema\/person\/4e536851627d7914baf3dac752b6af22","name":"Altominho.tv","image":{"@type":"ImageObject","inLanguage":"pt-PT","@id":"https:\/\/www.altominho.tv\/site\/wp-content\/uploads\/2019\/11\/Logo_Avatar_2-150x150.jpg","url":"https:\/\/www.altominho.tv\/site\/wp-content\/uploads\/2019\/11\/Logo_Avatar_2-150x150.jpg","contentUrl":"https:\/\/www.altominho.tv\/site\/wp-content\/uploads\/2019\/11\/Logo_Avatar_2-150x150.jpg","caption":"Altominho.tv"},"url":"https:\/\/www.altominho.tv\/site\/author\/altominhotv-tecnico\/"}]}},"_links":{"self":[{"href":"https:\/\/www.altominho.tv\/site\/wp-json\/wp\/v2\/posts\/45903","targetHints":{"allow":["GET"]}}],"collection":[{"href":"https:\/\/www.altominho.tv\/site\/wp-json\/wp\/v2\/posts"}],"about":[{"href":"https:\/\/www.altominho.tv\/site\/wp-json\/wp\/v2\/types\/post"}],"author":[{"embeddable":true,"href":"https:\/\/www.altominho.tv\/site\/wp-json\/wp\/v2\/users\/1"}],"replies":[{"embeddable":true,"href":"https:\/\/www.altominho.tv\/site\/wp-json\/wp\/v2\/comments?post=45903"}],"version-history":[{"count":0,"href":"https:\/\/www.altominho.tv\/site\/wp-json\/wp\/v2\/posts\/45903\/revisions"}],"wp:featuredmedia":[{"embeddable":true,"href":"https:\/\/www.altominho.tv\/site\/wp-json\/wp\/v2\/media\/45904"}],"wp:attachment":[{"href":"https:\/\/www.altominho.tv\/site\/wp-json\/wp\/v2\/media?parent=45903"}],"wp:term":[{"taxonomy":"category","embeddable":true,"href":"https:\/\/www.altominho.tv\/site\/wp-json\/wp\/v2\/categories?post=45903"},{"taxonomy":"post_tag","embeddable":true,"href":"https:\/\/www.altominho.tv\/site\/wp-json\/wp\/v2\/tags?post=45903"}],"curies":[{"name":"wp","href":"https:\/\/api.w.org\/{rel}","templated":true}]}}