{"id":45814,"date":"2020-05-06T19:33:55","date_gmt":"2020-05-06T18:33:55","guid":{"rendered":"http:\/\/www.altominho.tv\/site\/?p=45814"},"modified":"2020-05-06T19:34:00","modified_gmt":"2020-05-06T18:34:00","slug":"requalificacao-de-23-me-em-escola-de-vila-nova-de-cerveira-avanca-ate-final-do-ano","status":"publish","type":"post","link":"https:\/\/www.altominho.tv\/site\/2020\/05\/06\/requalificacao-de-23-me-em-escola-de-vila-nova-de-cerveira-avanca-ate-final-do-ano\/","title":{"rendered":"Requalifica\u00e7\u00e3o de 2,3 ME em escola de Vila Nova de Cerveira avan\u00e7a at\u00e9 final do ano"},"content":{"rendered":"\n<p>A C\u00e2mara de Vila Nova de Cerveira apontou hoje o final do ano para o in\u00edcio da segunda fase da requalifica\u00e7\u00e3o da escola b\u00e1sica e secund\u00e1ria do concelho, num investimento global de 2,3 milh\u00f5es de euros.<br><\/p>\n\n\n\n<p>Em comunicado enviado \u00e0 imprensa, o munic\u00edpio do distrito de Viana do Castelo explicou que a Autoridade de Gest\u00e3o do Programa Norte 2020 aprovou a candidatura da empreitada que conta com um financiamento de 1,2 milh\u00f5es de euros do Fundo Europeu de Desenvolvimento Regional (FEDER), de 105.882,36 euros do Minist\u00e9rio de Educa\u00e7\u00e3o, sendo que a autarquia suportar\u00e1 um valor de cerca de um milh\u00e3o de euros.<br><\/p>\n\n\n\n<p>&#8220;A autarquia vai proceder \u00e0 abertura de um concurso p\u00fablico, prevendo que, e ap\u00f3s ultrapassado todo o procedimento administrativo e burocr\u00e1tico, os trabalhos avancem at\u00e9 ao final do ano&#8221;, sublinha o documento.<br><\/p>\n\n\n\n<p>&#8220;\u00c9 a concretiza\u00e7\u00e3o de uma aspira\u00e7\u00e3o transversal ao executivo municipal, comunidade escolar e popula\u00e7\u00e3o em geral em prol da cria\u00e7\u00e3o de condi\u00e7\u00f5es efetivas para uma melhor aprendizagem e forma\u00e7\u00e3o dos nossos jovens. O processo foi um pouco mais demorado, por forma a reunir consensos fundamentais de uma interven\u00e7\u00e3o de grande envergadura para uma escola moderna, segura e virada para o futuro&#8221;, afirmou o autarca Fernando Nogueira, citado na nota enviada \u00e0s reda\u00e7\u00f5es.<br><\/p>\n\n\n\n<p>Em causa est\u00e1 a segunda fase da empreitada de requalifica\u00e7\u00e3o daquele estabelecimento de ensino com 25 anos e com 600 alunos.<br><\/p>\n\n\n\n<p>A primeira fase das obras, representou um investimento municipal de 400 mil euros, dos quais 108 mil garantido atrav\u00e9s do Pacto para o Desenvolvimento e Coes\u00e3o Territorial (PDCT).<br><\/p>\n\n\n\n<p>No total, a reabilita\u00e7\u00e3o do estabelecimento de ensino representar\u00e1 um investimento de 2,7 milh\u00f5es de euros.<br><\/p>\n\n\n\n<p>Adaptar a escola &#8220;\u00e0s novas exig\u00eancias de ensino, quer ao n\u00edvel do n\u00famero de espa\u00e7os, quer ao n\u00edvel da seguran\u00e7a e qualidade&#8221; \u00e9 o objetivo da interven\u00e7\u00e3o que vai ser lan\u00e7ada a concurso p\u00fablico.<br><\/p>\n\n\n\n<p>O projeto prev\u00ea &#8220;a constru\u00e7\u00e3o de raiz do centro de recursos, composto por biblioteca, audit\u00f3rio com capacidade para 119 lugares sentados, de um edif\u00edcio de apoio ao ensino articulado, a amplia\u00e7\u00e3o do espa\u00e7o de refeit\u00f3rio, a cobertura dos corredores de circula\u00e7\u00e3o e dos espa\u00e7os de recreio, o refor\u00e7o das condi\u00e7\u00f5es de seguran\u00e7a e de acessibilidades, bem como a adapta\u00e7\u00e3o \u00e0 efici\u00eancia energ\u00e9tica&#8221;.<br><\/p>\n\n\n\n<p>A primeira fase, entretanto conclu\u00edda, incluiu a &#8220;remo\u00e7\u00e3o dos revestimentos da cobertura em fibrocimento do pavilh\u00e3o gimnodesportivo, a reformula\u00e7\u00e3o dos balne\u00e1rios do campo de jogos, a constru\u00e7\u00e3o da nova portaria na entrada sul e a melhoria das condi\u00e7\u00f5es de conforto t\u00e9rmico do edif\u00edcio existente, atrav\u00e9s da implementa\u00e7\u00e3o de um sistema de isolamento t\u00e9rmico pelo exterior&#8221;.<\/p>\n","protected":false},"excerpt":{"rendered":"<p>A C\u00e2mara de Vila Nova de Cerveira apontou hoje o final do ano para o in\u00edcio da segunda fase da requalifica\u00e7\u00e3o da escola b\u00e1sica e secund\u00e1ria do concelho, num investimento global de 2,3 milh\u00f5es de euros. Em comunicado enviado \u00e0 imprensa, o munic\u00edpio do distrito de Viana do Castelo explicou que a Autoridade de Gest\u00e3o [&hellip;]<\/p>\n","protected":false},"author":16,"featured_media":45815,"comment_status":"closed","ping_status":"closed","sticky":false,"template":"","format":"standard","meta":{"_exactmetrics_skip_tracking":false,"_exactmetrics_sitenote_active":false,"_exactmetrics_sitenote_note":"","_exactmetrics_sitenote_category":0,"footnotes":""},"categories":[15],"tags":[22,27],"class_list":["post-45814","post","type-post","status-publish","format-standard","has-post-thumbnail","hentry","category-vila-nova-de-cerveira","tag-educacao","tag-sociedade"],"yoast_head":"<!-- This site is optimized with the Yoast SEO Premium plugin v27.4 (Yoast SEO v27.4) - https:\/\/yoast.com\/product\/yoast-seo-premium-wordpress\/ -->\n<title>Requalifica\u00e7\u00e3o de 2,3 ME em escola de Vila Nova de Cerveira avan\u00e7a at\u00e9 final do ano<\/title>\n<meta name=\"robots\" content=\"index, follow, max-snippet:-1, max-image-preview:large, max-video-preview:-1\" \/>\n<link rel=\"canonical\" href=\"https:\/\/www.altominho.tv\/site\/2020\/05\/06\/requalificacao-de-23-me-em-escola-de-vila-nova-de-cerveira-avanca-ate-final-do-ano\/\" \/>\n<meta property=\"og:locale\" content=\"pt_PT\" \/>\n<meta property=\"og:type\" content=\"article\" \/>\n<meta property=\"og:title\" content=\"Requalifica\u00e7\u00e3o de 2,3 ME em escola de Vila Nova de Cerveira avan\u00e7a at\u00e9 final do ano\" \/>\n<meta property=\"og:description\" content=\"A C\u00e2mara de Vila Nova de Cerveira apontou hoje o final do ano para o in\u00edcio da segunda fase da requalifica\u00e7\u00e3o da escola b\u00e1sica e secund\u00e1ria do concelho, num investimento global de 2,3 milh\u00f5es de euros. Em comunicado enviado \u00e0 imprensa, o munic\u00edpio do distrito de Viana do Castelo explicou que a Autoridade de Gest\u00e3o [&hellip;]\" \/>\n<meta property=\"og:url\" content=\"https:\/\/www.altominho.tv\/site\/2020\/05\/06\/requalificacao-de-23-me-em-escola-de-vila-nova-de-cerveira-avanca-ate-final-do-ano\/\" \/>\n<meta property=\"og:site_name\" content=\"Altominho.tv\" \/>\n<meta property=\"article:publisher\" content=\"https:\/\/www.facebook.com\/altominhotv\" \/>\n<meta property=\"article:published_time\" content=\"2020-05-06T18:33:55+00:00\" \/>\n<meta property=\"article:modified_time\" content=\"2020-05-06T18:34:00+00:00\" \/>\n<meta property=\"og:image\" content=\"https:\/\/www.altominho.tv\/site\/wp-content\/uploads\/2020\/05\/escola-cerveira.jpg\" \/>\n\t<meta property=\"og:image:width\" content=\"2560\" \/>\n\t<meta property=\"og:image:height\" content=\"1440\" \/>\n\t<meta property=\"og:image:type\" content=\"image\/jpeg\" \/>\n<meta name=\"author\" content=\"Andreia Cunha | Lusa\" \/>\n<meta name=\"twitter:card\" content=\"summary_large_image\" \/>\n<meta name=\"twitter:creator\" content=\"@altominhoTV\" \/>\n<meta name=\"twitter:site\" content=\"@altominhoTV\" \/>\n<meta name=\"twitter:label1\" content=\"Escrito por\" \/>\n\t<meta name=\"twitter:data1\" content=\"Andreia Cunha | Lusa\" \/>\n\t<meta name=\"twitter:label2\" content=\"Tempo estimado de leitura\" \/>\n\t<meta name=\"twitter:data2\" content=\"2 minutos\" \/>\n<script type=\"application\/ld+json\" class=\"yoast-schema-graph\">{\"@context\":\"https:\\\/\\\/schema.org\",\"@graph\":[{\"@type\":\"Article\",\"@id\":\"https:\\\/\\\/www.altominho.tv\\\/site\\\/2020\\\/05\\\/06\\\/requalificacao-de-23-me-em-escola-de-vila-nova-de-cerveira-avanca-ate-final-do-ano\\\/#article\",\"isPartOf\":{\"@id\":\"https:\\\/\\\/www.altominho.tv\\\/site\\\/2020\\\/05\\\/06\\\/requalificacao-de-23-me-em-escola-de-vila-nova-de-cerveira-avanca-ate-final-do-ano\\\/\"},\"author\":{\"name\":\"Andreia Cunha | Lusa\",\"@id\":\"https:\\\/\\\/www.altominho.tv\\\/site\\\/#\\\/schema\\\/person\\\/dbaf181c01b51ff40c9f461a905d321e\"},\"headline\":\"Requalifica\u00e7\u00e3o de 2,3 ME em escola de Vila Nova de Cerveira avan\u00e7a at\u00e9 final do ano\",\"datePublished\":\"2020-05-06T18:33:55+00:00\",\"dateModified\":\"2020-05-06T18:34:00+00:00\",\"mainEntityOfPage\":{\"@id\":\"https:\\\/\\\/www.altominho.tv\\\/site\\\/2020\\\/05\\\/06\\\/requalificacao-de-23-me-em-escola-de-vila-nova-de-cerveira-avanca-ate-final-do-ano\\\/\"},\"wordCount\":487,\"image\":{\"@id\":\"https:\\\/\\\/www.altominho.tv\\\/site\\\/2020\\\/05\\\/06\\\/requalificacao-de-23-me-em-escola-de-vila-nova-de-cerveira-avanca-ate-final-do-ano\\\/#primaryimage\"},\"thumbnailUrl\":\"https:\\\/\\\/www.altominho.tv\\\/site\\\/wp-content\\\/uploads\\\/2020\\\/05\\\/escola-cerveira.jpg\",\"keywords\":[\"Educa\u00e7\u00e3o\",\"Sociedade\"],\"articleSection\":[\"Vila Nova de Cerveira\"],\"inLanguage\":\"pt-PT\",\"copyrightYear\":\"2020\",\"copyrightHolder\":{\"@id\":\"https:\\\/\\\/www.altominho.tv\\\/site\\\/#organization\"}},{\"@type\":\"WebPage\",\"@id\":\"https:\\\/\\\/www.altominho.tv\\\/site\\\/2020\\\/05\\\/06\\\/requalificacao-de-23-me-em-escola-de-vila-nova-de-cerveira-avanca-ate-final-do-ano\\\/\",\"url\":\"https:\\\/\\\/www.altominho.tv\\\/site\\\/2020\\\/05\\\/06\\\/requalificacao-de-23-me-em-escola-de-vila-nova-de-cerveira-avanca-ate-final-do-ano\\\/\",\"name\":\"Requalifica\u00e7\u00e3o de 2,3 ME em escola de Vila Nova de Cerveira avan\u00e7a at\u00e9 final do ano\",\"isPartOf\":{\"@id\":\"https:\\\/\\\/www.altominho.tv\\\/site\\\/#website\"},\"primaryImageOfPage\":{\"@id\":\"https:\\\/\\\/www.altominho.tv\\\/site\\\/2020\\\/05\\\/06\\\/requalificacao-de-23-me-em-escola-de-vila-nova-de-cerveira-avanca-ate-final-do-ano\\\/#primaryimage\"},\"image\":{\"@id\":\"https:\\\/\\\/www.altominho.tv\\\/site\\\/2020\\\/05\\\/06\\\/requalificacao-de-23-me-em-escola-de-vila-nova-de-cerveira-avanca-ate-final-do-ano\\\/#primaryimage\"},\"thumbnailUrl\":\"https:\\\/\\\/www.altominho.tv\\\/site\\\/wp-content\\\/uploads\\\/2020\\\/05\\\/escola-cerveira.jpg\",\"datePublished\":\"2020-05-06T18:33:55+00:00\",\"dateModified\":\"2020-05-06T18:34:00+00:00\",\"author\":{\"@id\":\"https:\\\/\\\/www.altominho.tv\\\/site\\\/#\\\/schema\\\/person\\\/dbaf181c01b51ff40c9f461a905d321e\"},\"breadcrumb\":{\"@id\":\"https:\\\/\\\/www.altominho.tv\\\/site\\\/2020\\\/05\\\/06\\\/requalificacao-de-23-me-em-escola-de-vila-nova-de-cerveira-avanca-ate-final-do-ano\\\/#breadcrumb\"},\"inLanguage\":\"pt-PT\",\"potentialAction\":[{\"@type\":\"ReadAction\",\"target\":[\"https:\\\/\\\/www.altominho.tv\\\/site\\\/2020\\\/05\\\/06\\\/requalificacao-de-23-me-em-escola-de-vila-nova-de-cerveira-avanca-ate-final-do-ano\\\/\"]}]},{\"@type\":\"ImageObject\",\"inLanguage\":\"pt-PT\",\"@id\":\"https:\\\/\\\/www.altominho.tv\\\/site\\\/2020\\\/05\\\/06\\\/requalificacao-de-23-me-em-escola-de-vila-nova-de-cerveira-avanca-ate-final-do-ano\\\/#primaryimage\",\"url\":\"https:\\\/\\\/www.altominho.tv\\\/site\\\/wp-content\\\/uploads\\\/2020\\\/05\\\/escola-cerveira.jpg\",\"contentUrl\":\"https:\\\/\\\/www.altominho.tv\\\/site\\\/wp-content\\\/uploads\\\/2020\\\/05\\\/escola-cerveira.jpg\",\"width\":2560,\"height\":1440},{\"@type\":\"BreadcrumbList\",\"@id\":\"https:\\\/\\\/www.altominho.tv\\\/site\\\/2020\\\/05\\\/06\\\/requalificacao-de-23-me-em-escola-de-vila-nova-de-cerveira-avanca-ate-final-do-ano\\\/#breadcrumb\",\"itemListElement\":[{\"@type\":\"ListItem\",\"position\":1,\"name\":\"In\u00edcio\",\"item\":\"https:\\\/\\\/www.altominho.tv\\\/site\\\/\"},{\"@type\":\"ListItem\",\"position\":2,\"name\":\"Requalifica\u00e7\u00e3o de 2,3 ME em escola de Vila Nova de Cerveira avan\u00e7a at\u00e9 final do ano\"}]},{\"@type\":\"WebSite\",\"@id\":\"https:\\\/\\\/www.altominho.tv\\\/site\\\/#website\",\"url\":\"https:\\\/\\\/www.altominho.tv\\\/site\\\/\",\"name\":\"Altominho.tv\",\"description\":\"A sua regi\u00e3o \u00e0 dist\u00e2ncia de um clique...\",\"potentialAction\":[{\"@type\":\"SearchAction\",\"target\":{\"@type\":\"EntryPoint\",\"urlTemplate\":\"https:\\\/\\\/www.altominho.tv\\\/site\\\/?s={search_term_string}\"},\"query-input\":{\"@type\":\"PropertyValueSpecification\",\"valueRequired\":true,\"valueName\":\"search_term_string\"}}],\"inLanguage\":\"pt-PT\"},{\"@type\":\"Person\",\"@id\":\"https:\\\/\\\/www.altominho.tv\\\/site\\\/#\\\/schema\\\/person\\\/dbaf181c01b51ff40c9f461a905d321e\",\"name\":\"Andreia Cunha | Lusa\",\"image\":{\"@type\":\"ImageObject\",\"inLanguage\":\"pt-PT\",\"@id\":\"https:\\\/\\\/www.altominho.tv\\\/site\\\/wp-content\\\/uploads\\\/2017\\\/11\\\/Andreia_Cunha-1-150x150.jpg\",\"url\":\"https:\\\/\\\/www.altominho.tv\\\/site\\\/wp-content\\\/uploads\\\/2017\\\/11\\\/Andreia_Cunha-1-150x150.jpg\",\"contentUrl\":\"https:\\\/\\\/www.altominho.tv\\\/site\\\/wp-content\\\/uploads\\\/2017\\\/11\\\/Andreia_Cunha-1-150x150.jpg\",\"caption\":\"Andreia Cunha | Lusa\"},\"sameAs\":[\"https:\\\/\\\/www.altominho.tv\\\/site\"],\"url\":\"https:\\\/\\\/www.altominho.tv\\\/site\\\/author\\\/andreiacunhalusa\\\/\"}]}<\/script>\n<!-- \/ Yoast SEO Premium plugin. -->","yoast_head_json":{"title":"Requalifica\u00e7\u00e3o de 2,3 ME em escola de Vila Nova de Cerveira avan\u00e7a at\u00e9 final do ano","robots":{"index":"index","follow":"follow","max-snippet":"max-snippet:-1","max-image-preview":"max-image-preview:large","max-video-preview":"max-video-preview:-1"},"canonical":"https:\/\/www.altominho.tv\/site\/2020\/05\/06\/requalificacao-de-23-me-em-escola-de-vila-nova-de-cerveira-avanca-ate-final-do-ano\/","og_locale":"pt_PT","og_type":"article","og_title":"Requalifica\u00e7\u00e3o de 2,3 ME em escola de Vila Nova de Cerveira avan\u00e7a at\u00e9 final do ano","og_description":"A C\u00e2mara de Vila Nova de Cerveira apontou hoje o final do ano para o in\u00edcio da segunda fase da requalifica\u00e7\u00e3o da escola b\u00e1sica e secund\u00e1ria do concelho, num investimento global de 2,3 milh\u00f5es de euros. Em comunicado enviado \u00e0 imprensa, o munic\u00edpio do distrito de Viana do Castelo explicou que a Autoridade de Gest\u00e3o [&hellip;]","og_url":"https:\/\/www.altominho.tv\/site\/2020\/05\/06\/requalificacao-de-23-me-em-escola-de-vila-nova-de-cerveira-avanca-ate-final-do-ano\/","og_site_name":"Altominho.tv","article_publisher":"https:\/\/www.facebook.com\/altominhotv","article_published_time":"2020-05-06T18:33:55+00:00","article_modified_time":"2020-05-06T18:34:00+00:00","og_image":[{"width":2560,"height":1440,"url":"https:\/\/www.altominho.tv\/site\/wp-content\/uploads\/2020\/05\/escola-cerveira.jpg","type":"image\/jpeg"}],"author":"Andreia Cunha | Lusa","twitter_card":"summary_large_image","twitter_creator":"@altominhoTV","twitter_site":"@altominhoTV","twitter_misc":{"Escrito por":"Andreia Cunha | Lusa","Tempo estimado de leitura":"2 minutos"},"schema":{"@context":"https:\/\/schema.org","@graph":[{"@type":"Article","@id":"https:\/\/www.altominho.tv\/site\/2020\/05\/06\/requalificacao-de-23-me-em-escola-de-vila-nova-de-cerveira-avanca-ate-final-do-ano\/#article","isPartOf":{"@id":"https:\/\/www.altominho.tv\/site\/2020\/05\/06\/requalificacao-de-23-me-em-escola-de-vila-nova-de-cerveira-avanca-ate-final-do-ano\/"},"author":{"name":"Andreia Cunha | Lusa","@id":"https:\/\/www.altominho.tv\/site\/#\/schema\/person\/dbaf181c01b51ff40c9f461a905d321e"},"headline":"Requalifica\u00e7\u00e3o de 2,3 ME em escola de Vila Nova de Cerveira avan\u00e7a at\u00e9 final do ano","datePublished":"2020-05-06T18:33:55+00:00","dateModified":"2020-05-06T18:34:00+00:00","mainEntityOfPage":{"@id":"https:\/\/www.altominho.tv\/site\/2020\/05\/06\/requalificacao-de-23-me-em-escola-de-vila-nova-de-cerveira-avanca-ate-final-do-ano\/"},"wordCount":487,"image":{"@id":"https:\/\/www.altominho.tv\/site\/2020\/05\/06\/requalificacao-de-23-me-em-escola-de-vila-nova-de-cerveira-avanca-ate-final-do-ano\/#primaryimage"},"thumbnailUrl":"https:\/\/www.altominho.tv\/site\/wp-content\/uploads\/2020\/05\/escola-cerveira.jpg","keywords":["Educa\u00e7\u00e3o","Sociedade"],"articleSection":["Vila Nova de Cerveira"],"inLanguage":"pt-PT","copyrightYear":"2020","copyrightHolder":{"@id":"https:\/\/www.altominho.tv\/site\/#organization"}},{"@type":"WebPage","@id":"https:\/\/www.altominho.tv\/site\/2020\/05\/06\/requalificacao-de-23-me-em-escola-de-vila-nova-de-cerveira-avanca-ate-final-do-ano\/","url":"https:\/\/www.altominho.tv\/site\/2020\/05\/06\/requalificacao-de-23-me-em-escola-de-vila-nova-de-cerveira-avanca-ate-final-do-ano\/","name":"Requalifica\u00e7\u00e3o de 2,3 ME em escola de Vila Nova de Cerveira avan\u00e7a at\u00e9 final do ano","isPartOf":{"@id":"https:\/\/www.altominho.tv\/site\/#website"},"primaryImageOfPage":{"@id":"https:\/\/www.altominho.tv\/site\/2020\/05\/06\/requalificacao-de-23-me-em-escola-de-vila-nova-de-cerveira-avanca-ate-final-do-ano\/#primaryimage"},"image":{"@id":"https:\/\/www.altominho.tv\/site\/2020\/05\/06\/requalificacao-de-23-me-em-escola-de-vila-nova-de-cerveira-avanca-ate-final-do-ano\/#primaryimage"},"thumbnailUrl":"https:\/\/www.altominho.tv\/site\/wp-content\/uploads\/2020\/05\/escola-cerveira.jpg","datePublished":"2020-05-06T18:33:55+00:00","dateModified":"2020-05-06T18:34:00+00:00","author":{"@id":"https:\/\/www.altominho.tv\/site\/#\/schema\/person\/dbaf181c01b51ff40c9f461a905d321e"},"breadcrumb":{"@id":"https:\/\/www.altominho.tv\/site\/2020\/05\/06\/requalificacao-de-23-me-em-escola-de-vila-nova-de-cerveira-avanca-ate-final-do-ano\/#breadcrumb"},"inLanguage":"pt-PT","potentialAction":[{"@type":"ReadAction","target":["https:\/\/www.altominho.tv\/site\/2020\/05\/06\/requalificacao-de-23-me-em-escola-de-vila-nova-de-cerveira-avanca-ate-final-do-ano\/"]}]},{"@type":"ImageObject","inLanguage":"pt-PT","@id":"https:\/\/www.altominho.tv\/site\/2020\/05\/06\/requalificacao-de-23-me-em-escola-de-vila-nova-de-cerveira-avanca-ate-final-do-ano\/#primaryimage","url":"https:\/\/www.altominho.tv\/site\/wp-content\/uploads\/2020\/05\/escola-cerveira.jpg","contentUrl":"https:\/\/www.altominho.tv\/site\/wp-content\/uploads\/2020\/05\/escola-cerveira.jpg","width":2560,"height":1440},{"@type":"BreadcrumbList","@id":"https:\/\/www.altominho.tv\/site\/2020\/05\/06\/requalificacao-de-23-me-em-escola-de-vila-nova-de-cerveira-avanca-ate-final-do-ano\/#breadcrumb","itemListElement":[{"@type":"ListItem","position":1,"name":"In\u00edcio","item":"https:\/\/www.altominho.tv\/site\/"},{"@type":"ListItem","position":2,"name":"Requalifica\u00e7\u00e3o de 2,3 ME em escola de Vila Nova de Cerveira avan\u00e7a at\u00e9 final do ano"}]},{"@type":"WebSite","@id":"https:\/\/www.altominho.tv\/site\/#website","url":"https:\/\/www.altominho.tv\/site\/","name":"Altominho.tv","description":"A sua regi\u00e3o \u00e0 dist\u00e2ncia de um clique...","potentialAction":[{"@type":"SearchAction","target":{"@type":"EntryPoint","urlTemplate":"https:\/\/www.altominho.tv\/site\/?s={search_term_string}"},"query-input":{"@type":"PropertyValueSpecification","valueRequired":true,"valueName":"search_term_string"}}],"inLanguage":"pt-PT"},{"@type":"Person","@id":"https:\/\/www.altominho.tv\/site\/#\/schema\/person\/dbaf181c01b51ff40c9f461a905d321e","name":"Andreia Cunha | Lusa","image":{"@type":"ImageObject","inLanguage":"pt-PT","@id":"https:\/\/www.altominho.tv\/site\/wp-content\/uploads\/2017\/11\/Andreia_Cunha-1-150x150.jpg","url":"https:\/\/www.altominho.tv\/site\/wp-content\/uploads\/2017\/11\/Andreia_Cunha-1-150x150.jpg","contentUrl":"https:\/\/www.altominho.tv\/site\/wp-content\/uploads\/2017\/11\/Andreia_Cunha-1-150x150.jpg","caption":"Andreia Cunha | Lusa"},"sameAs":["https:\/\/www.altominho.tv\/site"],"url":"https:\/\/www.altominho.tv\/site\/author\/andreiacunhalusa\/"}]}},"_links":{"self":[{"href":"https:\/\/www.altominho.tv\/site\/wp-json\/wp\/v2\/posts\/45814","targetHints":{"allow":["GET"]}}],"collection":[{"href":"https:\/\/www.altominho.tv\/site\/wp-json\/wp\/v2\/posts"}],"about":[{"href":"https:\/\/www.altominho.tv\/site\/wp-json\/wp\/v2\/types\/post"}],"author":[{"embeddable":true,"href":"https:\/\/www.altominho.tv\/site\/wp-json\/wp\/v2\/users\/16"}],"replies":[{"embeddable":true,"href":"https:\/\/www.altominho.tv\/site\/wp-json\/wp\/v2\/comments?post=45814"}],"version-history":[{"count":0,"href":"https:\/\/www.altominho.tv\/site\/wp-json\/wp\/v2\/posts\/45814\/revisions"}],"wp:featuredmedia":[{"embeddable":true,"href":"https:\/\/www.altominho.tv\/site\/wp-json\/wp\/v2\/media\/45815"}],"wp:attachment":[{"href":"https:\/\/www.altominho.tv\/site\/wp-json\/wp\/v2\/media?parent=45814"}],"wp:term":[{"taxonomy":"category","embeddable":true,"href":"https:\/\/www.altominho.tv\/site\/wp-json\/wp\/v2\/categories?post=45814"},{"taxonomy":"post_tag","embeddable":true,"href":"https:\/\/www.altominho.tv\/site\/wp-json\/wp\/v2\/tags?post=45814"}],"curies":[{"name":"wp","href":"https:\/\/api.w.org\/{rel}","templated":true}]}}