{"id":45665,"date":"2020-05-05T12:11:55","date_gmt":"2020-05-05T11:11:55","guid":{"rendered":"http:\/\/www.altominho.tv\/site\/?p=45665"},"modified":"2020-05-05T12:11:56","modified_gmt":"2020-05-05T11:11:56","slug":"festa-em-honra-a-virgem-das-dores-adiada-para-2021","status":"publish","type":"post","link":"https:\/\/www.altominho.tv\/site\/2020\/05\/05\/festa-em-honra-a-virgem-das-dores-adiada-para-2021\/","title":{"rendered":"Festa em Honra \u00e0 Virgem das Dores adiada para 2021"},"content":{"rendered":"<p>A Festa em Honra \u00e0 Virgem das Dores, em Mon\u00e7\u00e3o, que estava prevista para agosto, foi adiada para 2021, foi anunciado esta segunda-feira \u00e0 noite pela Comiss\u00e3o de Festas.<\/p>\n<p>\u201cA Comiss\u00e3o de Festas em Honra da Virgem das Dores 2020, ap\u00f3s um adequado tempo de reflex\u00e3o e pondera\u00e7\u00e3o e, tendo em conta, a prote\u00e7\u00e3o e salvaguarda de todas as pessoas, vem comunicar o adiamento do seu programa para o pr\u00f3ximo ano de 2021\u2033, l\u00ea-se num comunicado publicado nas redes sociais.<\/p>\n<p>Originalmente as festividades decorreriam entre 13 e 17 de agosto, estando agora previstas entre os dias 12 a 16 de agosto de 2021.<\/p>\n<p>Com a pandemia de Covid-19 e depois do comunicado divulgado pela Confer\u00eancia Episcopal Portuguesa (CEP) que diz que &#8220;prociss\u00f5es, festas, concentra\u00e7\u00f5es religiosas, acampamentos e outras atividades similares pass\u00edveis de forte propaga\u00e7\u00e3o da epidemia ficar\u00e3o adiados para o pr\u00f3ximo ano pastoral&#8221;, &#8220;al\u00e9m do adiamento de toda a programa\u00e7\u00e3o de anima\u00e7\u00e3o, tamb\u00e9m a prociss\u00e3o n\u00e3o se poder\u00e1 realizar (se a situa\u00e7\u00e3o atual se mantiver)&#8221;, explica a Comiss\u00e3o de Festas.<\/p>\n<p>&#8220;Apesar desta decis\u00e3o, a Comiss\u00e3o, que transitar\u00e1 para o pr\u00f3ximo ano, assume tamb\u00e9m que tudo far\u00e1 para que no dia 16 de agosto de 2020, se possa proceder \u00e0 celebra\u00e7\u00e3o da Eucaristia, que ter\u00e1 de ocorrer de acordo com as exig\u00eanci<span class=\"text_exposed_show\">as sanit\u00e1rias que vigorarem nesse momento&#8221;, garantem.<\/span><\/p>\n<p><span style=\"font-size: inherit\">A Comiss\u00e3o de Festas informa tamb\u00e9m que todas as atividades propostas para este ano, <\/span><span style=\"font-size: inherit\">entre as quais o sorteio de um autom\u00f3vel e os pedit\u00f3rios j\u00e1 iniciados, transitam para 2021.<\/span><\/p>\n<div class=\"text_exposed_show\">\n<p>&#8220;A Comiss\u00e3o de Festas em Honra da Virgem das Dores 2020\/2021 agradece a todos os patrocinadores o apoio e contar\u00e1 com os mesmos para 2021. Tamb\u00e9m uma nota de agradecimento a todos os antigos mordomos que se prontificaram a colaborar com a comiss\u00e3o deste ano. Agradecemos, desde j\u00e1, o apoio sentido da parte da popula\u00e7\u00e3o e contamos com o vosso apoio para fazermos melhor&#8221;, l\u00ea-se naquela nota.<\/p>\n<p>A atual comiss\u00e3o deixa ainda um apelo: &#8220;Logo que as feiras e mercados reabram, estaremos com os nossos produtos \u00e0 venda e contamos com a ajuda de todos, pois as dificuldades ser\u00e3o muitas&#8221;.<\/p>\n<p>O cartaz da edi\u00e7\u00e3o deste ano contava com nomes como os Gipsy Kings e Herman Jos\u00e9.<\/p>\n<\/div>\n","protected":false},"excerpt":{"rendered":"<p>A Festa em Honra \u00e0 Virgem das Dores, em Mon\u00e7\u00e3o, que estava prevista para agosto, foi adiada para 2021, foi anunciado esta segunda-feira \u00e0 noite pela Comiss\u00e3o de Festas. \u201cA Comiss\u00e3o de Festas em Honra da Virgem das Dores 2020, ap\u00f3s um adequado tempo de reflex\u00e3o e pondera\u00e7\u00e3o e, tendo em conta, a prote\u00e7\u00e3o e [&hellip;]<\/p>\n","protected":false},"author":12,"featured_media":45670,"comment_status":"closed","ping_status":"closed","sticky":false,"template":"","format":"standard","meta":{"_exactmetrics_skip_tracking":false,"footnotes":""},"categories":[9],"tags":[27],"class_list":["post-45665","post","type-post","status-publish","format-standard","has-post-thumbnail","hentry","category-moncao","tag-sociedade"],"yoast_head":"<!-- This site is optimized with the Yoast SEO Premium plugin v28.3 (Yoast SEO v28.3) - https:\/\/yoast.com\/product\/yoast-seo-premium-wordpress\/ -->\n<title>Festa em Honra \u00e0 Virgem das Dores adiada para 2021<\/title>\n<meta name=\"robots\" content=\"index, follow, max-snippet:-1, max-image-preview:large, max-video-preview:-1\" \/>\n<link rel=\"canonical\" href=\"https:\/\/www.altominho.tv\/site\/2020\/05\/05\/festa-em-honra-a-virgem-das-dores-adiada-para-2021\/\" \/>\n<meta property=\"og:locale\" content=\"pt_PT\" \/>\n<meta property=\"og:type\" content=\"article\" \/>\n<meta property=\"og:title\" content=\"Festa em Honra \u00e0 Virgem das Dores adiada para 2021\" \/>\n<meta property=\"og:description\" content=\"A Festa em Honra \u00e0 Virgem das Dores, em Mon\u00e7\u00e3o, que estava prevista para agosto, foi adiada para 2021, foi anunciado esta segunda-feira \u00e0 noite pela Comiss\u00e3o de Festas. \u201cA Comiss\u00e3o de Festas em Honra da Virgem das Dores 2020, ap\u00f3s um adequado tempo de reflex\u00e3o e pondera\u00e7\u00e3o e, tendo em conta, a prote\u00e7\u00e3o e [&hellip;]\" \/>\n<meta property=\"og:url\" content=\"https:\/\/www.altominho.tv\/site\/2020\/05\/05\/festa-em-honra-a-virgem-das-dores-adiada-para-2021\/\" \/>\n<meta property=\"og:site_name\" content=\"Altominho.tv\" \/>\n<meta property=\"article:publisher\" content=\"https:\/\/www.facebook.com\/altominhotv\" \/>\n<meta property=\"article:published_time\" content=\"2020-05-05T11:11:55+00:00\" \/>\n<meta property=\"article:modified_time\" content=\"2020-05-05T11:11:56+00:00\" \/>\n<meta property=\"og:image\" content=\"https:\/\/www.altominho.tv\/site\/wp-content\/uploads\/2020\/05\/senhora-das-dores2-1024x576-1-740x416-1.jpg\" \/>\n\t<meta property=\"og:image:width\" content=\"740\" \/>\n\t<meta property=\"og:image:height\" content=\"416\" \/>\n\t<meta property=\"og:image:type\" content=\"image\/jpeg\" \/>\n<meta name=\"author\" content=\"Andreia Ferreira\" \/>\n<meta name=\"twitter:card\" content=\"summary_large_image\" \/>\n<meta name=\"twitter:creator\" content=\"@altominhoTV\" \/>\n<meta name=\"twitter:site\" content=\"@altominhoTV\" \/>\n<meta name=\"twitter:label1\" content=\"Escrito por\" \/>\n\t<meta name=\"twitter:data1\" content=\"Andreia Ferreira\" \/>\n\t<meta name=\"twitter:label2\" content=\"Tempo estimado de leitura\" \/>\n\t<meta name=\"twitter:data2\" content=\"2 minutos\" \/>\n<script type=\"application\/ld+json\" class=\"yoast-schema-graph\">{\"@context\":\"https:\\\/\\\/schema.org\",\"@graph\":[{\"@type\":\"Article\",\"@id\":\"https:\\\/\\\/www.altominho.tv\\\/site\\\/2020\\\/05\\\/05\\\/festa-em-honra-a-virgem-das-dores-adiada-para-2021\\\/#article\",\"isPartOf\":{\"@id\":\"https:\\\/\\\/www.altominho.tv\\\/site\\\/2020\\\/05\\\/05\\\/festa-em-honra-a-virgem-das-dores-adiada-para-2021\\\/\"},\"author\":{\"name\":\"Andreia Ferreira\",\"@id\":\"https:\\\/\\\/www.altominho.tv\\\/site\\\/#\\\/schema\\\/person\\\/d9be4265364723f14ea8e0d56a1d38cd\"},\"headline\":\"Festa em Honra \u00e0 Virgem das Dores adiada para 2021\",\"datePublished\":\"2020-05-05T11:11:55+00:00\",\"dateModified\":\"2020-05-05T11:11:56+00:00\",\"mainEntityOfPage\":{\"@id\":\"https:\\\/\\\/www.altominho.tv\\\/site\\\/2020\\\/05\\\/05\\\/festa-em-honra-a-virgem-das-dores-adiada-para-2021\\\/\"},\"wordCount\":397,\"image\":{\"@id\":\"https:\\\/\\\/www.altominho.tv\\\/site\\\/2020\\\/05\\\/05\\\/festa-em-honra-a-virgem-das-dores-adiada-para-2021\\\/#primaryimage\"},\"thumbnailUrl\":\"https:\\\/\\\/www.altominho.tv\\\/site\\\/wp-content\\\/uploads\\\/2020\\\/05\\\/senhora-das-dores2-1024x576-1-740x416-1.jpg\",\"keywords\":[\"Sociedade\"],\"articleSection\":[\"Mon\u00e7\u00e3o\"],\"inLanguage\":\"pt-PT\",\"copyrightYear\":\"2020\",\"copyrightHolder\":{\"@id\":\"https:\\\/\\\/www.altominho.tv\\\/site\\\/#organization\"}},{\"@type\":\"WebPage\",\"@id\":\"https:\\\/\\\/www.altominho.tv\\\/site\\\/2020\\\/05\\\/05\\\/festa-em-honra-a-virgem-das-dores-adiada-para-2021\\\/\",\"url\":\"https:\\\/\\\/www.altominho.tv\\\/site\\\/2020\\\/05\\\/05\\\/festa-em-honra-a-virgem-das-dores-adiada-para-2021\\\/\",\"name\":\"Festa em Honra \u00e0 Virgem das Dores adiada para 2021\",\"isPartOf\":{\"@id\":\"https:\\\/\\\/www.altominho.tv\\\/site\\\/#website\"},\"primaryImageOfPage\":{\"@id\":\"https:\\\/\\\/www.altominho.tv\\\/site\\\/2020\\\/05\\\/05\\\/festa-em-honra-a-virgem-das-dores-adiada-para-2021\\\/#primaryimage\"},\"image\":{\"@id\":\"https:\\\/\\\/www.altominho.tv\\\/site\\\/2020\\\/05\\\/05\\\/festa-em-honra-a-virgem-das-dores-adiada-para-2021\\\/#primaryimage\"},\"thumbnailUrl\":\"https:\\\/\\\/www.altominho.tv\\\/site\\\/wp-content\\\/uploads\\\/2020\\\/05\\\/senhora-das-dores2-1024x576-1-740x416-1.jpg\",\"datePublished\":\"2020-05-05T11:11:55+00:00\",\"dateModified\":\"2020-05-05T11:11:56+00:00\",\"author\":{\"@id\":\"https:\\\/\\\/www.altominho.tv\\\/site\\\/#\\\/schema\\\/person\\\/d9be4265364723f14ea8e0d56a1d38cd\"},\"breadcrumb\":{\"@id\":\"https:\\\/\\\/www.altominho.tv\\\/site\\\/2020\\\/05\\\/05\\\/festa-em-honra-a-virgem-das-dores-adiada-para-2021\\\/#breadcrumb\"},\"inLanguage\":\"pt-PT\",\"potentialAction\":[{\"@type\":\"ReadAction\",\"target\":[\"https:\\\/\\\/www.altominho.tv\\\/site\\\/2020\\\/05\\\/05\\\/festa-em-honra-a-virgem-das-dores-adiada-para-2021\\\/\"]}]},{\"@type\":\"ImageObject\",\"inLanguage\":\"pt-PT\",\"@id\":\"https:\\\/\\\/www.altominho.tv\\\/site\\\/2020\\\/05\\\/05\\\/festa-em-honra-a-virgem-das-dores-adiada-para-2021\\\/#primaryimage\",\"url\":\"https:\\\/\\\/www.altominho.tv\\\/site\\\/wp-content\\\/uploads\\\/2020\\\/05\\\/senhora-das-dores2-1024x576-1-740x416-1.jpg\",\"contentUrl\":\"https:\\\/\\\/www.altominho.tv\\\/site\\\/wp-content\\\/uploads\\\/2020\\\/05\\\/senhora-das-dores2-1024x576-1-740x416-1.jpg\",\"width\":740,\"height\":416},{\"@type\":\"BreadcrumbList\",\"@id\":\"https:\\\/\\\/www.altominho.tv\\\/site\\\/2020\\\/05\\\/05\\\/festa-em-honra-a-virgem-das-dores-adiada-para-2021\\\/#breadcrumb\",\"itemListElement\":[{\"@type\":\"ListItem\",\"position\":1,\"name\":\"In\u00edcio\",\"item\":\"https:\\\/\\\/www.altominho.tv\\\/site\\\/\"},{\"@type\":\"ListItem\",\"position\":2,\"name\":\"Festa em Honra \u00e0 Virgem das Dores adiada para 2021\"}]},{\"@type\":\"WebSite\",\"@id\":\"https:\\\/\\\/www.altominho.tv\\\/site\\\/#website\",\"url\":\"https:\\\/\\\/www.altominho.tv\\\/site\\\/\",\"name\":\"Altominho.tv\",\"description\":\"A sua regi\u00e3o \u00e0 dist\u00e2ncia de um clique...\",\"potentialAction\":[{\"@type\":\"SearchAction\",\"target\":{\"@type\":\"EntryPoint\",\"urlTemplate\":\"https:\\\/\\\/www.altominho.tv\\\/site\\\/?s={search_term_string}\"},\"query-input\":{\"@type\":\"PropertyValueSpecification\",\"valueRequired\":true,\"valueName\":\"search_term_string\"}}],\"inLanguage\":\"pt-PT\"},{\"@type\":\"Person\",\"@id\":\"https:\\\/\\\/www.altominho.tv\\\/site\\\/#\\\/schema\\\/person\\\/d9be4265364723f14ea8e0d56a1d38cd\",\"name\":\"Andreia Ferreira\",\"image\":{\"@type\":\"ImageObject\",\"inLanguage\":\"pt-PT\",\"@id\":\"https:\\\/\\\/www.altominho.tv\\\/site\\\/wp-content\\\/uploads\\\/2021\\\/01\\\/AndreiaFerreira-150x150.jpg\",\"url\":\"https:\\\/\\\/www.altominho.tv\\\/site\\\/wp-content\\\/uploads\\\/2021\\\/01\\\/AndreiaFerreira-150x150.jpg\",\"contentUrl\":\"https:\\\/\\\/www.altominho.tv\\\/site\\\/wp-content\\\/uploads\\\/2021\\\/01\\\/AndreiaFerreira-150x150.jpg\",\"caption\":\"Andreia Ferreira\"},\"url\":\"https:\\\/\\\/www.altominho.tv\\\/site\\\/author\\\/andreiaferreira\\\/\"}]}<\/script>\n<!-- \/ Yoast SEO Premium plugin. -->","yoast_head_json":{"title":"Festa em Honra \u00e0 Virgem das Dores adiada para 2021","robots":{"index":"index","follow":"follow","max-snippet":"max-snippet:-1","max-image-preview":"max-image-preview:large","max-video-preview":"max-video-preview:-1"},"canonical":"https:\/\/www.altominho.tv\/site\/2020\/05\/05\/festa-em-honra-a-virgem-das-dores-adiada-para-2021\/","og_locale":"pt_PT","og_type":"article","og_title":"Festa em Honra \u00e0 Virgem das Dores adiada para 2021","og_description":"A Festa em Honra \u00e0 Virgem das Dores, em Mon\u00e7\u00e3o, que estava prevista para agosto, foi adiada para 2021, foi anunciado esta segunda-feira \u00e0 noite pela Comiss\u00e3o de Festas. \u201cA Comiss\u00e3o de Festas em Honra da Virgem das Dores 2020, ap\u00f3s um adequado tempo de reflex\u00e3o e pondera\u00e7\u00e3o e, tendo em conta, a prote\u00e7\u00e3o e [&hellip;]","og_url":"https:\/\/www.altominho.tv\/site\/2020\/05\/05\/festa-em-honra-a-virgem-das-dores-adiada-para-2021\/","og_site_name":"Altominho.tv","article_publisher":"https:\/\/www.facebook.com\/altominhotv","article_published_time":"2020-05-05T11:11:55+00:00","article_modified_time":"2020-05-05T11:11:56+00:00","og_image":[{"width":740,"height":416,"url":"https:\/\/www.altominho.tv\/site\/wp-content\/uploads\/2020\/05\/senhora-das-dores2-1024x576-1-740x416-1.jpg","type":"image\/jpeg"}],"author":"Andreia Ferreira","twitter_card":"summary_large_image","twitter_creator":"@altominhoTV","twitter_site":"@altominhoTV","twitter_misc":{"Escrito por":"Andreia Ferreira","Tempo estimado de leitura":"2 minutos"},"schema":{"@context":"https:\/\/schema.org","@graph":[{"@type":"Article","@id":"https:\/\/www.altominho.tv\/site\/2020\/05\/05\/festa-em-honra-a-virgem-das-dores-adiada-para-2021\/#article","isPartOf":{"@id":"https:\/\/www.altominho.tv\/site\/2020\/05\/05\/festa-em-honra-a-virgem-das-dores-adiada-para-2021\/"},"author":{"name":"Andreia Ferreira","@id":"https:\/\/www.altominho.tv\/site\/#\/schema\/person\/d9be4265364723f14ea8e0d56a1d38cd"},"headline":"Festa em Honra \u00e0 Virgem das Dores adiada para 2021","datePublished":"2020-05-05T11:11:55+00:00","dateModified":"2020-05-05T11:11:56+00:00","mainEntityOfPage":{"@id":"https:\/\/www.altominho.tv\/site\/2020\/05\/05\/festa-em-honra-a-virgem-das-dores-adiada-para-2021\/"},"wordCount":397,"image":{"@id":"https:\/\/www.altominho.tv\/site\/2020\/05\/05\/festa-em-honra-a-virgem-das-dores-adiada-para-2021\/#primaryimage"},"thumbnailUrl":"https:\/\/www.altominho.tv\/site\/wp-content\/uploads\/2020\/05\/senhora-das-dores2-1024x576-1-740x416-1.jpg","keywords":["Sociedade"],"articleSection":["Mon\u00e7\u00e3o"],"inLanguage":"pt-PT","copyrightYear":"2020","copyrightHolder":{"@id":"https:\/\/www.altominho.tv\/site\/#organization"}},{"@type":"WebPage","@id":"https:\/\/www.altominho.tv\/site\/2020\/05\/05\/festa-em-honra-a-virgem-das-dores-adiada-para-2021\/","url":"https:\/\/www.altominho.tv\/site\/2020\/05\/05\/festa-em-honra-a-virgem-das-dores-adiada-para-2021\/","name":"Festa em Honra \u00e0 Virgem das Dores adiada para 2021","isPartOf":{"@id":"https:\/\/www.altominho.tv\/site\/#website"},"primaryImageOfPage":{"@id":"https:\/\/www.altominho.tv\/site\/2020\/05\/05\/festa-em-honra-a-virgem-das-dores-adiada-para-2021\/#primaryimage"},"image":{"@id":"https:\/\/www.altominho.tv\/site\/2020\/05\/05\/festa-em-honra-a-virgem-das-dores-adiada-para-2021\/#primaryimage"},"thumbnailUrl":"https:\/\/www.altominho.tv\/site\/wp-content\/uploads\/2020\/05\/senhora-das-dores2-1024x576-1-740x416-1.jpg","datePublished":"2020-05-05T11:11:55+00:00","dateModified":"2020-05-05T11:11:56+00:00","author":{"@id":"https:\/\/www.altominho.tv\/site\/#\/schema\/person\/d9be4265364723f14ea8e0d56a1d38cd"},"breadcrumb":{"@id":"https:\/\/www.altominho.tv\/site\/2020\/05\/05\/festa-em-honra-a-virgem-das-dores-adiada-para-2021\/#breadcrumb"},"inLanguage":"pt-PT","potentialAction":[{"@type":"ReadAction","target":["https:\/\/www.altominho.tv\/site\/2020\/05\/05\/festa-em-honra-a-virgem-das-dores-adiada-para-2021\/"]}]},{"@type":"ImageObject","inLanguage":"pt-PT","@id":"https:\/\/www.altominho.tv\/site\/2020\/05\/05\/festa-em-honra-a-virgem-das-dores-adiada-para-2021\/#primaryimage","url":"https:\/\/www.altominho.tv\/site\/wp-content\/uploads\/2020\/05\/senhora-das-dores2-1024x576-1-740x416-1.jpg","contentUrl":"https:\/\/www.altominho.tv\/site\/wp-content\/uploads\/2020\/05\/senhora-das-dores2-1024x576-1-740x416-1.jpg","width":740,"height":416},{"@type":"BreadcrumbList","@id":"https:\/\/www.altominho.tv\/site\/2020\/05\/05\/festa-em-honra-a-virgem-das-dores-adiada-para-2021\/#breadcrumb","itemListElement":[{"@type":"ListItem","position":1,"name":"In\u00edcio","item":"https:\/\/www.altominho.tv\/site\/"},{"@type":"ListItem","position":2,"name":"Festa em Honra \u00e0 Virgem das Dores adiada para 2021"}]},{"@type":"WebSite","@id":"https:\/\/www.altominho.tv\/site\/#website","url":"https:\/\/www.altominho.tv\/site\/","name":"Altominho.tv","description":"A sua regi\u00e3o \u00e0 dist\u00e2ncia de um clique...","potentialAction":[{"@type":"SearchAction","target":{"@type":"EntryPoint","urlTemplate":"https:\/\/www.altominho.tv\/site\/?s={search_term_string}"},"query-input":{"@type":"PropertyValueSpecification","valueRequired":true,"valueName":"search_term_string"}}],"inLanguage":"pt-PT"},{"@type":"Person","@id":"https:\/\/www.altominho.tv\/site\/#\/schema\/person\/d9be4265364723f14ea8e0d56a1d38cd","name":"Andreia Ferreira","image":{"@type":"ImageObject","inLanguage":"pt-PT","@id":"https:\/\/www.altominho.tv\/site\/wp-content\/uploads\/2021\/01\/AndreiaFerreira-150x150.jpg","url":"https:\/\/www.altominho.tv\/site\/wp-content\/uploads\/2021\/01\/AndreiaFerreira-150x150.jpg","contentUrl":"https:\/\/www.altominho.tv\/site\/wp-content\/uploads\/2021\/01\/AndreiaFerreira-150x150.jpg","caption":"Andreia Ferreira"},"url":"https:\/\/www.altominho.tv\/site\/author\/andreiaferreira\/"}]}},"_links":{"self":[{"href":"https:\/\/www.altominho.tv\/site\/wp-json\/wp\/v2\/posts\/45665","targetHints":{"allow":["GET"]}}],"collection":[{"href":"https:\/\/www.altominho.tv\/site\/wp-json\/wp\/v2\/posts"}],"about":[{"href":"https:\/\/www.altominho.tv\/site\/wp-json\/wp\/v2\/types\/post"}],"author":[{"embeddable":true,"href":"https:\/\/www.altominho.tv\/site\/wp-json\/wp\/v2\/users\/12"}],"replies":[{"embeddable":true,"href":"https:\/\/www.altominho.tv\/site\/wp-json\/wp\/v2\/comments?post=45665"}],"version-history":[{"count":0,"href":"https:\/\/www.altominho.tv\/site\/wp-json\/wp\/v2\/posts\/45665\/revisions"}],"wp:featuredmedia":[{"embeddable":true,"href":"https:\/\/www.altominho.tv\/site\/wp-json\/wp\/v2\/media\/45670"}],"wp:attachment":[{"href":"https:\/\/www.altominho.tv\/site\/wp-json\/wp\/v2\/media?parent=45665"}],"wp:term":[{"taxonomy":"category","embeddable":true,"href":"https:\/\/www.altominho.tv\/site\/wp-json\/wp\/v2\/categories?post=45665"},{"taxonomy":"post_tag","embeddable":true,"href":"https:\/\/www.altominho.tv\/site\/wp-json\/wp\/v2\/tags?post=45665"}],"curies":[{"name":"wp","href":"https:\/\/api.w.org\/{rel}","templated":true}]}}