{"id":45576,"date":"2020-05-04T10:20:00","date_gmt":"2020-05-04T09:20:00","guid":{"rendered":"http:\/\/www.altominho.tv\/site\/?p=45576"},"modified":"2020-05-04T10:20:04","modified_gmt":"2020-05-04T09:20:04","slug":"candidatura-a-auxilios-economicos-para-criancas-do-pre-escolar-e-1-o-ciclo-entre-1-e-30-de-junho","status":"publish","type":"post","link":"https:\/\/www.altominho.tv\/site\/2020\/05\/04\/candidatura-a-auxilios-economicos-para-criancas-do-pre-escolar-e-1-o-ciclo-entre-1-e-30-de-junho\/","title":{"rendered":"Candidatura a aux\u00edlios econ\u00f3micos para crian\u00e7as do pr\u00e9-escolar e 1.\u00ba ciclo entre 1 e 30 de junho"},"content":{"rendered":"\n<p>A C\u00e2mara de Ponte de Lima informou que\u00a0entre 1 e 30 de junho de 2020 v\u00e3o decorrer\u00a0as candidaturas de concess\u00e3o aos aux\u00edlios econ\u00f3micos para crian\u00e7as que frequentam a educa\u00e7\u00e3o pr\u00e9-escolar e alunos do 1.\u00ba ciclo do ensino b\u00e1sico, a vigorar no ano letivo 2020\/2021. <\/p>\n\n\n\n<p>&#8220;Os interessados poder\u00e3o obter as fichas de candidatura no website da Educa\u00e7\u00e3o do\u00a0Munic\u00edpio de Ponte de Lima, atrav\u00e9s do seguinte endere\u00e7o:\u00a0<a href=\"https:\/\/educacao.cm-pontedelima.pt\/pages\/1192\">https:\/\/educacao.cm-pontedelima.pt\/pages\/1192<\/a>&#8220;, informou o Munic\u00edpio.<\/p>\n\n\n\n<p>As candidaturas poder\u00e3o ser entregues digitalmente pelos encarregados de educa\u00e7\u00e3o atrav\u00e9s do formul\u00e1rio\u00a0&#8220;Entrega online do processo de A\u00e7\u00e3o Social Escolar&#8221;\u00a0dispon\u00edvel na respetiva p\u00e1gina, ou entregues no Gabinete de Atendimento ao Mun\u00edcipe (GAM) \u2013 Munic\u00edpio de Ponte de Lima, devidamente preenchidas e acompanhadas por toda a documenta\u00e7\u00e3o solicitada.<\/p>\n\n\n\n<p>O Munic\u00edpio informou ainda que qualquer d\u00favida deve ser colocada pelo e-mail:\u00a0<a href=\"mailto:educacao@cm-pontedelima.pt\">educacao@cm-pontedelima.pt<\/a> ou via telefone: 258\u00a0900\u00a0400.<\/p>\n","protected":false},"excerpt":{"rendered":"<p>A C\u00e2mara de Ponte de Lima informou que\u00a0entre 1 e 30 de junho de 2020 v\u00e3o decorrer\u00a0as candidaturas de concess\u00e3o aos aux\u00edlios econ\u00f3micos para crian\u00e7as que frequentam a educa\u00e7\u00e3o pr\u00e9-escolar e alunos do 1.\u00ba ciclo do ensino b\u00e1sico, a vigorar no ano letivo 2020\/2021. &#8220;Os interessados poder\u00e3o obter as fichas de candidatura no website da [&hellip;]<\/p>\n","protected":false},"author":7,"featured_media":45577,"comment_status":"closed","ping_status":"closed","sticky":false,"template":"","format":"standard","meta":{"_exactmetrics_skip_tracking":false,"_exactmetrics_sitenote_active":false,"_exactmetrics_sitenote_note":"","_exactmetrics_sitenote_category":0,"footnotes":""},"categories":[12],"tags":[22,27],"class_list":["post-45576","post","type-post","status-publish","format-standard","has-post-thumbnail","hentry","category-ponte-de-lima","tag-educacao","tag-sociedade"],"yoast_head":"<!-- This site is optimized with the Yoast SEO Premium plugin v27.4 (Yoast SEO v27.4) - https:\/\/yoast.com\/product\/yoast-seo-premium-wordpress\/ -->\n<title>Candidatura a aux\u00edlios econ\u00f3micos para crian\u00e7as do pr\u00e9-escolar e 1.\u00ba ciclo entre 1 e 30 de junho<\/title>\n<meta name=\"robots\" content=\"index, follow, max-snippet:-1, max-image-preview:large, max-video-preview:-1\" \/>\n<link rel=\"canonical\" href=\"https:\/\/www.altominho.tv\/site\/2020\/05\/04\/candidatura-a-auxilios-economicos-para-criancas-do-pre-escolar-e-1-o-ciclo-entre-1-e-30-de-junho\/\" \/>\n<meta property=\"og:locale\" content=\"pt_PT\" \/>\n<meta property=\"og:type\" content=\"article\" \/>\n<meta property=\"og:title\" content=\"Candidatura a aux\u00edlios econ\u00f3micos para crian\u00e7as do pr\u00e9-escolar e 1.\u00ba ciclo entre 1 e 30 de junho\" \/>\n<meta property=\"og:description\" content=\"A C\u00e2mara de Ponte de Lima informou que\u00a0entre 1 e 30 de junho de 2020 v\u00e3o decorrer\u00a0as candidaturas de concess\u00e3o aos aux\u00edlios econ\u00f3micos para crian\u00e7as que frequentam a educa\u00e7\u00e3o pr\u00e9-escolar e alunos do 1.\u00ba ciclo do ensino b\u00e1sico, a vigorar no ano letivo 2020\/2021. &#8220;Os interessados poder\u00e3o obter as fichas de candidatura no website da [&hellip;]\" \/>\n<meta property=\"og:url\" content=\"https:\/\/www.altominho.tv\/site\/2020\/05\/04\/candidatura-a-auxilios-economicos-para-criancas-do-pre-escolar-e-1-o-ciclo-entre-1-e-30-de-junho\/\" \/>\n<meta property=\"og:site_name\" content=\"Altominho.tv\" \/>\n<meta property=\"article:publisher\" content=\"https:\/\/www.facebook.com\/altominhotv\" \/>\n<meta property=\"article:published_time\" content=\"2020-05-04T09:20:00+00:00\" \/>\n<meta property=\"article:modified_time\" content=\"2020-05-04T09:20:04+00:00\" \/>\n<meta property=\"og:image\" content=\"https:\/\/www.altominho.tv\/site\/wp-content\/uploads\/2020\/05\/cmptl.jpg\" \/>\n\t<meta property=\"og:image:width\" content=\"1900\" \/>\n\t<meta property=\"og:image:height\" content=\"925\" \/>\n\t<meta property=\"og:image:type\" content=\"image\/jpeg\" \/>\n<meta name=\"author\" content=\"Andreia Cunha\" \/>\n<meta name=\"twitter:card\" content=\"summary_large_image\" \/>\n<meta name=\"twitter:creator\" content=\"@altominhoTV\" \/>\n<meta name=\"twitter:site\" content=\"@altominhoTV\" \/>\n<meta name=\"twitter:label1\" content=\"Escrito por\" \/>\n\t<meta name=\"twitter:data1\" content=\"Andreia Cunha\" \/>\n\t<meta name=\"twitter:label2\" content=\"Tempo estimado de leitura\" \/>\n\t<meta name=\"twitter:data2\" content=\"1 minuto\" \/>\n<script type=\"application\/ld+json\" class=\"yoast-schema-graph\">{\"@context\":\"https:\\\/\\\/schema.org\",\"@graph\":[{\"@type\":\"Article\",\"@id\":\"https:\\\/\\\/www.altominho.tv\\\/site\\\/2020\\\/05\\\/04\\\/candidatura-a-auxilios-economicos-para-criancas-do-pre-escolar-e-1-o-ciclo-entre-1-e-30-de-junho\\\/#article\",\"isPartOf\":{\"@id\":\"https:\\\/\\\/www.altominho.tv\\\/site\\\/2020\\\/05\\\/04\\\/candidatura-a-auxilios-economicos-para-criancas-do-pre-escolar-e-1-o-ciclo-entre-1-e-30-de-junho\\\/\"},\"author\":{\"name\":\"Andreia Cunha\",\"@id\":\"https:\\\/\\\/www.altominho.tv\\\/site\\\/#\\\/schema\\\/person\\\/a0e4ef6d041f98ca284393d8f1d97153\"},\"headline\":\"Candidatura a aux\u00edlios econ\u00f3micos para crian\u00e7as do pr\u00e9-escolar e 1.\u00ba ciclo entre 1 e 30 de junho\",\"datePublished\":\"2020-05-04T09:20:00+00:00\",\"dateModified\":\"2020-05-04T09:20:04+00:00\",\"mainEntityOfPage\":{\"@id\":\"https:\\\/\\\/www.altominho.tv\\\/site\\\/2020\\\/05\\\/04\\\/candidatura-a-auxilios-economicos-para-criancas-do-pre-escolar-e-1-o-ciclo-entre-1-e-30-de-junho\\\/\"},\"wordCount\":182,\"image\":{\"@id\":\"https:\\\/\\\/www.altominho.tv\\\/site\\\/2020\\\/05\\\/04\\\/candidatura-a-auxilios-economicos-para-criancas-do-pre-escolar-e-1-o-ciclo-entre-1-e-30-de-junho\\\/#primaryimage\"},\"thumbnailUrl\":\"https:\\\/\\\/www.altominho.tv\\\/site\\\/wp-content\\\/uploads\\\/2020\\\/05\\\/cmptl.jpg\",\"keywords\":[\"Educa\u00e7\u00e3o\",\"Sociedade\"],\"articleSection\":[\"Ponte de Lima\"],\"inLanguage\":\"pt-PT\",\"copyrightYear\":\"2020\",\"copyrightHolder\":{\"@id\":\"https:\\\/\\\/www.altominho.tv\\\/site\\\/#organization\"}},{\"@type\":\"WebPage\",\"@id\":\"https:\\\/\\\/www.altominho.tv\\\/site\\\/2020\\\/05\\\/04\\\/candidatura-a-auxilios-economicos-para-criancas-do-pre-escolar-e-1-o-ciclo-entre-1-e-30-de-junho\\\/\",\"url\":\"https:\\\/\\\/www.altominho.tv\\\/site\\\/2020\\\/05\\\/04\\\/candidatura-a-auxilios-economicos-para-criancas-do-pre-escolar-e-1-o-ciclo-entre-1-e-30-de-junho\\\/\",\"name\":\"Candidatura a aux\u00edlios econ\u00f3micos para crian\u00e7as do pr\u00e9-escolar e 1.\u00ba ciclo entre 1 e 30 de junho\",\"isPartOf\":{\"@id\":\"https:\\\/\\\/www.altominho.tv\\\/site\\\/#website\"},\"primaryImageOfPage\":{\"@id\":\"https:\\\/\\\/www.altominho.tv\\\/site\\\/2020\\\/05\\\/04\\\/candidatura-a-auxilios-economicos-para-criancas-do-pre-escolar-e-1-o-ciclo-entre-1-e-30-de-junho\\\/#primaryimage\"},\"image\":{\"@id\":\"https:\\\/\\\/www.altominho.tv\\\/site\\\/2020\\\/05\\\/04\\\/candidatura-a-auxilios-economicos-para-criancas-do-pre-escolar-e-1-o-ciclo-entre-1-e-30-de-junho\\\/#primaryimage\"},\"thumbnailUrl\":\"https:\\\/\\\/www.altominho.tv\\\/site\\\/wp-content\\\/uploads\\\/2020\\\/05\\\/cmptl.jpg\",\"datePublished\":\"2020-05-04T09:20:00+00:00\",\"dateModified\":\"2020-05-04T09:20:04+00:00\",\"author\":{\"@id\":\"https:\\\/\\\/www.altominho.tv\\\/site\\\/#\\\/schema\\\/person\\\/a0e4ef6d041f98ca284393d8f1d97153\"},\"breadcrumb\":{\"@id\":\"https:\\\/\\\/www.altominho.tv\\\/site\\\/2020\\\/05\\\/04\\\/candidatura-a-auxilios-economicos-para-criancas-do-pre-escolar-e-1-o-ciclo-entre-1-e-30-de-junho\\\/#breadcrumb\"},\"inLanguage\":\"pt-PT\",\"potentialAction\":[{\"@type\":\"ReadAction\",\"target\":[\"https:\\\/\\\/www.altominho.tv\\\/site\\\/2020\\\/05\\\/04\\\/candidatura-a-auxilios-economicos-para-criancas-do-pre-escolar-e-1-o-ciclo-entre-1-e-30-de-junho\\\/\"]}]},{\"@type\":\"ImageObject\",\"inLanguage\":\"pt-PT\",\"@id\":\"https:\\\/\\\/www.altominho.tv\\\/site\\\/2020\\\/05\\\/04\\\/candidatura-a-auxilios-economicos-para-criancas-do-pre-escolar-e-1-o-ciclo-entre-1-e-30-de-junho\\\/#primaryimage\",\"url\":\"https:\\\/\\\/www.altominho.tv\\\/site\\\/wp-content\\\/uploads\\\/2020\\\/05\\\/cmptl.jpg\",\"contentUrl\":\"https:\\\/\\\/www.altominho.tv\\\/site\\\/wp-content\\\/uploads\\\/2020\\\/05\\\/cmptl.jpg\",\"width\":1900,\"height\":925},{\"@type\":\"BreadcrumbList\",\"@id\":\"https:\\\/\\\/www.altominho.tv\\\/site\\\/2020\\\/05\\\/04\\\/candidatura-a-auxilios-economicos-para-criancas-do-pre-escolar-e-1-o-ciclo-entre-1-e-30-de-junho\\\/#breadcrumb\",\"itemListElement\":[{\"@type\":\"ListItem\",\"position\":1,\"name\":\"In\u00edcio\",\"item\":\"https:\\\/\\\/www.altominho.tv\\\/site\\\/\"},{\"@type\":\"ListItem\",\"position\":2,\"name\":\"Candidatura a aux\u00edlios econ\u00f3micos para crian\u00e7as do pr\u00e9-escolar e 1.\u00ba ciclo entre 1 e 30 de junho\"}]},{\"@type\":\"WebSite\",\"@id\":\"https:\\\/\\\/www.altominho.tv\\\/site\\\/#website\",\"url\":\"https:\\\/\\\/www.altominho.tv\\\/site\\\/\",\"name\":\"Altominho.tv\",\"description\":\"A sua regi\u00e3o \u00e0 dist\u00e2ncia de um clique...\",\"potentialAction\":[{\"@type\":\"SearchAction\",\"target\":{\"@type\":\"EntryPoint\",\"urlTemplate\":\"https:\\\/\\\/www.altominho.tv\\\/site\\\/?s={search_term_string}\"},\"query-input\":{\"@type\":\"PropertyValueSpecification\",\"valueRequired\":true,\"valueName\":\"search_term_string\"}}],\"inLanguage\":\"pt-PT\"},{\"@type\":\"Person\",\"@id\":\"https:\\\/\\\/www.altominho.tv\\\/site\\\/#\\\/schema\\\/person\\\/a0e4ef6d041f98ca284393d8f1d97153\",\"name\":\"Andreia Cunha\",\"image\":{\"@type\":\"ImageObject\",\"inLanguage\":\"pt-PT\",\"@id\":\"https:\\\/\\\/www.altominho.tv\\\/site\\\/wp-content\\\/uploads\\\/2017\\\/11\\\/Andreia_Cunha-1-150x150.jpg\",\"url\":\"https:\\\/\\\/www.altominho.tv\\\/site\\\/wp-content\\\/uploads\\\/2017\\\/11\\\/Andreia_Cunha-1-150x150.jpg\",\"contentUrl\":\"https:\\\/\\\/www.altominho.tv\\\/site\\\/wp-content\\\/uploads\\\/2017\\\/11\\\/Andreia_Cunha-1-150x150.jpg\",\"caption\":\"Andreia Cunha\"},\"url\":\"https:\\\/\\\/www.altominho.tv\\\/site\\\/author\\\/andreiacunha\\\/\"}]}<\/script>\n<!-- \/ Yoast SEO Premium plugin. -->","yoast_head_json":{"title":"Candidatura a aux\u00edlios econ\u00f3micos para crian\u00e7as do pr\u00e9-escolar e 1.\u00ba ciclo entre 1 e 30 de junho","robots":{"index":"index","follow":"follow","max-snippet":"max-snippet:-1","max-image-preview":"max-image-preview:large","max-video-preview":"max-video-preview:-1"},"canonical":"https:\/\/www.altominho.tv\/site\/2020\/05\/04\/candidatura-a-auxilios-economicos-para-criancas-do-pre-escolar-e-1-o-ciclo-entre-1-e-30-de-junho\/","og_locale":"pt_PT","og_type":"article","og_title":"Candidatura a aux\u00edlios econ\u00f3micos para crian\u00e7as do pr\u00e9-escolar e 1.\u00ba ciclo entre 1 e 30 de junho","og_description":"A C\u00e2mara de Ponte de Lima informou que\u00a0entre 1 e 30 de junho de 2020 v\u00e3o decorrer\u00a0as candidaturas de concess\u00e3o aos aux\u00edlios econ\u00f3micos para crian\u00e7as que frequentam a educa\u00e7\u00e3o pr\u00e9-escolar e alunos do 1.\u00ba ciclo do ensino b\u00e1sico, a vigorar no ano letivo 2020\/2021. &#8220;Os interessados poder\u00e3o obter as fichas de candidatura no website da [&hellip;]","og_url":"https:\/\/www.altominho.tv\/site\/2020\/05\/04\/candidatura-a-auxilios-economicos-para-criancas-do-pre-escolar-e-1-o-ciclo-entre-1-e-30-de-junho\/","og_site_name":"Altominho.tv","article_publisher":"https:\/\/www.facebook.com\/altominhotv","article_published_time":"2020-05-04T09:20:00+00:00","article_modified_time":"2020-05-04T09:20:04+00:00","og_image":[{"width":1900,"height":925,"url":"https:\/\/www.altominho.tv\/site\/wp-content\/uploads\/2020\/05\/cmptl.jpg","type":"image\/jpeg"}],"author":"Andreia Cunha","twitter_card":"summary_large_image","twitter_creator":"@altominhoTV","twitter_site":"@altominhoTV","twitter_misc":{"Escrito por":"Andreia Cunha","Tempo estimado de leitura":"1 minuto"},"schema":{"@context":"https:\/\/schema.org","@graph":[{"@type":"Article","@id":"https:\/\/www.altominho.tv\/site\/2020\/05\/04\/candidatura-a-auxilios-economicos-para-criancas-do-pre-escolar-e-1-o-ciclo-entre-1-e-30-de-junho\/#article","isPartOf":{"@id":"https:\/\/www.altominho.tv\/site\/2020\/05\/04\/candidatura-a-auxilios-economicos-para-criancas-do-pre-escolar-e-1-o-ciclo-entre-1-e-30-de-junho\/"},"author":{"name":"Andreia Cunha","@id":"https:\/\/www.altominho.tv\/site\/#\/schema\/person\/a0e4ef6d041f98ca284393d8f1d97153"},"headline":"Candidatura a aux\u00edlios econ\u00f3micos para crian\u00e7as do pr\u00e9-escolar e 1.\u00ba ciclo entre 1 e 30 de junho","datePublished":"2020-05-04T09:20:00+00:00","dateModified":"2020-05-04T09:20:04+00:00","mainEntityOfPage":{"@id":"https:\/\/www.altominho.tv\/site\/2020\/05\/04\/candidatura-a-auxilios-economicos-para-criancas-do-pre-escolar-e-1-o-ciclo-entre-1-e-30-de-junho\/"},"wordCount":182,"image":{"@id":"https:\/\/www.altominho.tv\/site\/2020\/05\/04\/candidatura-a-auxilios-economicos-para-criancas-do-pre-escolar-e-1-o-ciclo-entre-1-e-30-de-junho\/#primaryimage"},"thumbnailUrl":"https:\/\/www.altominho.tv\/site\/wp-content\/uploads\/2020\/05\/cmptl.jpg","keywords":["Educa\u00e7\u00e3o","Sociedade"],"articleSection":["Ponte de Lima"],"inLanguage":"pt-PT","copyrightYear":"2020","copyrightHolder":{"@id":"https:\/\/www.altominho.tv\/site\/#organization"}},{"@type":"WebPage","@id":"https:\/\/www.altominho.tv\/site\/2020\/05\/04\/candidatura-a-auxilios-economicos-para-criancas-do-pre-escolar-e-1-o-ciclo-entre-1-e-30-de-junho\/","url":"https:\/\/www.altominho.tv\/site\/2020\/05\/04\/candidatura-a-auxilios-economicos-para-criancas-do-pre-escolar-e-1-o-ciclo-entre-1-e-30-de-junho\/","name":"Candidatura a aux\u00edlios econ\u00f3micos para crian\u00e7as do pr\u00e9-escolar e 1.\u00ba ciclo entre 1 e 30 de junho","isPartOf":{"@id":"https:\/\/www.altominho.tv\/site\/#website"},"primaryImageOfPage":{"@id":"https:\/\/www.altominho.tv\/site\/2020\/05\/04\/candidatura-a-auxilios-economicos-para-criancas-do-pre-escolar-e-1-o-ciclo-entre-1-e-30-de-junho\/#primaryimage"},"image":{"@id":"https:\/\/www.altominho.tv\/site\/2020\/05\/04\/candidatura-a-auxilios-economicos-para-criancas-do-pre-escolar-e-1-o-ciclo-entre-1-e-30-de-junho\/#primaryimage"},"thumbnailUrl":"https:\/\/www.altominho.tv\/site\/wp-content\/uploads\/2020\/05\/cmptl.jpg","datePublished":"2020-05-04T09:20:00+00:00","dateModified":"2020-05-04T09:20:04+00:00","author":{"@id":"https:\/\/www.altominho.tv\/site\/#\/schema\/person\/a0e4ef6d041f98ca284393d8f1d97153"},"breadcrumb":{"@id":"https:\/\/www.altominho.tv\/site\/2020\/05\/04\/candidatura-a-auxilios-economicos-para-criancas-do-pre-escolar-e-1-o-ciclo-entre-1-e-30-de-junho\/#breadcrumb"},"inLanguage":"pt-PT","potentialAction":[{"@type":"ReadAction","target":["https:\/\/www.altominho.tv\/site\/2020\/05\/04\/candidatura-a-auxilios-economicos-para-criancas-do-pre-escolar-e-1-o-ciclo-entre-1-e-30-de-junho\/"]}]},{"@type":"ImageObject","inLanguage":"pt-PT","@id":"https:\/\/www.altominho.tv\/site\/2020\/05\/04\/candidatura-a-auxilios-economicos-para-criancas-do-pre-escolar-e-1-o-ciclo-entre-1-e-30-de-junho\/#primaryimage","url":"https:\/\/www.altominho.tv\/site\/wp-content\/uploads\/2020\/05\/cmptl.jpg","contentUrl":"https:\/\/www.altominho.tv\/site\/wp-content\/uploads\/2020\/05\/cmptl.jpg","width":1900,"height":925},{"@type":"BreadcrumbList","@id":"https:\/\/www.altominho.tv\/site\/2020\/05\/04\/candidatura-a-auxilios-economicos-para-criancas-do-pre-escolar-e-1-o-ciclo-entre-1-e-30-de-junho\/#breadcrumb","itemListElement":[{"@type":"ListItem","position":1,"name":"In\u00edcio","item":"https:\/\/www.altominho.tv\/site\/"},{"@type":"ListItem","position":2,"name":"Candidatura a aux\u00edlios econ\u00f3micos para crian\u00e7as do pr\u00e9-escolar e 1.\u00ba ciclo entre 1 e 30 de junho"}]},{"@type":"WebSite","@id":"https:\/\/www.altominho.tv\/site\/#website","url":"https:\/\/www.altominho.tv\/site\/","name":"Altominho.tv","description":"A sua regi\u00e3o \u00e0 dist\u00e2ncia de um clique...","potentialAction":[{"@type":"SearchAction","target":{"@type":"EntryPoint","urlTemplate":"https:\/\/www.altominho.tv\/site\/?s={search_term_string}"},"query-input":{"@type":"PropertyValueSpecification","valueRequired":true,"valueName":"search_term_string"}}],"inLanguage":"pt-PT"},{"@type":"Person","@id":"https:\/\/www.altominho.tv\/site\/#\/schema\/person\/a0e4ef6d041f98ca284393d8f1d97153","name":"Andreia Cunha","image":{"@type":"ImageObject","inLanguage":"pt-PT","@id":"https:\/\/www.altominho.tv\/site\/wp-content\/uploads\/2017\/11\/Andreia_Cunha-1-150x150.jpg","url":"https:\/\/www.altominho.tv\/site\/wp-content\/uploads\/2017\/11\/Andreia_Cunha-1-150x150.jpg","contentUrl":"https:\/\/www.altominho.tv\/site\/wp-content\/uploads\/2017\/11\/Andreia_Cunha-1-150x150.jpg","caption":"Andreia Cunha"},"url":"https:\/\/www.altominho.tv\/site\/author\/andreiacunha\/"}]}},"_links":{"self":[{"href":"https:\/\/www.altominho.tv\/site\/wp-json\/wp\/v2\/posts\/45576","targetHints":{"allow":["GET"]}}],"collection":[{"href":"https:\/\/www.altominho.tv\/site\/wp-json\/wp\/v2\/posts"}],"about":[{"href":"https:\/\/www.altominho.tv\/site\/wp-json\/wp\/v2\/types\/post"}],"author":[{"embeddable":true,"href":"https:\/\/www.altominho.tv\/site\/wp-json\/wp\/v2\/users\/7"}],"replies":[{"embeddable":true,"href":"https:\/\/www.altominho.tv\/site\/wp-json\/wp\/v2\/comments?post=45576"}],"version-history":[{"count":0,"href":"https:\/\/www.altominho.tv\/site\/wp-json\/wp\/v2\/posts\/45576\/revisions"}],"wp:featuredmedia":[{"embeddable":true,"href":"https:\/\/www.altominho.tv\/site\/wp-json\/wp\/v2\/media\/45577"}],"wp:attachment":[{"href":"https:\/\/www.altominho.tv\/site\/wp-json\/wp\/v2\/media?parent=45576"}],"wp:term":[{"taxonomy":"category","embeddable":true,"href":"https:\/\/www.altominho.tv\/site\/wp-json\/wp\/v2\/categories?post=45576"},{"taxonomy":"post_tag","embeddable":true,"href":"https:\/\/www.altominho.tv\/site\/wp-json\/wp\/v2\/tags?post=45576"}],"curies":[{"name":"wp","href":"https:\/\/api.w.org\/{rel}","templated":true}]}}