{"id":45333,"date":"2020-04-30T16:05:10","date_gmt":"2020-04-30T15:05:10","guid":{"rendered":"http:\/\/www.altominho.tv\/site\/?p=45333"},"modified":"2020-04-30T16:05:14","modified_gmt":"2020-04-30T15:05:14","slug":"camara-de-ponte-de-lima-adquiriu-70-000-mascaras-cirurgicas-para-distribuir","status":"publish","type":"post","link":"https:\/\/www.altominho.tv\/site\/2020\/04\/30\/camara-de-ponte-de-lima-adquiriu-70-000-mascaras-cirurgicas-para-distribuir\/","title":{"rendered":"C\u00e2mara de Ponte de Lima adquiriu 70.000 m\u00e1scaras cir\u00fargicas para distribuir"},"content":{"rendered":"<p>A C\u00e2mara de Ponte de Lima j\u00e1 entregou 7.100 das 70.000 m\u00e1scaras cir\u00fargicas que pretende distribuir no concelho para prevenir a propaga\u00e7\u00e3o da Covid-19.<\/p>\n<p>Em comunicado enviado \u00e0 imprensa, o munic\u00edpio destaca ser &#8220;imperativa a ado\u00e7\u00e3o de medidas excecionais de resposta \u00e0 atual situa\u00e7\u00e3o de emerg\u00eancia de sa\u00fade p\u00fablica motivada pandemia de Covid-19&#8221;.<\/p>\n<p>A autarquia especificou que as 7.100 m\u00e1scaras foram distribu\u00eddas por Institui\u00e7\u00f5es Particulares de Solidariedade Social (IPSS) e pela corpora\u00e7\u00e3o dos Bombeiros Volunt\u00e1rios.<\/p>\n<p>O presidente da autarquia, Victor Mendes, adiantou \u00e0 Lusa que aquele Equipamento de Prote\u00e7\u00e3o Individual (EPI), distribu\u00eddo este m\u00eas, integra um total de 70.000 m\u00e1scaras adquiridas pelo munic\u00edpio, num investimento aproximado de 150 mil euros.<\/p>\n<p>Questionado se devido ao in\u00edcio do desconfinamento o munic\u00edpio est\u00e1 a equacionar a distribui\u00e7\u00e3o de m\u00e1scaras de uso comunit\u00e1rio \u00e0 popula\u00e7\u00e3o do concelho, Victor Mendes disse que, &#8220;para j\u00e1&#8221;, n\u00e3o est\u00e1 prevista essa medida.<\/p>\n","protected":false},"excerpt":{"rendered":"<p>A C\u00e2mara de Ponte de Lima j\u00e1 entregou 7.100 das 70.000 m\u00e1scaras cir\u00fargicas que pretende distribuir no concelho para prevenir a propaga\u00e7\u00e3o da Covid-19. Em comunicado enviado \u00e0 imprensa, o munic\u00edpio destaca ser &#8220;imperativa a ado\u00e7\u00e3o de medidas excecionais de resposta \u00e0 atual situa\u00e7\u00e3o de emerg\u00eancia de sa\u00fade p\u00fablica motivada pandemia de Covid-19&#8221;. A autarquia [&hellip;]<\/p>\n","protected":false},"author":15,"featured_media":45334,"comment_status":"closed","ping_status":"closed","sticky":false,"template":"","format":"standard","meta":{"_exactmetrics_skip_tracking":false,"_exactmetrics_sitenote_active":false,"_exactmetrics_sitenote_note":"","_exactmetrics_sitenote_category":0,"footnotes":""},"categories":[12],"tags":[27],"class_list":["post-45333","post","type-post","status-publish","format-standard","has-post-thumbnail","hentry","category-ponte-de-lima","tag-sociedade"],"yoast_head":"<!-- This site is optimized with the Yoast SEO Premium plugin v27.4 (Yoast SEO v27.4) - https:\/\/yoast.com\/product\/yoast-seo-premium-wordpress\/ -->\n<title>C\u00e2mara de Ponte de Lima adquiriu 70.000 m\u00e1scaras cir\u00fargicas para distribuir<\/title>\n<meta name=\"robots\" content=\"index, follow, max-snippet:-1, max-image-preview:large, max-video-preview:-1\" \/>\n<link rel=\"canonical\" href=\"https:\/\/www.altominho.tv\/site\/2020\/04\/30\/camara-de-ponte-de-lima-adquiriu-70-000-mascaras-cirurgicas-para-distribuir\/\" \/>\n<meta property=\"og:locale\" content=\"pt_PT\" \/>\n<meta property=\"og:type\" content=\"article\" \/>\n<meta property=\"og:title\" content=\"C\u00e2mara de Ponte de Lima adquiriu 70.000 m\u00e1scaras cir\u00fargicas para distribuir\" \/>\n<meta property=\"og:description\" content=\"A C\u00e2mara de Ponte de Lima j\u00e1 entregou 7.100 das 70.000 m\u00e1scaras cir\u00fargicas que pretende distribuir no concelho para prevenir a propaga\u00e7\u00e3o da Covid-19. Em comunicado enviado \u00e0 imprensa, o munic\u00edpio destaca ser &#8220;imperativa a ado\u00e7\u00e3o de medidas excecionais de resposta \u00e0 atual situa\u00e7\u00e3o de emerg\u00eancia de sa\u00fade p\u00fablica motivada pandemia de Covid-19&#8221;. A autarquia [&hellip;]\" \/>\n<meta property=\"og:url\" content=\"https:\/\/www.altominho.tv\/site\/2020\/04\/30\/camara-de-ponte-de-lima-adquiriu-70-000-mascaras-cirurgicas-para-distribuir\/\" \/>\n<meta property=\"og:site_name\" content=\"Altominho.tv\" \/>\n<meta property=\"article:publisher\" content=\"https:\/\/www.facebook.com\/altominhotv\" \/>\n<meta property=\"article:published_time\" content=\"2020-04-30T15:05:10+00:00\" \/>\n<meta property=\"article:modified_time\" content=\"2020-04-30T15:05:14+00:00\" \/>\n<meta property=\"og:image\" content=\"https:\/\/www.altominho.tv\/site\/wp-content\/uploads\/2020\/04\/face-mask-5067668_1920.jpg\" \/>\n\t<meta property=\"og:image:width\" content=\"1920\" \/>\n\t<meta property=\"og:image:height\" content=\"1280\" \/>\n\t<meta property=\"og:image:type\" content=\"image\/jpeg\" \/>\n<meta name=\"author\" content=\"Andreia Ferreira | Lusa\" \/>\n<meta name=\"twitter:card\" content=\"summary_large_image\" \/>\n<meta name=\"twitter:creator\" content=\"@altominhoTV\" \/>\n<meta name=\"twitter:site\" content=\"@altominhoTV\" \/>\n<meta name=\"twitter:label1\" content=\"Escrito por\" \/>\n\t<meta name=\"twitter:data1\" content=\"Andreia Ferreira | Lusa\" \/>\n\t<meta name=\"twitter:label2\" content=\"Tempo estimado de leitura\" \/>\n\t<meta name=\"twitter:data2\" content=\"1 minuto\" \/>\n<script type=\"application\/ld+json\" class=\"yoast-schema-graph\">{\"@context\":\"https:\\\/\\\/schema.org\",\"@graph\":[{\"@type\":\"Article\",\"@id\":\"https:\\\/\\\/www.altominho.tv\\\/site\\\/2020\\\/04\\\/30\\\/camara-de-ponte-de-lima-adquiriu-70-000-mascaras-cirurgicas-para-distribuir\\\/#article\",\"isPartOf\":{\"@id\":\"https:\\\/\\\/www.altominho.tv\\\/site\\\/2020\\\/04\\\/30\\\/camara-de-ponte-de-lima-adquiriu-70-000-mascaras-cirurgicas-para-distribuir\\\/\"},\"author\":{\"name\":\"Andreia Ferreira | Lusa\",\"@id\":\"https:\\\/\\\/www.altominho.tv\\\/site\\\/#\\\/schema\\\/person\\\/a0bff6dc1041aadd46fa81887444b017\"},\"headline\":\"C\u00e2mara de Ponte de Lima adquiriu 70.000 m\u00e1scaras cir\u00fargicas para distribuir\",\"datePublished\":\"2020-04-30T15:05:10+00:00\",\"dateModified\":\"2020-04-30T15:05:14+00:00\",\"mainEntityOfPage\":{\"@id\":\"https:\\\/\\\/www.altominho.tv\\\/site\\\/2020\\\/04\\\/30\\\/camara-de-ponte-de-lima-adquiriu-70-000-mascaras-cirurgicas-para-distribuir\\\/\"},\"wordCount\":175,\"image\":{\"@id\":\"https:\\\/\\\/www.altominho.tv\\\/site\\\/2020\\\/04\\\/30\\\/camara-de-ponte-de-lima-adquiriu-70-000-mascaras-cirurgicas-para-distribuir\\\/#primaryimage\"},\"thumbnailUrl\":\"https:\\\/\\\/www.altominho.tv\\\/site\\\/wp-content\\\/uploads\\\/2020\\\/04\\\/face-mask-5067668_1920.jpg\",\"keywords\":[\"Sociedade\"],\"articleSection\":[\"Ponte de Lima\"],\"inLanguage\":\"pt-PT\",\"copyrightYear\":\"2020\",\"copyrightHolder\":{\"@id\":\"https:\\\/\\\/www.altominho.tv\\\/site\\\/#organization\"}},{\"@type\":\"WebPage\",\"@id\":\"https:\\\/\\\/www.altominho.tv\\\/site\\\/2020\\\/04\\\/30\\\/camara-de-ponte-de-lima-adquiriu-70-000-mascaras-cirurgicas-para-distribuir\\\/\",\"url\":\"https:\\\/\\\/www.altominho.tv\\\/site\\\/2020\\\/04\\\/30\\\/camara-de-ponte-de-lima-adquiriu-70-000-mascaras-cirurgicas-para-distribuir\\\/\",\"name\":\"C\u00e2mara de Ponte de Lima adquiriu 70.000 m\u00e1scaras cir\u00fargicas para distribuir\",\"isPartOf\":{\"@id\":\"https:\\\/\\\/www.altominho.tv\\\/site\\\/#website\"},\"primaryImageOfPage\":{\"@id\":\"https:\\\/\\\/www.altominho.tv\\\/site\\\/2020\\\/04\\\/30\\\/camara-de-ponte-de-lima-adquiriu-70-000-mascaras-cirurgicas-para-distribuir\\\/#primaryimage\"},\"image\":{\"@id\":\"https:\\\/\\\/www.altominho.tv\\\/site\\\/2020\\\/04\\\/30\\\/camara-de-ponte-de-lima-adquiriu-70-000-mascaras-cirurgicas-para-distribuir\\\/#primaryimage\"},\"thumbnailUrl\":\"https:\\\/\\\/www.altominho.tv\\\/site\\\/wp-content\\\/uploads\\\/2020\\\/04\\\/face-mask-5067668_1920.jpg\",\"datePublished\":\"2020-04-30T15:05:10+00:00\",\"dateModified\":\"2020-04-30T15:05:14+00:00\",\"author\":{\"@id\":\"https:\\\/\\\/www.altominho.tv\\\/site\\\/#\\\/schema\\\/person\\\/a0bff6dc1041aadd46fa81887444b017\"},\"breadcrumb\":{\"@id\":\"https:\\\/\\\/www.altominho.tv\\\/site\\\/2020\\\/04\\\/30\\\/camara-de-ponte-de-lima-adquiriu-70-000-mascaras-cirurgicas-para-distribuir\\\/#breadcrumb\"},\"inLanguage\":\"pt-PT\",\"potentialAction\":[{\"@type\":\"ReadAction\",\"target\":[\"https:\\\/\\\/www.altominho.tv\\\/site\\\/2020\\\/04\\\/30\\\/camara-de-ponte-de-lima-adquiriu-70-000-mascaras-cirurgicas-para-distribuir\\\/\"]}]},{\"@type\":\"ImageObject\",\"inLanguage\":\"pt-PT\",\"@id\":\"https:\\\/\\\/www.altominho.tv\\\/site\\\/2020\\\/04\\\/30\\\/camara-de-ponte-de-lima-adquiriu-70-000-mascaras-cirurgicas-para-distribuir\\\/#primaryimage\",\"url\":\"https:\\\/\\\/www.altominho.tv\\\/site\\\/wp-content\\\/uploads\\\/2020\\\/04\\\/face-mask-5067668_1920.jpg\",\"contentUrl\":\"https:\\\/\\\/www.altominho.tv\\\/site\\\/wp-content\\\/uploads\\\/2020\\\/04\\\/face-mask-5067668_1920.jpg\",\"width\":1920,\"height\":1280},{\"@type\":\"BreadcrumbList\",\"@id\":\"https:\\\/\\\/www.altominho.tv\\\/site\\\/2020\\\/04\\\/30\\\/camara-de-ponte-de-lima-adquiriu-70-000-mascaras-cirurgicas-para-distribuir\\\/#breadcrumb\",\"itemListElement\":[{\"@type\":\"ListItem\",\"position\":1,\"name\":\"In\u00edcio\",\"item\":\"https:\\\/\\\/www.altominho.tv\\\/site\\\/\"},{\"@type\":\"ListItem\",\"position\":2,\"name\":\"C\u00e2mara de Ponte de Lima adquiriu 70.000 m\u00e1scaras cir\u00fargicas para distribuir\"}]},{\"@type\":\"WebSite\",\"@id\":\"https:\\\/\\\/www.altominho.tv\\\/site\\\/#website\",\"url\":\"https:\\\/\\\/www.altominho.tv\\\/site\\\/\",\"name\":\"Altominho.tv\",\"description\":\"A sua regi\u00e3o \u00e0 dist\u00e2ncia de um clique...\",\"potentialAction\":[{\"@type\":\"SearchAction\",\"target\":{\"@type\":\"EntryPoint\",\"urlTemplate\":\"https:\\\/\\\/www.altominho.tv\\\/site\\\/?s={search_term_string}\"},\"query-input\":{\"@type\":\"PropertyValueSpecification\",\"valueRequired\":true,\"valueName\":\"search_term_string\"}}],\"inLanguage\":\"pt-PT\"},{\"@type\":\"Person\",\"@id\":\"https:\\\/\\\/www.altominho.tv\\\/site\\\/#\\\/schema\\\/person\\\/a0bff6dc1041aadd46fa81887444b017\",\"name\":\"Andreia Ferreira | Lusa\",\"image\":{\"@type\":\"ImageObject\",\"inLanguage\":\"pt-PT\",\"@id\":\"https:\\\/\\\/www.altominho.tv\\\/site\\\/wp-content\\\/uploads\\\/2018\\\/04\\\/Andreia-150x150.jpg\",\"url\":\"https:\\\/\\\/www.altominho.tv\\\/site\\\/wp-content\\\/uploads\\\/2018\\\/04\\\/Andreia-150x150.jpg\",\"contentUrl\":\"https:\\\/\\\/www.altominho.tv\\\/site\\\/wp-content\\\/uploads\\\/2018\\\/04\\\/Andreia-150x150.jpg\",\"caption\":\"Andreia Ferreira | Lusa\"},\"sameAs\":[\"https:\\\/\\\/www.altominho.tv\\\/site\"],\"url\":\"https:\\\/\\\/www.altominho.tv\\\/site\\\/author\\\/andreiaferreiralusa\\\/\"}]}<\/script>\n<!-- \/ Yoast SEO Premium plugin. -->","yoast_head_json":{"title":"C\u00e2mara de Ponte de Lima adquiriu 70.000 m\u00e1scaras cir\u00fargicas para distribuir","robots":{"index":"index","follow":"follow","max-snippet":"max-snippet:-1","max-image-preview":"max-image-preview:large","max-video-preview":"max-video-preview:-1"},"canonical":"https:\/\/www.altominho.tv\/site\/2020\/04\/30\/camara-de-ponte-de-lima-adquiriu-70-000-mascaras-cirurgicas-para-distribuir\/","og_locale":"pt_PT","og_type":"article","og_title":"C\u00e2mara de Ponte de Lima adquiriu 70.000 m\u00e1scaras cir\u00fargicas para distribuir","og_description":"A C\u00e2mara de Ponte de Lima j\u00e1 entregou 7.100 das 70.000 m\u00e1scaras cir\u00fargicas que pretende distribuir no concelho para prevenir a propaga\u00e7\u00e3o da Covid-19. Em comunicado enviado \u00e0 imprensa, o munic\u00edpio destaca ser &#8220;imperativa a ado\u00e7\u00e3o de medidas excecionais de resposta \u00e0 atual situa\u00e7\u00e3o de emerg\u00eancia de sa\u00fade p\u00fablica motivada pandemia de Covid-19&#8221;. A autarquia [&hellip;]","og_url":"https:\/\/www.altominho.tv\/site\/2020\/04\/30\/camara-de-ponte-de-lima-adquiriu-70-000-mascaras-cirurgicas-para-distribuir\/","og_site_name":"Altominho.tv","article_publisher":"https:\/\/www.facebook.com\/altominhotv","article_published_time":"2020-04-30T15:05:10+00:00","article_modified_time":"2020-04-30T15:05:14+00:00","og_image":[{"width":1920,"height":1280,"url":"https:\/\/www.altominho.tv\/site\/wp-content\/uploads\/2020\/04\/face-mask-5067668_1920.jpg","type":"image\/jpeg"}],"author":"Andreia Ferreira | Lusa","twitter_card":"summary_large_image","twitter_creator":"@altominhoTV","twitter_site":"@altominhoTV","twitter_misc":{"Escrito por":"Andreia Ferreira | Lusa","Tempo estimado de leitura":"1 minuto"},"schema":{"@context":"https:\/\/schema.org","@graph":[{"@type":"Article","@id":"https:\/\/www.altominho.tv\/site\/2020\/04\/30\/camara-de-ponte-de-lima-adquiriu-70-000-mascaras-cirurgicas-para-distribuir\/#article","isPartOf":{"@id":"https:\/\/www.altominho.tv\/site\/2020\/04\/30\/camara-de-ponte-de-lima-adquiriu-70-000-mascaras-cirurgicas-para-distribuir\/"},"author":{"name":"Andreia Ferreira | Lusa","@id":"https:\/\/www.altominho.tv\/site\/#\/schema\/person\/a0bff6dc1041aadd46fa81887444b017"},"headline":"C\u00e2mara de Ponte de Lima adquiriu 70.000 m\u00e1scaras cir\u00fargicas para distribuir","datePublished":"2020-04-30T15:05:10+00:00","dateModified":"2020-04-30T15:05:14+00:00","mainEntityOfPage":{"@id":"https:\/\/www.altominho.tv\/site\/2020\/04\/30\/camara-de-ponte-de-lima-adquiriu-70-000-mascaras-cirurgicas-para-distribuir\/"},"wordCount":175,"image":{"@id":"https:\/\/www.altominho.tv\/site\/2020\/04\/30\/camara-de-ponte-de-lima-adquiriu-70-000-mascaras-cirurgicas-para-distribuir\/#primaryimage"},"thumbnailUrl":"https:\/\/www.altominho.tv\/site\/wp-content\/uploads\/2020\/04\/face-mask-5067668_1920.jpg","keywords":["Sociedade"],"articleSection":["Ponte de Lima"],"inLanguage":"pt-PT","copyrightYear":"2020","copyrightHolder":{"@id":"https:\/\/www.altominho.tv\/site\/#organization"}},{"@type":"WebPage","@id":"https:\/\/www.altominho.tv\/site\/2020\/04\/30\/camara-de-ponte-de-lima-adquiriu-70-000-mascaras-cirurgicas-para-distribuir\/","url":"https:\/\/www.altominho.tv\/site\/2020\/04\/30\/camara-de-ponte-de-lima-adquiriu-70-000-mascaras-cirurgicas-para-distribuir\/","name":"C\u00e2mara de Ponte de Lima adquiriu 70.000 m\u00e1scaras cir\u00fargicas para distribuir","isPartOf":{"@id":"https:\/\/www.altominho.tv\/site\/#website"},"primaryImageOfPage":{"@id":"https:\/\/www.altominho.tv\/site\/2020\/04\/30\/camara-de-ponte-de-lima-adquiriu-70-000-mascaras-cirurgicas-para-distribuir\/#primaryimage"},"image":{"@id":"https:\/\/www.altominho.tv\/site\/2020\/04\/30\/camara-de-ponte-de-lima-adquiriu-70-000-mascaras-cirurgicas-para-distribuir\/#primaryimage"},"thumbnailUrl":"https:\/\/www.altominho.tv\/site\/wp-content\/uploads\/2020\/04\/face-mask-5067668_1920.jpg","datePublished":"2020-04-30T15:05:10+00:00","dateModified":"2020-04-30T15:05:14+00:00","author":{"@id":"https:\/\/www.altominho.tv\/site\/#\/schema\/person\/a0bff6dc1041aadd46fa81887444b017"},"breadcrumb":{"@id":"https:\/\/www.altominho.tv\/site\/2020\/04\/30\/camara-de-ponte-de-lima-adquiriu-70-000-mascaras-cirurgicas-para-distribuir\/#breadcrumb"},"inLanguage":"pt-PT","potentialAction":[{"@type":"ReadAction","target":["https:\/\/www.altominho.tv\/site\/2020\/04\/30\/camara-de-ponte-de-lima-adquiriu-70-000-mascaras-cirurgicas-para-distribuir\/"]}]},{"@type":"ImageObject","inLanguage":"pt-PT","@id":"https:\/\/www.altominho.tv\/site\/2020\/04\/30\/camara-de-ponte-de-lima-adquiriu-70-000-mascaras-cirurgicas-para-distribuir\/#primaryimage","url":"https:\/\/www.altominho.tv\/site\/wp-content\/uploads\/2020\/04\/face-mask-5067668_1920.jpg","contentUrl":"https:\/\/www.altominho.tv\/site\/wp-content\/uploads\/2020\/04\/face-mask-5067668_1920.jpg","width":1920,"height":1280},{"@type":"BreadcrumbList","@id":"https:\/\/www.altominho.tv\/site\/2020\/04\/30\/camara-de-ponte-de-lima-adquiriu-70-000-mascaras-cirurgicas-para-distribuir\/#breadcrumb","itemListElement":[{"@type":"ListItem","position":1,"name":"In\u00edcio","item":"https:\/\/www.altominho.tv\/site\/"},{"@type":"ListItem","position":2,"name":"C\u00e2mara de Ponte de Lima adquiriu 70.000 m\u00e1scaras cir\u00fargicas para distribuir"}]},{"@type":"WebSite","@id":"https:\/\/www.altominho.tv\/site\/#website","url":"https:\/\/www.altominho.tv\/site\/","name":"Altominho.tv","description":"A sua regi\u00e3o \u00e0 dist\u00e2ncia de um clique...","potentialAction":[{"@type":"SearchAction","target":{"@type":"EntryPoint","urlTemplate":"https:\/\/www.altominho.tv\/site\/?s={search_term_string}"},"query-input":{"@type":"PropertyValueSpecification","valueRequired":true,"valueName":"search_term_string"}}],"inLanguage":"pt-PT"},{"@type":"Person","@id":"https:\/\/www.altominho.tv\/site\/#\/schema\/person\/a0bff6dc1041aadd46fa81887444b017","name":"Andreia Ferreira | Lusa","image":{"@type":"ImageObject","inLanguage":"pt-PT","@id":"https:\/\/www.altominho.tv\/site\/wp-content\/uploads\/2018\/04\/Andreia-150x150.jpg","url":"https:\/\/www.altominho.tv\/site\/wp-content\/uploads\/2018\/04\/Andreia-150x150.jpg","contentUrl":"https:\/\/www.altominho.tv\/site\/wp-content\/uploads\/2018\/04\/Andreia-150x150.jpg","caption":"Andreia Ferreira | Lusa"},"sameAs":["https:\/\/www.altominho.tv\/site"],"url":"https:\/\/www.altominho.tv\/site\/author\/andreiaferreiralusa\/"}]}},"_links":{"self":[{"href":"https:\/\/www.altominho.tv\/site\/wp-json\/wp\/v2\/posts\/45333","targetHints":{"allow":["GET"]}}],"collection":[{"href":"https:\/\/www.altominho.tv\/site\/wp-json\/wp\/v2\/posts"}],"about":[{"href":"https:\/\/www.altominho.tv\/site\/wp-json\/wp\/v2\/types\/post"}],"author":[{"embeddable":true,"href":"https:\/\/www.altominho.tv\/site\/wp-json\/wp\/v2\/users\/15"}],"replies":[{"embeddable":true,"href":"https:\/\/www.altominho.tv\/site\/wp-json\/wp\/v2\/comments?post=45333"}],"version-history":[{"count":0,"href":"https:\/\/www.altominho.tv\/site\/wp-json\/wp\/v2\/posts\/45333\/revisions"}],"wp:featuredmedia":[{"embeddable":true,"href":"https:\/\/www.altominho.tv\/site\/wp-json\/wp\/v2\/media\/45334"}],"wp:attachment":[{"href":"https:\/\/www.altominho.tv\/site\/wp-json\/wp\/v2\/media?parent=45333"}],"wp:term":[{"taxonomy":"category","embeddable":true,"href":"https:\/\/www.altominho.tv\/site\/wp-json\/wp\/v2\/categories?post=45333"},{"taxonomy":"post_tag","embeddable":true,"href":"https:\/\/www.altominho.tv\/site\/wp-json\/wp\/v2\/tags?post=45333"}],"curies":[{"name":"wp","href":"https:\/\/api.w.org\/{rel}","templated":true}]}}