{"id":45154,"date":"2020-04-28T13:41:04","date_gmt":"2020-04-28T12:41:04","guid":{"rendered":"http:\/\/www.altominho.tv\/site\/?p=45154"},"modified":"2020-04-28T13:41:08","modified_gmt":"2020-04-28T12:41:08","slug":"reabre-ao-publico-a-loja-da-aguas-do-alto-minho-no-mercado-municipal-de-arcos-de-valdevez","status":"publish","type":"post","link":"https:\/\/www.altominho.tv\/site\/2020\/04\/28\/reabre-ao-publico-a-loja-da-aguas-do-alto-minho-no-mercado-municipal-de-arcos-de-valdevez\/","title":{"rendered":"Reabre ao p\u00fablico a Loja da \u00c1guas do Alto Minho no Mercado Municipal de Arcos de Valdevez"},"content":{"rendered":"\n<p>A C\u00e2mara Municipal de Arcos de Valdevez informou hoje que reabriu a loja de atendimento a clientes da \u00c1guas do Alto Minho (ADAM) no Mercado Municipal.<\/p>\n\n\n\n<p>&#8220;Esta \u00e9 uma das medidas que a C\u00e2mara Municipal de Arcos de Valdevez considera importante para melhorar a resposta e atendimento aos clientes&#8221;, pode ler-se na nota enviada pela autarquia.<\/p>\n\n\n\n<p>A loja de atendimento estar\u00e1 aberta no hor\u00e1rio normal, ou seja, das 9h \u00e0s 13h e das 14h \u00e0s 17h. <\/p>\n\n\n\n<p>&#8220;Para seguran\u00e7a das pessoas, considerando a situa\u00e7\u00e3o da epidemia COVID-19, apenas poder\u00e1 estar na loja uma pessoa de cada vez, devendo as restantes aguardar fora do espa\u00e7o da loja, mantendo o distanciamento de seguran\u00e7a que exige a atual situa\u00e7\u00e3o&#8221;.<\/p>\n\n\n\n<p>&#8220;A C\u00e2mara Municipal de Arcos de Valdevez continua empenhada na regulariza\u00e7\u00e3o da fatura\u00e7\u00e3o e na melhoria do atendimento ao p\u00fablico&#8221;, pode ler-se ainda no comunicado enviado hoje.<\/p>\n","protected":false},"excerpt":{"rendered":"<p>A C\u00e2mara Municipal de Arcos de Valdevez informou hoje que reabriu a loja de atendimento a clientes da \u00c1guas do Alto Minho (ADAM) no Mercado Municipal. &#8220;Esta \u00e9 uma das medidas que a C\u00e2mara Municipal de Arcos de Valdevez considera importante para melhorar a resposta e atendimento aos clientes&#8221;, pode ler-se na nota enviada pela [&hellip;]<\/p>\n","protected":false},"author":7,"featured_media":45155,"comment_status":"closed","ping_status":"closed","sticky":false,"template":"","format":"standard","meta":{"_exactmetrics_skip_tracking":false,"_exactmetrics_sitenote_active":false,"_exactmetrics_sitenote_note":"","_exactmetrics_sitenote_category":0,"footnotes":""},"categories":[2],"tags":[27],"class_list":["post-45154","post","type-post","status-publish","format-standard","has-post-thumbnail","hentry","category-arcos-de-valdevez","tag-sociedade"],"yoast_head":"<!-- This site is optimized with the Yoast SEO Premium plugin v27.4 (Yoast SEO v27.4) - https:\/\/yoast.com\/product\/yoast-seo-premium-wordpress\/ -->\n<title>Reabre ao p\u00fablico a Loja da \u00c1guas do Alto Minho no Mercado Municipal de Arcos de Valdevez<\/title>\n<meta name=\"robots\" content=\"index, follow, max-snippet:-1, max-image-preview:large, max-video-preview:-1\" \/>\n<link rel=\"canonical\" href=\"https:\/\/www.altominho.tv\/site\/2020\/04\/28\/reabre-ao-publico-a-loja-da-aguas-do-alto-minho-no-mercado-municipal-de-arcos-de-valdevez\/\" \/>\n<meta property=\"og:locale\" content=\"pt_PT\" \/>\n<meta property=\"og:type\" content=\"article\" \/>\n<meta property=\"og:title\" content=\"Reabre ao p\u00fablico a Loja da \u00c1guas do Alto Minho no Mercado Municipal de Arcos de Valdevez\" \/>\n<meta property=\"og:description\" content=\"A C\u00e2mara Municipal de Arcos de Valdevez informou hoje que reabriu a loja de atendimento a clientes da \u00c1guas do Alto Minho (ADAM) no Mercado Municipal. &#8220;Esta \u00e9 uma das medidas que a C\u00e2mara Municipal de Arcos de Valdevez considera importante para melhorar a resposta e atendimento aos clientes&#8221;, pode ler-se na nota enviada pela [&hellip;]\" \/>\n<meta property=\"og:url\" content=\"https:\/\/www.altominho.tv\/site\/2020\/04\/28\/reabre-ao-publico-a-loja-da-aguas-do-alto-minho-no-mercado-municipal-de-arcos-de-valdevez\/\" \/>\n<meta property=\"og:site_name\" content=\"Altominho.tv\" \/>\n<meta property=\"article:publisher\" content=\"https:\/\/www.facebook.com\/altominhotv\" \/>\n<meta property=\"article:published_time\" content=\"2020-04-28T12:41:04+00:00\" \/>\n<meta property=\"article:modified_time\" content=\"2020-04-28T12:41:08+00:00\" \/>\n<meta property=\"og:image\" content=\"https:\/\/www.altominho.tv\/site\/wp-content\/uploads\/2020\/04\/arcosj.jpg\" \/>\n\t<meta property=\"og:image:width\" content=\"800\" \/>\n\t<meta property=\"og:image:height\" content=\"357\" \/>\n\t<meta property=\"og:image:type\" content=\"image\/jpeg\" \/>\n<meta name=\"author\" content=\"Andreia Cunha\" \/>\n<meta name=\"twitter:card\" content=\"summary_large_image\" \/>\n<meta name=\"twitter:creator\" content=\"@altominhoTV\" \/>\n<meta name=\"twitter:site\" content=\"@altominhoTV\" \/>\n<meta name=\"twitter:label1\" content=\"Escrito por\" \/>\n\t<meta name=\"twitter:data1\" content=\"Andreia Cunha\" \/>\n\t<meta name=\"twitter:label2\" content=\"Tempo estimado de leitura\" \/>\n\t<meta name=\"twitter:data2\" content=\"1 minuto\" \/>\n<script type=\"application\/ld+json\" class=\"yoast-schema-graph\">{\"@context\":\"https:\\\/\\\/schema.org\",\"@graph\":[{\"@type\":\"Article\",\"@id\":\"https:\\\/\\\/www.altominho.tv\\\/site\\\/2020\\\/04\\\/28\\\/reabre-ao-publico-a-loja-da-aguas-do-alto-minho-no-mercado-municipal-de-arcos-de-valdevez\\\/#article\",\"isPartOf\":{\"@id\":\"https:\\\/\\\/www.altominho.tv\\\/site\\\/2020\\\/04\\\/28\\\/reabre-ao-publico-a-loja-da-aguas-do-alto-minho-no-mercado-municipal-de-arcos-de-valdevez\\\/\"},\"author\":{\"name\":\"Andreia Cunha\",\"@id\":\"https:\\\/\\\/www.altominho.tv\\\/site\\\/#\\\/schema\\\/person\\\/a0e4ef6d041f98ca284393d8f1d97153\"},\"headline\":\"Reabre ao p\u00fablico a Loja da \u00c1guas do Alto Minho no Mercado Municipal de Arcos de Valdevez\",\"datePublished\":\"2020-04-28T12:41:04+00:00\",\"dateModified\":\"2020-04-28T12:41:08+00:00\",\"mainEntityOfPage\":{\"@id\":\"https:\\\/\\\/www.altominho.tv\\\/site\\\/2020\\\/04\\\/28\\\/reabre-ao-publico-a-loja-da-aguas-do-alto-minho-no-mercado-municipal-de-arcos-de-valdevez\\\/\"},\"wordCount\":171,\"image\":{\"@id\":\"https:\\\/\\\/www.altominho.tv\\\/site\\\/2020\\\/04\\\/28\\\/reabre-ao-publico-a-loja-da-aguas-do-alto-minho-no-mercado-municipal-de-arcos-de-valdevez\\\/#primaryimage\"},\"thumbnailUrl\":\"https:\\\/\\\/www.altominho.tv\\\/site\\\/wp-content\\\/uploads\\\/2020\\\/04\\\/arcosj.jpg\",\"keywords\":[\"Sociedade\"],\"articleSection\":[\"Arcos de Valdevez\"],\"inLanguage\":\"pt-PT\",\"copyrightYear\":\"2020\",\"copyrightHolder\":{\"@id\":\"https:\\\/\\\/www.altominho.tv\\\/site\\\/#organization\"}},{\"@type\":\"WebPage\",\"@id\":\"https:\\\/\\\/www.altominho.tv\\\/site\\\/2020\\\/04\\\/28\\\/reabre-ao-publico-a-loja-da-aguas-do-alto-minho-no-mercado-municipal-de-arcos-de-valdevez\\\/\",\"url\":\"https:\\\/\\\/www.altominho.tv\\\/site\\\/2020\\\/04\\\/28\\\/reabre-ao-publico-a-loja-da-aguas-do-alto-minho-no-mercado-municipal-de-arcos-de-valdevez\\\/\",\"name\":\"Reabre ao p\u00fablico a Loja da \u00c1guas do Alto Minho no Mercado Municipal de Arcos de Valdevez\",\"isPartOf\":{\"@id\":\"https:\\\/\\\/www.altominho.tv\\\/site\\\/#website\"},\"primaryImageOfPage\":{\"@id\":\"https:\\\/\\\/www.altominho.tv\\\/site\\\/2020\\\/04\\\/28\\\/reabre-ao-publico-a-loja-da-aguas-do-alto-minho-no-mercado-municipal-de-arcos-de-valdevez\\\/#primaryimage\"},\"image\":{\"@id\":\"https:\\\/\\\/www.altominho.tv\\\/site\\\/2020\\\/04\\\/28\\\/reabre-ao-publico-a-loja-da-aguas-do-alto-minho-no-mercado-municipal-de-arcos-de-valdevez\\\/#primaryimage\"},\"thumbnailUrl\":\"https:\\\/\\\/www.altominho.tv\\\/site\\\/wp-content\\\/uploads\\\/2020\\\/04\\\/arcosj.jpg\",\"datePublished\":\"2020-04-28T12:41:04+00:00\",\"dateModified\":\"2020-04-28T12:41:08+00:00\",\"author\":{\"@id\":\"https:\\\/\\\/www.altominho.tv\\\/site\\\/#\\\/schema\\\/person\\\/a0e4ef6d041f98ca284393d8f1d97153\"},\"breadcrumb\":{\"@id\":\"https:\\\/\\\/www.altominho.tv\\\/site\\\/2020\\\/04\\\/28\\\/reabre-ao-publico-a-loja-da-aguas-do-alto-minho-no-mercado-municipal-de-arcos-de-valdevez\\\/#breadcrumb\"},\"inLanguage\":\"pt-PT\",\"potentialAction\":[{\"@type\":\"ReadAction\",\"target\":[\"https:\\\/\\\/www.altominho.tv\\\/site\\\/2020\\\/04\\\/28\\\/reabre-ao-publico-a-loja-da-aguas-do-alto-minho-no-mercado-municipal-de-arcos-de-valdevez\\\/\"]}]},{\"@type\":\"ImageObject\",\"inLanguage\":\"pt-PT\",\"@id\":\"https:\\\/\\\/www.altominho.tv\\\/site\\\/2020\\\/04\\\/28\\\/reabre-ao-publico-a-loja-da-aguas-do-alto-minho-no-mercado-municipal-de-arcos-de-valdevez\\\/#primaryimage\",\"url\":\"https:\\\/\\\/www.altominho.tv\\\/site\\\/wp-content\\\/uploads\\\/2020\\\/04\\\/arcosj.jpg\",\"contentUrl\":\"https:\\\/\\\/www.altominho.tv\\\/site\\\/wp-content\\\/uploads\\\/2020\\\/04\\\/arcosj.jpg\",\"width\":800,\"height\":357},{\"@type\":\"BreadcrumbList\",\"@id\":\"https:\\\/\\\/www.altominho.tv\\\/site\\\/2020\\\/04\\\/28\\\/reabre-ao-publico-a-loja-da-aguas-do-alto-minho-no-mercado-municipal-de-arcos-de-valdevez\\\/#breadcrumb\",\"itemListElement\":[{\"@type\":\"ListItem\",\"position\":1,\"name\":\"In\u00edcio\",\"item\":\"https:\\\/\\\/www.altominho.tv\\\/site\\\/\"},{\"@type\":\"ListItem\",\"position\":2,\"name\":\"Reabre ao p\u00fablico a Loja da \u00c1guas do Alto Minho no Mercado Municipal de Arcos de Valdevez\"}]},{\"@type\":\"WebSite\",\"@id\":\"https:\\\/\\\/www.altominho.tv\\\/site\\\/#website\",\"url\":\"https:\\\/\\\/www.altominho.tv\\\/site\\\/\",\"name\":\"Altominho.tv\",\"description\":\"A sua regi\u00e3o \u00e0 dist\u00e2ncia de um clique...\",\"potentialAction\":[{\"@type\":\"SearchAction\",\"target\":{\"@type\":\"EntryPoint\",\"urlTemplate\":\"https:\\\/\\\/www.altominho.tv\\\/site\\\/?s={search_term_string}\"},\"query-input\":{\"@type\":\"PropertyValueSpecification\",\"valueRequired\":true,\"valueName\":\"search_term_string\"}}],\"inLanguage\":\"pt-PT\"},{\"@type\":\"Person\",\"@id\":\"https:\\\/\\\/www.altominho.tv\\\/site\\\/#\\\/schema\\\/person\\\/a0e4ef6d041f98ca284393d8f1d97153\",\"name\":\"Andreia Cunha\",\"image\":{\"@type\":\"ImageObject\",\"inLanguage\":\"pt-PT\",\"@id\":\"https:\\\/\\\/www.altominho.tv\\\/site\\\/wp-content\\\/uploads\\\/2017\\\/11\\\/Andreia_Cunha-1-150x150.jpg\",\"url\":\"https:\\\/\\\/www.altominho.tv\\\/site\\\/wp-content\\\/uploads\\\/2017\\\/11\\\/Andreia_Cunha-1-150x150.jpg\",\"contentUrl\":\"https:\\\/\\\/www.altominho.tv\\\/site\\\/wp-content\\\/uploads\\\/2017\\\/11\\\/Andreia_Cunha-1-150x150.jpg\",\"caption\":\"Andreia Cunha\"},\"url\":\"https:\\\/\\\/www.altominho.tv\\\/site\\\/author\\\/andreiacunha\\\/\"}]}<\/script>\n<!-- \/ Yoast SEO Premium plugin. -->","yoast_head_json":{"title":"Reabre ao p\u00fablico a Loja da \u00c1guas do Alto Minho no Mercado Municipal de Arcos de Valdevez","robots":{"index":"index","follow":"follow","max-snippet":"max-snippet:-1","max-image-preview":"max-image-preview:large","max-video-preview":"max-video-preview:-1"},"canonical":"https:\/\/www.altominho.tv\/site\/2020\/04\/28\/reabre-ao-publico-a-loja-da-aguas-do-alto-minho-no-mercado-municipal-de-arcos-de-valdevez\/","og_locale":"pt_PT","og_type":"article","og_title":"Reabre ao p\u00fablico a Loja da \u00c1guas do Alto Minho no Mercado Municipal de Arcos de Valdevez","og_description":"A C\u00e2mara Municipal de Arcos de Valdevez informou hoje que reabriu a loja de atendimento a clientes da \u00c1guas do Alto Minho (ADAM) no Mercado Municipal. &#8220;Esta \u00e9 uma das medidas que a C\u00e2mara Municipal de Arcos de Valdevez considera importante para melhorar a resposta e atendimento aos clientes&#8221;, pode ler-se na nota enviada pela [&hellip;]","og_url":"https:\/\/www.altominho.tv\/site\/2020\/04\/28\/reabre-ao-publico-a-loja-da-aguas-do-alto-minho-no-mercado-municipal-de-arcos-de-valdevez\/","og_site_name":"Altominho.tv","article_publisher":"https:\/\/www.facebook.com\/altominhotv","article_published_time":"2020-04-28T12:41:04+00:00","article_modified_time":"2020-04-28T12:41:08+00:00","og_image":[{"width":800,"height":357,"url":"https:\/\/www.altominho.tv\/site\/wp-content\/uploads\/2020\/04\/arcosj.jpg","type":"image\/jpeg"}],"author":"Andreia Cunha","twitter_card":"summary_large_image","twitter_creator":"@altominhoTV","twitter_site":"@altominhoTV","twitter_misc":{"Escrito por":"Andreia Cunha","Tempo estimado de leitura":"1 minuto"},"schema":{"@context":"https:\/\/schema.org","@graph":[{"@type":"Article","@id":"https:\/\/www.altominho.tv\/site\/2020\/04\/28\/reabre-ao-publico-a-loja-da-aguas-do-alto-minho-no-mercado-municipal-de-arcos-de-valdevez\/#article","isPartOf":{"@id":"https:\/\/www.altominho.tv\/site\/2020\/04\/28\/reabre-ao-publico-a-loja-da-aguas-do-alto-minho-no-mercado-municipal-de-arcos-de-valdevez\/"},"author":{"name":"Andreia Cunha","@id":"https:\/\/www.altominho.tv\/site\/#\/schema\/person\/a0e4ef6d041f98ca284393d8f1d97153"},"headline":"Reabre ao p\u00fablico a Loja da \u00c1guas do Alto Minho no Mercado Municipal de Arcos de Valdevez","datePublished":"2020-04-28T12:41:04+00:00","dateModified":"2020-04-28T12:41:08+00:00","mainEntityOfPage":{"@id":"https:\/\/www.altominho.tv\/site\/2020\/04\/28\/reabre-ao-publico-a-loja-da-aguas-do-alto-minho-no-mercado-municipal-de-arcos-de-valdevez\/"},"wordCount":171,"image":{"@id":"https:\/\/www.altominho.tv\/site\/2020\/04\/28\/reabre-ao-publico-a-loja-da-aguas-do-alto-minho-no-mercado-municipal-de-arcos-de-valdevez\/#primaryimage"},"thumbnailUrl":"https:\/\/www.altominho.tv\/site\/wp-content\/uploads\/2020\/04\/arcosj.jpg","keywords":["Sociedade"],"articleSection":["Arcos de Valdevez"],"inLanguage":"pt-PT","copyrightYear":"2020","copyrightHolder":{"@id":"https:\/\/www.altominho.tv\/site\/#organization"}},{"@type":"WebPage","@id":"https:\/\/www.altominho.tv\/site\/2020\/04\/28\/reabre-ao-publico-a-loja-da-aguas-do-alto-minho-no-mercado-municipal-de-arcos-de-valdevez\/","url":"https:\/\/www.altominho.tv\/site\/2020\/04\/28\/reabre-ao-publico-a-loja-da-aguas-do-alto-minho-no-mercado-municipal-de-arcos-de-valdevez\/","name":"Reabre ao p\u00fablico a Loja da \u00c1guas do Alto Minho no Mercado Municipal de Arcos de Valdevez","isPartOf":{"@id":"https:\/\/www.altominho.tv\/site\/#website"},"primaryImageOfPage":{"@id":"https:\/\/www.altominho.tv\/site\/2020\/04\/28\/reabre-ao-publico-a-loja-da-aguas-do-alto-minho-no-mercado-municipal-de-arcos-de-valdevez\/#primaryimage"},"image":{"@id":"https:\/\/www.altominho.tv\/site\/2020\/04\/28\/reabre-ao-publico-a-loja-da-aguas-do-alto-minho-no-mercado-municipal-de-arcos-de-valdevez\/#primaryimage"},"thumbnailUrl":"https:\/\/www.altominho.tv\/site\/wp-content\/uploads\/2020\/04\/arcosj.jpg","datePublished":"2020-04-28T12:41:04+00:00","dateModified":"2020-04-28T12:41:08+00:00","author":{"@id":"https:\/\/www.altominho.tv\/site\/#\/schema\/person\/a0e4ef6d041f98ca284393d8f1d97153"},"breadcrumb":{"@id":"https:\/\/www.altominho.tv\/site\/2020\/04\/28\/reabre-ao-publico-a-loja-da-aguas-do-alto-minho-no-mercado-municipal-de-arcos-de-valdevez\/#breadcrumb"},"inLanguage":"pt-PT","potentialAction":[{"@type":"ReadAction","target":["https:\/\/www.altominho.tv\/site\/2020\/04\/28\/reabre-ao-publico-a-loja-da-aguas-do-alto-minho-no-mercado-municipal-de-arcos-de-valdevez\/"]}]},{"@type":"ImageObject","inLanguage":"pt-PT","@id":"https:\/\/www.altominho.tv\/site\/2020\/04\/28\/reabre-ao-publico-a-loja-da-aguas-do-alto-minho-no-mercado-municipal-de-arcos-de-valdevez\/#primaryimage","url":"https:\/\/www.altominho.tv\/site\/wp-content\/uploads\/2020\/04\/arcosj.jpg","contentUrl":"https:\/\/www.altominho.tv\/site\/wp-content\/uploads\/2020\/04\/arcosj.jpg","width":800,"height":357},{"@type":"BreadcrumbList","@id":"https:\/\/www.altominho.tv\/site\/2020\/04\/28\/reabre-ao-publico-a-loja-da-aguas-do-alto-minho-no-mercado-municipal-de-arcos-de-valdevez\/#breadcrumb","itemListElement":[{"@type":"ListItem","position":1,"name":"In\u00edcio","item":"https:\/\/www.altominho.tv\/site\/"},{"@type":"ListItem","position":2,"name":"Reabre ao p\u00fablico a Loja da \u00c1guas do Alto Minho no Mercado Municipal de Arcos de Valdevez"}]},{"@type":"WebSite","@id":"https:\/\/www.altominho.tv\/site\/#website","url":"https:\/\/www.altominho.tv\/site\/","name":"Altominho.tv","description":"A sua regi\u00e3o \u00e0 dist\u00e2ncia de um clique...","potentialAction":[{"@type":"SearchAction","target":{"@type":"EntryPoint","urlTemplate":"https:\/\/www.altominho.tv\/site\/?s={search_term_string}"},"query-input":{"@type":"PropertyValueSpecification","valueRequired":true,"valueName":"search_term_string"}}],"inLanguage":"pt-PT"},{"@type":"Person","@id":"https:\/\/www.altominho.tv\/site\/#\/schema\/person\/a0e4ef6d041f98ca284393d8f1d97153","name":"Andreia Cunha","image":{"@type":"ImageObject","inLanguage":"pt-PT","@id":"https:\/\/www.altominho.tv\/site\/wp-content\/uploads\/2017\/11\/Andreia_Cunha-1-150x150.jpg","url":"https:\/\/www.altominho.tv\/site\/wp-content\/uploads\/2017\/11\/Andreia_Cunha-1-150x150.jpg","contentUrl":"https:\/\/www.altominho.tv\/site\/wp-content\/uploads\/2017\/11\/Andreia_Cunha-1-150x150.jpg","caption":"Andreia Cunha"},"url":"https:\/\/www.altominho.tv\/site\/author\/andreiacunha\/"}]}},"_links":{"self":[{"href":"https:\/\/www.altominho.tv\/site\/wp-json\/wp\/v2\/posts\/45154","targetHints":{"allow":["GET"]}}],"collection":[{"href":"https:\/\/www.altominho.tv\/site\/wp-json\/wp\/v2\/posts"}],"about":[{"href":"https:\/\/www.altominho.tv\/site\/wp-json\/wp\/v2\/types\/post"}],"author":[{"embeddable":true,"href":"https:\/\/www.altominho.tv\/site\/wp-json\/wp\/v2\/users\/7"}],"replies":[{"embeddable":true,"href":"https:\/\/www.altominho.tv\/site\/wp-json\/wp\/v2\/comments?post=45154"}],"version-history":[{"count":0,"href":"https:\/\/www.altominho.tv\/site\/wp-json\/wp\/v2\/posts\/45154\/revisions"}],"wp:featuredmedia":[{"embeddable":true,"href":"https:\/\/www.altominho.tv\/site\/wp-json\/wp\/v2\/media\/45155"}],"wp:attachment":[{"href":"https:\/\/www.altominho.tv\/site\/wp-json\/wp\/v2\/media?parent=45154"}],"wp:term":[{"taxonomy":"category","embeddable":true,"href":"https:\/\/www.altominho.tv\/site\/wp-json\/wp\/v2\/categories?post=45154"},{"taxonomy":"post_tag","embeddable":true,"href":"https:\/\/www.altominho.tv\/site\/wp-json\/wp\/v2\/tags?post=45154"}],"curies":[{"name":"wp","href":"https:\/\/api.w.org\/{rel}","templated":true}]}}