{"id":45134,"date":"2020-04-28T10:57:44","date_gmt":"2020-04-28T09:57:44","guid":{"rendered":"http:\/\/www.altominho.tv\/site\/?p=45134"},"modified":"2020-04-28T10:57:48","modified_gmt":"2020-04-28T09:57:48","slug":"ps-de-moncao-quer-testar-utentes-e-profissionais-de-todas-as-ipss","status":"publish","type":"post","link":"https:\/\/www.altominho.tv\/site\/2020\/04\/28\/ps-de-moncao-quer-testar-utentes-e-profissionais-de-todas-as-ipss\/","title":{"rendered":"PS de Mon\u00e7\u00e3o quer testar utentes e profissionais de todas as IPSS"},"content":{"rendered":"\n<p>O PS de Mon\u00e7\u00e3o prop\u00f4s ao munic\u00edpio de maioria PSD a realiza\u00e7\u00e3o de testes de despistagem \u00e0 covid-19 aos utentes e profissionais de todas as Institui\u00e7\u00f5es Particulares de Solidariedade Social (IPSS) do concelho, informou hoje o partido.<br><\/p>\n\n\n\n<p>Em comunicado enviado \u00e0s reda\u00e7\u00f5es, a comiss\u00e3o pol\u00edtica concelhia do PS defendeu a &#8220;igualdade de tratamentos entre pessoas e institui\u00e7\u00f5es de v\u00e1rias \u00edndoles&#8221;, propondo &#8220;o alargamento dos testes realizados \u00e0 Santa Casa da Miseric\u00f3rdia de Mon\u00e7\u00e3o, a todos os utentes e profissionais das demais institui\u00e7\u00f5es sociais existentes no concelho de Mon\u00e7\u00e3o&#8221;.<br><\/p>\n\n\n\n<p>Os socialistas daquele concelho do distrito de Viana do Castelo justificam aquela proposta com a &#8220;preocupa\u00e7\u00e3o manifestada publicamente por v\u00e1rias institui\u00e7\u00f5es sociais pela falta de testes para dete\u00e7\u00e3o da doen\u00e7a, em utentes e profissionais&#8221;.<br><\/p>\n\n\n\n<p>O PS adiantou ter ainda questionado &#8220;todas as IPSS de Mon\u00e7\u00e3o a fim de apurar que apoios j\u00e1 foram solicitados e quais os entraves encontrados\u201d de forma a ser poss\u00edvel intervir \u201ccolaborando na tentativa de uma solu\u00e7\u00e3o c\u00e9lere&#8221;.<br><\/p>\n\n\n\n<p>Contactado hoje pela ag\u00eancia Lusa, o presidente da C\u00e2mara de Mon\u00e7\u00e3o, Ant\u00f3nio Barbosa, disse tratar-se de &#8220;um n\u00e3o assunto&#8221;, uma vez que &#8220;desde a primeira hora que os testes est\u00e3o a ser realizados em todas as IPSS&#8221; do concelho.<br><\/p>\n\n\n\n<p>&#8220;N\u00e3o h\u00e1 rea\u00e7\u00e3o poss\u00edvel a esta posi\u00e7\u00e3o do PS. Est\u00e3o a ser feitos testes em todas as IPSS do concelho, desde a primeira hora. Todas as situa\u00e7\u00f5es que t\u00eam surgido a C\u00e2mara paga os testes. Temos estado permanentemente em cima de qualquer caso que vai surgindo. Fazemos os testes a todos quando h\u00e1 um caso positivo. Tem sido essa a atua\u00e7\u00e3o desde a primeira hora. Isto nem \u00e9 assunto, \u00e9 um n\u00e3o assunto&#8221;, afirmou Ant\u00f3nio Barbosa.<br><\/p>\n\n\n\n<p>Na nota enviada \u00e0 imprensa, o PS de Mon\u00e7\u00e3o &#8220;lamenta que, durante este per\u00edodo, pouco ou nada tenha sido envolvido por parte do edil mon\u00e7anense no desenvolvimento de uma estrat\u00e9gia comum e concertada, mesmo ap\u00f3s o envio de v\u00e1rias comunica\u00e7\u00f5es com propostas e sugest\u00f5es do caminho a seguir&#8221;.<br><\/p>\n\n\n\n<p>&#8220;Constatamos que o bem que as institui\u00e7\u00f5es sociais do concelho de Mon\u00e7\u00e3o t\u00eam feito pelos seus utentes, com muita dificuldade e sacrif\u00edcio, se mostra insuficiente para colmatar os seus anseios&#8221;, dizem os socialistas de Mon\u00e7\u00e3o, que referem ainda que &#8220;todo o investimento feito pelo munic\u00edpio, na defesa da sa\u00fade dos mon\u00e7anenses, em complemento e refor\u00e7o do investimento feito pela Administra\u00e7\u00e3o Central do Estado, \u00e9 bem entregue e tem o apoio total&#8221; do partido.<br><\/p>\n\n\n\n<p>Na segunda-feira, a C\u00e2mara de Mon\u00e7\u00e3o indicava a exist\u00eancia de 90 casos positivos, seis mortes e dois doentes recuperados.<br><\/p>\n\n\n\n<p>A n\u00edvel global, segundo um balan\u00e7o da ag\u00eancia de not\u00edcias AFP, a pandemia de covid-19 j\u00e1 provocou perto de 211 mil mortos e infetou mais de tr\u00eas milh\u00f5es de pessoas em 193 pa\u00edses e territ\u00f3rios.\u00a0<br><\/p>\n\n\n\n<p>Mais de 818 mil doentes foram considerados curados.<br><\/p>\n\n\n\n<p>Em Portugal, morreram 928 pessoas das 24.027 confirmadas como infetadas, e h\u00e1 1.357 casos recuperados, de acordo com a Dire\u00e7\u00e3o-Geral da Sa\u00fade.<br><\/p>\n\n\n\n<p>A doen\u00e7a \u00e9 transmitida por um novo coronav\u00edrus detetado no final de dezembro, em Wuhan, uma cidade do centro da China.<\/p>\n","protected":false},"excerpt":{"rendered":"<p>O PS de Mon\u00e7\u00e3o prop\u00f4s ao munic\u00edpio de maioria PSD a realiza\u00e7\u00e3o de testes de despistagem \u00e0 covid-19 aos utentes e profissionais de todas as Institui\u00e7\u00f5es Particulares de Solidariedade Social (IPSS) do concelho, informou hoje o partido. Em comunicado enviado \u00e0s reda\u00e7\u00f5es, a comiss\u00e3o pol\u00edtica concelhia do PS defendeu a &#8220;igualdade de tratamentos entre pessoas [&hellip;]<\/p>\n","protected":false},"author":16,"featured_media":45135,"comment_status":"closed","ping_status":"closed","sticky":false,"template":"","format":"standard","meta":{"_exactmetrics_skip_tracking":false,"_exactmetrics_sitenote_active":false,"_exactmetrics_sitenote_note":"","_exactmetrics_sitenote_category":0,"footnotes":""},"categories":[9],"tags":[26,27],"class_list":["post-45134","post","type-post","status-publish","format-standard","has-post-thumbnail","hentry","category-moncao","tag-saude","tag-sociedade"],"yoast_head":"<!-- This site is optimized with the Yoast SEO Premium plugin v27.5 (Yoast SEO v27.5) - https:\/\/yoast.com\/product\/yoast-seo-premium-wordpress\/ -->\n<title>PS de Mon\u00e7\u00e3o quer testar utentes e profissionais de todas as IPSS<\/title>\n<meta name=\"robots\" content=\"index, follow, max-snippet:-1, max-image-preview:large, max-video-preview:-1\" \/>\n<link rel=\"canonical\" href=\"https:\/\/www.altominho.tv\/site\/2020\/04\/28\/ps-de-moncao-quer-testar-utentes-e-profissionais-de-todas-as-ipss\/\" \/>\n<meta property=\"og:locale\" content=\"pt_PT\" \/>\n<meta property=\"og:type\" content=\"article\" \/>\n<meta property=\"og:title\" content=\"PS de Mon\u00e7\u00e3o quer testar utentes e profissionais de todas as IPSS\" \/>\n<meta property=\"og:description\" content=\"O PS de Mon\u00e7\u00e3o prop\u00f4s ao munic\u00edpio de maioria PSD a realiza\u00e7\u00e3o de testes de despistagem \u00e0 covid-19 aos utentes e profissionais de todas as Institui\u00e7\u00f5es Particulares de Solidariedade Social (IPSS) do concelho, informou hoje o partido. Em comunicado enviado \u00e0s reda\u00e7\u00f5es, a comiss\u00e3o pol\u00edtica concelhia do PS defendeu a &#8220;igualdade de tratamentos entre pessoas [&hellip;]\" \/>\n<meta property=\"og:url\" content=\"https:\/\/www.altominho.tv\/site\/2020\/04\/28\/ps-de-moncao-quer-testar-utentes-e-profissionais-de-todas-as-ipss\/\" \/>\n<meta property=\"og:site_name\" content=\"Altominho.tv\" \/>\n<meta property=\"article:publisher\" content=\"https:\/\/www.facebook.com\/altominhotv\" \/>\n<meta property=\"article:published_time\" content=\"2020-04-28T09:57:44+00:00\" \/>\n<meta property=\"article:modified_time\" content=\"2020-04-28T09:57:48+00:00\" \/>\n<meta property=\"og:image\" content=\"https:\/\/www.altominho.tv\/site\/wp-content\/uploads\/2020\/04\/Moncao-1.jpg\" \/>\n\t<meta property=\"og:image:width\" content=\"2022\" \/>\n\t<meta property=\"og:image:height\" content=\"900\" \/>\n\t<meta property=\"og:image:type\" content=\"image\/jpeg\" \/>\n<meta name=\"author\" content=\"Andreia Cunha | Lusa\" \/>\n<meta name=\"twitter:card\" content=\"summary_large_image\" \/>\n<meta name=\"twitter:creator\" content=\"@altominhoTV\" \/>\n<meta name=\"twitter:site\" content=\"@altominhoTV\" \/>\n<meta name=\"twitter:label1\" content=\"Escrito por\" \/>\n\t<meta name=\"twitter:data1\" content=\"Andreia Cunha | Lusa\" \/>\n\t<meta name=\"twitter:label2\" content=\"Tempo estimado de leitura\" \/>\n\t<meta name=\"twitter:data2\" content=\"3 minutos\" \/>\n<script type=\"application\/ld+json\" class=\"yoast-schema-graph\">{\"@context\":\"https:\\\/\\\/schema.org\",\"@graph\":[{\"@type\":\"Article\",\"@id\":\"https:\\\/\\\/www.altominho.tv\\\/site\\\/2020\\\/04\\\/28\\\/ps-de-moncao-quer-testar-utentes-e-profissionais-de-todas-as-ipss\\\/#article\",\"isPartOf\":{\"@id\":\"https:\\\/\\\/www.altominho.tv\\\/site\\\/2020\\\/04\\\/28\\\/ps-de-moncao-quer-testar-utentes-e-profissionais-de-todas-as-ipss\\\/\"},\"author\":{\"name\":\"Andreia Cunha | Lusa\",\"@id\":\"https:\\\/\\\/www.altominho.tv\\\/site\\\/#\\\/schema\\\/person\\\/dbaf181c01b51ff40c9f461a905d321e\"},\"headline\":\"PS de Mon\u00e7\u00e3o quer testar utentes e profissionais de todas as IPSS\",\"datePublished\":\"2020-04-28T09:57:44+00:00\",\"dateModified\":\"2020-04-28T09:57:48+00:00\",\"mainEntityOfPage\":{\"@id\":\"https:\\\/\\\/www.altominho.tv\\\/site\\\/2020\\\/04\\\/28\\\/ps-de-moncao-quer-testar-utentes-e-profissionais-de-todas-as-ipss\\\/\"},\"wordCount\":573,\"image\":{\"@id\":\"https:\\\/\\\/www.altominho.tv\\\/site\\\/2020\\\/04\\\/28\\\/ps-de-moncao-quer-testar-utentes-e-profissionais-de-todas-as-ipss\\\/#primaryimage\"},\"thumbnailUrl\":\"https:\\\/\\\/www.altominho.tv\\\/site\\\/wp-content\\\/uploads\\\/2020\\\/04\\\/Moncao-1.jpg\",\"keywords\":[\"Sa\u00fade\",\"Sociedade\"],\"articleSection\":[\"Mon\u00e7\u00e3o\"],\"inLanguage\":\"pt-PT\",\"copyrightYear\":\"2020\",\"copyrightHolder\":{\"@id\":\"https:\\\/\\\/www.altominho.tv\\\/site\\\/#organization\"}},{\"@type\":\"WebPage\",\"@id\":\"https:\\\/\\\/www.altominho.tv\\\/site\\\/2020\\\/04\\\/28\\\/ps-de-moncao-quer-testar-utentes-e-profissionais-de-todas-as-ipss\\\/\",\"url\":\"https:\\\/\\\/www.altominho.tv\\\/site\\\/2020\\\/04\\\/28\\\/ps-de-moncao-quer-testar-utentes-e-profissionais-de-todas-as-ipss\\\/\",\"name\":\"PS de Mon\u00e7\u00e3o quer testar utentes e profissionais de todas as IPSS\",\"isPartOf\":{\"@id\":\"https:\\\/\\\/www.altominho.tv\\\/site\\\/#website\"},\"primaryImageOfPage\":{\"@id\":\"https:\\\/\\\/www.altominho.tv\\\/site\\\/2020\\\/04\\\/28\\\/ps-de-moncao-quer-testar-utentes-e-profissionais-de-todas-as-ipss\\\/#primaryimage\"},\"image\":{\"@id\":\"https:\\\/\\\/www.altominho.tv\\\/site\\\/2020\\\/04\\\/28\\\/ps-de-moncao-quer-testar-utentes-e-profissionais-de-todas-as-ipss\\\/#primaryimage\"},\"thumbnailUrl\":\"https:\\\/\\\/www.altominho.tv\\\/site\\\/wp-content\\\/uploads\\\/2020\\\/04\\\/Moncao-1.jpg\",\"datePublished\":\"2020-04-28T09:57:44+00:00\",\"dateModified\":\"2020-04-28T09:57:48+00:00\",\"author\":{\"@id\":\"https:\\\/\\\/www.altominho.tv\\\/site\\\/#\\\/schema\\\/person\\\/dbaf181c01b51ff40c9f461a905d321e\"},\"breadcrumb\":{\"@id\":\"https:\\\/\\\/www.altominho.tv\\\/site\\\/2020\\\/04\\\/28\\\/ps-de-moncao-quer-testar-utentes-e-profissionais-de-todas-as-ipss\\\/#breadcrumb\"},\"inLanguage\":\"pt-PT\",\"potentialAction\":[{\"@type\":\"ReadAction\",\"target\":[\"https:\\\/\\\/www.altominho.tv\\\/site\\\/2020\\\/04\\\/28\\\/ps-de-moncao-quer-testar-utentes-e-profissionais-de-todas-as-ipss\\\/\"]}]},{\"@type\":\"ImageObject\",\"inLanguage\":\"pt-PT\",\"@id\":\"https:\\\/\\\/www.altominho.tv\\\/site\\\/2020\\\/04\\\/28\\\/ps-de-moncao-quer-testar-utentes-e-profissionais-de-todas-as-ipss\\\/#primaryimage\",\"url\":\"https:\\\/\\\/www.altominho.tv\\\/site\\\/wp-content\\\/uploads\\\/2020\\\/04\\\/Moncao-1.jpg\",\"contentUrl\":\"https:\\\/\\\/www.altominho.tv\\\/site\\\/wp-content\\\/uploads\\\/2020\\\/04\\\/Moncao-1.jpg\",\"width\":2022,\"height\":900},{\"@type\":\"BreadcrumbList\",\"@id\":\"https:\\\/\\\/www.altominho.tv\\\/site\\\/2020\\\/04\\\/28\\\/ps-de-moncao-quer-testar-utentes-e-profissionais-de-todas-as-ipss\\\/#breadcrumb\",\"itemListElement\":[{\"@type\":\"ListItem\",\"position\":1,\"name\":\"In\u00edcio\",\"item\":\"https:\\\/\\\/www.altominho.tv\\\/site\\\/\"},{\"@type\":\"ListItem\",\"position\":2,\"name\":\"PS de Mon\u00e7\u00e3o quer testar utentes e profissionais de todas as IPSS\"}]},{\"@type\":\"WebSite\",\"@id\":\"https:\\\/\\\/www.altominho.tv\\\/site\\\/#website\",\"url\":\"https:\\\/\\\/www.altominho.tv\\\/site\\\/\",\"name\":\"Altominho.tv\",\"description\":\"A sua regi\u00e3o \u00e0 dist\u00e2ncia de um clique...\",\"potentialAction\":[{\"@type\":\"SearchAction\",\"target\":{\"@type\":\"EntryPoint\",\"urlTemplate\":\"https:\\\/\\\/www.altominho.tv\\\/site\\\/?s={search_term_string}\"},\"query-input\":{\"@type\":\"PropertyValueSpecification\",\"valueRequired\":true,\"valueName\":\"search_term_string\"}}],\"inLanguage\":\"pt-PT\"},{\"@type\":\"Person\",\"@id\":\"https:\\\/\\\/www.altominho.tv\\\/site\\\/#\\\/schema\\\/person\\\/dbaf181c01b51ff40c9f461a905d321e\",\"name\":\"Andreia Cunha | Lusa\",\"image\":{\"@type\":\"ImageObject\",\"inLanguage\":\"pt-PT\",\"@id\":\"https:\\\/\\\/www.altominho.tv\\\/site\\\/wp-content\\\/uploads\\\/2017\\\/11\\\/Andreia_Cunha-1-150x150.jpg\",\"url\":\"https:\\\/\\\/www.altominho.tv\\\/site\\\/wp-content\\\/uploads\\\/2017\\\/11\\\/Andreia_Cunha-1-150x150.jpg\",\"contentUrl\":\"https:\\\/\\\/www.altominho.tv\\\/site\\\/wp-content\\\/uploads\\\/2017\\\/11\\\/Andreia_Cunha-1-150x150.jpg\",\"caption\":\"Andreia Cunha | Lusa\"},\"sameAs\":[\"https:\\\/\\\/www.altominho.tv\\\/site\"],\"url\":\"https:\\\/\\\/www.altominho.tv\\\/site\\\/author\\\/andreiacunhalusa\\\/\"}]}<\/script>\n<!-- \/ Yoast SEO Premium plugin. -->","yoast_head_json":{"title":"PS de Mon\u00e7\u00e3o quer testar utentes e profissionais de todas as IPSS","robots":{"index":"index","follow":"follow","max-snippet":"max-snippet:-1","max-image-preview":"max-image-preview:large","max-video-preview":"max-video-preview:-1"},"canonical":"https:\/\/www.altominho.tv\/site\/2020\/04\/28\/ps-de-moncao-quer-testar-utentes-e-profissionais-de-todas-as-ipss\/","og_locale":"pt_PT","og_type":"article","og_title":"PS de Mon\u00e7\u00e3o quer testar utentes e profissionais de todas as IPSS","og_description":"O PS de Mon\u00e7\u00e3o prop\u00f4s ao munic\u00edpio de maioria PSD a realiza\u00e7\u00e3o de testes de despistagem \u00e0 covid-19 aos utentes e profissionais de todas as Institui\u00e7\u00f5es Particulares de Solidariedade Social (IPSS) do concelho, informou hoje o partido. Em comunicado enviado \u00e0s reda\u00e7\u00f5es, a comiss\u00e3o pol\u00edtica concelhia do PS defendeu a &#8220;igualdade de tratamentos entre pessoas [&hellip;]","og_url":"https:\/\/www.altominho.tv\/site\/2020\/04\/28\/ps-de-moncao-quer-testar-utentes-e-profissionais-de-todas-as-ipss\/","og_site_name":"Altominho.tv","article_publisher":"https:\/\/www.facebook.com\/altominhotv","article_published_time":"2020-04-28T09:57:44+00:00","article_modified_time":"2020-04-28T09:57:48+00:00","og_image":[{"width":2022,"height":900,"url":"https:\/\/www.altominho.tv\/site\/wp-content\/uploads\/2020\/04\/Moncao-1.jpg","type":"image\/jpeg"}],"author":"Andreia Cunha | Lusa","twitter_card":"summary_large_image","twitter_creator":"@altominhoTV","twitter_site":"@altominhoTV","twitter_misc":{"Escrito por":"Andreia Cunha | Lusa","Tempo estimado de leitura":"3 minutos"},"schema":{"@context":"https:\/\/schema.org","@graph":[{"@type":"Article","@id":"https:\/\/www.altominho.tv\/site\/2020\/04\/28\/ps-de-moncao-quer-testar-utentes-e-profissionais-de-todas-as-ipss\/#article","isPartOf":{"@id":"https:\/\/www.altominho.tv\/site\/2020\/04\/28\/ps-de-moncao-quer-testar-utentes-e-profissionais-de-todas-as-ipss\/"},"author":{"name":"Andreia Cunha | Lusa","@id":"https:\/\/www.altominho.tv\/site\/#\/schema\/person\/dbaf181c01b51ff40c9f461a905d321e"},"headline":"PS de Mon\u00e7\u00e3o quer testar utentes e profissionais de todas as IPSS","datePublished":"2020-04-28T09:57:44+00:00","dateModified":"2020-04-28T09:57:48+00:00","mainEntityOfPage":{"@id":"https:\/\/www.altominho.tv\/site\/2020\/04\/28\/ps-de-moncao-quer-testar-utentes-e-profissionais-de-todas-as-ipss\/"},"wordCount":573,"image":{"@id":"https:\/\/www.altominho.tv\/site\/2020\/04\/28\/ps-de-moncao-quer-testar-utentes-e-profissionais-de-todas-as-ipss\/#primaryimage"},"thumbnailUrl":"https:\/\/www.altominho.tv\/site\/wp-content\/uploads\/2020\/04\/Moncao-1.jpg","keywords":["Sa\u00fade","Sociedade"],"articleSection":["Mon\u00e7\u00e3o"],"inLanguage":"pt-PT","copyrightYear":"2020","copyrightHolder":{"@id":"https:\/\/www.altominho.tv\/site\/#organization"}},{"@type":"WebPage","@id":"https:\/\/www.altominho.tv\/site\/2020\/04\/28\/ps-de-moncao-quer-testar-utentes-e-profissionais-de-todas-as-ipss\/","url":"https:\/\/www.altominho.tv\/site\/2020\/04\/28\/ps-de-moncao-quer-testar-utentes-e-profissionais-de-todas-as-ipss\/","name":"PS de Mon\u00e7\u00e3o quer testar utentes e profissionais de todas as IPSS","isPartOf":{"@id":"https:\/\/www.altominho.tv\/site\/#website"},"primaryImageOfPage":{"@id":"https:\/\/www.altominho.tv\/site\/2020\/04\/28\/ps-de-moncao-quer-testar-utentes-e-profissionais-de-todas-as-ipss\/#primaryimage"},"image":{"@id":"https:\/\/www.altominho.tv\/site\/2020\/04\/28\/ps-de-moncao-quer-testar-utentes-e-profissionais-de-todas-as-ipss\/#primaryimage"},"thumbnailUrl":"https:\/\/www.altominho.tv\/site\/wp-content\/uploads\/2020\/04\/Moncao-1.jpg","datePublished":"2020-04-28T09:57:44+00:00","dateModified":"2020-04-28T09:57:48+00:00","author":{"@id":"https:\/\/www.altominho.tv\/site\/#\/schema\/person\/dbaf181c01b51ff40c9f461a905d321e"},"breadcrumb":{"@id":"https:\/\/www.altominho.tv\/site\/2020\/04\/28\/ps-de-moncao-quer-testar-utentes-e-profissionais-de-todas-as-ipss\/#breadcrumb"},"inLanguage":"pt-PT","potentialAction":[{"@type":"ReadAction","target":["https:\/\/www.altominho.tv\/site\/2020\/04\/28\/ps-de-moncao-quer-testar-utentes-e-profissionais-de-todas-as-ipss\/"]}]},{"@type":"ImageObject","inLanguage":"pt-PT","@id":"https:\/\/www.altominho.tv\/site\/2020\/04\/28\/ps-de-moncao-quer-testar-utentes-e-profissionais-de-todas-as-ipss\/#primaryimage","url":"https:\/\/www.altominho.tv\/site\/wp-content\/uploads\/2020\/04\/Moncao-1.jpg","contentUrl":"https:\/\/www.altominho.tv\/site\/wp-content\/uploads\/2020\/04\/Moncao-1.jpg","width":2022,"height":900},{"@type":"BreadcrumbList","@id":"https:\/\/www.altominho.tv\/site\/2020\/04\/28\/ps-de-moncao-quer-testar-utentes-e-profissionais-de-todas-as-ipss\/#breadcrumb","itemListElement":[{"@type":"ListItem","position":1,"name":"In\u00edcio","item":"https:\/\/www.altominho.tv\/site\/"},{"@type":"ListItem","position":2,"name":"PS de Mon\u00e7\u00e3o quer testar utentes e profissionais de todas as IPSS"}]},{"@type":"WebSite","@id":"https:\/\/www.altominho.tv\/site\/#website","url":"https:\/\/www.altominho.tv\/site\/","name":"Altominho.tv","description":"A sua regi\u00e3o \u00e0 dist\u00e2ncia de um clique...","potentialAction":[{"@type":"SearchAction","target":{"@type":"EntryPoint","urlTemplate":"https:\/\/www.altominho.tv\/site\/?s={search_term_string}"},"query-input":{"@type":"PropertyValueSpecification","valueRequired":true,"valueName":"search_term_string"}}],"inLanguage":"pt-PT"},{"@type":"Person","@id":"https:\/\/www.altominho.tv\/site\/#\/schema\/person\/dbaf181c01b51ff40c9f461a905d321e","name":"Andreia Cunha | Lusa","image":{"@type":"ImageObject","inLanguage":"pt-PT","@id":"https:\/\/www.altominho.tv\/site\/wp-content\/uploads\/2017\/11\/Andreia_Cunha-1-150x150.jpg","url":"https:\/\/www.altominho.tv\/site\/wp-content\/uploads\/2017\/11\/Andreia_Cunha-1-150x150.jpg","contentUrl":"https:\/\/www.altominho.tv\/site\/wp-content\/uploads\/2017\/11\/Andreia_Cunha-1-150x150.jpg","caption":"Andreia Cunha | Lusa"},"sameAs":["https:\/\/www.altominho.tv\/site"],"url":"https:\/\/www.altominho.tv\/site\/author\/andreiacunhalusa\/"}]}},"_links":{"self":[{"href":"https:\/\/www.altominho.tv\/site\/wp-json\/wp\/v2\/posts\/45134","targetHints":{"allow":["GET"]}}],"collection":[{"href":"https:\/\/www.altominho.tv\/site\/wp-json\/wp\/v2\/posts"}],"about":[{"href":"https:\/\/www.altominho.tv\/site\/wp-json\/wp\/v2\/types\/post"}],"author":[{"embeddable":true,"href":"https:\/\/www.altominho.tv\/site\/wp-json\/wp\/v2\/users\/16"}],"replies":[{"embeddable":true,"href":"https:\/\/www.altominho.tv\/site\/wp-json\/wp\/v2\/comments?post=45134"}],"version-history":[{"count":0,"href":"https:\/\/www.altominho.tv\/site\/wp-json\/wp\/v2\/posts\/45134\/revisions"}],"wp:featuredmedia":[{"embeddable":true,"href":"https:\/\/www.altominho.tv\/site\/wp-json\/wp\/v2\/media\/45135"}],"wp:attachment":[{"href":"https:\/\/www.altominho.tv\/site\/wp-json\/wp\/v2\/media?parent=45134"}],"wp:term":[{"taxonomy":"category","embeddable":true,"href":"https:\/\/www.altominho.tv\/site\/wp-json\/wp\/v2\/categories?post=45134"},{"taxonomy":"post_tag","embeddable":true,"href":"https:\/\/www.altominho.tv\/site\/wp-json\/wp\/v2\/tags?post=45134"}],"curies":[{"name":"wp","href":"https:\/\/api.w.org\/{rel}","templated":true}]}}