{"id":45047,"date":"2020-04-26T16:18:29","date_gmt":"2020-04-26T15:18:29","guid":{"rendered":"http:\/\/www.altominho.tv\/site\/?p=45047"},"modified":"2020-04-26T16:18:32","modified_gmt":"2020-04-26T15:18:32","slug":"politecnico-de-viana-do-castelo-vai-comecar-a-realizar-testes-a-covid-19","status":"publish","type":"post","link":"https:\/\/www.altominho.tv\/site\/2020\/04\/26\/politecnico-de-viana-do-castelo-vai-comecar-a-realizar-testes-a-covid-19\/","title":{"rendered":"Polit\u00e9cnico de Viana do Castelo vai come\u00e7ar a realizar testes \u00e0 Covid-19"},"content":{"rendered":"<p><strong>O Instituto Polit\u00e9cnico de Viana do Castelo (IPVC) anunciou este domingo que vai realizar testes de despistagem \u00e0 Covid-19. O laborat\u00f3rio j\u00e1 instalado tem capacidade para 180 testes di\u00e1rios.<\/strong><\/p>\n<p>Em comunicado, o IPVC adianta que os testes v\u00e3o come\u00e7ar a ser realizados por uma equipa da Unidade de Microbiologia Aplicada (UMA), &#8220;constitu\u00edda por 10 elementos da Escola Superior de Tecnologia e Gest\u00e3o e da Escola Superior Agr\u00e1ria, entre docentes, t\u00e9cnicos e investigadores&#8221;, que testaram &#8220;com sucesso&#8221; a realiza\u00e7\u00e3o de testes ao novo coronav\u00edrus.<\/p>\n<p>O laborat\u00f3rio de testes vai entrar em funcionamento depois de cerca de duas semanas a efetuar todos os ajustes e adapta\u00e7\u00f5es necess\u00e1rios, &#8220;desde forma\u00e7\u00e3o espec\u00edfica aos recursos humanos que est\u00e3o envolvidos, aos procedimentos estabelecidos no \u00e2mbito do protocolo desenvolvido pelo Instituto de Medicina Molecular e aquisi\u00e7\u00e3o dos materiais de prote\u00e7\u00e3o e reagentes necess\u00e1rios&#8221;.<\/p>\n<p>\u201cHouve uma transforma\u00e7\u00e3o que passou por uma defini\u00e7\u00e3o do novo <em>layout<\/em> do laborat\u00f3rio, tendo o mesmo sido esvaziado, ficando apenas o m\u00ednimo de equipamento necess\u00e1rio. Foram feitas as aquisi\u00e7\u00f5es imprescind\u00edveis para realizar este teste em particular. Fizemos e testamos os procedimentos adaptados \u00e0 realidade do IPVC. Foram feitas algumas simula\u00e7\u00f5es para que toda a equipa envolvida neste processo se sentisse confort\u00e1vel com toda a parte t\u00e9cnica, nomeadamente no que diz respeito \u00e0s normas de seguran\u00e7a\u201d, explicou o coordenador da UMA e do grupo de trabalho, Paulo Fernandes.<\/p>\n<p>O procedimento foi certificado pelo Instituto Nacional de Sa\u00fade Dr. Ricardo Jorge e ser\u00e1 articulado com a Unidade Local de Sa\u00fade do Alto Minho (ULSAM), <span style=\"font-size: inherit\">Administra\u00e7\u00e3o Regional de Sa\u00fade do Norte (ARSN) e Prote\u00e7\u00e3o Civil Distrital.<\/span><\/p>\n<p>&#8220;Na passada quinta-feira, dia 23 de abril, chegou a confirma\u00e7\u00e3o, por parte do Instituto Ricardo Jorge, de que est\u00e1vamos aptos para efetuar estes testes\u201d, contou o coordenador da equipa, acrescentando que &#8220;receberam uma s\u00e9rie de amostras negativas e positivas, tendo sido efetuados testes no laborat\u00f3rio do IPVC&#8221;.<\/p>\n<p>&#8220;As amostras foram depois enviadas novamente para o Instituto Ricardo Jorge que verificou a metodologia utilizada, reagentes e equipamentos. O Instituto repetiu os mesmos testes \u00e0s referidas amostras e houve uma correspond\u00eancia a 100 por cento nos resultados, um fator determinante para que fic\u00e1ssemos aptos a realizar os testes na UMA\u201d, explicou Paulo Fernandes.<\/p>\n<p>Numa primeira fase, por quest\u00f5es de seguran\u00e7a, \u201ccome\u00e7ar\u00e3o a ser realizadas cerca de 40 a 50 amostras di\u00e1rias, ou seja, metade da capacidade inicial do laborat\u00f3rio, sendo o objetivo chegar at\u00e9 \u00e0s 180 amostras por dia&#8221;, revela o coordenador da UMA.<\/p>\n<p>O ministro da Ci\u00eancia, Tecnologia e Ensino Superior, Manuel Heitor, vai visitar na segunda-feira, pelas 16h00, as instala\u00e7\u00f5es do laborat\u00f3rio, na Escola Superior de Tecnologia e Gest\u00e3o do Instituto Polit\u00e9cnico de Viana do Castelo. O presidente do IPVC, Carlos Rodrigues, vai anunciar no mesmo dia as linhas gerais do plano de reativa\u00e7\u00e3o das atividades da institui\u00e7\u00e3o.<em>\u00a0<\/em><\/p>\n","protected":false},"excerpt":{"rendered":"<p>O Instituto Polit\u00e9cnico de Viana do Castelo (IPVC) anunciou este domingo que vai realizar testes de despistagem \u00e0 Covid-19. O laborat\u00f3rio j\u00e1 instalado tem capacidade para 180 testes di\u00e1rios. Em comunicado, o IPVC adianta que os testes v\u00e3o come\u00e7ar a ser realizados por uma equipa da Unidade de Microbiologia Aplicada (UMA), &#8220;constitu\u00edda por 10 elementos [&hellip;]<\/p>\n","protected":false},"author":12,"featured_media":45053,"comment_status":"closed","ping_status":"closed","sticky":false,"template":"","format":"standard","meta":{"_exactmetrics_skip_tracking":false,"_exactmetrics_sitenote_active":false,"_exactmetrics_sitenote_note":"","_exactmetrics_sitenote_category":0,"footnotes":""},"categories":[14],"tags":[26],"class_list":["post-45047","post","type-post","status-publish","format-standard","has-post-thumbnail","hentry","category-viana-do-castelo","tag-saude"],"yoast_head":"<!-- This site is optimized with the Yoast SEO Premium plugin v27.5 (Yoast SEO v27.5) - https:\/\/yoast.com\/product\/yoast-seo-premium-wordpress\/ -->\n<title>Polit\u00e9cnico de Viana do Castelo vai come\u00e7ar a realizar testes \u00e0 Covid-19<\/title>\n<meta name=\"robots\" content=\"index, follow, max-snippet:-1, max-image-preview:large, max-video-preview:-1\" \/>\n<link rel=\"canonical\" href=\"https:\/\/www.altominho.tv\/site\/2020\/04\/26\/politecnico-de-viana-do-castelo-vai-comecar-a-realizar-testes-a-covid-19\/\" \/>\n<meta property=\"og:locale\" content=\"pt_PT\" \/>\n<meta property=\"og:type\" content=\"article\" \/>\n<meta property=\"og:title\" content=\"Polit\u00e9cnico de Viana do Castelo vai come\u00e7ar a realizar testes \u00e0 Covid-19\" \/>\n<meta property=\"og:description\" content=\"O Instituto Polit\u00e9cnico de Viana do Castelo (IPVC) anunciou este domingo que vai realizar testes de despistagem \u00e0 Covid-19. O laborat\u00f3rio j\u00e1 instalado tem capacidade para 180 testes di\u00e1rios. Em comunicado, o IPVC adianta que os testes v\u00e3o come\u00e7ar a ser realizados por uma equipa da Unidade de Microbiologia Aplicada (UMA), &#8220;constitu\u00edda por 10 elementos [&hellip;]\" \/>\n<meta property=\"og:url\" content=\"https:\/\/www.altominho.tv\/site\/2020\/04\/26\/politecnico-de-viana-do-castelo-vai-comecar-a-realizar-testes-a-covid-19\/\" \/>\n<meta property=\"og:site_name\" content=\"Altominho.tv\" \/>\n<meta property=\"article:publisher\" content=\"https:\/\/www.facebook.com\/altominhotv\" \/>\n<meta property=\"article:published_time\" content=\"2020-04-26T15:18:29+00:00\" \/>\n<meta property=\"article:modified_time\" content=\"2020-04-26T15:18:32+00:00\" \/>\n<meta property=\"og:image\" content=\"https:\/\/www.altominho.tv\/site\/wp-content\/uploads\/2020\/04\/Test-scaled.jpg\" \/>\n\t<meta property=\"og:image:width\" content=\"2560\" \/>\n\t<meta property=\"og:image:height\" content=\"1707\" \/>\n\t<meta property=\"og:image:type\" content=\"image\/jpeg\" \/>\n<meta name=\"author\" content=\"Andreia Ferreira\" \/>\n<meta name=\"twitter:card\" content=\"summary_large_image\" \/>\n<meta name=\"twitter:creator\" content=\"@altominhoTV\" \/>\n<meta name=\"twitter:site\" content=\"@altominhoTV\" \/>\n<meta name=\"twitter:label1\" content=\"Escrito por\" \/>\n\t<meta name=\"twitter:data1\" content=\"Andreia Ferreira\" \/>\n\t<meta name=\"twitter:label2\" content=\"Tempo estimado de leitura\" \/>\n\t<meta name=\"twitter:data2\" content=\"3 minutos\" \/>\n<script type=\"application\/ld+json\" class=\"yoast-schema-graph\">{\"@context\":\"https:\\\/\\\/schema.org\",\"@graph\":[{\"@type\":\"Article\",\"@id\":\"https:\\\/\\\/www.altominho.tv\\\/site\\\/2020\\\/04\\\/26\\\/politecnico-de-viana-do-castelo-vai-comecar-a-realizar-testes-a-covid-19\\\/#article\",\"isPartOf\":{\"@id\":\"https:\\\/\\\/www.altominho.tv\\\/site\\\/2020\\\/04\\\/26\\\/politecnico-de-viana-do-castelo-vai-comecar-a-realizar-testes-a-covid-19\\\/\"},\"author\":{\"name\":\"Andreia Ferreira\",\"@id\":\"https:\\\/\\\/www.altominho.tv\\\/site\\\/#\\\/schema\\\/person\\\/d9be4265364723f14ea8e0d56a1d38cd\"},\"headline\":\"Polit\u00e9cnico de Viana do Castelo vai come\u00e7ar a realizar testes \u00e0 Covid-19\",\"datePublished\":\"2020-04-26T15:18:29+00:00\",\"dateModified\":\"2020-04-26T15:18:32+00:00\",\"mainEntityOfPage\":{\"@id\":\"https:\\\/\\\/www.altominho.tv\\\/site\\\/2020\\\/04\\\/26\\\/politecnico-de-viana-do-castelo-vai-comecar-a-realizar-testes-a-covid-19\\\/\"},\"wordCount\":516,\"image\":{\"@id\":\"https:\\\/\\\/www.altominho.tv\\\/site\\\/2020\\\/04\\\/26\\\/politecnico-de-viana-do-castelo-vai-comecar-a-realizar-testes-a-covid-19\\\/#primaryimage\"},\"thumbnailUrl\":\"https:\\\/\\\/www.altominho.tv\\\/site\\\/wp-content\\\/uploads\\\/2020\\\/04\\\/Test-scaled.jpg\",\"keywords\":[\"Sa\u00fade\"],\"articleSection\":[\"Viana do Castelo\"],\"inLanguage\":\"pt-PT\",\"copyrightYear\":\"2020\",\"copyrightHolder\":{\"@id\":\"https:\\\/\\\/www.altominho.tv\\\/site\\\/#organization\"}},{\"@type\":\"WebPage\",\"@id\":\"https:\\\/\\\/www.altominho.tv\\\/site\\\/2020\\\/04\\\/26\\\/politecnico-de-viana-do-castelo-vai-comecar-a-realizar-testes-a-covid-19\\\/\",\"url\":\"https:\\\/\\\/www.altominho.tv\\\/site\\\/2020\\\/04\\\/26\\\/politecnico-de-viana-do-castelo-vai-comecar-a-realizar-testes-a-covid-19\\\/\",\"name\":\"Polit\u00e9cnico de Viana do Castelo vai come\u00e7ar a realizar testes \u00e0 Covid-19\",\"isPartOf\":{\"@id\":\"https:\\\/\\\/www.altominho.tv\\\/site\\\/#website\"},\"primaryImageOfPage\":{\"@id\":\"https:\\\/\\\/www.altominho.tv\\\/site\\\/2020\\\/04\\\/26\\\/politecnico-de-viana-do-castelo-vai-comecar-a-realizar-testes-a-covid-19\\\/#primaryimage\"},\"image\":{\"@id\":\"https:\\\/\\\/www.altominho.tv\\\/site\\\/2020\\\/04\\\/26\\\/politecnico-de-viana-do-castelo-vai-comecar-a-realizar-testes-a-covid-19\\\/#primaryimage\"},\"thumbnailUrl\":\"https:\\\/\\\/www.altominho.tv\\\/site\\\/wp-content\\\/uploads\\\/2020\\\/04\\\/Test-scaled.jpg\",\"datePublished\":\"2020-04-26T15:18:29+00:00\",\"dateModified\":\"2020-04-26T15:18:32+00:00\",\"author\":{\"@id\":\"https:\\\/\\\/www.altominho.tv\\\/site\\\/#\\\/schema\\\/person\\\/d9be4265364723f14ea8e0d56a1d38cd\"},\"breadcrumb\":{\"@id\":\"https:\\\/\\\/www.altominho.tv\\\/site\\\/2020\\\/04\\\/26\\\/politecnico-de-viana-do-castelo-vai-comecar-a-realizar-testes-a-covid-19\\\/#breadcrumb\"},\"inLanguage\":\"pt-PT\",\"potentialAction\":[{\"@type\":\"ReadAction\",\"target\":[\"https:\\\/\\\/www.altominho.tv\\\/site\\\/2020\\\/04\\\/26\\\/politecnico-de-viana-do-castelo-vai-comecar-a-realizar-testes-a-covid-19\\\/\"]}]},{\"@type\":\"ImageObject\",\"inLanguage\":\"pt-PT\",\"@id\":\"https:\\\/\\\/www.altominho.tv\\\/site\\\/2020\\\/04\\\/26\\\/politecnico-de-viana-do-castelo-vai-comecar-a-realizar-testes-a-covid-19\\\/#primaryimage\",\"url\":\"https:\\\/\\\/www.altominho.tv\\\/site\\\/wp-content\\\/uploads\\\/2020\\\/04\\\/Test-scaled.jpg\",\"contentUrl\":\"https:\\\/\\\/www.altominho.tv\\\/site\\\/wp-content\\\/uploads\\\/2020\\\/04\\\/Test-scaled.jpg\",\"width\":2560,\"height\":1707,\"caption\":\"PEXELS\"},{\"@type\":\"BreadcrumbList\",\"@id\":\"https:\\\/\\\/www.altominho.tv\\\/site\\\/2020\\\/04\\\/26\\\/politecnico-de-viana-do-castelo-vai-comecar-a-realizar-testes-a-covid-19\\\/#breadcrumb\",\"itemListElement\":[{\"@type\":\"ListItem\",\"position\":1,\"name\":\"In\u00edcio\",\"item\":\"https:\\\/\\\/www.altominho.tv\\\/site\\\/\"},{\"@type\":\"ListItem\",\"position\":2,\"name\":\"Polit\u00e9cnico de Viana do Castelo vai come\u00e7ar a realizar testes \u00e0 Covid-19\"}]},{\"@type\":\"WebSite\",\"@id\":\"https:\\\/\\\/www.altominho.tv\\\/site\\\/#website\",\"url\":\"https:\\\/\\\/www.altominho.tv\\\/site\\\/\",\"name\":\"Altominho.tv\",\"description\":\"A sua regi\u00e3o \u00e0 dist\u00e2ncia de um clique...\",\"potentialAction\":[{\"@type\":\"SearchAction\",\"target\":{\"@type\":\"EntryPoint\",\"urlTemplate\":\"https:\\\/\\\/www.altominho.tv\\\/site\\\/?s={search_term_string}\"},\"query-input\":{\"@type\":\"PropertyValueSpecification\",\"valueRequired\":true,\"valueName\":\"search_term_string\"}}],\"inLanguage\":\"pt-PT\"},{\"@type\":\"Person\",\"@id\":\"https:\\\/\\\/www.altominho.tv\\\/site\\\/#\\\/schema\\\/person\\\/d9be4265364723f14ea8e0d56a1d38cd\",\"name\":\"Andreia Ferreira\",\"image\":{\"@type\":\"ImageObject\",\"inLanguage\":\"pt-PT\",\"@id\":\"https:\\\/\\\/www.altominho.tv\\\/site\\\/wp-content\\\/uploads\\\/2021\\\/01\\\/AndreiaFerreira-150x150.jpg\",\"url\":\"https:\\\/\\\/www.altominho.tv\\\/site\\\/wp-content\\\/uploads\\\/2021\\\/01\\\/AndreiaFerreira-150x150.jpg\",\"contentUrl\":\"https:\\\/\\\/www.altominho.tv\\\/site\\\/wp-content\\\/uploads\\\/2021\\\/01\\\/AndreiaFerreira-150x150.jpg\",\"caption\":\"Andreia Ferreira\"},\"url\":\"https:\\\/\\\/www.altominho.tv\\\/site\\\/author\\\/andreiaferreira\\\/\"}]}<\/script>\n<!-- \/ Yoast SEO Premium plugin. -->","yoast_head_json":{"title":"Polit\u00e9cnico de Viana do Castelo vai come\u00e7ar a realizar testes \u00e0 Covid-19","robots":{"index":"index","follow":"follow","max-snippet":"max-snippet:-1","max-image-preview":"max-image-preview:large","max-video-preview":"max-video-preview:-1"},"canonical":"https:\/\/www.altominho.tv\/site\/2020\/04\/26\/politecnico-de-viana-do-castelo-vai-comecar-a-realizar-testes-a-covid-19\/","og_locale":"pt_PT","og_type":"article","og_title":"Polit\u00e9cnico de Viana do Castelo vai come\u00e7ar a realizar testes \u00e0 Covid-19","og_description":"O Instituto Polit\u00e9cnico de Viana do Castelo (IPVC) anunciou este domingo que vai realizar testes de despistagem \u00e0 Covid-19. O laborat\u00f3rio j\u00e1 instalado tem capacidade para 180 testes di\u00e1rios. Em comunicado, o IPVC adianta que os testes v\u00e3o come\u00e7ar a ser realizados por uma equipa da Unidade de Microbiologia Aplicada (UMA), &#8220;constitu\u00edda por 10 elementos [&hellip;]","og_url":"https:\/\/www.altominho.tv\/site\/2020\/04\/26\/politecnico-de-viana-do-castelo-vai-comecar-a-realizar-testes-a-covid-19\/","og_site_name":"Altominho.tv","article_publisher":"https:\/\/www.facebook.com\/altominhotv","article_published_time":"2020-04-26T15:18:29+00:00","article_modified_time":"2020-04-26T15:18:32+00:00","og_image":[{"width":2560,"height":1707,"url":"https:\/\/www.altominho.tv\/site\/wp-content\/uploads\/2020\/04\/Test-scaled.jpg","type":"image\/jpeg"}],"author":"Andreia Ferreira","twitter_card":"summary_large_image","twitter_creator":"@altominhoTV","twitter_site":"@altominhoTV","twitter_misc":{"Escrito por":"Andreia Ferreira","Tempo estimado de leitura":"3 minutos"},"schema":{"@context":"https:\/\/schema.org","@graph":[{"@type":"Article","@id":"https:\/\/www.altominho.tv\/site\/2020\/04\/26\/politecnico-de-viana-do-castelo-vai-comecar-a-realizar-testes-a-covid-19\/#article","isPartOf":{"@id":"https:\/\/www.altominho.tv\/site\/2020\/04\/26\/politecnico-de-viana-do-castelo-vai-comecar-a-realizar-testes-a-covid-19\/"},"author":{"name":"Andreia Ferreira","@id":"https:\/\/www.altominho.tv\/site\/#\/schema\/person\/d9be4265364723f14ea8e0d56a1d38cd"},"headline":"Polit\u00e9cnico de Viana do Castelo vai come\u00e7ar a realizar testes \u00e0 Covid-19","datePublished":"2020-04-26T15:18:29+00:00","dateModified":"2020-04-26T15:18:32+00:00","mainEntityOfPage":{"@id":"https:\/\/www.altominho.tv\/site\/2020\/04\/26\/politecnico-de-viana-do-castelo-vai-comecar-a-realizar-testes-a-covid-19\/"},"wordCount":516,"image":{"@id":"https:\/\/www.altominho.tv\/site\/2020\/04\/26\/politecnico-de-viana-do-castelo-vai-comecar-a-realizar-testes-a-covid-19\/#primaryimage"},"thumbnailUrl":"https:\/\/www.altominho.tv\/site\/wp-content\/uploads\/2020\/04\/Test-scaled.jpg","keywords":["Sa\u00fade"],"articleSection":["Viana do Castelo"],"inLanguage":"pt-PT","copyrightYear":"2020","copyrightHolder":{"@id":"https:\/\/www.altominho.tv\/site\/#organization"}},{"@type":"WebPage","@id":"https:\/\/www.altominho.tv\/site\/2020\/04\/26\/politecnico-de-viana-do-castelo-vai-comecar-a-realizar-testes-a-covid-19\/","url":"https:\/\/www.altominho.tv\/site\/2020\/04\/26\/politecnico-de-viana-do-castelo-vai-comecar-a-realizar-testes-a-covid-19\/","name":"Polit\u00e9cnico de Viana do Castelo vai come\u00e7ar a realizar testes \u00e0 Covid-19","isPartOf":{"@id":"https:\/\/www.altominho.tv\/site\/#website"},"primaryImageOfPage":{"@id":"https:\/\/www.altominho.tv\/site\/2020\/04\/26\/politecnico-de-viana-do-castelo-vai-comecar-a-realizar-testes-a-covid-19\/#primaryimage"},"image":{"@id":"https:\/\/www.altominho.tv\/site\/2020\/04\/26\/politecnico-de-viana-do-castelo-vai-comecar-a-realizar-testes-a-covid-19\/#primaryimage"},"thumbnailUrl":"https:\/\/www.altominho.tv\/site\/wp-content\/uploads\/2020\/04\/Test-scaled.jpg","datePublished":"2020-04-26T15:18:29+00:00","dateModified":"2020-04-26T15:18:32+00:00","author":{"@id":"https:\/\/www.altominho.tv\/site\/#\/schema\/person\/d9be4265364723f14ea8e0d56a1d38cd"},"breadcrumb":{"@id":"https:\/\/www.altominho.tv\/site\/2020\/04\/26\/politecnico-de-viana-do-castelo-vai-comecar-a-realizar-testes-a-covid-19\/#breadcrumb"},"inLanguage":"pt-PT","potentialAction":[{"@type":"ReadAction","target":["https:\/\/www.altominho.tv\/site\/2020\/04\/26\/politecnico-de-viana-do-castelo-vai-comecar-a-realizar-testes-a-covid-19\/"]}]},{"@type":"ImageObject","inLanguage":"pt-PT","@id":"https:\/\/www.altominho.tv\/site\/2020\/04\/26\/politecnico-de-viana-do-castelo-vai-comecar-a-realizar-testes-a-covid-19\/#primaryimage","url":"https:\/\/www.altominho.tv\/site\/wp-content\/uploads\/2020\/04\/Test-scaled.jpg","contentUrl":"https:\/\/www.altominho.tv\/site\/wp-content\/uploads\/2020\/04\/Test-scaled.jpg","width":2560,"height":1707,"caption":"PEXELS"},{"@type":"BreadcrumbList","@id":"https:\/\/www.altominho.tv\/site\/2020\/04\/26\/politecnico-de-viana-do-castelo-vai-comecar-a-realizar-testes-a-covid-19\/#breadcrumb","itemListElement":[{"@type":"ListItem","position":1,"name":"In\u00edcio","item":"https:\/\/www.altominho.tv\/site\/"},{"@type":"ListItem","position":2,"name":"Polit\u00e9cnico de Viana do Castelo vai come\u00e7ar a realizar testes \u00e0 Covid-19"}]},{"@type":"WebSite","@id":"https:\/\/www.altominho.tv\/site\/#website","url":"https:\/\/www.altominho.tv\/site\/","name":"Altominho.tv","description":"A sua regi\u00e3o \u00e0 dist\u00e2ncia de um clique...","potentialAction":[{"@type":"SearchAction","target":{"@type":"EntryPoint","urlTemplate":"https:\/\/www.altominho.tv\/site\/?s={search_term_string}"},"query-input":{"@type":"PropertyValueSpecification","valueRequired":true,"valueName":"search_term_string"}}],"inLanguage":"pt-PT"},{"@type":"Person","@id":"https:\/\/www.altominho.tv\/site\/#\/schema\/person\/d9be4265364723f14ea8e0d56a1d38cd","name":"Andreia Ferreira","image":{"@type":"ImageObject","inLanguage":"pt-PT","@id":"https:\/\/www.altominho.tv\/site\/wp-content\/uploads\/2021\/01\/AndreiaFerreira-150x150.jpg","url":"https:\/\/www.altominho.tv\/site\/wp-content\/uploads\/2021\/01\/AndreiaFerreira-150x150.jpg","contentUrl":"https:\/\/www.altominho.tv\/site\/wp-content\/uploads\/2021\/01\/AndreiaFerreira-150x150.jpg","caption":"Andreia Ferreira"},"url":"https:\/\/www.altominho.tv\/site\/author\/andreiaferreira\/"}]}},"_links":{"self":[{"href":"https:\/\/www.altominho.tv\/site\/wp-json\/wp\/v2\/posts\/45047","targetHints":{"allow":["GET"]}}],"collection":[{"href":"https:\/\/www.altominho.tv\/site\/wp-json\/wp\/v2\/posts"}],"about":[{"href":"https:\/\/www.altominho.tv\/site\/wp-json\/wp\/v2\/types\/post"}],"author":[{"embeddable":true,"href":"https:\/\/www.altominho.tv\/site\/wp-json\/wp\/v2\/users\/12"}],"replies":[{"embeddable":true,"href":"https:\/\/www.altominho.tv\/site\/wp-json\/wp\/v2\/comments?post=45047"}],"version-history":[{"count":0,"href":"https:\/\/www.altominho.tv\/site\/wp-json\/wp\/v2\/posts\/45047\/revisions"}],"wp:featuredmedia":[{"embeddable":true,"href":"https:\/\/www.altominho.tv\/site\/wp-json\/wp\/v2\/media\/45053"}],"wp:attachment":[{"href":"https:\/\/www.altominho.tv\/site\/wp-json\/wp\/v2\/media?parent=45047"}],"wp:term":[{"taxonomy":"category","embeddable":true,"href":"https:\/\/www.altominho.tv\/site\/wp-json\/wp\/v2\/categories?post=45047"},{"taxonomy":"post_tag","embeddable":true,"href":"https:\/\/www.altominho.tv\/site\/wp-json\/wp\/v2\/tags?post=45047"}],"curies":[{"name":"wp","href":"https:\/\/api.w.org\/{rel}","templated":true}]}}