{"id":44867,"date":"2020-04-23T17:28:08","date_gmt":"2020-04-23T16:28:08","guid":{"rendered":"http:\/\/www.altominho.tv\/site\/?p=44867"},"modified":"2020-04-23T17:28:10","modified_gmt":"2020-04-23T16:28:10","slug":"homem-ameaca-funcionaria-com-faca-para-roubar-loja-dos-ctt-em-ponte-de-lima","status":"publish","type":"post","link":"https:\/\/www.altominho.tv\/site\/2020\/04\/23\/homem-ameaca-funcionaria-com-faca-para-roubar-loja-dos-ctt-em-ponte-de-lima\/","title":{"rendered":"Homem amea\u00e7a funcion\u00e1ria com faca para roubar loja dos CTT em Ponte de Lima"},"content":{"rendered":"<div id=\":my\" class=\"a3s aXjCH \">Um homem assaltou hoje, com recurso a uma arma branca, a loja dos CTT de Freixo, em Ponte de Lima, roubando, ap\u00f3s amea\u00e7ar a funcion\u00e1ria, cerca de 1.250 euros, informou fonte da GNR.<\/div>\n<div><\/div>\n<div class=\"a3s aXjCH \">A fonte do Comando Territorial da GNR de Viana do Castelo adiantou que o caso ocorreu cerca das 12h38, quando &#8220;um homem entrou na loja dos CTT, amea\u00e7ou a funcion\u00e1ria com a arma branca, pegou no dinheiro que se encontrava em caixa e iniciou a fuga, a p\u00e9&#8221;.<\/div>\n<div><\/div>\n<div class=\"a3s aXjCH \">A mesma fonte acrescentou que, cerca das 13h35, o suspeito foi &#8220;localizado nas imedia\u00e7\u00f5es da loja, tendo sido levado para o posto da GNR de S\u00e3o Juli\u00e3o de Freixo, em Ponte de Lima, onde est\u00e1 a ser ouvido pela Pol\u00edcia Judici\u00e1ria do Porto&#8221;.<\/div>\n<div><\/div>\n<div class=\"a3s aXjCH \">Segundo a fonte, &#8220;o homem atuou de cara tapada, sendo que a funcion\u00e1ria da loja dos CTT de Freixo era a \u00fanica pessoa que se encontrava no interior do estabelecimento&#8221;.<\/div>\n","protected":false},"excerpt":{"rendered":"<p>Um homem assaltou hoje, com recurso a uma arma branca, a loja dos CTT de Freixo, em Ponte de Lima, roubando, ap\u00f3s amea\u00e7ar a funcion\u00e1ria, cerca de 1.250 euros, informou fonte da GNR. A fonte do Comando Territorial da GNR de Viana do Castelo adiantou que o caso ocorreu cerca das 12h38, quando &#8220;um homem [&hellip;]<\/p>\n","protected":false},"author":13,"featured_media":44868,"comment_status":"closed","ping_status":"closed","sticky":false,"template":"","format":"standard","meta":{"_exactmetrics_skip_tracking":false,"_exactmetrics_sitenote_active":false,"_exactmetrics_sitenote_note":"","_exactmetrics_sitenote_category":0,"footnotes":""},"categories":[12],"tags":[27],"class_list":["post-44867","post","type-post","status-publish","format-standard","has-post-thumbnail","hentry","category-ponte-de-lima","tag-sociedade"],"yoast_head":"<!-- This site is optimized with the Yoast SEO Premium plugin v27.4 (Yoast SEO v27.4) - https:\/\/yoast.com\/product\/yoast-seo-premium-wordpress\/ -->\n<title>Homem amea\u00e7a funcion\u00e1ria com faca para roubar loja dos CTT em Ponte de Lima<\/title>\n<meta name=\"robots\" content=\"index, follow, max-snippet:-1, max-image-preview:large, max-video-preview:-1\" \/>\n<link rel=\"canonical\" href=\"https:\/\/www.altominho.tv\/site\/2020\/04\/23\/homem-ameaca-funcionaria-com-faca-para-roubar-loja-dos-ctt-em-ponte-de-lima\/\" \/>\n<meta property=\"og:locale\" content=\"pt_PT\" \/>\n<meta property=\"og:type\" content=\"article\" \/>\n<meta property=\"og:title\" content=\"Homem amea\u00e7a funcion\u00e1ria com faca para roubar loja dos CTT em Ponte de Lima\" \/>\n<meta property=\"og:description\" content=\"Um homem assaltou hoje, com recurso a uma arma branca, a loja dos CTT de Freixo, em Ponte de Lima, roubando, ap\u00f3s amea\u00e7ar a funcion\u00e1ria, cerca de 1.250 euros, informou fonte da GNR. A fonte do Comando Territorial da GNR de Viana do Castelo adiantou que o caso ocorreu cerca das 12h38, quando &#8220;um homem [&hellip;]\" \/>\n<meta property=\"og:url\" content=\"https:\/\/www.altominho.tv\/site\/2020\/04\/23\/homem-ameaca-funcionaria-com-faca-para-roubar-loja-dos-ctt-em-ponte-de-lima\/\" \/>\n<meta property=\"og:site_name\" content=\"Altominho.tv\" \/>\n<meta property=\"article:publisher\" content=\"https:\/\/www.facebook.com\/altominhotv\" \/>\n<meta property=\"article:published_time\" content=\"2020-04-23T16:28:08+00:00\" \/>\n<meta property=\"article:modified_time\" content=\"2020-04-23T16:28:10+00:00\" \/>\n<meta property=\"og:image\" content=\"https:\/\/www.altominho.tv\/site\/wp-content\/uploads\/2020\/04\/Assalto_PtLima.jpg\" \/>\n\t<meta property=\"og:image:width\" content=\"1200\" \/>\n\t<meta property=\"og:image:height\" content=\"675\" \/>\n\t<meta property=\"og:image:type\" content=\"image\/jpeg\" \/>\n<meta name=\"author\" content=\"Lusa\" \/>\n<meta name=\"twitter:card\" content=\"summary_large_image\" \/>\n<meta name=\"twitter:creator\" content=\"@altominhoTV\" \/>\n<meta name=\"twitter:site\" content=\"@altominhoTV\" \/>\n<meta name=\"twitter:label1\" content=\"Escrito por\" \/>\n\t<meta name=\"twitter:data1\" content=\"Lusa\" \/>\n\t<meta name=\"twitter:label2\" content=\"Tempo estimado de leitura\" \/>\n\t<meta name=\"twitter:data2\" content=\"1 minuto\" \/>\n<script type=\"application\/ld+json\" class=\"yoast-schema-graph\">{\"@context\":\"https:\\\/\\\/schema.org\",\"@graph\":[{\"@type\":\"Article\",\"@id\":\"https:\\\/\\\/www.altominho.tv\\\/site\\\/2020\\\/04\\\/23\\\/homem-ameaca-funcionaria-com-faca-para-roubar-loja-dos-ctt-em-ponte-de-lima\\\/#article\",\"isPartOf\":{\"@id\":\"https:\\\/\\\/www.altominho.tv\\\/site\\\/2020\\\/04\\\/23\\\/homem-ameaca-funcionaria-com-faca-para-roubar-loja-dos-ctt-em-ponte-de-lima\\\/\"},\"author\":{\"name\":\"Lusa\",\"@id\":\"https:\\\/\\\/www.altominho.tv\\\/site\\\/#\\\/schema\\\/person\\\/63f693da3e1899361cbe955c46f3232e\"},\"headline\":\"Homem amea\u00e7a funcion\u00e1ria com faca para roubar loja dos CTT em Ponte de Lima\",\"datePublished\":\"2020-04-23T16:28:08+00:00\",\"dateModified\":\"2020-04-23T16:28:10+00:00\",\"mainEntityOfPage\":{\"@id\":\"https:\\\/\\\/www.altominho.tv\\\/site\\\/2020\\\/04\\\/23\\\/homem-ameaca-funcionaria-com-faca-para-roubar-loja-dos-ctt-em-ponte-de-lima\\\/\"},\"wordCount\":180,\"image\":{\"@id\":\"https:\\\/\\\/www.altominho.tv\\\/site\\\/2020\\\/04\\\/23\\\/homem-ameaca-funcionaria-com-faca-para-roubar-loja-dos-ctt-em-ponte-de-lima\\\/#primaryimage\"},\"thumbnailUrl\":\"https:\\\/\\\/www.altominho.tv\\\/site\\\/wp-content\\\/uploads\\\/2020\\\/04\\\/Assalto_PtLima.jpg\",\"keywords\":[\"Sociedade\"],\"articleSection\":[\"Ponte de Lima\"],\"inLanguage\":\"pt-PT\",\"copyrightYear\":\"2020\",\"copyrightHolder\":{\"@id\":\"https:\\\/\\\/www.altominho.tv\\\/site\\\/#organization\"}},{\"@type\":\"WebPage\",\"@id\":\"https:\\\/\\\/www.altominho.tv\\\/site\\\/2020\\\/04\\\/23\\\/homem-ameaca-funcionaria-com-faca-para-roubar-loja-dos-ctt-em-ponte-de-lima\\\/\",\"url\":\"https:\\\/\\\/www.altominho.tv\\\/site\\\/2020\\\/04\\\/23\\\/homem-ameaca-funcionaria-com-faca-para-roubar-loja-dos-ctt-em-ponte-de-lima\\\/\",\"name\":\"Homem amea\u00e7a funcion\u00e1ria com faca para roubar loja dos CTT em Ponte de Lima\",\"isPartOf\":{\"@id\":\"https:\\\/\\\/www.altominho.tv\\\/site\\\/#website\"},\"primaryImageOfPage\":{\"@id\":\"https:\\\/\\\/www.altominho.tv\\\/site\\\/2020\\\/04\\\/23\\\/homem-ameaca-funcionaria-com-faca-para-roubar-loja-dos-ctt-em-ponte-de-lima\\\/#primaryimage\"},\"image\":{\"@id\":\"https:\\\/\\\/www.altominho.tv\\\/site\\\/2020\\\/04\\\/23\\\/homem-ameaca-funcionaria-com-faca-para-roubar-loja-dos-ctt-em-ponte-de-lima\\\/#primaryimage\"},\"thumbnailUrl\":\"https:\\\/\\\/www.altominho.tv\\\/site\\\/wp-content\\\/uploads\\\/2020\\\/04\\\/Assalto_PtLima.jpg\",\"datePublished\":\"2020-04-23T16:28:08+00:00\",\"dateModified\":\"2020-04-23T16:28:10+00:00\",\"author\":{\"@id\":\"https:\\\/\\\/www.altominho.tv\\\/site\\\/#\\\/schema\\\/person\\\/63f693da3e1899361cbe955c46f3232e\"},\"breadcrumb\":{\"@id\":\"https:\\\/\\\/www.altominho.tv\\\/site\\\/2020\\\/04\\\/23\\\/homem-ameaca-funcionaria-com-faca-para-roubar-loja-dos-ctt-em-ponte-de-lima\\\/#breadcrumb\"},\"inLanguage\":\"pt-PT\",\"potentialAction\":[{\"@type\":\"ReadAction\",\"target\":[\"https:\\\/\\\/www.altominho.tv\\\/site\\\/2020\\\/04\\\/23\\\/homem-ameaca-funcionaria-com-faca-para-roubar-loja-dos-ctt-em-ponte-de-lima\\\/\"]}]},{\"@type\":\"ImageObject\",\"inLanguage\":\"pt-PT\",\"@id\":\"https:\\\/\\\/www.altominho.tv\\\/site\\\/2020\\\/04\\\/23\\\/homem-ameaca-funcionaria-com-faca-para-roubar-loja-dos-ctt-em-ponte-de-lima\\\/#primaryimage\",\"url\":\"https:\\\/\\\/www.altominho.tv\\\/site\\\/wp-content\\\/uploads\\\/2020\\\/04\\\/Assalto_PtLima.jpg\",\"contentUrl\":\"https:\\\/\\\/www.altominho.tv\\\/site\\\/wp-content\\\/uploads\\\/2020\\\/04\\\/Assalto_PtLima.jpg\",\"width\":1200,\"height\":675},{\"@type\":\"BreadcrumbList\",\"@id\":\"https:\\\/\\\/www.altominho.tv\\\/site\\\/2020\\\/04\\\/23\\\/homem-ameaca-funcionaria-com-faca-para-roubar-loja-dos-ctt-em-ponte-de-lima\\\/#breadcrumb\",\"itemListElement\":[{\"@type\":\"ListItem\",\"position\":1,\"name\":\"In\u00edcio\",\"item\":\"https:\\\/\\\/www.altominho.tv\\\/site\\\/\"},{\"@type\":\"ListItem\",\"position\":2,\"name\":\"Homem amea\u00e7a funcion\u00e1ria com faca para roubar loja dos CTT em Ponte de Lima\"}]},{\"@type\":\"WebSite\",\"@id\":\"https:\\\/\\\/www.altominho.tv\\\/site\\\/#website\",\"url\":\"https:\\\/\\\/www.altominho.tv\\\/site\\\/\",\"name\":\"Altominho.tv\",\"description\":\"A sua regi\u00e3o \u00e0 dist\u00e2ncia de um clique...\",\"potentialAction\":[{\"@type\":\"SearchAction\",\"target\":{\"@type\":\"EntryPoint\",\"urlTemplate\":\"https:\\\/\\\/www.altominho.tv\\\/site\\\/?s={search_term_string}\"},\"query-input\":{\"@type\":\"PropertyValueSpecification\",\"valueRequired\":true,\"valueName\":\"search_term_string\"}}],\"inLanguage\":\"pt-PT\"},{\"@type\":\"Person\",\"@id\":\"https:\\\/\\\/www.altominho.tv\\\/site\\\/#\\\/schema\\\/person\\\/63f693da3e1899361cbe955c46f3232e\",\"name\":\"Lusa\",\"image\":{\"@type\":\"ImageObject\",\"inLanguage\":\"pt-PT\",\"@id\":\"https:\\\/\\\/www.altominho.tv\\\/site\\\/wp-content\\\/uploads\\\/2019\\\/08\\\/LUSA_Logo.gif\",\"url\":\"https:\\\/\\\/www.altominho.tv\\\/site\\\/wp-content\\\/uploads\\\/2019\\\/08\\\/LUSA_Logo.gif\",\"contentUrl\":\"https:\\\/\\\/www.altominho.tv\\\/site\\\/wp-content\\\/uploads\\\/2019\\\/08\\\/LUSA_Logo.gif\",\"caption\":\"Lusa\"},\"sameAs\":[\"http:\\\/\\\/\\\/\\\/www.altominho.tv\\\/site\"],\"url\":\"https:\\\/\\\/www.altominho.tv\\\/site\\\/author\\\/lusa\\\/\"}]}<\/script>\n<!-- \/ Yoast SEO Premium plugin. -->","yoast_head_json":{"title":"Homem amea\u00e7a funcion\u00e1ria com faca para roubar loja dos CTT em Ponte de Lima","robots":{"index":"index","follow":"follow","max-snippet":"max-snippet:-1","max-image-preview":"max-image-preview:large","max-video-preview":"max-video-preview:-1"},"canonical":"https:\/\/www.altominho.tv\/site\/2020\/04\/23\/homem-ameaca-funcionaria-com-faca-para-roubar-loja-dos-ctt-em-ponte-de-lima\/","og_locale":"pt_PT","og_type":"article","og_title":"Homem amea\u00e7a funcion\u00e1ria com faca para roubar loja dos CTT em Ponte de Lima","og_description":"Um homem assaltou hoje, com recurso a uma arma branca, a loja dos CTT de Freixo, em Ponte de Lima, roubando, ap\u00f3s amea\u00e7ar a funcion\u00e1ria, cerca de 1.250 euros, informou fonte da GNR. A fonte do Comando Territorial da GNR de Viana do Castelo adiantou que o caso ocorreu cerca das 12h38, quando &#8220;um homem [&hellip;]","og_url":"https:\/\/www.altominho.tv\/site\/2020\/04\/23\/homem-ameaca-funcionaria-com-faca-para-roubar-loja-dos-ctt-em-ponte-de-lima\/","og_site_name":"Altominho.tv","article_publisher":"https:\/\/www.facebook.com\/altominhotv","article_published_time":"2020-04-23T16:28:08+00:00","article_modified_time":"2020-04-23T16:28:10+00:00","og_image":[{"width":1200,"height":675,"url":"https:\/\/www.altominho.tv\/site\/wp-content\/uploads\/2020\/04\/Assalto_PtLima.jpg","type":"image\/jpeg"}],"author":"Lusa","twitter_card":"summary_large_image","twitter_creator":"@altominhoTV","twitter_site":"@altominhoTV","twitter_misc":{"Escrito por":"Lusa","Tempo estimado de leitura":"1 minuto"},"schema":{"@context":"https:\/\/schema.org","@graph":[{"@type":"Article","@id":"https:\/\/www.altominho.tv\/site\/2020\/04\/23\/homem-ameaca-funcionaria-com-faca-para-roubar-loja-dos-ctt-em-ponte-de-lima\/#article","isPartOf":{"@id":"https:\/\/www.altominho.tv\/site\/2020\/04\/23\/homem-ameaca-funcionaria-com-faca-para-roubar-loja-dos-ctt-em-ponte-de-lima\/"},"author":{"name":"Lusa","@id":"https:\/\/www.altominho.tv\/site\/#\/schema\/person\/63f693da3e1899361cbe955c46f3232e"},"headline":"Homem amea\u00e7a funcion\u00e1ria com faca para roubar loja dos CTT em Ponte de Lima","datePublished":"2020-04-23T16:28:08+00:00","dateModified":"2020-04-23T16:28:10+00:00","mainEntityOfPage":{"@id":"https:\/\/www.altominho.tv\/site\/2020\/04\/23\/homem-ameaca-funcionaria-com-faca-para-roubar-loja-dos-ctt-em-ponte-de-lima\/"},"wordCount":180,"image":{"@id":"https:\/\/www.altominho.tv\/site\/2020\/04\/23\/homem-ameaca-funcionaria-com-faca-para-roubar-loja-dos-ctt-em-ponte-de-lima\/#primaryimage"},"thumbnailUrl":"https:\/\/www.altominho.tv\/site\/wp-content\/uploads\/2020\/04\/Assalto_PtLima.jpg","keywords":["Sociedade"],"articleSection":["Ponte de Lima"],"inLanguage":"pt-PT","copyrightYear":"2020","copyrightHolder":{"@id":"https:\/\/www.altominho.tv\/site\/#organization"}},{"@type":"WebPage","@id":"https:\/\/www.altominho.tv\/site\/2020\/04\/23\/homem-ameaca-funcionaria-com-faca-para-roubar-loja-dos-ctt-em-ponte-de-lima\/","url":"https:\/\/www.altominho.tv\/site\/2020\/04\/23\/homem-ameaca-funcionaria-com-faca-para-roubar-loja-dos-ctt-em-ponte-de-lima\/","name":"Homem amea\u00e7a funcion\u00e1ria com faca para roubar loja dos CTT em Ponte de Lima","isPartOf":{"@id":"https:\/\/www.altominho.tv\/site\/#website"},"primaryImageOfPage":{"@id":"https:\/\/www.altominho.tv\/site\/2020\/04\/23\/homem-ameaca-funcionaria-com-faca-para-roubar-loja-dos-ctt-em-ponte-de-lima\/#primaryimage"},"image":{"@id":"https:\/\/www.altominho.tv\/site\/2020\/04\/23\/homem-ameaca-funcionaria-com-faca-para-roubar-loja-dos-ctt-em-ponte-de-lima\/#primaryimage"},"thumbnailUrl":"https:\/\/www.altominho.tv\/site\/wp-content\/uploads\/2020\/04\/Assalto_PtLima.jpg","datePublished":"2020-04-23T16:28:08+00:00","dateModified":"2020-04-23T16:28:10+00:00","author":{"@id":"https:\/\/www.altominho.tv\/site\/#\/schema\/person\/63f693da3e1899361cbe955c46f3232e"},"breadcrumb":{"@id":"https:\/\/www.altominho.tv\/site\/2020\/04\/23\/homem-ameaca-funcionaria-com-faca-para-roubar-loja-dos-ctt-em-ponte-de-lima\/#breadcrumb"},"inLanguage":"pt-PT","potentialAction":[{"@type":"ReadAction","target":["https:\/\/www.altominho.tv\/site\/2020\/04\/23\/homem-ameaca-funcionaria-com-faca-para-roubar-loja-dos-ctt-em-ponte-de-lima\/"]}]},{"@type":"ImageObject","inLanguage":"pt-PT","@id":"https:\/\/www.altominho.tv\/site\/2020\/04\/23\/homem-ameaca-funcionaria-com-faca-para-roubar-loja-dos-ctt-em-ponte-de-lima\/#primaryimage","url":"https:\/\/www.altominho.tv\/site\/wp-content\/uploads\/2020\/04\/Assalto_PtLima.jpg","contentUrl":"https:\/\/www.altominho.tv\/site\/wp-content\/uploads\/2020\/04\/Assalto_PtLima.jpg","width":1200,"height":675},{"@type":"BreadcrumbList","@id":"https:\/\/www.altominho.tv\/site\/2020\/04\/23\/homem-ameaca-funcionaria-com-faca-para-roubar-loja-dos-ctt-em-ponte-de-lima\/#breadcrumb","itemListElement":[{"@type":"ListItem","position":1,"name":"In\u00edcio","item":"https:\/\/www.altominho.tv\/site\/"},{"@type":"ListItem","position":2,"name":"Homem amea\u00e7a funcion\u00e1ria com faca para roubar loja dos CTT em Ponte de Lima"}]},{"@type":"WebSite","@id":"https:\/\/www.altominho.tv\/site\/#website","url":"https:\/\/www.altominho.tv\/site\/","name":"Altominho.tv","description":"A sua regi\u00e3o \u00e0 dist\u00e2ncia de um clique...","potentialAction":[{"@type":"SearchAction","target":{"@type":"EntryPoint","urlTemplate":"https:\/\/www.altominho.tv\/site\/?s={search_term_string}"},"query-input":{"@type":"PropertyValueSpecification","valueRequired":true,"valueName":"search_term_string"}}],"inLanguage":"pt-PT"},{"@type":"Person","@id":"https:\/\/www.altominho.tv\/site\/#\/schema\/person\/63f693da3e1899361cbe955c46f3232e","name":"Lusa","image":{"@type":"ImageObject","inLanguage":"pt-PT","@id":"https:\/\/www.altominho.tv\/site\/wp-content\/uploads\/2019\/08\/LUSA_Logo.gif","url":"https:\/\/www.altominho.tv\/site\/wp-content\/uploads\/2019\/08\/LUSA_Logo.gif","contentUrl":"https:\/\/www.altominho.tv\/site\/wp-content\/uploads\/2019\/08\/LUSA_Logo.gif","caption":"Lusa"},"sameAs":["http:\/\/\/\/www.altominho.tv\/site"],"url":"https:\/\/www.altominho.tv\/site\/author\/lusa\/"}]}},"_links":{"self":[{"href":"https:\/\/www.altominho.tv\/site\/wp-json\/wp\/v2\/posts\/44867","targetHints":{"allow":["GET"]}}],"collection":[{"href":"https:\/\/www.altominho.tv\/site\/wp-json\/wp\/v2\/posts"}],"about":[{"href":"https:\/\/www.altominho.tv\/site\/wp-json\/wp\/v2\/types\/post"}],"author":[{"embeddable":true,"href":"https:\/\/www.altominho.tv\/site\/wp-json\/wp\/v2\/users\/13"}],"replies":[{"embeddable":true,"href":"https:\/\/www.altominho.tv\/site\/wp-json\/wp\/v2\/comments?post=44867"}],"version-history":[{"count":0,"href":"https:\/\/www.altominho.tv\/site\/wp-json\/wp\/v2\/posts\/44867\/revisions"}],"wp:featuredmedia":[{"embeddable":true,"href":"https:\/\/www.altominho.tv\/site\/wp-json\/wp\/v2\/media\/44868"}],"wp:attachment":[{"href":"https:\/\/www.altominho.tv\/site\/wp-json\/wp\/v2\/media?parent=44867"}],"wp:term":[{"taxonomy":"category","embeddable":true,"href":"https:\/\/www.altominho.tv\/site\/wp-json\/wp\/v2\/categories?post=44867"},{"taxonomy":"post_tag","embeddable":true,"href":"https:\/\/www.altominho.tv\/site\/wp-json\/wp\/v2\/tags?post=44867"}],"curies":[{"name":"wp","href":"https:\/\/api.w.org\/{rel}","templated":true}]}}