{"id":44836,"date":"2020-04-23T11:57:54","date_gmt":"2020-04-23T10:57:54","guid":{"rendered":"http:\/\/www.altominho.tv\/site\/?p=44836"},"modified":"2020-04-23T11:57:58","modified_gmt":"2020-04-23T10:57:58","slug":"templo-da-senhora-da-peneda-em-arcos-de-valdevez-elevado-a-santuario","status":"publish","type":"post","link":"https:\/\/www.altominho.tv\/site\/2020\/04\/23\/templo-da-senhora-da-peneda-em-arcos-de-valdevez-elevado-a-santuario\/","title":{"rendered":"Templo da Senhora da Peneda em Arcos de Valdevez elevado a Santu\u00e1rio"},"content":{"rendered":"\n<p>A Diocese de Viana do Castelo informou hoje que o templo da Senhora da Peneda, Arcos de Valdevez, foi elevado a Santu\u00e1rio por decreto do bispo Anacleto Oliveira, quando se celebram oito s\u00e9culos de devo\u00e7\u00e3o \u00e0 santa.<br><\/p>\n\n\n\n<p>Datado do s\u00e9culo XVIII, o santu\u00e1rio da Senhora da Peneda, situado na freguesia de Gavieira, no concelho de Arcos de Valdevez, distrito de Viana do Castelo, \u00e9 constitu\u00eddo pela igreja que foi terminada em 1875, por um grande terreiro dos evangelistas e uma escadaria com cerca de 300 metros, sendo que nas suas laterais existem 20 capelas que retratam cenas da vida de Cristo, e ainda os quart\u00e9is.<br><\/p>\n\n\n\n<p>No decreto assinado pelo bispo da diocese de Viana do Castelo, a que a Lusa teve hoje acesso, Anacleto Oliveira sustenta a eleva\u00e7\u00e3o do templo a santu\u00e1rio com &#8220;o longo e enriquecedor percurso hist\u00f3rico e o valioso patrim\u00f3nio espiritual, religioso e material, testemunho de ass\u00edduas e seculares peregrina\u00e7\u00f5es de fi\u00e9is e da profunda devo\u00e7\u00e3o e culto \u00e0 Virgem Maria&#8221;.<br><\/p>\n\n\n\n<p>Para a diocese, trata-se de &#8220;um dos monumentos marianos mais not\u00e1veis&#8221; do distrito de Viana do Castelo e, &#8220;pela sua antiguidade, dos mais venerados em todo o Alto Minho, estendendo-se o seu prest\u00edgio e influ\u00eancia \u00e0 vizinha regi\u00e3o aut\u00f3noma da Galiza, em Espanha&#8221;.<br><\/p>\n\n\n\n<p>&#8220;Todo o seu territ\u00f3rio vem sendo, a partir daquele recuado dia 05 de Agosto de 1220 (\u2026), marcado por uma presen\u00e7a ass\u00eddua de peregrinos, sendo assinalado pela constru\u00e7\u00e3o de uma simples ermida edificada por sugest\u00e3o da vidente aos habitantes da Gavieira, a partir da qual se foi criando uma din\u00e2mica espiritual e devocional que se espelha na evolu\u00e7\u00e3o das dimens\u00f5es do pr\u00f3prio templo, ao longo dos s\u00e9culos, na procura de uma resposta integral \u00e0s car\u00eancias dos peregrinos, com\u00a0 espa\u00e7os de ora\u00e7\u00e3o, de acolhimento, de apoio espiritual e material&#8221;, refere o decreto datado de 25 de mar\u00e7o.<br><\/p>\n\n\n\n<p>O reconhecimento como santu\u00e1rio diocesano \u00e9 ainda justificado pela &#8220;relev\u00e2ncia que se estendeu a n\u00edvel nacional e at\u00e9 internacional&#8221; do templo, sendo destacado o &#8220;fluxo de peregrinos que tem sido cont\u00ednuo e ininterrupto ao longo de oito s\u00e9culos, marcando de uma forma especial n\u00e3o s\u00f3 a devo\u00e7\u00e3o e a espiritualidade mariana do povo nortenho, mas tamb\u00e9m o pr\u00f3prio calend\u00e1rio e a organiza\u00e7\u00e3o da vida das popula\u00e7\u00f5es, nomeadamente no in\u00edcio de setembro&#8221;.<br><\/p>\n\n\n\n<p>Anacleto Oliveira sublinha tamb\u00e9m &#8220;as potencialidades que este patrim\u00f3nio religioso, pela sua estrutura, dimens\u00e3o e infraestruturas, proporciona em ordem a uma pastoral mais din\u00e2mica com relevo para as camadas jovens&#8221;.<br><\/p>\n\n\n\n<p>J\u00e1 este m\u00eas, a C\u00e2mara de Arcos de Valdevez iniciou o processo de classifica\u00e7\u00e3o nacional do Santu\u00e1rio. Na altura, em declara\u00e7\u00f5es \u00e0 Lusa, o presidente da autarquia estimou para, num prazo de tr\u00eas a seis meses, formalizar o pedido de abertura de processo de classifica\u00e7\u00e3o nacional junto do Minist\u00e9rio da Cultura, nomeadamente Dire\u00e7\u00e3o Regional de Cultura do Norte (DRCN) e Dire\u00e7\u00e3o Geral do Patrim\u00f3nio Cultural (DGPC).<br><\/p>\n\n\n\n<p>&#8220;Esta classifica\u00e7\u00e3o \u00e9 muito importante n\u00e3o s\u00f3 para o concelho de Arcos de Valdevez, como para toda a regi\u00e3o, inclu\u00eddo a Galiza. O santu\u00e1rio de Nossa Senhora da Peneda \u00e9 um dos grandes santu\u00e1rios marianos do Alto Minho, do Minho e da zona da Galiza&#8221;, afirmou, na ocasi\u00e3o, o autarca social-democrata Jo\u00e3o Manuel Esteves.<br><\/p>\n\n\n\n<p>Adiantou que o objetivo da classifica\u00e7\u00e3o passa por &#8220;valorizar todo o patrim\u00f3nio, constitu\u00eddo pelo santu\u00e1rio, a escadaria, as capelas e a zona dos quart\u00e9is, dois edif\u00edcios situados na envolvente que antigamente serviam de alojamento, dar-lhe visibilidade e aumentar a atra\u00e7\u00e3o de turistas&#8221;.<br><\/p>\n\n\n\n<p>&#8220;Por outro lado, com a classifica\u00e7\u00e3o podermos aceder a outro tipo de apoios para fazer obras de recupera\u00e7\u00e3o &#8220;, explicou.<br><\/p>\n\n\n\n<p>Jo\u00e3o Manuel Esteves acrescentou que &#8220;o edif\u00edcio do santu\u00e1rio precisa de sofrer algumas obras de beneficia\u00e7\u00e3o, bem como a zona dos antigos quart\u00e9is, para ser aproveitado, do ponto de vista do turismo religioso, nomeadamente, para os Caminhos de Santiago de Compostela, na Galiza&#8221;.<br><\/p>\n\n\n\n<p>O munic\u00edpio j\u00e1 adjudicou um estudo de caracteriza\u00e7\u00e3o e inventaria\u00e7\u00e3o daquele templo, que &#8220;ter\u00e1 na sua g\u00e9nese o desenvolvimento de um levantamento hist\u00f3rico do santu\u00e1rio da Nossa Senhora da Peneda, a identifica\u00e7\u00e3o do patrim\u00f3nio im\u00f3vel e m\u00f3vel, considerando o recheio art\u00edstico presente&#8221;.<\/p>\n","protected":false},"excerpt":{"rendered":"<p>A Diocese de Viana do Castelo informou hoje que o templo da Senhora da Peneda, Arcos de Valdevez, foi elevado a Santu\u00e1rio por decreto do bispo Anacleto Oliveira, quando se celebram oito s\u00e9culos de devo\u00e7\u00e3o \u00e0 santa. Datado do s\u00e9culo XVIII, o santu\u00e1rio da Senhora da Peneda, situado na freguesia de Gavieira, no concelho de [&hellip;]<\/p>\n","protected":false},"author":16,"featured_media":44837,"comment_status":"closed","ping_status":"closed","sticky":false,"template":"","format":"standard","meta":{"_exactmetrics_skip_tracking":false,"_exactmetrics_sitenote_active":false,"_exactmetrics_sitenote_note":"","_exactmetrics_sitenote_category":0,"footnotes":""},"categories":[2],"tags":[27],"class_list":["post-44836","post","type-post","status-publish","format-standard","has-post-thumbnail","hentry","category-arcos-de-valdevez","tag-sociedade"],"yoast_head":"<!-- This site is optimized with the Yoast SEO Premium plugin v27.4 (Yoast SEO v27.4) - https:\/\/yoast.com\/product\/yoast-seo-premium-wordpress\/ -->\n<title>Templo da Senhora da Peneda em Arcos de Valdevez elevado a Santu\u00e1rio<\/title>\n<meta name=\"robots\" content=\"index, follow, max-snippet:-1, max-image-preview:large, max-video-preview:-1\" \/>\n<link rel=\"canonical\" href=\"https:\/\/www.altominho.tv\/site\/2020\/04\/23\/templo-da-senhora-da-peneda-em-arcos-de-valdevez-elevado-a-santuario\/\" \/>\n<meta property=\"og:locale\" content=\"pt_PT\" \/>\n<meta property=\"og:type\" content=\"article\" \/>\n<meta property=\"og:title\" content=\"Templo da Senhora da Peneda em Arcos de Valdevez elevado a Santu\u00e1rio\" \/>\n<meta property=\"og:description\" content=\"A Diocese de Viana do Castelo informou hoje que o templo da Senhora da Peneda, Arcos de Valdevez, foi elevado a Santu\u00e1rio por decreto do bispo Anacleto Oliveira, quando se celebram oito s\u00e9culos de devo\u00e7\u00e3o \u00e0 santa. Datado do s\u00e9culo XVIII, o santu\u00e1rio da Senhora da Peneda, situado na freguesia de Gavieira, no concelho de [&hellip;]\" \/>\n<meta property=\"og:url\" content=\"https:\/\/www.altominho.tv\/site\/2020\/04\/23\/templo-da-senhora-da-peneda-em-arcos-de-valdevez-elevado-a-santuario\/\" \/>\n<meta property=\"og:site_name\" content=\"Altominho.tv\" \/>\n<meta property=\"article:publisher\" content=\"https:\/\/www.facebook.com\/altominhotv\" \/>\n<meta property=\"article:published_time\" content=\"2020-04-23T10:57:54+00:00\" \/>\n<meta property=\"article:modified_time\" content=\"2020-04-23T10:57:58+00:00\" \/>\n<meta property=\"og:image\" content=\"https:\/\/www.altominho.tv\/site\/wp-content\/uploads\/2020\/04\/peneda-2.jpg\" \/>\n\t<meta property=\"og:image:width\" content=\"1280\" \/>\n\t<meta property=\"og:image:height\" content=\"720\" \/>\n\t<meta property=\"og:image:type\" content=\"image\/jpeg\" \/>\n<meta name=\"author\" content=\"Andreia Cunha | Lusa\" \/>\n<meta name=\"twitter:card\" content=\"summary_large_image\" \/>\n<meta name=\"twitter:creator\" content=\"@altominhoTV\" \/>\n<meta name=\"twitter:site\" content=\"@altominhoTV\" \/>\n<meta name=\"twitter:label1\" content=\"Escrito por\" \/>\n\t<meta name=\"twitter:data1\" content=\"Andreia Cunha | Lusa\" \/>\n\t<meta name=\"twitter:label2\" content=\"Tempo estimado de leitura\" \/>\n\t<meta name=\"twitter:data2\" content=\"4 minutos\" \/>\n<script type=\"application\/ld+json\" class=\"yoast-schema-graph\">{\"@context\":\"https:\\\/\\\/schema.org\",\"@graph\":[{\"@type\":\"Article\",\"@id\":\"https:\\\/\\\/www.altominho.tv\\\/site\\\/2020\\\/04\\\/23\\\/templo-da-senhora-da-peneda-em-arcos-de-valdevez-elevado-a-santuario\\\/#article\",\"isPartOf\":{\"@id\":\"https:\\\/\\\/www.altominho.tv\\\/site\\\/2020\\\/04\\\/23\\\/templo-da-senhora-da-peneda-em-arcos-de-valdevez-elevado-a-santuario\\\/\"},\"author\":{\"name\":\"Andreia Cunha | Lusa\",\"@id\":\"https:\\\/\\\/www.altominho.tv\\\/site\\\/#\\\/schema\\\/person\\\/dbaf181c01b51ff40c9f461a905d321e\"},\"headline\":\"Templo da Senhora da Peneda em Arcos de Valdevez elevado a Santu\u00e1rio\",\"datePublished\":\"2020-04-23T10:57:54+00:00\",\"dateModified\":\"2020-04-23T10:57:58+00:00\",\"mainEntityOfPage\":{\"@id\":\"https:\\\/\\\/www.altominho.tv\\\/site\\\/2020\\\/04\\\/23\\\/templo-da-senhora-da-peneda-em-arcos-de-valdevez-elevado-a-santuario\\\/\"},\"wordCount\":763,\"image\":{\"@id\":\"https:\\\/\\\/www.altominho.tv\\\/site\\\/2020\\\/04\\\/23\\\/templo-da-senhora-da-peneda-em-arcos-de-valdevez-elevado-a-santuario\\\/#primaryimage\"},\"thumbnailUrl\":\"https:\\\/\\\/www.altominho.tv\\\/site\\\/wp-content\\\/uploads\\\/2020\\\/04\\\/peneda-2.jpg\",\"keywords\":[\"Sociedade\"],\"articleSection\":[\"Arcos de Valdevez\"],\"inLanguage\":\"pt-PT\",\"copyrightYear\":\"2020\",\"copyrightHolder\":{\"@id\":\"https:\\\/\\\/www.altominho.tv\\\/site\\\/#organization\"}},{\"@type\":\"WebPage\",\"@id\":\"https:\\\/\\\/www.altominho.tv\\\/site\\\/2020\\\/04\\\/23\\\/templo-da-senhora-da-peneda-em-arcos-de-valdevez-elevado-a-santuario\\\/\",\"url\":\"https:\\\/\\\/www.altominho.tv\\\/site\\\/2020\\\/04\\\/23\\\/templo-da-senhora-da-peneda-em-arcos-de-valdevez-elevado-a-santuario\\\/\",\"name\":\"Templo da Senhora da Peneda em Arcos de Valdevez elevado a Santu\u00e1rio\",\"isPartOf\":{\"@id\":\"https:\\\/\\\/www.altominho.tv\\\/site\\\/#website\"},\"primaryImageOfPage\":{\"@id\":\"https:\\\/\\\/www.altominho.tv\\\/site\\\/2020\\\/04\\\/23\\\/templo-da-senhora-da-peneda-em-arcos-de-valdevez-elevado-a-santuario\\\/#primaryimage\"},\"image\":{\"@id\":\"https:\\\/\\\/www.altominho.tv\\\/site\\\/2020\\\/04\\\/23\\\/templo-da-senhora-da-peneda-em-arcos-de-valdevez-elevado-a-santuario\\\/#primaryimage\"},\"thumbnailUrl\":\"https:\\\/\\\/www.altominho.tv\\\/site\\\/wp-content\\\/uploads\\\/2020\\\/04\\\/peneda-2.jpg\",\"datePublished\":\"2020-04-23T10:57:54+00:00\",\"dateModified\":\"2020-04-23T10:57:58+00:00\",\"author\":{\"@id\":\"https:\\\/\\\/www.altominho.tv\\\/site\\\/#\\\/schema\\\/person\\\/dbaf181c01b51ff40c9f461a905d321e\"},\"breadcrumb\":{\"@id\":\"https:\\\/\\\/www.altominho.tv\\\/site\\\/2020\\\/04\\\/23\\\/templo-da-senhora-da-peneda-em-arcos-de-valdevez-elevado-a-santuario\\\/#breadcrumb\"},\"inLanguage\":\"pt-PT\",\"potentialAction\":[{\"@type\":\"ReadAction\",\"target\":[\"https:\\\/\\\/www.altominho.tv\\\/site\\\/2020\\\/04\\\/23\\\/templo-da-senhora-da-peneda-em-arcos-de-valdevez-elevado-a-santuario\\\/\"]}]},{\"@type\":\"ImageObject\",\"inLanguage\":\"pt-PT\",\"@id\":\"https:\\\/\\\/www.altominho.tv\\\/site\\\/2020\\\/04\\\/23\\\/templo-da-senhora-da-peneda-em-arcos-de-valdevez-elevado-a-santuario\\\/#primaryimage\",\"url\":\"https:\\\/\\\/www.altominho.tv\\\/site\\\/wp-content\\\/uploads\\\/2020\\\/04\\\/peneda-2.jpg\",\"contentUrl\":\"https:\\\/\\\/www.altominho.tv\\\/site\\\/wp-content\\\/uploads\\\/2020\\\/04\\\/peneda-2.jpg\",\"width\":1280,\"height\":720},{\"@type\":\"BreadcrumbList\",\"@id\":\"https:\\\/\\\/www.altominho.tv\\\/site\\\/2020\\\/04\\\/23\\\/templo-da-senhora-da-peneda-em-arcos-de-valdevez-elevado-a-santuario\\\/#breadcrumb\",\"itemListElement\":[{\"@type\":\"ListItem\",\"position\":1,\"name\":\"In\u00edcio\",\"item\":\"https:\\\/\\\/www.altominho.tv\\\/site\\\/\"},{\"@type\":\"ListItem\",\"position\":2,\"name\":\"Templo da Senhora da Peneda em Arcos de Valdevez elevado a Santu\u00e1rio\"}]},{\"@type\":\"WebSite\",\"@id\":\"https:\\\/\\\/www.altominho.tv\\\/site\\\/#website\",\"url\":\"https:\\\/\\\/www.altominho.tv\\\/site\\\/\",\"name\":\"Altominho.tv\",\"description\":\"A sua regi\u00e3o \u00e0 dist\u00e2ncia de um clique...\",\"potentialAction\":[{\"@type\":\"SearchAction\",\"target\":{\"@type\":\"EntryPoint\",\"urlTemplate\":\"https:\\\/\\\/www.altominho.tv\\\/site\\\/?s={search_term_string}\"},\"query-input\":{\"@type\":\"PropertyValueSpecification\",\"valueRequired\":true,\"valueName\":\"search_term_string\"}}],\"inLanguage\":\"pt-PT\"},{\"@type\":\"Person\",\"@id\":\"https:\\\/\\\/www.altominho.tv\\\/site\\\/#\\\/schema\\\/person\\\/dbaf181c01b51ff40c9f461a905d321e\",\"name\":\"Andreia Cunha | Lusa\",\"image\":{\"@type\":\"ImageObject\",\"inLanguage\":\"pt-PT\",\"@id\":\"https:\\\/\\\/www.altominho.tv\\\/site\\\/wp-content\\\/uploads\\\/2017\\\/11\\\/Andreia_Cunha-1-150x150.jpg\",\"url\":\"https:\\\/\\\/www.altominho.tv\\\/site\\\/wp-content\\\/uploads\\\/2017\\\/11\\\/Andreia_Cunha-1-150x150.jpg\",\"contentUrl\":\"https:\\\/\\\/www.altominho.tv\\\/site\\\/wp-content\\\/uploads\\\/2017\\\/11\\\/Andreia_Cunha-1-150x150.jpg\",\"caption\":\"Andreia Cunha | Lusa\"},\"sameAs\":[\"https:\\\/\\\/www.altominho.tv\\\/site\"],\"url\":\"https:\\\/\\\/www.altominho.tv\\\/site\\\/author\\\/andreiacunhalusa\\\/\"}]}<\/script>\n<!-- \/ Yoast SEO Premium plugin. -->","yoast_head_json":{"title":"Templo da Senhora da Peneda em Arcos de Valdevez elevado a Santu\u00e1rio","robots":{"index":"index","follow":"follow","max-snippet":"max-snippet:-1","max-image-preview":"max-image-preview:large","max-video-preview":"max-video-preview:-1"},"canonical":"https:\/\/www.altominho.tv\/site\/2020\/04\/23\/templo-da-senhora-da-peneda-em-arcos-de-valdevez-elevado-a-santuario\/","og_locale":"pt_PT","og_type":"article","og_title":"Templo da Senhora da Peneda em Arcos de Valdevez elevado a Santu\u00e1rio","og_description":"A Diocese de Viana do Castelo informou hoje que o templo da Senhora da Peneda, Arcos de Valdevez, foi elevado a Santu\u00e1rio por decreto do bispo Anacleto Oliveira, quando se celebram oito s\u00e9culos de devo\u00e7\u00e3o \u00e0 santa. Datado do s\u00e9culo XVIII, o santu\u00e1rio da Senhora da Peneda, situado na freguesia de Gavieira, no concelho de [&hellip;]","og_url":"https:\/\/www.altominho.tv\/site\/2020\/04\/23\/templo-da-senhora-da-peneda-em-arcos-de-valdevez-elevado-a-santuario\/","og_site_name":"Altominho.tv","article_publisher":"https:\/\/www.facebook.com\/altominhotv","article_published_time":"2020-04-23T10:57:54+00:00","article_modified_time":"2020-04-23T10:57:58+00:00","og_image":[{"width":1280,"height":720,"url":"https:\/\/www.altominho.tv\/site\/wp-content\/uploads\/2020\/04\/peneda-2.jpg","type":"image\/jpeg"}],"author":"Andreia Cunha | Lusa","twitter_card":"summary_large_image","twitter_creator":"@altominhoTV","twitter_site":"@altominhoTV","twitter_misc":{"Escrito por":"Andreia Cunha | Lusa","Tempo estimado de leitura":"4 minutos"},"schema":{"@context":"https:\/\/schema.org","@graph":[{"@type":"Article","@id":"https:\/\/www.altominho.tv\/site\/2020\/04\/23\/templo-da-senhora-da-peneda-em-arcos-de-valdevez-elevado-a-santuario\/#article","isPartOf":{"@id":"https:\/\/www.altominho.tv\/site\/2020\/04\/23\/templo-da-senhora-da-peneda-em-arcos-de-valdevez-elevado-a-santuario\/"},"author":{"name":"Andreia Cunha | Lusa","@id":"https:\/\/www.altominho.tv\/site\/#\/schema\/person\/dbaf181c01b51ff40c9f461a905d321e"},"headline":"Templo da Senhora da Peneda em Arcos de Valdevez elevado a Santu\u00e1rio","datePublished":"2020-04-23T10:57:54+00:00","dateModified":"2020-04-23T10:57:58+00:00","mainEntityOfPage":{"@id":"https:\/\/www.altominho.tv\/site\/2020\/04\/23\/templo-da-senhora-da-peneda-em-arcos-de-valdevez-elevado-a-santuario\/"},"wordCount":763,"image":{"@id":"https:\/\/www.altominho.tv\/site\/2020\/04\/23\/templo-da-senhora-da-peneda-em-arcos-de-valdevez-elevado-a-santuario\/#primaryimage"},"thumbnailUrl":"https:\/\/www.altominho.tv\/site\/wp-content\/uploads\/2020\/04\/peneda-2.jpg","keywords":["Sociedade"],"articleSection":["Arcos de Valdevez"],"inLanguage":"pt-PT","copyrightYear":"2020","copyrightHolder":{"@id":"https:\/\/www.altominho.tv\/site\/#organization"}},{"@type":"WebPage","@id":"https:\/\/www.altominho.tv\/site\/2020\/04\/23\/templo-da-senhora-da-peneda-em-arcos-de-valdevez-elevado-a-santuario\/","url":"https:\/\/www.altominho.tv\/site\/2020\/04\/23\/templo-da-senhora-da-peneda-em-arcos-de-valdevez-elevado-a-santuario\/","name":"Templo da Senhora da Peneda em Arcos de Valdevez elevado a Santu\u00e1rio","isPartOf":{"@id":"https:\/\/www.altominho.tv\/site\/#website"},"primaryImageOfPage":{"@id":"https:\/\/www.altominho.tv\/site\/2020\/04\/23\/templo-da-senhora-da-peneda-em-arcos-de-valdevez-elevado-a-santuario\/#primaryimage"},"image":{"@id":"https:\/\/www.altominho.tv\/site\/2020\/04\/23\/templo-da-senhora-da-peneda-em-arcos-de-valdevez-elevado-a-santuario\/#primaryimage"},"thumbnailUrl":"https:\/\/www.altominho.tv\/site\/wp-content\/uploads\/2020\/04\/peneda-2.jpg","datePublished":"2020-04-23T10:57:54+00:00","dateModified":"2020-04-23T10:57:58+00:00","author":{"@id":"https:\/\/www.altominho.tv\/site\/#\/schema\/person\/dbaf181c01b51ff40c9f461a905d321e"},"breadcrumb":{"@id":"https:\/\/www.altominho.tv\/site\/2020\/04\/23\/templo-da-senhora-da-peneda-em-arcos-de-valdevez-elevado-a-santuario\/#breadcrumb"},"inLanguage":"pt-PT","potentialAction":[{"@type":"ReadAction","target":["https:\/\/www.altominho.tv\/site\/2020\/04\/23\/templo-da-senhora-da-peneda-em-arcos-de-valdevez-elevado-a-santuario\/"]}]},{"@type":"ImageObject","inLanguage":"pt-PT","@id":"https:\/\/www.altominho.tv\/site\/2020\/04\/23\/templo-da-senhora-da-peneda-em-arcos-de-valdevez-elevado-a-santuario\/#primaryimage","url":"https:\/\/www.altominho.tv\/site\/wp-content\/uploads\/2020\/04\/peneda-2.jpg","contentUrl":"https:\/\/www.altominho.tv\/site\/wp-content\/uploads\/2020\/04\/peneda-2.jpg","width":1280,"height":720},{"@type":"BreadcrumbList","@id":"https:\/\/www.altominho.tv\/site\/2020\/04\/23\/templo-da-senhora-da-peneda-em-arcos-de-valdevez-elevado-a-santuario\/#breadcrumb","itemListElement":[{"@type":"ListItem","position":1,"name":"In\u00edcio","item":"https:\/\/www.altominho.tv\/site\/"},{"@type":"ListItem","position":2,"name":"Templo da Senhora da Peneda em Arcos de Valdevez elevado a Santu\u00e1rio"}]},{"@type":"WebSite","@id":"https:\/\/www.altominho.tv\/site\/#website","url":"https:\/\/www.altominho.tv\/site\/","name":"Altominho.tv","description":"A sua regi\u00e3o \u00e0 dist\u00e2ncia de um clique...","potentialAction":[{"@type":"SearchAction","target":{"@type":"EntryPoint","urlTemplate":"https:\/\/www.altominho.tv\/site\/?s={search_term_string}"},"query-input":{"@type":"PropertyValueSpecification","valueRequired":true,"valueName":"search_term_string"}}],"inLanguage":"pt-PT"},{"@type":"Person","@id":"https:\/\/www.altominho.tv\/site\/#\/schema\/person\/dbaf181c01b51ff40c9f461a905d321e","name":"Andreia Cunha | Lusa","image":{"@type":"ImageObject","inLanguage":"pt-PT","@id":"https:\/\/www.altominho.tv\/site\/wp-content\/uploads\/2017\/11\/Andreia_Cunha-1-150x150.jpg","url":"https:\/\/www.altominho.tv\/site\/wp-content\/uploads\/2017\/11\/Andreia_Cunha-1-150x150.jpg","contentUrl":"https:\/\/www.altominho.tv\/site\/wp-content\/uploads\/2017\/11\/Andreia_Cunha-1-150x150.jpg","caption":"Andreia Cunha | Lusa"},"sameAs":["https:\/\/www.altominho.tv\/site"],"url":"https:\/\/www.altominho.tv\/site\/author\/andreiacunhalusa\/"}]}},"_links":{"self":[{"href":"https:\/\/www.altominho.tv\/site\/wp-json\/wp\/v2\/posts\/44836","targetHints":{"allow":["GET"]}}],"collection":[{"href":"https:\/\/www.altominho.tv\/site\/wp-json\/wp\/v2\/posts"}],"about":[{"href":"https:\/\/www.altominho.tv\/site\/wp-json\/wp\/v2\/types\/post"}],"author":[{"embeddable":true,"href":"https:\/\/www.altominho.tv\/site\/wp-json\/wp\/v2\/users\/16"}],"replies":[{"embeddable":true,"href":"https:\/\/www.altominho.tv\/site\/wp-json\/wp\/v2\/comments?post=44836"}],"version-history":[{"count":0,"href":"https:\/\/www.altominho.tv\/site\/wp-json\/wp\/v2\/posts\/44836\/revisions"}],"wp:featuredmedia":[{"embeddable":true,"href":"https:\/\/www.altominho.tv\/site\/wp-json\/wp\/v2\/media\/44837"}],"wp:attachment":[{"href":"https:\/\/www.altominho.tv\/site\/wp-json\/wp\/v2\/media?parent=44836"}],"wp:term":[{"taxonomy":"category","embeddable":true,"href":"https:\/\/www.altominho.tv\/site\/wp-json\/wp\/v2\/categories?post=44836"},{"taxonomy":"post_tag","embeddable":true,"href":"https:\/\/www.altominho.tv\/site\/wp-json\/wp\/v2\/tags?post=44836"}],"curies":[{"name":"wp","href":"https:\/\/api.w.org\/{rel}","templated":true}]}}