{"id":44695,"date":"2020-04-21T15:54:48","date_gmt":"2020-04-21T14:54:48","guid":{"rendered":"http:\/\/www.altominho.tv\/site\/?p=44695"},"modified":"2020-04-21T15:54:51","modified_gmt":"2020-04-21T14:54:51","slug":"camara-de-ponte-de-lima-recomenda-suspensao-imediata-da-faturacao-da-aguas-do-alto-minho","status":"publish","type":"post","link":"https:\/\/www.altominho.tv\/site\/2020\/04\/21\/camara-de-ponte-de-lima-recomenda-suspensao-imediata-da-faturacao-da-aguas-do-alto-minho\/","title":{"rendered":"C\u00e2mara de Ponte de Lima recomenda suspens\u00e3o imediata da fatura\u00e7\u00e3o da \u00c1guas do Alto Minho"},"content":{"rendered":"<p>A C\u00e2mara de Ponte de Lima recomendou \u00e0 \u00c1guas do Alto Minho (AdAM) a suspens\u00e3o imediata da fatura\u00e7\u00e3o e a melhoria do atendimento, face \u00e0 &#8220;insatisfa\u00e7\u00e3o&#8221; manifestada pelos consumidores nos quatro meses de funcionamento da empresa.<\/p>\n<p>Em comunicado, a autarquia explica que a recomenda\u00e7\u00e3o feita \u00e0 empresa de gest\u00e3o das redes de \u00e1gua em baixa e de saneamento resultou de uma proposta aprovada na segunda-feira, por unanimidade, pelo executivo municipal.<\/p>\n<p>O documento, enviado ao ministro do Ambiente e da Transi\u00e7\u00e3o Energ\u00e9tica, aos acionistas e \u00e0 Comiss\u00e3o de Parceria das \u00c1guas do Alto Minho, &#8220;recomenda a suspens\u00e3o imediata de toda a fatura\u00e7\u00e3o at\u00e9 serem corrigidos todos os erros e anomalias ocorridas de forma sistem\u00e1tica, bem como, a entrada em funcionamento efetivo e eficaz de um atendimento telef\u00f3nico que d\u00ea uma resposta cabal \u00e0s solicita\u00e7\u00f5es da popula\u00e7\u00e3o, num momento em que n\u00e3o se pode recorrer ao atendimento presencial&#8221;.<\/p>\n<p>A AdAM \u00e9 detida em 51% pela \u00c1guas de Portugal (AdP) e em 49% por sete munic\u00edpios do distrito de Viana do Castelo &#8211; Arcos de Valdevez, Caminha, Paredes de Coura, Ponte de Lima, Valen\u00e7a, Viana do Castelo e Vila Nova de Cerveira &#8211; que comp\u00f5em a Comunidade Intermunicipal (CIM) do Alto Minho.<\/p>\n<p>A nova empresa come\u00e7ou a operar em janeiro, &#8220;dimensionada para fornecer mais de nove milh\u00f5es de metros c\u00fabicos de \u00e1gua pot\u00e1vel, por ano, a cerca de 100 mil clientes, e para recolher e tratar mais de seis milh\u00f5es de metros c\u00fabicos de \u00e1gua residual, por ano, a cerca de 70 mil clientes&#8221;.<\/p>\n<p>Na nota enviada hoje \u00e0 imprensa, o executivo municipal de Ponte de Lima destaca que &#8220;um dos pressupostos fundamentais&#8221; que levou \u00e0 constitui\u00e7\u00e3o da AdAm foi &#8220;a garantia da qualidade do servi\u00e7o prestado \u00e0 popula\u00e7\u00e3o&#8221;.<\/p>\n<p>&#8220;Foi percorrido o caminho necess\u00e1rio para que a sua entrada em funcionamento pudesse ocorrer sem grandes percal\u00e7os, dando-se o tempo suficiente e a colabora\u00e7\u00e3o necess\u00e1ria e adequada para se alcan\u00e7ar essa maturidade. Acontece, no entanto, que quatro meses ap\u00f3s a entrada em funcionamento da AdAM, existe uma s\u00e9rie de insatisfa\u00e7\u00f5es que lamentamos, e para as quais solicitamos uma interven\u00e7\u00e3o urgente&#8221;, destaca.<\/p>\n<p>A autarquia aponta que &#8220;as anomalias detetadas ao n\u00edvel da fatura\u00e7\u00e3o t\u00eam sido demasiado frequentes, para aquilo que seria neste momento admiss\u00edvel, atingindo um n\u00famero significativo de consumidores e gerando um conjunto de incoer\u00eancias que causam, por si s\u00f3, indigna\u00e7\u00e3o e insatisfa\u00e7\u00e3o por parte dos mesmos relativamente ao servi\u00e7o prestado&#8221;.<\/p>\n<p>&#8220;Com o intuito de n\u00e3o continuar a gerar problemas a este n\u00edvel, que incontornavelmente se ir\u00e3o acumular e obrigar\u00e3o a um desperd\u00edcio de energias e tempo na sua futura resolu\u00e7\u00e3o, quer por parte dos mun\u00edcipes quer por parte da pr\u00f3pria AdAM, propomos que seja suspensa de imediato toda a fatura\u00e7\u00e3o at\u00e9 esses erros serem cabalmente corrigidos, o mais urgentemente poss\u00edvel, devendo essa situa\u00e7\u00e3o ser comunicada \u00e0 popula\u00e7\u00e3o&#8221;, sublinha o munic\u00edpio.<\/p>\n<p>A\u00a0C\u00e2mara de Ponte de Lima avisa que &#8220;a n\u00e3o tomada de uma posi\u00e7\u00e3o firme relativamente a esta quest\u00e3o, pode trazer danos irrevers\u00edveis ao n\u00edvel da confian\u00e7a que os cidad\u00e3os depositam na nova empresa&#8221;.<\/p>\n<p>&#8220;A baixa capacidade de resposta, ou mesmo a aus\u00eancia de atendimento, atrav\u00e9s das v\u00e1rias linhas de contacto telef\u00f3nico da AdAM que deveriam neste momento ser refor\u00e7adas, na medida em que ser\u00e1 o meio de contacto privilegiado pelos mun\u00edcipes na aus\u00eancia do atendimento presencial, por for\u00e7a das atuais circunst\u00e2ncias relacionadas com a Covid-19, constitui um problema s\u00e9rio&#8221;, refere ainda a autarquia.<\/p>\n<p>A C\u00e2mara de Ponte de Lima &#8220;lamenta&#8221; n\u00e3o ter sido &#8220;acionada uma solu\u00e7\u00e3o atempada e eficaz&#8221; ao atendimento <em>online<\/em>, considerando que, &#8220;neste momento h\u00e1 quase uma aus\u00eancia de resposta \u00e0s reclama\u00e7\u00f5es, solicita\u00e7\u00f5es para a celebra\u00e7\u00e3o de contratos, comunica\u00e7\u00e3o de avarias, entre outras, a uma fatia consider\u00e1vel da popula\u00e7\u00e3o do Alto Minho, que torna toda a situa\u00e7\u00e3o ainda mais grave e perturbadora&#8221;.<\/p>\n<p>&#8220;Recomendamos que o mais brevemente poss\u00edvel seja encontrada uma forma de ultrapassar este problema e promover a comunica\u00e7\u00e3o eficaz e eficiente dos mun\u00edcipes e das empresas com a AdAM, em prol da qualidade do servi\u00e7o p\u00fablico que se pretende garantir&#8221;, conclui a autarquia.<\/p>\n","protected":false},"excerpt":{"rendered":"<p>A C\u00e2mara de Ponte de Lima recomendou \u00e0 \u00c1guas do Alto Minho (AdAM) a suspens\u00e3o imediata da fatura\u00e7\u00e3o e a melhoria do atendimento, face \u00e0 &#8220;insatisfa\u00e7\u00e3o&#8221; manifestada pelos consumidores nos quatro meses de funcionamento da empresa. Em comunicado, a autarquia explica que a recomenda\u00e7\u00e3o feita \u00e0 empresa de gest\u00e3o das redes de \u00e1gua em baixa [&hellip;]<\/p>\n","protected":false},"author":15,"featured_media":44702,"comment_status":"closed","ping_status":"closed","sticky":false,"template":"","format":"standard","meta":{"_exactmetrics_skip_tracking":false,"_exactmetrics_sitenote_active":false,"_exactmetrics_sitenote_note":"","_exactmetrics_sitenote_category":0,"footnotes":""},"categories":[12],"tags":[27],"class_list":["post-44695","post","type-post","status-publish","format-standard","has-post-thumbnail","hentry","category-ponte-de-lima","tag-sociedade"],"yoast_head":"<!-- This site is optimized with the Yoast SEO Premium plugin v27.4 (Yoast SEO v27.4) - https:\/\/yoast.com\/product\/yoast-seo-premium-wordpress\/ -->\n<title>C\u00e2mara de Ponte de Lima recomenda suspens\u00e3o imediata da fatura\u00e7\u00e3o da \u00c1guas do Alto Minho<\/title>\n<meta name=\"robots\" content=\"index, follow, max-snippet:-1, max-image-preview:large, max-video-preview:-1\" \/>\n<link rel=\"canonical\" href=\"https:\/\/www.altominho.tv\/site\/2020\/04\/21\/camara-de-ponte-de-lima-recomenda-suspensao-imediata-da-faturacao-da-aguas-do-alto-minho\/\" \/>\n<meta property=\"og:locale\" content=\"pt_PT\" \/>\n<meta property=\"og:type\" content=\"article\" \/>\n<meta property=\"og:title\" content=\"C\u00e2mara de Ponte de Lima recomenda suspens\u00e3o imediata da fatura\u00e7\u00e3o da \u00c1guas do Alto Minho\" \/>\n<meta property=\"og:description\" content=\"A C\u00e2mara de Ponte de Lima recomendou \u00e0 \u00c1guas do Alto Minho (AdAM) a suspens\u00e3o imediata da fatura\u00e7\u00e3o e a melhoria do atendimento, face \u00e0 &#8220;insatisfa\u00e7\u00e3o&#8221; manifestada pelos consumidores nos quatro meses de funcionamento da empresa. Em comunicado, a autarquia explica que a recomenda\u00e7\u00e3o feita \u00e0 empresa de gest\u00e3o das redes de \u00e1gua em baixa [&hellip;]\" \/>\n<meta property=\"og:url\" content=\"https:\/\/www.altominho.tv\/site\/2020\/04\/21\/camara-de-ponte-de-lima-recomenda-suspensao-imediata-da-faturacao-da-aguas-do-alto-minho\/\" \/>\n<meta property=\"og:site_name\" content=\"Altominho.tv\" \/>\n<meta property=\"article:publisher\" content=\"https:\/\/www.facebook.com\/altominhotv\" \/>\n<meta property=\"article:published_time\" content=\"2020-04-21T14:54:48+00:00\" \/>\n<meta property=\"article:modified_time\" content=\"2020-04-21T14:54:51+00:00\" \/>\n<meta property=\"og:image\" content=\"https:\/\/www.altominho.tv\/site\/wp-content\/uploads\/2020\/04\/pacosconcelho_pontedelima2.jpg\" \/>\n\t<meta property=\"og:image:width\" content=\"930\" \/>\n\t<meta property=\"og:image:height\" content=\"535\" \/>\n\t<meta property=\"og:image:type\" content=\"image\/jpeg\" \/>\n<meta name=\"author\" content=\"Andreia Ferreira | Lusa\" \/>\n<meta name=\"twitter:card\" content=\"summary_large_image\" \/>\n<meta name=\"twitter:creator\" content=\"@altominhoTV\" \/>\n<meta name=\"twitter:site\" content=\"@altominhoTV\" \/>\n<meta name=\"twitter:label1\" content=\"Escrito por\" \/>\n\t<meta name=\"twitter:data1\" content=\"Andreia Ferreira | Lusa\" \/>\n\t<meta name=\"twitter:label2\" content=\"Tempo estimado de leitura\" \/>\n\t<meta name=\"twitter:data2\" content=\"4 minutos\" \/>\n<script type=\"application\/ld+json\" class=\"yoast-schema-graph\">{\"@context\":\"https:\\\/\\\/schema.org\",\"@graph\":[{\"@type\":\"Article\",\"@id\":\"https:\\\/\\\/www.altominho.tv\\\/site\\\/2020\\\/04\\\/21\\\/camara-de-ponte-de-lima-recomenda-suspensao-imediata-da-faturacao-da-aguas-do-alto-minho\\\/#article\",\"isPartOf\":{\"@id\":\"https:\\\/\\\/www.altominho.tv\\\/site\\\/2020\\\/04\\\/21\\\/camara-de-ponte-de-lima-recomenda-suspensao-imediata-da-faturacao-da-aguas-do-alto-minho\\\/\"},\"author\":{\"name\":\"Andreia Ferreira | Lusa\",\"@id\":\"https:\\\/\\\/www.altominho.tv\\\/site\\\/#\\\/schema\\\/person\\\/a0bff6dc1041aadd46fa81887444b017\"},\"headline\":\"C\u00e2mara de Ponte de Lima recomenda suspens\u00e3o imediata da fatura\u00e7\u00e3o da \u00c1guas do Alto Minho\",\"datePublished\":\"2020-04-21T14:54:48+00:00\",\"dateModified\":\"2020-04-21T14:54:51+00:00\",\"mainEntityOfPage\":{\"@id\":\"https:\\\/\\\/www.altominho.tv\\\/site\\\/2020\\\/04\\\/21\\\/camara-de-ponte-de-lima-recomenda-suspensao-imediata-da-faturacao-da-aguas-do-alto-minho\\\/\"},\"wordCount\":763,\"image\":{\"@id\":\"https:\\\/\\\/www.altominho.tv\\\/site\\\/2020\\\/04\\\/21\\\/camara-de-ponte-de-lima-recomenda-suspensao-imediata-da-faturacao-da-aguas-do-alto-minho\\\/#primaryimage\"},\"thumbnailUrl\":\"https:\\\/\\\/www.altominho.tv\\\/site\\\/wp-content\\\/uploads\\\/2020\\\/04\\\/pacosconcelho_pontedelima2.jpg\",\"keywords\":[\"Sociedade\"],\"articleSection\":[\"Ponte de Lima\"],\"inLanguage\":\"pt-PT\",\"copyrightYear\":\"2020\",\"copyrightHolder\":{\"@id\":\"https:\\\/\\\/www.altominho.tv\\\/site\\\/#organization\"}},{\"@type\":\"WebPage\",\"@id\":\"https:\\\/\\\/www.altominho.tv\\\/site\\\/2020\\\/04\\\/21\\\/camara-de-ponte-de-lima-recomenda-suspensao-imediata-da-faturacao-da-aguas-do-alto-minho\\\/\",\"url\":\"https:\\\/\\\/www.altominho.tv\\\/site\\\/2020\\\/04\\\/21\\\/camara-de-ponte-de-lima-recomenda-suspensao-imediata-da-faturacao-da-aguas-do-alto-minho\\\/\",\"name\":\"C\u00e2mara de Ponte de Lima recomenda suspens\u00e3o imediata da fatura\u00e7\u00e3o da \u00c1guas do Alto Minho\",\"isPartOf\":{\"@id\":\"https:\\\/\\\/www.altominho.tv\\\/site\\\/#website\"},\"primaryImageOfPage\":{\"@id\":\"https:\\\/\\\/www.altominho.tv\\\/site\\\/2020\\\/04\\\/21\\\/camara-de-ponte-de-lima-recomenda-suspensao-imediata-da-faturacao-da-aguas-do-alto-minho\\\/#primaryimage\"},\"image\":{\"@id\":\"https:\\\/\\\/www.altominho.tv\\\/site\\\/2020\\\/04\\\/21\\\/camara-de-ponte-de-lima-recomenda-suspensao-imediata-da-faturacao-da-aguas-do-alto-minho\\\/#primaryimage\"},\"thumbnailUrl\":\"https:\\\/\\\/www.altominho.tv\\\/site\\\/wp-content\\\/uploads\\\/2020\\\/04\\\/pacosconcelho_pontedelima2.jpg\",\"datePublished\":\"2020-04-21T14:54:48+00:00\",\"dateModified\":\"2020-04-21T14:54:51+00:00\",\"author\":{\"@id\":\"https:\\\/\\\/www.altominho.tv\\\/site\\\/#\\\/schema\\\/person\\\/a0bff6dc1041aadd46fa81887444b017\"},\"breadcrumb\":{\"@id\":\"https:\\\/\\\/www.altominho.tv\\\/site\\\/2020\\\/04\\\/21\\\/camara-de-ponte-de-lima-recomenda-suspensao-imediata-da-faturacao-da-aguas-do-alto-minho\\\/#breadcrumb\"},\"inLanguage\":\"pt-PT\",\"potentialAction\":[{\"@type\":\"ReadAction\",\"target\":[\"https:\\\/\\\/www.altominho.tv\\\/site\\\/2020\\\/04\\\/21\\\/camara-de-ponte-de-lima-recomenda-suspensao-imediata-da-faturacao-da-aguas-do-alto-minho\\\/\"]}]},{\"@type\":\"ImageObject\",\"inLanguage\":\"pt-PT\",\"@id\":\"https:\\\/\\\/www.altominho.tv\\\/site\\\/2020\\\/04\\\/21\\\/camara-de-ponte-de-lima-recomenda-suspensao-imediata-da-faturacao-da-aguas-do-alto-minho\\\/#primaryimage\",\"url\":\"https:\\\/\\\/www.altominho.tv\\\/site\\\/wp-content\\\/uploads\\\/2020\\\/04\\\/pacosconcelho_pontedelima2.jpg\",\"contentUrl\":\"https:\\\/\\\/www.altominho.tv\\\/site\\\/wp-content\\\/uploads\\\/2020\\\/04\\\/pacosconcelho_pontedelima2.jpg\",\"width\":930,\"height\":535},{\"@type\":\"BreadcrumbList\",\"@id\":\"https:\\\/\\\/www.altominho.tv\\\/site\\\/2020\\\/04\\\/21\\\/camara-de-ponte-de-lima-recomenda-suspensao-imediata-da-faturacao-da-aguas-do-alto-minho\\\/#breadcrumb\",\"itemListElement\":[{\"@type\":\"ListItem\",\"position\":1,\"name\":\"In\u00edcio\",\"item\":\"https:\\\/\\\/www.altominho.tv\\\/site\\\/\"},{\"@type\":\"ListItem\",\"position\":2,\"name\":\"C\u00e2mara de Ponte de Lima recomenda suspens\u00e3o imediata da fatura\u00e7\u00e3o da \u00c1guas do Alto Minho\"}]},{\"@type\":\"WebSite\",\"@id\":\"https:\\\/\\\/www.altominho.tv\\\/site\\\/#website\",\"url\":\"https:\\\/\\\/www.altominho.tv\\\/site\\\/\",\"name\":\"Altominho.tv\",\"description\":\"A sua regi\u00e3o \u00e0 dist\u00e2ncia de um clique...\",\"potentialAction\":[{\"@type\":\"SearchAction\",\"target\":{\"@type\":\"EntryPoint\",\"urlTemplate\":\"https:\\\/\\\/www.altominho.tv\\\/site\\\/?s={search_term_string}\"},\"query-input\":{\"@type\":\"PropertyValueSpecification\",\"valueRequired\":true,\"valueName\":\"search_term_string\"}}],\"inLanguage\":\"pt-PT\"},{\"@type\":\"Person\",\"@id\":\"https:\\\/\\\/www.altominho.tv\\\/site\\\/#\\\/schema\\\/person\\\/a0bff6dc1041aadd46fa81887444b017\",\"name\":\"Andreia Ferreira | Lusa\",\"image\":{\"@type\":\"ImageObject\",\"inLanguage\":\"pt-PT\",\"@id\":\"https:\\\/\\\/www.altominho.tv\\\/site\\\/wp-content\\\/uploads\\\/2018\\\/04\\\/Andreia-150x150.jpg\",\"url\":\"https:\\\/\\\/www.altominho.tv\\\/site\\\/wp-content\\\/uploads\\\/2018\\\/04\\\/Andreia-150x150.jpg\",\"contentUrl\":\"https:\\\/\\\/www.altominho.tv\\\/site\\\/wp-content\\\/uploads\\\/2018\\\/04\\\/Andreia-150x150.jpg\",\"caption\":\"Andreia Ferreira | Lusa\"},\"sameAs\":[\"https:\\\/\\\/www.altominho.tv\\\/site\"],\"url\":\"https:\\\/\\\/www.altominho.tv\\\/site\\\/author\\\/andreiaferreiralusa\\\/\"}]}<\/script>\n<!-- \/ Yoast SEO Premium plugin. -->","yoast_head_json":{"title":"C\u00e2mara de Ponte de Lima recomenda suspens\u00e3o imediata da fatura\u00e7\u00e3o da \u00c1guas do Alto Minho","robots":{"index":"index","follow":"follow","max-snippet":"max-snippet:-1","max-image-preview":"max-image-preview:large","max-video-preview":"max-video-preview:-1"},"canonical":"https:\/\/www.altominho.tv\/site\/2020\/04\/21\/camara-de-ponte-de-lima-recomenda-suspensao-imediata-da-faturacao-da-aguas-do-alto-minho\/","og_locale":"pt_PT","og_type":"article","og_title":"C\u00e2mara de Ponte de Lima recomenda suspens\u00e3o imediata da fatura\u00e7\u00e3o da \u00c1guas do Alto Minho","og_description":"A C\u00e2mara de Ponte de Lima recomendou \u00e0 \u00c1guas do Alto Minho (AdAM) a suspens\u00e3o imediata da fatura\u00e7\u00e3o e a melhoria do atendimento, face \u00e0 &#8220;insatisfa\u00e7\u00e3o&#8221; manifestada pelos consumidores nos quatro meses de funcionamento da empresa. Em comunicado, a autarquia explica que a recomenda\u00e7\u00e3o feita \u00e0 empresa de gest\u00e3o das redes de \u00e1gua em baixa [&hellip;]","og_url":"https:\/\/www.altominho.tv\/site\/2020\/04\/21\/camara-de-ponte-de-lima-recomenda-suspensao-imediata-da-faturacao-da-aguas-do-alto-minho\/","og_site_name":"Altominho.tv","article_publisher":"https:\/\/www.facebook.com\/altominhotv","article_published_time":"2020-04-21T14:54:48+00:00","article_modified_time":"2020-04-21T14:54:51+00:00","og_image":[{"width":930,"height":535,"url":"https:\/\/www.altominho.tv\/site\/wp-content\/uploads\/2020\/04\/pacosconcelho_pontedelima2.jpg","type":"image\/jpeg"}],"author":"Andreia Ferreira | Lusa","twitter_card":"summary_large_image","twitter_creator":"@altominhoTV","twitter_site":"@altominhoTV","twitter_misc":{"Escrito por":"Andreia Ferreira | Lusa","Tempo estimado de leitura":"4 minutos"},"schema":{"@context":"https:\/\/schema.org","@graph":[{"@type":"Article","@id":"https:\/\/www.altominho.tv\/site\/2020\/04\/21\/camara-de-ponte-de-lima-recomenda-suspensao-imediata-da-faturacao-da-aguas-do-alto-minho\/#article","isPartOf":{"@id":"https:\/\/www.altominho.tv\/site\/2020\/04\/21\/camara-de-ponte-de-lima-recomenda-suspensao-imediata-da-faturacao-da-aguas-do-alto-minho\/"},"author":{"name":"Andreia Ferreira | Lusa","@id":"https:\/\/www.altominho.tv\/site\/#\/schema\/person\/a0bff6dc1041aadd46fa81887444b017"},"headline":"C\u00e2mara de Ponte de Lima recomenda suspens\u00e3o imediata da fatura\u00e7\u00e3o da \u00c1guas do Alto Minho","datePublished":"2020-04-21T14:54:48+00:00","dateModified":"2020-04-21T14:54:51+00:00","mainEntityOfPage":{"@id":"https:\/\/www.altominho.tv\/site\/2020\/04\/21\/camara-de-ponte-de-lima-recomenda-suspensao-imediata-da-faturacao-da-aguas-do-alto-minho\/"},"wordCount":763,"image":{"@id":"https:\/\/www.altominho.tv\/site\/2020\/04\/21\/camara-de-ponte-de-lima-recomenda-suspensao-imediata-da-faturacao-da-aguas-do-alto-minho\/#primaryimage"},"thumbnailUrl":"https:\/\/www.altominho.tv\/site\/wp-content\/uploads\/2020\/04\/pacosconcelho_pontedelima2.jpg","keywords":["Sociedade"],"articleSection":["Ponte de Lima"],"inLanguage":"pt-PT","copyrightYear":"2020","copyrightHolder":{"@id":"https:\/\/www.altominho.tv\/site\/#organization"}},{"@type":"WebPage","@id":"https:\/\/www.altominho.tv\/site\/2020\/04\/21\/camara-de-ponte-de-lima-recomenda-suspensao-imediata-da-faturacao-da-aguas-do-alto-minho\/","url":"https:\/\/www.altominho.tv\/site\/2020\/04\/21\/camara-de-ponte-de-lima-recomenda-suspensao-imediata-da-faturacao-da-aguas-do-alto-minho\/","name":"C\u00e2mara de Ponte de Lima recomenda suspens\u00e3o imediata da fatura\u00e7\u00e3o da \u00c1guas do Alto Minho","isPartOf":{"@id":"https:\/\/www.altominho.tv\/site\/#website"},"primaryImageOfPage":{"@id":"https:\/\/www.altominho.tv\/site\/2020\/04\/21\/camara-de-ponte-de-lima-recomenda-suspensao-imediata-da-faturacao-da-aguas-do-alto-minho\/#primaryimage"},"image":{"@id":"https:\/\/www.altominho.tv\/site\/2020\/04\/21\/camara-de-ponte-de-lima-recomenda-suspensao-imediata-da-faturacao-da-aguas-do-alto-minho\/#primaryimage"},"thumbnailUrl":"https:\/\/www.altominho.tv\/site\/wp-content\/uploads\/2020\/04\/pacosconcelho_pontedelima2.jpg","datePublished":"2020-04-21T14:54:48+00:00","dateModified":"2020-04-21T14:54:51+00:00","author":{"@id":"https:\/\/www.altominho.tv\/site\/#\/schema\/person\/a0bff6dc1041aadd46fa81887444b017"},"breadcrumb":{"@id":"https:\/\/www.altominho.tv\/site\/2020\/04\/21\/camara-de-ponte-de-lima-recomenda-suspensao-imediata-da-faturacao-da-aguas-do-alto-minho\/#breadcrumb"},"inLanguage":"pt-PT","potentialAction":[{"@type":"ReadAction","target":["https:\/\/www.altominho.tv\/site\/2020\/04\/21\/camara-de-ponte-de-lima-recomenda-suspensao-imediata-da-faturacao-da-aguas-do-alto-minho\/"]}]},{"@type":"ImageObject","inLanguage":"pt-PT","@id":"https:\/\/www.altominho.tv\/site\/2020\/04\/21\/camara-de-ponte-de-lima-recomenda-suspensao-imediata-da-faturacao-da-aguas-do-alto-minho\/#primaryimage","url":"https:\/\/www.altominho.tv\/site\/wp-content\/uploads\/2020\/04\/pacosconcelho_pontedelima2.jpg","contentUrl":"https:\/\/www.altominho.tv\/site\/wp-content\/uploads\/2020\/04\/pacosconcelho_pontedelima2.jpg","width":930,"height":535},{"@type":"BreadcrumbList","@id":"https:\/\/www.altominho.tv\/site\/2020\/04\/21\/camara-de-ponte-de-lima-recomenda-suspensao-imediata-da-faturacao-da-aguas-do-alto-minho\/#breadcrumb","itemListElement":[{"@type":"ListItem","position":1,"name":"In\u00edcio","item":"https:\/\/www.altominho.tv\/site\/"},{"@type":"ListItem","position":2,"name":"C\u00e2mara de Ponte de Lima recomenda suspens\u00e3o imediata da fatura\u00e7\u00e3o da \u00c1guas do Alto Minho"}]},{"@type":"WebSite","@id":"https:\/\/www.altominho.tv\/site\/#website","url":"https:\/\/www.altominho.tv\/site\/","name":"Altominho.tv","description":"A sua regi\u00e3o \u00e0 dist\u00e2ncia de um clique...","potentialAction":[{"@type":"SearchAction","target":{"@type":"EntryPoint","urlTemplate":"https:\/\/www.altominho.tv\/site\/?s={search_term_string}"},"query-input":{"@type":"PropertyValueSpecification","valueRequired":true,"valueName":"search_term_string"}}],"inLanguage":"pt-PT"},{"@type":"Person","@id":"https:\/\/www.altominho.tv\/site\/#\/schema\/person\/a0bff6dc1041aadd46fa81887444b017","name":"Andreia Ferreira | Lusa","image":{"@type":"ImageObject","inLanguage":"pt-PT","@id":"https:\/\/www.altominho.tv\/site\/wp-content\/uploads\/2018\/04\/Andreia-150x150.jpg","url":"https:\/\/www.altominho.tv\/site\/wp-content\/uploads\/2018\/04\/Andreia-150x150.jpg","contentUrl":"https:\/\/www.altominho.tv\/site\/wp-content\/uploads\/2018\/04\/Andreia-150x150.jpg","caption":"Andreia Ferreira | Lusa"},"sameAs":["https:\/\/www.altominho.tv\/site"],"url":"https:\/\/www.altominho.tv\/site\/author\/andreiaferreiralusa\/"}]}},"_links":{"self":[{"href":"https:\/\/www.altominho.tv\/site\/wp-json\/wp\/v2\/posts\/44695","targetHints":{"allow":["GET"]}}],"collection":[{"href":"https:\/\/www.altominho.tv\/site\/wp-json\/wp\/v2\/posts"}],"about":[{"href":"https:\/\/www.altominho.tv\/site\/wp-json\/wp\/v2\/types\/post"}],"author":[{"embeddable":true,"href":"https:\/\/www.altominho.tv\/site\/wp-json\/wp\/v2\/users\/15"}],"replies":[{"embeddable":true,"href":"https:\/\/www.altominho.tv\/site\/wp-json\/wp\/v2\/comments?post=44695"}],"version-history":[{"count":0,"href":"https:\/\/www.altominho.tv\/site\/wp-json\/wp\/v2\/posts\/44695\/revisions"}],"wp:featuredmedia":[{"embeddable":true,"href":"https:\/\/www.altominho.tv\/site\/wp-json\/wp\/v2\/media\/44702"}],"wp:attachment":[{"href":"https:\/\/www.altominho.tv\/site\/wp-json\/wp\/v2\/media?parent=44695"}],"wp:term":[{"taxonomy":"category","embeddable":true,"href":"https:\/\/www.altominho.tv\/site\/wp-json\/wp\/v2\/categories?post=44695"},{"taxonomy":"post_tag","embeddable":true,"href":"https:\/\/www.altominho.tv\/site\/wp-json\/wp\/v2\/tags?post=44695"}],"curies":[{"name":"wp","href":"https:\/\/api.w.org\/{rel}","templated":true}]}}