{"id":44688,"date":"2020-04-21T15:36:18","date_gmt":"2020-04-21T14:36:18","guid":{"rendered":"http:\/\/www.altominho.tv\/site\/?p=44688"},"modified":"2020-04-21T15:41:04","modified_gmt":"2020-04-21T14:41:04","slug":"um-ferido-grave-em-acidente-de-trator-em-ponte-de-lima","status":"publish","type":"post","link":"https:\/\/www.altominho.tv\/site\/2020\/04\/21\/um-ferido-grave-em-acidente-de-trator-em-ponte-de-lima\/","title":{"rendered":"Um ferido grave em acidente de trator em Ponte de Lima"},"content":{"rendered":"<p>Um homem ficou gravemente ferido devido a um acidente de trator que ocorreu esta ter\u00e7a-feira na freguesia da Facha, em Ponte de Lima.<\/p>\n<p>Segundo informa\u00e7\u00e3o avan\u00e7ada pelo <em>Di\u00e1rio do Minho<\/em>, na origem do acidente esteve o capotamento do trator, tendo o condutor ficado encarcerado.<\/p>\n<p>Fonte do Comando Distrital de Opera\u00e7\u00f5es de Socorro (CDOS) de Viana do Castelo disse \u00e0 Altominho TV que um acidente de trabalho na Quinta da Cavada provocou um ferido grave, um homem de 52 anos, que foi transportado ao hospital de Viana do Castelo.<\/p>\n<p>O alerta foi dado pelas 13h00 e ao local compareceram 10 operacionais, acompanhados por quatro viaturas dos Bombeiros Volunt\u00e1rios de Ponte de Lima, do INEM e da GNR.<\/p>\n<p>A GNR tomou conta da ocorr\u00eancia.<\/p>\n","protected":false},"excerpt":{"rendered":"<p>Um homem ficou gravemente ferido devido a um acidente de trator que ocorreu esta ter\u00e7a-feira na freguesia da Facha, em Ponte de Lima. Segundo informa\u00e7\u00e3o avan\u00e7ada pelo Di\u00e1rio do Minho, na origem do acidente esteve o capotamento do trator, tendo o condutor ficado encarcerado. Fonte do Comando Distrital de Opera\u00e7\u00f5es de Socorro (CDOS) de Viana [&hellip;]<\/p>\n","protected":false},"author":12,"featured_media":44689,"comment_status":"closed","ping_status":"closed","sticky":false,"template":"","format":"standard","meta":{"_exactmetrics_skip_tracking":false,"_exactmetrics_sitenote_active":false,"_exactmetrics_sitenote_note":"","_exactmetrics_sitenote_category":0,"footnotes":""},"categories":[12],"tags":[27],"class_list":["post-44688","post","type-post","status-publish","format-standard","has-post-thumbnail","hentry","category-ponte-de-lima","tag-sociedade"],"yoast_head":"<!-- This site is optimized with the Yoast SEO Premium plugin v27.4 (Yoast SEO v27.4) - https:\/\/yoast.com\/product\/yoast-seo-premium-wordpress\/ -->\n<title>Um ferido grave em acidente de trator em Ponte de Lima<\/title>\n<meta name=\"robots\" content=\"index, follow, max-snippet:-1, max-image-preview:large, max-video-preview:-1\" \/>\n<link rel=\"canonical\" href=\"https:\/\/www.altominho.tv\/site\/2020\/04\/21\/um-ferido-grave-em-acidente-de-trator-em-ponte-de-lima\/\" \/>\n<meta property=\"og:locale\" content=\"pt_PT\" \/>\n<meta property=\"og:type\" content=\"article\" \/>\n<meta property=\"og:title\" content=\"Um ferido grave em acidente de trator em Ponte de Lima\" \/>\n<meta property=\"og:description\" content=\"Um homem ficou gravemente ferido devido a um acidente de trator que ocorreu esta ter\u00e7a-feira na freguesia da Facha, em Ponte de Lima. Segundo informa\u00e7\u00e3o avan\u00e7ada pelo Di\u00e1rio do Minho, na origem do acidente esteve o capotamento do trator, tendo o condutor ficado encarcerado. Fonte do Comando Distrital de Opera\u00e7\u00f5es de Socorro (CDOS) de Viana [&hellip;]\" \/>\n<meta property=\"og:url\" content=\"https:\/\/www.altominho.tv\/site\/2020\/04\/21\/um-ferido-grave-em-acidente-de-trator-em-ponte-de-lima\/\" \/>\n<meta property=\"og:site_name\" content=\"Altominho.tv\" \/>\n<meta property=\"article:publisher\" content=\"https:\/\/www.facebook.com\/altominhotv\" \/>\n<meta property=\"article:published_time\" content=\"2020-04-21T14:36:18+00:00\" \/>\n<meta property=\"article:modified_time\" content=\"2020-04-21T14:41:04+00:00\" \/>\n<meta property=\"og:image\" content=\"https:\/\/www.altominho.tv\/site\/wp-content\/uploads\/2020\/04\/noticia_00182219-580x464-740x417-1.jpg\" \/>\n\t<meta property=\"og:image:width\" content=\"740\" \/>\n\t<meta property=\"og:image:height\" content=\"417\" \/>\n\t<meta property=\"og:image:type\" content=\"image\/jpeg\" \/>\n<meta name=\"author\" content=\"Andreia Ferreira\" \/>\n<meta name=\"twitter:card\" content=\"summary_large_image\" \/>\n<meta name=\"twitter:creator\" content=\"@altominhoTV\" \/>\n<meta name=\"twitter:site\" content=\"@altominhoTV\" \/>\n<meta name=\"twitter:label1\" content=\"Escrito por\" \/>\n\t<meta name=\"twitter:data1\" content=\"Andreia Ferreira\" \/>\n\t<meta name=\"twitter:label2\" content=\"Tempo estimado de leitura\" \/>\n\t<meta name=\"twitter:data2\" content=\"1 minuto\" \/>\n<script type=\"application\/ld+json\" class=\"yoast-schema-graph\">{\"@context\":\"https:\\\/\\\/schema.org\",\"@graph\":[{\"@type\":\"Article\",\"@id\":\"https:\\\/\\\/www.altominho.tv\\\/site\\\/2020\\\/04\\\/21\\\/um-ferido-grave-em-acidente-de-trator-em-ponte-de-lima\\\/#article\",\"isPartOf\":{\"@id\":\"https:\\\/\\\/www.altominho.tv\\\/site\\\/2020\\\/04\\\/21\\\/um-ferido-grave-em-acidente-de-trator-em-ponte-de-lima\\\/\"},\"author\":{\"name\":\"Andreia Ferreira\",\"@id\":\"https:\\\/\\\/www.altominho.tv\\\/site\\\/#\\\/schema\\\/person\\\/d9be4265364723f14ea8e0d56a1d38cd\"},\"headline\":\"Um ferido grave em acidente de trator em Ponte de Lima\",\"datePublished\":\"2020-04-21T14:36:18+00:00\",\"dateModified\":\"2020-04-21T14:41:04+00:00\",\"mainEntityOfPage\":{\"@id\":\"https:\\\/\\\/www.altominho.tv\\\/site\\\/2020\\\/04\\\/21\\\/um-ferido-grave-em-acidente-de-trator-em-ponte-de-lima\\\/\"},\"wordCount\":137,\"image\":{\"@id\":\"https:\\\/\\\/www.altominho.tv\\\/site\\\/2020\\\/04\\\/21\\\/um-ferido-grave-em-acidente-de-trator-em-ponte-de-lima\\\/#primaryimage\"},\"thumbnailUrl\":\"https:\\\/\\\/www.altominho.tv\\\/site\\\/wp-content\\\/uploads\\\/2020\\\/04\\\/noticia_00182219-580x464-740x417-1.jpg\",\"keywords\":[\"Sociedade\"],\"articleSection\":[\"Ponte de Lima\"],\"inLanguage\":\"pt-PT\",\"copyrightYear\":\"2020\",\"copyrightHolder\":{\"@id\":\"https:\\\/\\\/www.altominho.tv\\\/site\\\/#organization\"}},{\"@type\":\"WebPage\",\"@id\":\"https:\\\/\\\/www.altominho.tv\\\/site\\\/2020\\\/04\\\/21\\\/um-ferido-grave-em-acidente-de-trator-em-ponte-de-lima\\\/\",\"url\":\"https:\\\/\\\/www.altominho.tv\\\/site\\\/2020\\\/04\\\/21\\\/um-ferido-grave-em-acidente-de-trator-em-ponte-de-lima\\\/\",\"name\":\"Um ferido grave em acidente de trator em Ponte de Lima\",\"isPartOf\":{\"@id\":\"https:\\\/\\\/www.altominho.tv\\\/site\\\/#website\"},\"primaryImageOfPage\":{\"@id\":\"https:\\\/\\\/www.altominho.tv\\\/site\\\/2020\\\/04\\\/21\\\/um-ferido-grave-em-acidente-de-trator-em-ponte-de-lima\\\/#primaryimage\"},\"image\":{\"@id\":\"https:\\\/\\\/www.altominho.tv\\\/site\\\/2020\\\/04\\\/21\\\/um-ferido-grave-em-acidente-de-trator-em-ponte-de-lima\\\/#primaryimage\"},\"thumbnailUrl\":\"https:\\\/\\\/www.altominho.tv\\\/site\\\/wp-content\\\/uploads\\\/2020\\\/04\\\/noticia_00182219-580x464-740x417-1.jpg\",\"datePublished\":\"2020-04-21T14:36:18+00:00\",\"dateModified\":\"2020-04-21T14:41:04+00:00\",\"author\":{\"@id\":\"https:\\\/\\\/www.altominho.tv\\\/site\\\/#\\\/schema\\\/person\\\/d9be4265364723f14ea8e0d56a1d38cd\"},\"breadcrumb\":{\"@id\":\"https:\\\/\\\/www.altominho.tv\\\/site\\\/2020\\\/04\\\/21\\\/um-ferido-grave-em-acidente-de-trator-em-ponte-de-lima\\\/#breadcrumb\"},\"inLanguage\":\"pt-PT\",\"potentialAction\":[{\"@type\":\"ReadAction\",\"target\":[\"https:\\\/\\\/www.altominho.tv\\\/site\\\/2020\\\/04\\\/21\\\/um-ferido-grave-em-acidente-de-trator-em-ponte-de-lima\\\/\"]}]},{\"@type\":\"ImageObject\",\"inLanguage\":\"pt-PT\",\"@id\":\"https:\\\/\\\/www.altominho.tv\\\/site\\\/2020\\\/04\\\/21\\\/um-ferido-grave-em-acidente-de-trator-em-ponte-de-lima\\\/#primaryimage\",\"url\":\"https:\\\/\\\/www.altominho.tv\\\/site\\\/wp-content\\\/uploads\\\/2020\\\/04\\\/noticia_00182219-580x464-740x417-1.jpg\",\"contentUrl\":\"https:\\\/\\\/www.altominho.tv\\\/site\\\/wp-content\\\/uploads\\\/2020\\\/04\\\/noticia_00182219-580x464-740x417-1.jpg\",\"width\":740,\"height\":417},{\"@type\":\"BreadcrumbList\",\"@id\":\"https:\\\/\\\/www.altominho.tv\\\/site\\\/2020\\\/04\\\/21\\\/um-ferido-grave-em-acidente-de-trator-em-ponte-de-lima\\\/#breadcrumb\",\"itemListElement\":[{\"@type\":\"ListItem\",\"position\":1,\"name\":\"In\u00edcio\",\"item\":\"https:\\\/\\\/www.altominho.tv\\\/site\\\/\"},{\"@type\":\"ListItem\",\"position\":2,\"name\":\"Um ferido grave em acidente de trator em Ponte de Lima\"}]},{\"@type\":\"WebSite\",\"@id\":\"https:\\\/\\\/www.altominho.tv\\\/site\\\/#website\",\"url\":\"https:\\\/\\\/www.altominho.tv\\\/site\\\/\",\"name\":\"Altominho.tv\",\"description\":\"A sua regi\u00e3o \u00e0 dist\u00e2ncia de um clique...\",\"potentialAction\":[{\"@type\":\"SearchAction\",\"target\":{\"@type\":\"EntryPoint\",\"urlTemplate\":\"https:\\\/\\\/www.altominho.tv\\\/site\\\/?s={search_term_string}\"},\"query-input\":{\"@type\":\"PropertyValueSpecification\",\"valueRequired\":true,\"valueName\":\"search_term_string\"}}],\"inLanguage\":\"pt-PT\"},{\"@type\":\"Person\",\"@id\":\"https:\\\/\\\/www.altominho.tv\\\/site\\\/#\\\/schema\\\/person\\\/d9be4265364723f14ea8e0d56a1d38cd\",\"name\":\"Andreia Ferreira\",\"image\":{\"@type\":\"ImageObject\",\"inLanguage\":\"pt-PT\",\"@id\":\"https:\\\/\\\/www.altominho.tv\\\/site\\\/wp-content\\\/uploads\\\/2021\\\/01\\\/AndreiaFerreira-150x150.jpg\",\"url\":\"https:\\\/\\\/www.altominho.tv\\\/site\\\/wp-content\\\/uploads\\\/2021\\\/01\\\/AndreiaFerreira-150x150.jpg\",\"contentUrl\":\"https:\\\/\\\/www.altominho.tv\\\/site\\\/wp-content\\\/uploads\\\/2021\\\/01\\\/AndreiaFerreira-150x150.jpg\",\"caption\":\"Andreia Ferreira\"},\"url\":\"https:\\\/\\\/www.altominho.tv\\\/site\\\/author\\\/andreiaferreira\\\/\"}]}<\/script>\n<!-- \/ Yoast SEO Premium plugin. -->","yoast_head_json":{"title":"Um ferido grave em acidente de trator em Ponte de Lima","robots":{"index":"index","follow":"follow","max-snippet":"max-snippet:-1","max-image-preview":"max-image-preview:large","max-video-preview":"max-video-preview:-1"},"canonical":"https:\/\/www.altominho.tv\/site\/2020\/04\/21\/um-ferido-grave-em-acidente-de-trator-em-ponte-de-lima\/","og_locale":"pt_PT","og_type":"article","og_title":"Um ferido grave em acidente de trator em Ponte de Lima","og_description":"Um homem ficou gravemente ferido devido a um acidente de trator que ocorreu esta ter\u00e7a-feira na freguesia da Facha, em Ponte de Lima. Segundo informa\u00e7\u00e3o avan\u00e7ada pelo Di\u00e1rio do Minho, na origem do acidente esteve o capotamento do trator, tendo o condutor ficado encarcerado. Fonte do Comando Distrital de Opera\u00e7\u00f5es de Socorro (CDOS) de Viana [&hellip;]","og_url":"https:\/\/www.altominho.tv\/site\/2020\/04\/21\/um-ferido-grave-em-acidente-de-trator-em-ponte-de-lima\/","og_site_name":"Altominho.tv","article_publisher":"https:\/\/www.facebook.com\/altominhotv","article_published_time":"2020-04-21T14:36:18+00:00","article_modified_time":"2020-04-21T14:41:04+00:00","og_image":[{"width":740,"height":417,"url":"https:\/\/www.altominho.tv\/site\/wp-content\/uploads\/2020\/04\/noticia_00182219-580x464-740x417-1.jpg","type":"image\/jpeg"}],"author":"Andreia Ferreira","twitter_card":"summary_large_image","twitter_creator":"@altominhoTV","twitter_site":"@altominhoTV","twitter_misc":{"Escrito por":"Andreia Ferreira","Tempo estimado de leitura":"1 minuto"},"schema":{"@context":"https:\/\/schema.org","@graph":[{"@type":"Article","@id":"https:\/\/www.altominho.tv\/site\/2020\/04\/21\/um-ferido-grave-em-acidente-de-trator-em-ponte-de-lima\/#article","isPartOf":{"@id":"https:\/\/www.altominho.tv\/site\/2020\/04\/21\/um-ferido-grave-em-acidente-de-trator-em-ponte-de-lima\/"},"author":{"name":"Andreia Ferreira","@id":"https:\/\/www.altominho.tv\/site\/#\/schema\/person\/d9be4265364723f14ea8e0d56a1d38cd"},"headline":"Um ferido grave em acidente de trator em Ponte de Lima","datePublished":"2020-04-21T14:36:18+00:00","dateModified":"2020-04-21T14:41:04+00:00","mainEntityOfPage":{"@id":"https:\/\/www.altominho.tv\/site\/2020\/04\/21\/um-ferido-grave-em-acidente-de-trator-em-ponte-de-lima\/"},"wordCount":137,"image":{"@id":"https:\/\/www.altominho.tv\/site\/2020\/04\/21\/um-ferido-grave-em-acidente-de-trator-em-ponte-de-lima\/#primaryimage"},"thumbnailUrl":"https:\/\/www.altominho.tv\/site\/wp-content\/uploads\/2020\/04\/noticia_00182219-580x464-740x417-1.jpg","keywords":["Sociedade"],"articleSection":["Ponte de Lima"],"inLanguage":"pt-PT","copyrightYear":"2020","copyrightHolder":{"@id":"https:\/\/www.altominho.tv\/site\/#organization"}},{"@type":"WebPage","@id":"https:\/\/www.altominho.tv\/site\/2020\/04\/21\/um-ferido-grave-em-acidente-de-trator-em-ponte-de-lima\/","url":"https:\/\/www.altominho.tv\/site\/2020\/04\/21\/um-ferido-grave-em-acidente-de-trator-em-ponte-de-lima\/","name":"Um ferido grave em acidente de trator em Ponte de Lima","isPartOf":{"@id":"https:\/\/www.altominho.tv\/site\/#website"},"primaryImageOfPage":{"@id":"https:\/\/www.altominho.tv\/site\/2020\/04\/21\/um-ferido-grave-em-acidente-de-trator-em-ponte-de-lima\/#primaryimage"},"image":{"@id":"https:\/\/www.altominho.tv\/site\/2020\/04\/21\/um-ferido-grave-em-acidente-de-trator-em-ponte-de-lima\/#primaryimage"},"thumbnailUrl":"https:\/\/www.altominho.tv\/site\/wp-content\/uploads\/2020\/04\/noticia_00182219-580x464-740x417-1.jpg","datePublished":"2020-04-21T14:36:18+00:00","dateModified":"2020-04-21T14:41:04+00:00","author":{"@id":"https:\/\/www.altominho.tv\/site\/#\/schema\/person\/d9be4265364723f14ea8e0d56a1d38cd"},"breadcrumb":{"@id":"https:\/\/www.altominho.tv\/site\/2020\/04\/21\/um-ferido-grave-em-acidente-de-trator-em-ponte-de-lima\/#breadcrumb"},"inLanguage":"pt-PT","potentialAction":[{"@type":"ReadAction","target":["https:\/\/www.altominho.tv\/site\/2020\/04\/21\/um-ferido-grave-em-acidente-de-trator-em-ponte-de-lima\/"]}]},{"@type":"ImageObject","inLanguage":"pt-PT","@id":"https:\/\/www.altominho.tv\/site\/2020\/04\/21\/um-ferido-grave-em-acidente-de-trator-em-ponte-de-lima\/#primaryimage","url":"https:\/\/www.altominho.tv\/site\/wp-content\/uploads\/2020\/04\/noticia_00182219-580x464-740x417-1.jpg","contentUrl":"https:\/\/www.altominho.tv\/site\/wp-content\/uploads\/2020\/04\/noticia_00182219-580x464-740x417-1.jpg","width":740,"height":417},{"@type":"BreadcrumbList","@id":"https:\/\/www.altominho.tv\/site\/2020\/04\/21\/um-ferido-grave-em-acidente-de-trator-em-ponte-de-lima\/#breadcrumb","itemListElement":[{"@type":"ListItem","position":1,"name":"In\u00edcio","item":"https:\/\/www.altominho.tv\/site\/"},{"@type":"ListItem","position":2,"name":"Um ferido grave em acidente de trator em Ponte de Lima"}]},{"@type":"WebSite","@id":"https:\/\/www.altominho.tv\/site\/#website","url":"https:\/\/www.altominho.tv\/site\/","name":"Altominho.tv","description":"A sua regi\u00e3o \u00e0 dist\u00e2ncia de um clique...","potentialAction":[{"@type":"SearchAction","target":{"@type":"EntryPoint","urlTemplate":"https:\/\/www.altominho.tv\/site\/?s={search_term_string}"},"query-input":{"@type":"PropertyValueSpecification","valueRequired":true,"valueName":"search_term_string"}}],"inLanguage":"pt-PT"},{"@type":"Person","@id":"https:\/\/www.altominho.tv\/site\/#\/schema\/person\/d9be4265364723f14ea8e0d56a1d38cd","name":"Andreia Ferreira","image":{"@type":"ImageObject","inLanguage":"pt-PT","@id":"https:\/\/www.altominho.tv\/site\/wp-content\/uploads\/2021\/01\/AndreiaFerreira-150x150.jpg","url":"https:\/\/www.altominho.tv\/site\/wp-content\/uploads\/2021\/01\/AndreiaFerreira-150x150.jpg","contentUrl":"https:\/\/www.altominho.tv\/site\/wp-content\/uploads\/2021\/01\/AndreiaFerreira-150x150.jpg","caption":"Andreia Ferreira"},"url":"https:\/\/www.altominho.tv\/site\/author\/andreiaferreira\/"}]}},"_links":{"self":[{"href":"https:\/\/www.altominho.tv\/site\/wp-json\/wp\/v2\/posts\/44688","targetHints":{"allow":["GET"]}}],"collection":[{"href":"https:\/\/www.altominho.tv\/site\/wp-json\/wp\/v2\/posts"}],"about":[{"href":"https:\/\/www.altominho.tv\/site\/wp-json\/wp\/v2\/types\/post"}],"author":[{"embeddable":true,"href":"https:\/\/www.altominho.tv\/site\/wp-json\/wp\/v2\/users\/12"}],"replies":[{"embeddable":true,"href":"https:\/\/www.altominho.tv\/site\/wp-json\/wp\/v2\/comments?post=44688"}],"version-history":[{"count":0,"href":"https:\/\/www.altominho.tv\/site\/wp-json\/wp\/v2\/posts\/44688\/revisions"}],"wp:featuredmedia":[{"embeddable":true,"href":"https:\/\/www.altominho.tv\/site\/wp-json\/wp\/v2\/media\/44689"}],"wp:attachment":[{"href":"https:\/\/www.altominho.tv\/site\/wp-json\/wp\/v2\/media?parent=44688"}],"wp:term":[{"taxonomy":"category","embeddable":true,"href":"https:\/\/www.altominho.tv\/site\/wp-json\/wp\/v2\/categories?post=44688"},{"taxonomy":"post_tag","embeddable":true,"href":"https:\/\/www.altominho.tv\/site\/wp-json\/wp\/v2\/tags?post=44688"}],"curies":[{"name":"wp","href":"https:\/\/api.w.org\/{rel}","templated":true}]}}