{"id":44652,"date":"2020-04-21T10:43:01","date_gmt":"2020-04-21T09:43:01","guid":{"rendered":"http:\/\/www.altominho.tv\/site\/?p=44652"},"modified":"2020-04-21T10:45:29","modified_gmt":"2020-04-21T09:45:29","slug":"deco-alerta-para-atuacao-lesiva-da-aguas-do-alto-minho-sobre-consumidores","status":"publish","type":"post","link":"https:\/\/www.altominho.tv\/site\/2020\/04\/21\/deco-alerta-para-atuacao-lesiva-da-aguas-do-alto-minho-sobre-consumidores\/","title":{"rendered":"Deco alerta para atua\u00e7\u00e3o lesiva da \u00c1guas do Alto Minho sobre consumidores"},"content":{"rendered":"<p>A associa\u00e7\u00e3o de defesa do consumidor Deco alertou esta ter\u00e7a-feira para a atua\u00e7\u00e3o lesiva da empresa \u00c1guas do Alto Minho (AdAM) por erros de fatura\u00e7\u00e3o, considerando ser exig\u00edvel uma tomada de posi\u00e7\u00e3o das autarquias para que a situa\u00e7\u00e3o seja regularizada.<\/p>\n<p>O respons\u00e1vel pela delega\u00e7\u00e3o do Minho da Deco, Cl\u00e1udio Matos, referiu \u00e0 Lusa que &#8220;o n\u00famero de reclama\u00e7\u00f5es recebidas [na Deco] \u00e9 elevado, v\u00e1rias dezenas, tendo aumentado significativamente na \u00faltima semana&#8221;.<\/p>\n<p>Cl\u00e1udio Matos adiantou que no final da semana dever\u00e1 ter conclu\u00eddo o levantamento do total de reclama\u00e7\u00f5es apresentadas pelos consumidores dos sete concelhos do distrito de Viana do Castelo que integram a empresa de gest\u00e3o das redes de \u00e1gua em baixa e de saneamento.<\/p>\n<p>O respons\u00e1vel disse que &#8220;a associa\u00e7\u00e3o enviou, no final da semana passada, uma comunica\u00e7\u00e3o \u00e0 empresa, reclamando a r\u00e1pida resolu\u00e7\u00e3o do problema, mas ainda n\u00e3o obteve resposta&#8221;.<\/p>\n<p>A AdAM \u00e9 detida em 51% pela \u00c1guas de Portugal (AdP) e em 49% por sete munic\u00edpios do distrito de Viana do Castelo &#8211; Arcos de Valdevez, Caminha, Paredes de Coura, Ponte de Lima, Valen\u00e7a, Viana do Castelo e Vila Nova de Cerveira, que comp\u00f5em a Comunidade Intermunicipal (CIM) do Alto Minho.<\/p>\n<p>A nova empresa come\u00e7ou a operar em janeiro, &#8220;dimensionada para fornecer mais de nove milh\u00f5es de metros c\u00fabicos de \u00e1gua pot\u00e1vel, por ano, a cerca de 100 mil clientes e para recolher e tratar mais de seis milh\u00f5es de metros c\u00fabicos de \u00e1gua residual, por ano, a cerca de 70 mil clientes&#8221;.<\/p>\n<p>Na nota enviada \u00e0 imprensa, a delega\u00e7\u00e3o do Minho da Deco explicou que as reclama\u00e7\u00f5es se prendem, &#8220;na sua maioria, com erros de leitura, cobran\u00e7a de taxas de saneamento em zonas ainda n\u00e3o servidas pela rede p\u00fablica para o efeito, aumento exacerbado das tarifas da \u00e1gua, entre outras&#8221;.<\/p>\n<p>&#8220;Lamentavelmente, a atua\u00e7\u00e3o lesiva desta empresa agravou-se nas \u00faltimas semanas, per\u00edodo em que vigora o estado de emerg\u00eancia nacional. Se a presta\u00e7\u00e3o de servi\u00e7os desta empresa j\u00e1 lesava os direitos e interesses econ\u00f3micos dos consumidores, nesta crise pand\u00e9mica, em que muitas fam\u00edlias veem o seu rendimento diminu\u00eddo, os seus erros t\u00eam repercuss\u00f5es graves nos or\u00e7amentos das fam\u00edlias minhotas&#8221;, sustenta a associa\u00e7\u00e3o de defesa dos consumidores.<\/p>\n<p>Para a DECO Minho, &#8220;existe um incumprimento por parte da empresa, sendo exig\u00edvel \u00e0s autarquias uma tomada de posi\u00e7\u00e3o para que a situa\u00e7\u00e3o seja regularizada sem custos para os consumidores, devendo haver compensa\u00e7\u00e3o de todas as cobran\u00e7as indevidamente efetuadas, acompanhada da suspens\u00e3o da cobran\u00e7a at\u00e9 \u00e0 regulariza\u00e7\u00e3o dos servi\u00e7os por parte da empresa&#8221;.<\/p>\n<p>&#8220;Os consumidores n\u00e3o podem ser penalizados pelos erros e atrasos na organiza\u00e7\u00e3o administrativa da empresa \u00c1guas do Alto Minho&#8221;, sublinha a DECO.<\/p>\n<p>A associa\u00e7\u00e3o aconselha os consumidores &#8220;que se deparam com esta situa\u00e7\u00e3o a reclamarem das suas faturas, disponibilizando-se para apoiar e mediar os conflitos\u201d.<\/p>\n","protected":false},"excerpt":{"rendered":"<p>A associa\u00e7\u00e3o de defesa do consumidor Deco alertou esta ter\u00e7a-feira para a atua\u00e7\u00e3o lesiva da empresa \u00c1guas do Alto Minho (AdAM) por erros de fatura\u00e7\u00e3o, considerando ser exig\u00edvel uma tomada de posi\u00e7\u00e3o das autarquias para que a situa\u00e7\u00e3o seja regularizada. O respons\u00e1vel pela delega\u00e7\u00e3o do Minho da Deco, Cl\u00e1udio Matos, referiu \u00e0 Lusa que &#8220;o [&hellip;]<\/p>\n","protected":false},"author":15,"featured_media":36819,"comment_status":"closed","ping_status":"closed","sticky":false,"template":"","format":"standard","meta":{"_exactmetrics_skip_tracking":false,"_exactmetrics_sitenote_active":false,"_exactmetrics_sitenote_note":"","_exactmetrics_sitenote_category":0,"footnotes":""},"categories":[73],"tags":[27],"class_list":["post-44652","post","type-post","status-publish","format-standard","has-post-thumbnail","hentry","category-alto-minho","tag-sociedade"],"yoast_head":"<!-- This site is optimized with the Yoast SEO Premium plugin v27.5 (Yoast SEO v27.5) - https:\/\/yoast.com\/product\/yoast-seo-premium-wordpress\/ -->\n<title>Deco alerta para atua\u00e7\u00e3o lesiva da \u00c1guas do Alto Minho sobre consumidores<\/title>\n<meta name=\"robots\" content=\"index, follow, max-snippet:-1, max-image-preview:large, max-video-preview:-1\" \/>\n<link rel=\"canonical\" href=\"https:\/\/www.altominho.tv\/site\/2020\/04\/21\/deco-alerta-para-atuacao-lesiva-da-aguas-do-alto-minho-sobre-consumidores\/\" \/>\n<meta property=\"og:locale\" content=\"pt_PT\" \/>\n<meta property=\"og:type\" content=\"article\" \/>\n<meta property=\"og:title\" content=\"Deco alerta para atua\u00e7\u00e3o lesiva da \u00c1guas do Alto Minho sobre consumidores\" \/>\n<meta property=\"og:description\" content=\"A associa\u00e7\u00e3o de defesa do consumidor Deco alertou esta ter\u00e7a-feira para a atua\u00e7\u00e3o lesiva da empresa \u00c1guas do Alto Minho (AdAM) por erros de fatura\u00e7\u00e3o, considerando ser exig\u00edvel uma tomada de posi\u00e7\u00e3o das autarquias para que a situa\u00e7\u00e3o seja regularizada. O respons\u00e1vel pela delega\u00e7\u00e3o do Minho da Deco, Cl\u00e1udio Matos, referiu \u00e0 Lusa que &#8220;o [&hellip;]\" \/>\n<meta property=\"og:url\" content=\"https:\/\/www.altominho.tv\/site\/2020\/04\/21\/deco-alerta-para-atuacao-lesiva-da-aguas-do-alto-minho-sobre-consumidores\/\" \/>\n<meta property=\"og:site_name\" content=\"Altominho.tv\" \/>\n<meta property=\"article:publisher\" content=\"https:\/\/www.facebook.com\/altominhotv\" \/>\n<meta property=\"article:published_time\" content=\"2020-04-21T09:43:01+00:00\" \/>\n<meta property=\"article:modified_time\" content=\"2020-04-21T09:45:29+00:00\" \/>\n<meta property=\"og:image\" content=\"https:\/\/www.altominho.tv\/site\/wp-content\/uploads\/2019\/11\/agua.jpg\" \/>\n\t<meta property=\"og:image:width\" content=\"1949\" \/>\n\t<meta property=\"og:image:height\" content=\"962\" \/>\n\t<meta property=\"og:image:type\" content=\"image\/jpeg\" \/>\n<meta name=\"author\" content=\"Andreia Ferreira | Lusa\" \/>\n<meta name=\"twitter:card\" content=\"summary_large_image\" \/>\n<meta name=\"twitter:creator\" content=\"@altominhoTV\" \/>\n<meta name=\"twitter:site\" content=\"@altominhoTV\" \/>\n<meta name=\"twitter:label1\" content=\"Escrito por\" \/>\n\t<meta name=\"twitter:data1\" content=\"Andreia Ferreira | Lusa\" \/>\n\t<meta name=\"twitter:label2\" content=\"Tempo estimado de leitura\" \/>\n\t<meta name=\"twitter:data2\" content=\"3 minutos\" \/>\n<script type=\"application\/ld+json\" class=\"yoast-schema-graph\">{\"@context\":\"https:\\\/\\\/schema.org\",\"@graph\":[{\"@type\":\"Article\",\"@id\":\"https:\\\/\\\/www.altominho.tv\\\/site\\\/2020\\\/04\\\/21\\\/deco-alerta-para-atuacao-lesiva-da-aguas-do-alto-minho-sobre-consumidores\\\/#article\",\"isPartOf\":{\"@id\":\"https:\\\/\\\/www.altominho.tv\\\/site\\\/2020\\\/04\\\/21\\\/deco-alerta-para-atuacao-lesiva-da-aguas-do-alto-minho-sobre-consumidores\\\/\"},\"author\":{\"name\":\"Andreia Ferreira | Lusa\",\"@id\":\"https:\\\/\\\/www.altominho.tv\\\/site\\\/#\\\/schema\\\/person\\\/a0bff6dc1041aadd46fa81887444b017\"},\"headline\":\"Deco alerta para atua\u00e7\u00e3o lesiva da \u00c1guas do Alto Minho sobre consumidores\",\"datePublished\":\"2020-04-21T09:43:01+00:00\",\"dateModified\":\"2020-04-21T09:45:29+00:00\",\"mainEntityOfPage\":{\"@id\":\"https:\\\/\\\/www.altominho.tv\\\/site\\\/2020\\\/04\\\/21\\\/deco-alerta-para-atuacao-lesiva-da-aguas-do-alto-minho-sobre-consumidores\\\/\"},\"wordCount\":524,\"image\":{\"@id\":\"https:\\\/\\\/www.altominho.tv\\\/site\\\/2020\\\/04\\\/21\\\/deco-alerta-para-atuacao-lesiva-da-aguas-do-alto-minho-sobre-consumidores\\\/#primaryimage\"},\"thumbnailUrl\":\"https:\\\/\\\/www.altominho.tv\\\/site\\\/wp-content\\\/uploads\\\/2019\\\/11\\\/agua.jpg\",\"keywords\":[\"Sociedade\"],\"articleSection\":[\"Alto Minho\"],\"inLanguage\":\"pt-PT\",\"copyrightYear\":\"2020\",\"copyrightHolder\":{\"@id\":\"https:\\\/\\\/www.altominho.tv\\\/site\\\/#organization\"}},{\"@type\":\"WebPage\",\"@id\":\"https:\\\/\\\/www.altominho.tv\\\/site\\\/2020\\\/04\\\/21\\\/deco-alerta-para-atuacao-lesiva-da-aguas-do-alto-minho-sobre-consumidores\\\/\",\"url\":\"https:\\\/\\\/www.altominho.tv\\\/site\\\/2020\\\/04\\\/21\\\/deco-alerta-para-atuacao-lesiva-da-aguas-do-alto-minho-sobre-consumidores\\\/\",\"name\":\"Deco alerta para atua\u00e7\u00e3o lesiva da \u00c1guas do Alto Minho sobre consumidores\",\"isPartOf\":{\"@id\":\"https:\\\/\\\/www.altominho.tv\\\/site\\\/#website\"},\"primaryImageOfPage\":{\"@id\":\"https:\\\/\\\/www.altominho.tv\\\/site\\\/2020\\\/04\\\/21\\\/deco-alerta-para-atuacao-lesiva-da-aguas-do-alto-minho-sobre-consumidores\\\/#primaryimage\"},\"image\":{\"@id\":\"https:\\\/\\\/www.altominho.tv\\\/site\\\/2020\\\/04\\\/21\\\/deco-alerta-para-atuacao-lesiva-da-aguas-do-alto-minho-sobre-consumidores\\\/#primaryimage\"},\"thumbnailUrl\":\"https:\\\/\\\/www.altominho.tv\\\/site\\\/wp-content\\\/uploads\\\/2019\\\/11\\\/agua.jpg\",\"datePublished\":\"2020-04-21T09:43:01+00:00\",\"dateModified\":\"2020-04-21T09:45:29+00:00\",\"author\":{\"@id\":\"https:\\\/\\\/www.altominho.tv\\\/site\\\/#\\\/schema\\\/person\\\/a0bff6dc1041aadd46fa81887444b017\"},\"breadcrumb\":{\"@id\":\"https:\\\/\\\/www.altominho.tv\\\/site\\\/2020\\\/04\\\/21\\\/deco-alerta-para-atuacao-lesiva-da-aguas-do-alto-minho-sobre-consumidores\\\/#breadcrumb\"},\"inLanguage\":\"pt-PT\",\"potentialAction\":[{\"@type\":\"ReadAction\",\"target\":[\"https:\\\/\\\/www.altominho.tv\\\/site\\\/2020\\\/04\\\/21\\\/deco-alerta-para-atuacao-lesiva-da-aguas-do-alto-minho-sobre-consumidores\\\/\"]}]},{\"@type\":\"ImageObject\",\"inLanguage\":\"pt-PT\",\"@id\":\"https:\\\/\\\/www.altominho.tv\\\/site\\\/2020\\\/04\\\/21\\\/deco-alerta-para-atuacao-lesiva-da-aguas-do-alto-minho-sobre-consumidores\\\/#primaryimage\",\"url\":\"https:\\\/\\\/www.altominho.tv\\\/site\\\/wp-content\\\/uploads\\\/2019\\\/11\\\/agua.jpg\",\"contentUrl\":\"https:\\\/\\\/www.altominho.tv\\\/site\\\/wp-content\\\/uploads\\\/2019\\\/11\\\/agua.jpg\",\"width\":1949,\"height\":962},{\"@type\":\"BreadcrumbList\",\"@id\":\"https:\\\/\\\/www.altominho.tv\\\/site\\\/2020\\\/04\\\/21\\\/deco-alerta-para-atuacao-lesiva-da-aguas-do-alto-minho-sobre-consumidores\\\/#breadcrumb\",\"itemListElement\":[{\"@type\":\"ListItem\",\"position\":1,\"name\":\"In\u00edcio\",\"item\":\"https:\\\/\\\/www.altominho.tv\\\/site\\\/\"},{\"@type\":\"ListItem\",\"position\":2,\"name\":\"Deco alerta para atua\u00e7\u00e3o lesiva da \u00c1guas do Alto Minho sobre consumidores\"}]},{\"@type\":\"WebSite\",\"@id\":\"https:\\\/\\\/www.altominho.tv\\\/site\\\/#website\",\"url\":\"https:\\\/\\\/www.altominho.tv\\\/site\\\/\",\"name\":\"Altominho.tv\",\"description\":\"A sua regi\u00e3o \u00e0 dist\u00e2ncia de um clique...\",\"potentialAction\":[{\"@type\":\"SearchAction\",\"target\":{\"@type\":\"EntryPoint\",\"urlTemplate\":\"https:\\\/\\\/www.altominho.tv\\\/site\\\/?s={search_term_string}\"},\"query-input\":{\"@type\":\"PropertyValueSpecification\",\"valueRequired\":true,\"valueName\":\"search_term_string\"}}],\"inLanguage\":\"pt-PT\"},{\"@type\":\"Person\",\"@id\":\"https:\\\/\\\/www.altominho.tv\\\/site\\\/#\\\/schema\\\/person\\\/a0bff6dc1041aadd46fa81887444b017\",\"name\":\"Andreia Ferreira | Lusa\",\"image\":{\"@type\":\"ImageObject\",\"inLanguage\":\"pt-PT\",\"@id\":\"https:\\\/\\\/www.altominho.tv\\\/site\\\/wp-content\\\/uploads\\\/2018\\\/04\\\/Andreia-150x150.jpg\",\"url\":\"https:\\\/\\\/www.altominho.tv\\\/site\\\/wp-content\\\/uploads\\\/2018\\\/04\\\/Andreia-150x150.jpg\",\"contentUrl\":\"https:\\\/\\\/www.altominho.tv\\\/site\\\/wp-content\\\/uploads\\\/2018\\\/04\\\/Andreia-150x150.jpg\",\"caption\":\"Andreia Ferreira | Lusa\"},\"sameAs\":[\"https:\\\/\\\/www.altominho.tv\\\/site\"],\"url\":\"https:\\\/\\\/www.altominho.tv\\\/site\\\/author\\\/andreiaferreiralusa\\\/\"}]}<\/script>\n<!-- \/ Yoast SEO Premium plugin. -->","yoast_head_json":{"title":"Deco alerta para atua\u00e7\u00e3o lesiva da \u00c1guas do Alto Minho sobre consumidores","robots":{"index":"index","follow":"follow","max-snippet":"max-snippet:-1","max-image-preview":"max-image-preview:large","max-video-preview":"max-video-preview:-1"},"canonical":"https:\/\/www.altominho.tv\/site\/2020\/04\/21\/deco-alerta-para-atuacao-lesiva-da-aguas-do-alto-minho-sobre-consumidores\/","og_locale":"pt_PT","og_type":"article","og_title":"Deco alerta para atua\u00e7\u00e3o lesiva da \u00c1guas do Alto Minho sobre consumidores","og_description":"A associa\u00e7\u00e3o de defesa do consumidor Deco alertou esta ter\u00e7a-feira para a atua\u00e7\u00e3o lesiva da empresa \u00c1guas do Alto Minho (AdAM) por erros de fatura\u00e7\u00e3o, considerando ser exig\u00edvel uma tomada de posi\u00e7\u00e3o das autarquias para que a situa\u00e7\u00e3o seja regularizada. O respons\u00e1vel pela delega\u00e7\u00e3o do Minho da Deco, Cl\u00e1udio Matos, referiu \u00e0 Lusa que &#8220;o [&hellip;]","og_url":"https:\/\/www.altominho.tv\/site\/2020\/04\/21\/deco-alerta-para-atuacao-lesiva-da-aguas-do-alto-minho-sobre-consumidores\/","og_site_name":"Altominho.tv","article_publisher":"https:\/\/www.facebook.com\/altominhotv","article_published_time":"2020-04-21T09:43:01+00:00","article_modified_time":"2020-04-21T09:45:29+00:00","og_image":[{"width":1949,"height":962,"url":"https:\/\/www.altominho.tv\/site\/wp-content\/uploads\/2019\/11\/agua.jpg","type":"image\/jpeg"}],"author":"Andreia Ferreira | Lusa","twitter_card":"summary_large_image","twitter_creator":"@altominhoTV","twitter_site":"@altominhoTV","twitter_misc":{"Escrito por":"Andreia Ferreira | Lusa","Tempo estimado de leitura":"3 minutos"},"schema":{"@context":"https:\/\/schema.org","@graph":[{"@type":"Article","@id":"https:\/\/www.altominho.tv\/site\/2020\/04\/21\/deco-alerta-para-atuacao-lesiva-da-aguas-do-alto-minho-sobre-consumidores\/#article","isPartOf":{"@id":"https:\/\/www.altominho.tv\/site\/2020\/04\/21\/deco-alerta-para-atuacao-lesiva-da-aguas-do-alto-minho-sobre-consumidores\/"},"author":{"name":"Andreia Ferreira | Lusa","@id":"https:\/\/www.altominho.tv\/site\/#\/schema\/person\/a0bff6dc1041aadd46fa81887444b017"},"headline":"Deco alerta para atua\u00e7\u00e3o lesiva da \u00c1guas do Alto Minho sobre consumidores","datePublished":"2020-04-21T09:43:01+00:00","dateModified":"2020-04-21T09:45:29+00:00","mainEntityOfPage":{"@id":"https:\/\/www.altominho.tv\/site\/2020\/04\/21\/deco-alerta-para-atuacao-lesiva-da-aguas-do-alto-minho-sobre-consumidores\/"},"wordCount":524,"image":{"@id":"https:\/\/www.altominho.tv\/site\/2020\/04\/21\/deco-alerta-para-atuacao-lesiva-da-aguas-do-alto-minho-sobre-consumidores\/#primaryimage"},"thumbnailUrl":"https:\/\/www.altominho.tv\/site\/wp-content\/uploads\/2019\/11\/agua.jpg","keywords":["Sociedade"],"articleSection":["Alto Minho"],"inLanguage":"pt-PT","copyrightYear":"2020","copyrightHolder":{"@id":"https:\/\/www.altominho.tv\/site\/#organization"}},{"@type":"WebPage","@id":"https:\/\/www.altominho.tv\/site\/2020\/04\/21\/deco-alerta-para-atuacao-lesiva-da-aguas-do-alto-minho-sobre-consumidores\/","url":"https:\/\/www.altominho.tv\/site\/2020\/04\/21\/deco-alerta-para-atuacao-lesiva-da-aguas-do-alto-minho-sobre-consumidores\/","name":"Deco alerta para atua\u00e7\u00e3o lesiva da \u00c1guas do Alto Minho sobre consumidores","isPartOf":{"@id":"https:\/\/www.altominho.tv\/site\/#website"},"primaryImageOfPage":{"@id":"https:\/\/www.altominho.tv\/site\/2020\/04\/21\/deco-alerta-para-atuacao-lesiva-da-aguas-do-alto-minho-sobre-consumidores\/#primaryimage"},"image":{"@id":"https:\/\/www.altominho.tv\/site\/2020\/04\/21\/deco-alerta-para-atuacao-lesiva-da-aguas-do-alto-minho-sobre-consumidores\/#primaryimage"},"thumbnailUrl":"https:\/\/www.altominho.tv\/site\/wp-content\/uploads\/2019\/11\/agua.jpg","datePublished":"2020-04-21T09:43:01+00:00","dateModified":"2020-04-21T09:45:29+00:00","author":{"@id":"https:\/\/www.altominho.tv\/site\/#\/schema\/person\/a0bff6dc1041aadd46fa81887444b017"},"breadcrumb":{"@id":"https:\/\/www.altominho.tv\/site\/2020\/04\/21\/deco-alerta-para-atuacao-lesiva-da-aguas-do-alto-minho-sobre-consumidores\/#breadcrumb"},"inLanguage":"pt-PT","potentialAction":[{"@type":"ReadAction","target":["https:\/\/www.altominho.tv\/site\/2020\/04\/21\/deco-alerta-para-atuacao-lesiva-da-aguas-do-alto-minho-sobre-consumidores\/"]}]},{"@type":"ImageObject","inLanguage":"pt-PT","@id":"https:\/\/www.altominho.tv\/site\/2020\/04\/21\/deco-alerta-para-atuacao-lesiva-da-aguas-do-alto-minho-sobre-consumidores\/#primaryimage","url":"https:\/\/www.altominho.tv\/site\/wp-content\/uploads\/2019\/11\/agua.jpg","contentUrl":"https:\/\/www.altominho.tv\/site\/wp-content\/uploads\/2019\/11\/agua.jpg","width":1949,"height":962},{"@type":"BreadcrumbList","@id":"https:\/\/www.altominho.tv\/site\/2020\/04\/21\/deco-alerta-para-atuacao-lesiva-da-aguas-do-alto-minho-sobre-consumidores\/#breadcrumb","itemListElement":[{"@type":"ListItem","position":1,"name":"In\u00edcio","item":"https:\/\/www.altominho.tv\/site\/"},{"@type":"ListItem","position":2,"name":"Deco alerta para atua\u00e7\u00e3o lesiva da \u00c1guas do Alto Minho sobre consumidores"}]},{"@type":"WebSite","@id":"https:\/\/www.altominho.tv\/site\/#website","url":"https:\/\/www.altominho.tv\/site\/","name":"Altominho.tv","description":"A sua regi\u00e3o \u00e0 dist\u00e2ncia de um clique...","potentialAction":[{"@type":"SearchAction","target":{"@type":"EntryPoint","urlTemplate":"https:\/\/www.altominho.tv\/site\/?s={search_term_string}"},"query-input":{"@type":"PropertyValueSpecification","valueRequired":true,"valueName":"search_term_string"}}],"inLanguage":"pt-PT"},{"@type":"Person","@id":"https:\/\/www.altominho.tv\/site\/#\/schema\/person\/a0bff6dc1041aadd46fa81887444b017","name":"Andreia Ferreira | Lusa","image":{"@type":"ImageObject","inLanguage":"pt-PT","@id":"https:\/\/www.altominho.tv\/site\/wp-content\/uploads\/2018\/04\/Andreia-150x150.jpg","url":"https:\/\/www.altominho.tv\/site\/wp-content\/uploads\/2018\/04\/Andreia-150x150.jpg","contentUrl":"https:\/\/www.altominho.tv\/site\/wp-content\/uploads\/2018\/04\/Andreia-150x150.jpg","caption":"Andreia Ferreira | Lusa"},"sameAs":["https:\/\/www.altominho.tv\/site"],"url":"https:\/\/www.altominho.tv\/site\/author\/andreiaferreiralusa\/"}]}},"_links":{"self":[{"href":"https:\/\/www.altominho.tv\/site\/wp-json\/wp\/v2\/posts\/44652","targetHints":{"allow":["GET"]}}],"collection":[{"href":"https:\/\/www.altominho.tv\/site\/wp-json\/wp\/v2\/posts"}],"about":[{"href":"https:\/\/www.altominho.tv\/site\/wp-json\/wp\/v2\/types\/post"}],"author":[{"embeddable":true,"href":"https:\/\/www.altominho.tv\/site\/wp-json\/wp\/v2\/users\/15"}],"replies":[{"embeddable":true,"href":"https:\/\/www.altominho.tv\/site\/wp-json\/wp\/v2\/comments?post=44652"}],"version-history":[{"count":0,"href":"https:\/\/www.altominho.tv\/site\/wp-json\/wp\/v2\/posts\/44652\/revisions"}],"wp:featuredmedia":[{"embeddable":true,"href":"https:\/\/www.altominho.tv\/site\/wp-json\/wp\/v2\/media\/36819"}],"wp:attachment":[{"href":"https:\/\/www.altominho.tv\/site\/wp-json\/wp\/v2\/media?parent=44652"}],"wp:term":[{"taxonomy":"category","embeddable":true,"href":"https:\/\/www.altominho.tv\/site\/wp-json\/wp\/v2\/categories?post=44652"},{"taxonomy":"post_tag","embeddable":true,"href":"https:\/\/www.altominho.tv\/site\/wp-json\/wp\/v2\/tags?post=44652"}],"curies":[{"name":"wp","href":"https:\/\/api.w.org\/{rel}","templated":true}]}}