{"id":44607,"date":"2020-04-20T18:31:00","date_gmt":"2020-04-20T17:31:00","guid":{"rendered":"http:\/\/www.altominho.tv\/site\/?p=44607"},"modified":"2020-04-20T18:31:49","modified_gmt":"2020-04-20T17:31:49","slug":"ponte-de-lima-empresta-esta-semana-75-tablets-a-alunos-carenciados","status":"publish","type":"post","link":"https:\/\/www.altominho.tv\/site\/2020\/04\/20\/ponte-de-lima-empresta-esta-semana-75-tablets-a-alunos-carenciados\/","title":{"rendered":"Ponte de Lima empresta esta semana 75 \u2018tablets\u2019 a alunos carenciados"},"content":{"rendered":"\n<p> O presidente da C\u00e2mara de Ponte de Lima, Victor Mendes disse hoje que o munic\u00edpio vai emprestar, esta semana, 75 &#8216;tablets&#8217; e fornecer o acesso \u00e0 internet para garantir o ensino \u00e0 dist\u00e2ncia de alunos carenciados do concelho.<\/p>\n\n\n\n<p><br>Em declara\u00e7\u00f5es \u00e0 ag\u00eancia Lusa, o autarca do CDS-PP adiantou que os equipamentos &#8220;j\u00e1 se encontram nos v\u00e1rios agrupamentos de escolas como suporte a v\u00e1rios projetos pedag\u00f3gicos&#8221;.<br>&#8220;O levantamento das necessidades foi efetuado e apresentado \u00e0 autarquia pelos diretores dos agrupamentos de escolas, sendo que os mesmos tamb\u00e9m v\u00e3o gerir a entrega dos equipamentos aos alunos, mediante a assinatura de um termo de responsabilidade&#8221;, referiu Victor Mendes.<\/p>\n\n\n\n<p><br>A C\u00e2mara de Ponte de Lima, no distrito de Viana do Castelo, &#8220;tamb\u00e9m vai fornecer o acesso \u00e0 Internet, durante tr\u00eas meses, a 250 fam\u00edlias referenciadas pelos quatro agrupamentos de escolas, num investimento de 18 mil euros, sendo que os dispositivos dever\u00e3o ser entregues esta semana nas escolas&#8221;.<br>Desde 16 de mar\u00e7o que todos os estabelecimentos de ensino est\u00e3o encerrados, por decis\u00e3o do Governo para tentar controlar a dissemina\u00e7\u00e3o do novo coronav\u00edrus, que j\u00e1 infetou cerca de 20 mil pessoas em Portugal.<br>Mais de dois milh\u00f5es de crian\u00e7as e jovens, desde creches ao ensino superior, ficaram em casa e a maioria tem aulas \u00e0 dist\u00e2ncia atrav\u00e9s de plataformas &#8216;online&#8217; ou trocas de &#8217;emails&#8217; com os seus professores.\u00a0<\/p>\n\n\n\n<p><br>Victor Mendes acrescentou que o munic\u00edpio de Ponte de Lima &#8220;adquiriu 70.000 m\u00e1scaras, num investimento aproximado de 150 mil euros, sendo que uma grande parte deste material est\u00e1 a ser distribu\u00eddo \u00e0s Institui\u00e7\u00f5es Particulares de Solidariedade Social (IPSS) e aos Bombeiros Volunt\u00e1rios&#8221;, revelando que, nesta fase, n\u00e3o est\u00e1 prevista a distribui\u00e7\u00e3o de m\u00e1scaras de uso comunit\u00e1rios \u00e0 popula\u00e7\u00e3o do concelho.<\/p>\n\n\n\n<p><br>Portugal regista 735 mortos associados \u00e0 covid-19 em 20.863 casos confirmados de infe\u00e7\u00e3o, segundo o boletim di\u00e1rio da Dire\u00e7\u00e3o-Geral da Sa\u00fade (DGS) sobre a pandemia.<\/p>\n\n\n\n<p><br>Portugal cumpre o terceiro per\u00edodo de 15 dias de estado de emerg\u00eancia, iniciado em 19 de mar\u00e7o, e o decreto presidencial que prolongou a medida at\u00e9 02 de maio prev\u00ea a possibilidade de uma &#8220;abertura gradual, faseada ou alternada de servi\u00e7os, empresas ou estabelecimentos comerciais&#8221;.<\/p>\n\n\n\n<p><\/p>\n","protected":false},"excerpt":{"rendered":"<p>O presidente da C\u00e2mara de Ponte de Lima, Victor Mendes disse hoje que o munic\u00edpio vai emprestar, esta semana, 75 &#8216;tablets&#8217; e fornecer o acesso \u00e0 internet para garantir o ensino \u00e0 dist\u00e2ncia de alunos carenciados do concelho. Em declara\u00e7\u00f5es \u00e0 ag\u00eancia Lusa, o autarca do CDS-PP adiantou que os equipamentos &#8220;j\u00e1 se encontram nos [&hellip;]<\/p>\n","protected":false},"author":16,"featured_media":44608,"comment_status":"closed","ping_status":"closed","sticky":false,"template":"","format":"standard","meta":{"_exactmetrics_skip_tracking":false,"_exactmetrics_sitenote_active":false,"_exactmetrics_sitenote_note":"","_exactmetrics_sitenote_category":0,"footnotes":""},"categories":[12],"tags":[27],"class_list":["post-44607","post","type-post","status-publish","format-standard","has-post-thumbnail","hentry","category-ponte-de-lima","tag-sociedade"],"yoast_head":"<!-- This site is optimized with the Yoast SEO Premium plugin v27.4 (Yoast SEO v27.4) - https:\/\/yoast.com\/product\/yoast-seo-premium-wordpress\/ -->\n<title>Ponte de Lima empresta esta semana 75 \u2018tablets\u2019 a alunos carenciados<\/title>\n<meta name=\"robots\" content=\"index, follow, max-snippet:-1, max-image-preview:large, max-video-preview:-1\" \/>\n<link rel=\"canonical\" href=\"https:\/\/www.altominho.tv\/site\/2020\/04\/20\/ponte-de-lima-empresta-esta-semana-75-tablets-a-alunos-carenciados\/\" \/>\n<meta property=\"og:locale\" content=\"pt_PT\" \/>\n<meta property=\"og:type\" content=\"article\" \/>\n<meta property=\"og:title\" content=\"Ponte de Lima empresta esta semana 75 \u2018tablets\u2019 a alunos carenciados\" \/>\n<meta property=\"og:description\" content=\"O presidente da C\u00e2mara de Ponte de Lima, Victor Mendes disse hoje que o munic\u00edpio vai emprestar, esta semana, 75 &#8216;tablets&#8217; e fornecer o acesso \u00e0 internet para garantir o ensino \u00e0 dist\u00e2ncia de alunos carenciados do concelho. Em declara\u00e7\u00f5es \u00e0 ag\u00eancia Lusa, o autarca do CDS-PP adiantou que os equipamentos &#8220;j\u00e1 se encontram nos [&hellip;]\" \/>\n<meta property=\"og:url\" content=\"https:\/\/www.altominho.tv\/site\/2020\/04\/20\/ponte-de-lima-empresta-esta-semana-75-tablets-a-alunos-carenciados\/\" \/>\n<meta property=\"og:site_name\" content=\"Altominho.tv\" \/>\n<meta property=\"article:publisher\" content=\"https:\/\/www.facebook.com\/altominhotv\" \/>\n<meta property=\"article:published_time\" content=\"2020-04-20T17:31:00+00:00\" \/>\n<meta property=\"article:modified_time\" content=\"2020-04-20T17:31:49+00:00\" \/>\n<meta property=\"og:image\" content=\"https:\/\/www.altominho.tv\/site\/wp-content\/uploads\/2020\/04\/Captura-de-ecra\u0303-2020-04-20-a\u0300s-18.30.10.jpg\" \/>\n\t<meta property=\"og:image:width\" content=\"2560\" \/>\n\t<meta property=\"og:image:height\" content=\"1440\" \/>\n\t<meta property=\"og:image:type\" content=\"image\/jpeg\" \/>\n<meta name=\"author\" content=\"Andreia Cunha | Lusa\" \/>\n<meta name=\"twitter:card\" content=\"summary_large_image\" \/>\n<meta name=\"twitter:creator\" content=\"@altominhoTV\" \/>\n<meta name=\"twitter:site\" content=\"@altominhoTV\" \/>\n<meta name=\"twitter:label1\" content=\"Escrito por\" \/>\n\t<meta name=\"twitter:data1\" content=\"Andreia Cunha | Lusa\" \/>\n\t<meta name=\"twitter:label2\" content=\"Tempo estimado de leitura\" \/>\n\t<meta name=\"twitter:data2\" content=\"2 minutos\" \/>\n<script type=\"application\/ld+json\" class=\"yoast-schema-graph\">{\"@context\":\"https:\\\/\\\/schema.org\",\"@graph\":[{\"@type\":\"Article\",\"@id\":\"https:\\\/\\\/www.altominho.tv\\\/site\\\/2020\\\/04\\\/20\\\/ponte-de-lima-empresta-esta-semana-75-tablets-a-alunos-carenciados\\\/#article\",\"isPartOf\":{\"@id\":\"https:\\\/\\\/www.altominho.tv\\\/site\\\/2020\\\/04\\\/20\\\/ponte-de-lima-empresta-esta-semana-75-tablets-a-alunos-carenciados\\\/\"},\"author\":{\"name\":\"Andreia Cunha | Lusa\",\"@id\":\"https:\\\/\\\/www.altominho.tv\\\/site\\\/#\\\/schema\\\/person\\\/dbaf181c01b51ff40c9f461a905d321e\"},\"headline\":\"Ponte de Lima empresta esta semana 75 \u2018tablets\u2019 a alunos carenciados\",\"datePublished\":\"2020-04-20T17:31:00+00:00\",\"dateModified\":\"2020-04-20T17:31:49+00:00\",\"mainEntityOfPage\":{\"@id\":\"https:\\\/\\\/www.altominho.tv\\\/site\\\/2020\\\/04\\\/20\\\/ponte-de-lima-empresta-esta-semana-75-tablets-a-alunos-carenciados\\\/\"},\"wordCount\":384,\"image\":{\"@id\":\"https:\\\/\\\/www.altominho.tv\\\/site\\\/2020\\\/04\\\/20\\\/ponte-de-lima-empresta-esta-semana-75-tablets-a-alunos-carenciados\\\/#primaryimage\"},\"thumbnailUrl\":\"https:\\\/\\\/www.altominho.tv\\\/site\\\/wp-content\\\/uploads\\\/2020\\\/04\\\/Captura-de-ecra\u0303-2020-04-20-a\u0300s-18.30.10.jpg\",\"keywords\":[\"Sociedade\"],\"articleSection\":[\"Ponte de Lima\"],\"inLanguage\":\"pt-PT\",\"copyrightYear\":\"2020\",\"copyrightHolder\":{\"@id\":\"https:\\\/\\\/www.altominho.tv\\\/site\\\/#organization\"}},{\"@type\":\"WebPage\",\"@id\":\"https:\\\/\\\/www.altominho.tv\\\/site\\\/2020\\\/04\\\/20\\\/ponte-de-lima-empresta-esta-semana-75-tablets-a-alunos-carenciados\\\/\",\"url\":\"https:\\\/\\\/www.altominho.tv\\\/site\\\/2020\\\/04\\\/20\\\/ponte-de-lima-empresta-esta-semana-75-tablets-a-alunos-carenciados\\\/\",\"name\":\"Ponte de Lima empresta esta semana 75 \u2018tablets\u2019 a alunos carenciados\",\"isPartOf\":{\"@id\":\"https:\\\/\\\/www.altominho.tv\\\/site\\\/#website\"},\"primaryImageOfPage\":{\"@id\":\"https:\\\/\\\/www.altominho.tv\\\/site\\\/2020\\\/04\\\/20\\\/ponte-de-lima-empresta-esta-semana-75-tablets-a-alunos-carenciados\\\/#primaryimage\"},\"image\":{\"@id\":\"https:\\\/\\\/www.altominho.tv\\\/site\\\/2020\\\/04\\\/20\\\/ponte-de-lima-empresta-esta-semana-75-tablets-a-alunos-carenciados\\\/#primaryimage\"},\"thumbnailUrl\":\"https:\\\/\\\/www.altominho.tv\\\/site\\\/wp-content\\\/uploads\\\/2020\\\/04\\\/Captura-de-ecra\u0303-2020-04-20-a\u0300s-18.30.10.jpg\",\"datePublished\":\"2020-04-20T17:31:00+00:00\",\"dateModified\":\"2020-04-20T17:31:49+00:00\",\"author\":{\"@id\":\"https:\\\/\\\/www.altominho.tv\\\/site\\\/#\\\/schema\\\/person\\\/dbaf181c01b51ff40c9f461a905d321e\"},\"breadcrumb\":{\"@id\":\"https:\\\/\\\/www.altominho.tv\\\/site\\\/2020\\\/04\\\/20\\\/ponte-de-lima-empresta-esta-semana-75-tablets-a-alunos-carenciados\\\/#breadcrumb\"},\"inLanguage\":\"pt-PT\",\"potentialAction\":[{\"@type\":\"ReadAction\",\"target\":[\"https:\\\/\\\/www.altominho.tv\\\/site\\\/2020\\\/04\\\/20\\\/ponte-de-lima-empresta-esta-semana-75-tablets-a-alunos-carenciados\\\/\"]}]},{\"@type\":\"ImageObject\",\"inLanguage\":\"pt-PT\",\"@id\":\"https:\\\/\\\/www.altominho.tv\\\/site\\\/2020\\\/04\\\/20\\\/ponte-de-lima-empresta-esta-semana-75-tablets-a-alunos-carenciados\\\/#primaryimage\",\"url\":\"https:\\\/\\\/www.altominho.tv\\\/site\\\/wp-content\\\/uploads\\\/2020\\\/04\\\/Captura-de-ecra\u0303-2020-04-20-a\u0300s-18.30.10.jpg\",\"contentUrl\":\"https:\\\/\\\/www.altominho.tv\\\/site\\\/wp-content\\\/uploads\\\/2020\\\/04\\\/Captura-de-ecra\u0303-2020-04-20-a\u0300s-18.30.10.jpg\",\"width\":2560,\"height\":1440},{\"@type\":\"BreadcrumbList\",\"@id\":\"https:\\\/\\\/www.altominho.tv\\\/site\\\/2020\\\/04\\\/20\\\/ponte-de-lima-empresta-esta-semana-75-tablets-a-alunos-carenciados\\\/#breadcrumb\",\"itemListElement\":[{\"@type\":\"ListItem\",\"position\":1,\"name\":\"In\u00edcio\",\"item\":\"https:\\\/\\\/www.altominho.tv\\\/site\\\/\"},{\"@type\":\"ListItem\",\"position\":2,\"name\":\"Ponte de Lima empresta esta semana 75 \u2018tablets\u2019 a alunos carenciados\"}]},{\"@type\":\"WebSite\",\"@id\":\"https:\\\/\\\/www.altominho.tv\\\/site\\\/#website\",\"url\":\"https:\\\/\\\/www.altominho.tv\\\/site\\\/\",\"name\":\"Altominho.tv\",\"description\":\"A sua regi\u00e3o \u00e0 dist\u00e2ncia de um clique...\",\"potentialAction\":[{\"@type\":\"SearchAction\",\"target\":{\"@type\":\"EntryPoint\",\"urlTemplate\":\"https:\\\/\\\/www.altominho.tv\\\/site\\\/?s={search_term_string}\"},\"query-input\":{\"@type\":\"PropertyValueSpecification\",\"valueRequired\":true,\"valueName\":\"search_term_string\"}}],\"inLanguage\":\"pt-PT\"},{\"@type\":\"Person\",\"@id\":\"https:\\\/\\\/www.altominho.tv\\\/site\\\/#\\\/schema\\\/person\\\/dbaf181c01b51ff40c9f461a905d321e\",\"name\":\"Andreia Cunha | Lusa\",\"image\":{\"@type\":\"ImageObject\",\"inLanguage\":\"pt-PT\",\"@id\":\"https:\\\/\\\/www.altominho.tv\\\/site\\\/wp-content\\\/uploads\\\/2017\\\/11\\\/Andreia_Cunha-1-150x150.jpg\",\"url\":\"https:\\\/\\\/www.altominho.tv\\\/site\\\/wp-content\\\/uploads\\\/2017\\\/11\\\/Andreia_Cunha-1-150x150.jpg\",\"contentUrl\":\"https:\\\/\\\/www.altominho.tv\\\/site\\\/wp-content\\\/uploads\\\/2017\\\/11\\\/Andreia_Cunha-1-150x150.jpg\",\"caption\":\"Andreia Cunha | Lusa\"},\"sameAs\":[\"https:\\\/\\\/www.altominho.tv\\\/site\"],\"url\":\"https:\\\/\\\/www.altominho.tv\\\/site\\\/author\\\/andreiacunhalusa\\\/\"}]}<\/script>\n<!-- \/ Yoast SEO Premium plugin. -->","yoast_head_json":{"title":"Ponte de Lima empresta esta semana 75 \u2018tablets\u2019 a alunos carenciados","robots":{"index":"index","follow":"follow","max-snippet":"max-snippet:-1","max-image-preview":"max-image-preview:large","max-video-preview":"max-video-preview:-1"},"canonical":"https:\/\/www.altominho.tv\/site\/2020\/04\/20\/ponte-de-lima-empresta-esta-semana-75-tablets-a-alunos-carenciados\/","og_locale":"pt_PT","og_type":"article","og_title":"Ponte de Lima empresta esta semana 75 \u2018tablets\u2019 a alunos carenciados","og_description":"O presidente da C\u00e2mara de Ponte de Lima, Victor Mendes disse hoje que o munic\u00edpio vai emprestar, esta semana, 75 &#8216;tablets&#8217; e fornecer o acesso \u00e0 internet para garantir o ensino \u00e0 dist\u00e2ncia de alunos carenciados do concelho. Em declara\u00e7\u00f5es \u00e0 ag\u00eancia Lusa, o autarca do CDS-PP adiantou que os equipamentos &#8220;j\u00e1 se encontram nos [&hellip;]","og_url":"https:\/\/www.altominho.tv\/site\/2020\/04\/20\/ponte-de-lima-empresta-esta-semana-75-tablets-a-alunos-carenciados\/","og_site_name":"Altominho.tv","article_publisher":"https:\/\/www.facebook.com\/altominhotv","article_published_time":"2020-04-20T17:31:00+00:00","article_modified_time":"2020-04-20T17:31:49+00:00","og_image":[{"width":2560,"height":1440,"url":"https:\/\/www.altominho.tv\/site\/wp-content\/uploads\/2020\/04\/Captura-de-ecra\u0303-2020-04-20-a\u0300s-18.30.10.jpg","type":"image\/jpeg"}],"author":"Andreia Cunha | Lusa","twitter_card":"summary_large_image","twitter_creator":"@altominhoTV","twitter_site":"@altominhoTV","twitter_misc":{"Escrito por":"Andreia Cunha | Lusa","Tempo estimado de leitura":"2 minutos"},"schema":{"@context":"https:\/\/schema.org","@graph":[{"@type":"Article","@id":"https:\/\/www.altominho.tv\/site\/2020\/04\/20\/ponte-de-lima-empresta-esta-semana-75-tablets-a-alunos-carenciados\/#article","isPartOf":{"@id":"https:\/\/www.altominho.tv\/site\/2020\/04\/20\/ponte-de-lima-empresta-esta-semana-75-tablets-a-alunos-carenciados\/"},"author":{"name":"Andreia Cunha | Lusa","@id":"https:\/\/www.altominho.tv\/site\/#\/schema\/person\/dbaf181c01b51ff40c9f461a905d321e"},"headline":"Ponte de Lima empresta esta semana 75 \u2018tablets\u2019 a alunos carenciados","datePublished":"2020-04-20T17:31:00+00:00","dateModified":"2020-04-20T17:31:49+00:00","mainEntityOfPage":{"@id":"https:\/\/www.altominho.tv\/site\/2020\/04\/20\/ponte-de-lima-empresta-esta-semana-75-tablets-a-alunos-carenciados\/"},"wordCount":384,"image":{"@id":"https:\/\/www.altominho.tv\/site\/2020\/04\/20\/ponte-de-lima-empresta-esta-semana-75-tablets-a-alunos-carenciados\/#primaryimage"},"thumbnailUrl":"https:\/\/www.altominho.tv\/site\/wp-content\/uploads\/2020\/04\/Captura-de-ecra\u0303-2020-04-20-a\u0300s-18.30.10.jpg","keywords":["Sociedade"],"articleSection":["Ponte de Lima"],"inLanguage":"pt-PT","copyrightYear":"2020","copyrightHolder":{"@id":"https:\/\/www.altominho.tv\/site\/#organization"}},{"@type":"WebPage","@id":"https:\/\/www.altominho.tv\/site\/2020\/04\/20\/ponte-de-lima-empresta-esta-semana-75-tablets-a-alunos-carenciados\/","url":"https:\/\/www.altominho.tv\/site\/2020\/04\/20\/ponte-de-lima-empresta-esta-semana-75-tablets-a-alunos-carenciados\/","name":"Ponte de Lima empresta esta semana 75 \u2018tablets\u2019 a alunos carenciados","isPartOf":{"@id":"https:\/\/www.altominho.tv\/site\/#website"},"primaryImageOfPage":{"@id":"https:\/\/www.altominho.tv\/site\/2020\/04\/20\/ponte-de-lima-empresta-esta-semana-75-tablets-a-alunos-carenciados\/#primaryimage"},"image":{"@id":"https:\/\/www.altominho.tv\/site\/2020\/04\/20\/ponte-de-lima-empresta-esta-semana-75-tablets-a-alunos-carenciados\/#primaryimage"},"thumbnailUrl":"https:\/\/www.altominho.tv\/site\/wp-content\/uploads\/2020\/04\/Captura-de-ecra\u0303-2020-04-20-a\u0300s-18.30.10.jpg","datePublished":"2020-04-20T17:31:00+00:00","dateModified":"2020-04-20T17:31:49+00:00","author":{"@id":"https:\/\/www.altominho.tv\/site\/#\/schema\/person\/dbaf181c01b51ff40c9f461a905d321e"},"breadcrumb":{"@id":"https:\/\/www.altominho.tv\/site\/2020\/04\/20\/ponte-de-lima-empresta-esta-semana-75-tablets-a-alunos-carenciados\/#breadcrumb"},"inLanguage":"pt-PT","potentialAction":[{"@type":"ReadAction","target":["https:\/\/www.altominho.tv\/site\/2020\/04\/20\/ponte-de-lima-empresta-esta-semana-75-tablets-a-alunos-carenciados\/"]}]},{"@type":"ImageObject","inLanguage":"pt-PT","@id":"https:\/\/www.altominho.tv\/site\/2020\/04\/20\/ponte-de-lima-empresta-esta-semana-75-tablets-a-alunos-carenciados\/#primaryimage","url":"https:\/\/www.altominho.tv\/site\/wp-content\/uploads\/2020\/04\/Captura-de-ecra\u0303-2020-04-20-a\u0300s-18.30.10.jpg","contentUrl":"https:\/\/www.altominho.tv\/site\/wp-content\/uploads\/2020\/04\/Captura-de-ecra\u0303-2020-04-20-a\u0300s-18.30.10.jpg","width":2560,"height":1440},{"@type":"BreadcrumbList","@id":"https:\/\/www.altominho.tv\/site\/2020\/04\/20\/ponte-de-lima-empresta-esta-semana-75-tablets-a-alunos-carenciados\/#breadcrumb","itemListElement":[{"@type":"ListItem","position":1,"name":"In\u00edcio","item":"https:\/\/www.altominho.tv\/site\/"},{"@type":"ListItem","position":2,"name":"Ponte de Lima empresta esta semana 75 \u2018tablets\u2019 a alunos carenciados"}]},{"@type":"WebSite","@id":"https:\/\/www.altominho.tv\/site\/#website","url":"https:\/\/www.altominho.tv\/site\/","name":"Altominho.tv","description":"A sua regi\u00e3o \u00e0 dist\u00e2ncia de um clique...","potentialAction":[{"@type":"SearchAction","target":{"@type":"EntryPoint","urlTemplate":"https:\/\/www.altominho.tv\/site\/?s={search_term_string}"},"query-input":{"@type":"PropertyValueSpecification","valueRequired":true,"valueName":"search_term_string"}}],"inLanguage":"pt-PT"},{"@type":"Person","@id":"https:\/\/www.altominho.tv\/site\/#\/schema\/person\/dbaf181c01b51ff40c9f461a905d321e","name":"Andreia Cunha | Lusa","image":{"@type":"ImageObject","inLanguage":"pt-PT","@id":"https:\/\/www.altominho.tv\/site\/wp-content\/uploads\/2017\/11\/Andreia_Cunha-1-150x150.jpg","url":"https:\/\/www.altominho.tv\/site\/wp-content\/uploads\/2017\/11\/Andreia_Cunha-1-150x150.jpg","contentUrl":"https:\/\/www.altominho.tv\/site\/wp-content\/uploads\/2017\/11\/Andreia_Cunha-1-150x150.jpg","caption":"Andreia Cunha | Lusa"},"sameAs":["https:\/\/www.altominho.tv\/site"],"url":"https:\/\/www.altominho.tv\/site\/author\/andreiacunhalusa\/"}]}},"_links":{"self":[{"href":"https:\/\/www.altominho.tv\/site\/wp-json\/wp\/v2\/posts\/44607","targetHints":{"allow":["GET"]}}],"collection":[{"href":"https:\/\/www.altominho.tv\/site\/wp-json\/wp\/v2\/posts"}],"about":[{"href":"https:\/\/www.altominho.tv\/site\/wp-json\/wp\/v2\/types\/post"}],"author":[{"embeddable":true,"href":"https:\/\/www.altominho.tv\/site\/wp-json\/wp\/v2\/users\/16"}],"replies":[{"embeddable":true,"href":"https:\/\/www.altominho.tv\/site\/wp-json\/wp\/v2\/comments?post=44607"}],"version-history":[{"count":0,"href":"https:\/\/www.altominho.tv\/site\/wp-json\/wp\/v2\/posts\/44607\/revisions"}],"wp:featuredmedia":[{"embeddable":true,"href":"https:\/\/www.altominho.tv\/site\/wp-json\/wp\/v2\/media\/44608"}],"wp:attachment":[{"href":"https:\/\/www.altominho.tv\/site\/wp-json\/wp\/v2\/media?parent=44607"}],"wp:term":[{"taxonomy":"category","embeddable":true,"href":"https:\/\/www.altominho.tv\/site\/wp-json\/wp\/v2\/categories?post=44607"},{"taxonomy":"post_tag","embeddable":true,"href":"https:\/\/www.altominho.tv\/site\/wp-json\/wp\/v2\/tags?post=44607"}],"curies":[{"name":"wp","href":"https:\/\/api.w.org\/{rel}","templated":true}]}}