{"id":44578,"date":"2020-04-20T13:30:46","date_gmt":"2020-04-20T12:30:46","guid":{"rendered":"http:\/\/www.altominho.tv\/site\/?p=44578"},"modified":"2020-04-20T13:30:50","modified_gmt":"2020-04-20T12:30:50","slug":"arcos-de-valdevez-investe-40-mil-euros-em-computadores-para-mais-de-200-alunos","status":"publish","type":"post","link":"https:\/\/www.altominho.tv\/site\/2020\/04\/20\/arcos-de-valdevez-investe-40-mil-euros-em-computadores-para-mais-de-200-alunos\/","title":{"rendered":"Arcos de Valdevez investe 40 mil euros em computadores para mais de 200 alunos"},"content":{"rendered":"\n<p>O presidente da C\u00e2mara de Arcos de Valdevez transferiu 40 mil euros para o agrupamento escolar comprar computadores e acesso \u00e0 Internet para garantir ensino \u00e0 dist\u00e2ncia aos alunos, garantindo que o montante ser\u00e1 refor\u00e7ado se necess\u00e1rio.<br><\/p>\n\n\n\n<p>A c\u00e2mara estabeleceu um protocolo com o agrupamento de escolas e com a associa\u00e7\u00e3o de pais e transferiu 40 mil euros para a aquisi\u00e7\u00e3o de computadores e os respetivos acessos \u00e0 Internet. Caso surjam novas situa\u00e7\u00f5es de necessidade destes equipamentos est\u00e3o dispon\u00edveis para refor\u00e7ar esse apoio&#8221;, afirmou hoje Jo\u00e3o Manuel Esteves \u00e0 ag\u00eancia Lusa.<br><\/p>\n\n\n\n<p>O autarca social-democrata de Arcos de Valdevez, no distrito de Viana do Castelo, referiu que &#8220;numa primeira fase este material ser\u00e1 disponibilizado aos mais de 200 alunos referenciados pelo agrupamento de escolas&#8221;, mas admitiu que &#8220;possam vir a aparecer outros casos&#8221;, face &#8220;\u00e0s dificuldades que muitas fam\u00edlias enfrentam nesta fase de pandemia de covid-19&#8221;.<br><\/p>\n\n\n\n<p>&#8220;O material j\u00e1 foi encomendado e alguns equipamentos poder\u00e3o j\u00e1 estar\u00e3o nas escolas&#8221;, disse.<br><\/p>\n\n\n\n<p>Segundo Jo\u00e3o Manuel Esteves, o munic\u00edpio est\u00e1 a envolvido em dois projetos, um com um grupo de volunt\u00e1rios e, o outro, com uma empresa t\u00eaxtil do concelho para comprar m\u00e1scaras de uso comunit\u00e1rio e distribu\u00ed-las pela popula\u00e7\u00e3o.<br><\/p>\n\n\n\n<p>&#8220;Estamos a aguardar pelos pre\u00e7os, mas queremos adquirir mais de 10 mil m\u00e1scaras. Esperamos antes do final do m\u00eas come\u00e7ar a ter algum material&#8221;, referiu, adiantando que, at\u00e9 ao momento, o munic\u00edpio &#8220;j\u00e1 comprou e distribuiu pelas Institui\u00e7\u00f5es Particulares de Solidariedade Social (IPSS) cerca de 14.000 m\u00e1scaras e tem mais cinco mil para distribuir&#8221;.<br><\/p>\n\n\n\n<p>Portugal regista hoje 735 mortos associados \u00e0 covid-19, mais 21 do que no domingo, e 20.863 infetados (mais 657), indica o boletim epidemiol\u00f3gico divulgado hoje pela Dire\u00e7\u00e3o-Geral da Sa\u00fade (DGS).<br><\/p>\n\n\n\n<p>Comparando com os dados de domingo, em que se registavam 714 mortos, hoje constatou-se um aumento percentual de 2,9%.<br><\/p>\n\n\n\n<p>Relativamente ao n\u00famero de casos confirmados de infe\u00e7\u00e3o pelo novo coronav\u00edrus, os dados da DGS revelam que h\u00e1 mais 657 casos do que no domingo, representando uma subida de 3,3%.<br><\/p>\n\n\n\n<p>A regi\u00e3o Norte \u00e9 a que regista o maior n\u00famero de mortos (424), seguida pelo Centro (164), pela regi\u00e3o de Lisboa e Vale Tejo (130), do Algarve (11) e dos A\u00e7ores (6), adianta o relat\u00f3rio da situa\u00e7\u00e3o epidemiol\u00f3gica, com dados atualizados at\u00e9 \u00e0s 24:00 de domingo.<\/p>\n","protected":false},"excerpt":{"rendered":"<p>O presidente da C\u00e2mara de Arcos de Valdevez transferiu 40 mil euros para o agrupamento escolar comprar computadores e acesso \u00e0 Internet para garantir ensino \u00e0 dist\u00e2ncia aos alunos, garantindo que o montante ser\u00e1 refor\u00e7ado se necess\u00e1rio. A c\u00e2mara estabeleceu um protocolo com o agrupamento de escolas e com a associa\u00e7\u00e3o de pais e transferiu [&hellip;]<\/p>\n","protected":false},"author":16,"featured_media":43143,"comment_status":"closed","ping_status":"closed","sticky":false,"template":"","format":"standard","meta":{"_exactmetrics_skip_tracking":false,"_exactmetrics_sitenote_active":false,"_exactmetrics_sitenote_note":"","_exactmetrics_sitenote_category":0,"footnotes":""},"categories":[2],"tags":[22,26],"class_list":["post-44578","post","type-post","status-publish","format-standard","has-post-thumbnail","hentry","category-arcos-de-valdevez","tag-educacao","tag-saude"],"yoast_head":"<!-- This site is optimized with the Yoast SEO Premium plugin v27.4 (Yoast SEO v27.4) - https:\/\/yoast.com\/product\/yoast-seo-premium-wordpress\/ -->\n<title>Arcos de Valdevez investe 40 mil euros em computadores para mais de 200 alunos<\/title>\n<meta name=\"robots\" content=\"index, follow, max-snippet:-1, max-image-preview:large, max-video-preview:-1\" \/>\n<link rel=\"canonical\" href=\"https:\/\/www.altominho.tv\/site\/2020\/04\/20\/arcos-de-valdevez-investe-40-mil-euros-em-computadores-para-mais-de-200-alunos\/\" \/>\n<meta property=\"og:locale\" content=\"pt_PT\" \/>\n<meta property=\"og:type\" content=\"article\" \/>\n<meta property=\"og:title\" content=\"Arcos de Valdevez investe 40 mil euros em computadores para mais de 200 alunos\" \/>\n<meta property=\"og:description\" content=\"O presidente da C\u00e2mara de Arcos de Valdevez transferiu 40 mil euros para o agrupamento escolar comprar computadores e acesso \u00e0 Internet para garantir ensino \u00e0 dist\u00e2ncia aos alunos, garantindo que o montante ser\u00e1 refor\u00e7ado se necess\u00e1rio. A c\u00e2mara estabeleceu um protocolo com o agrupamento de escolas e com a associa\u00e7\u00e3o de pais e transferiu [&hellip;]\" \/>\n<meta property=\"og:url\" content=\"https:\/\/www.altominho.tv\/site\/2020\/04\/20\/arcos-de-valdevez-investe-40-mil-euros-em-computadores-para-mais-de-200-alunos\/\" \/>\n<meta property=\"og:site_name\" content=\"Altominho.tv\" \/>\n<meta property=\"article:publisher\" content=\"https:\/\/www.facebook.com\/altominhotv\" \/>\n<meta property=\"article:published_time\" content=\"2020-04-20T12:30:46+00:00\" \/>\n<meta property=\"article:modified_time\" content=\"2020-04-20T12:30:50+00:00\" \/>\n<meta property=\"og:image\" content=\"https:\/\/www.altominho.tv\/site\/wp-content\/uploads\/2020\/03\/Presidente_Arcos.jpg\" \/>\n\t<meta property=\"og:image:width\" content=\"740\" \/>\n\t<meta property=\"og:image:height\" content=\"431\" \/>\n\t<meta property=\"og:image:type\" content=\"image\/jpeg\" \/>\n<meta name=\"author\" content=\"Andreia Cunha | Lusa\" \/>\n<meta name=\"twitter:card\" content=\"summary_large_image\" \/>\n<meta name=\"twitter:creator\" content=\"@altominhoTV\" \/>\n<meta name=\"twitter:site\" content=\"@altominhoTV\" \/>\n<meta name=\"twitter:label1\" content=\"Escrito por\" \/>\n\t<meta name=\"twitter:data1\" content=\"Andreia Cunha | Lusa\" \/>\n\t<meta name=\"twitter:label2\" content=\"Tempo estimado de leitura\" \/>\n\t<meta name=\"twitter:data2\" content=\"2 minutos\" \/>\n<script type=\"application\/ld+json\" class=\"yoast-schema-graph\">{\"@context\":\"https:\\\/\\\/schema.org\",\"@graph\":[{\"@type\":\"Article\",\"@id\":\"https:\\\/\\\/www.altominho.tv\\\/site\\\/2020\\\/04\\\/20\\\/arcos-de-valdevez-investe-40-mil-euros-em-computadores-para-mais-de-200-alunos\\\/#article\",\"isPartOf\":{\"@id\":\"https:\\\/\\\/www.altominho.tv\\\/site\\\/2020\\\/04\\\/20\\\/arcos-de-valdevez-investe-40-mil-euros-em-computadores-para-mais-de-200-alunos\\\/\"},\"author\":{\"name\":\"Andreia Cunha | Lusa\",\"@id\":\"https:\\\/\\\/www.altominho.tv\\\/site\\\/#\\\/schema\\\/person\\\/dbaf181c01b51ff40c9f461a905d321e\"},\"headline\":\"Arcos de Valdevez investe 40 mil euros em computadores para mais de 200 alunos\",\"datePublished\":\"2020-04-20T12:30:46+00:00\",\"dateModified\":\"2020-04-20T12:30:50+00:00\",\"mainEntityOfPage\":{\"@id\":\"https:\\\/\\\/www.altominho.tv\\\/site\\\/2020\\\/04\\\/20\\\/arcos-de-valdevez-investe-40-mil-euros-em-computadores-para-mais-de-200-alunos\\\/\"},\"wordCount\":406,\"image\":{\"@id\":\"https:\\\/\\\/www.altominho.tv\\\/site\\\/2020\\\/04\\\/20\\\/arcos-de-valdevez-investe-40-mil-euros-em-computadores-para-mais-de-200-alunos\\\/#primaryimage\"},\"thumbnailUrl\":\"https:\\\/\\\/www.altominho.tv\\\/site\\\/wp-content\\\/uploads\\\/2020\\\/03\\\/Presidente_Arcos.jpg\",\"keywords\":[\"Educa\u00e7\u00e3o\",\"Sa\u00fade\"],\"articleSection\":[\"Arcos de Valdevez\"],\"inLanguage\":\"pt-PT\",\"copyrightYear\":\"2020\",\"copyrightHolder\":{\"@id\":\"https:\\\/\\\/www.altominho.tv\\\/site\\\/#organization\"}},{\"@type\":\"WebPage\",\"@id\":\"https:\\\/\\\/www.altominho.tv\\\/site\\\/2020\\\/04\\\/20\\\/arcos-de-valdevez-investe-40-mil-euros-em-computadores-para-mais-de-200-alunos\\\/\",\"url\":\"https:\\\/\\\/www.altominho.tv\\\/site\\\/2020\\\/04\\\/20\\\/arcos-de-valdevez-investe-40-mil-euros-em-computadores-para-mais-de-200-alunos\\\/\",\"name\":\"Arcos de Valdevez investe 40 mil euros em computadores para mais de 200 alunos\",\"isPartOf\":{\"@id\":\"https:\\\/\\\/www.altominho.tv\\\/site\\\/#website\"},\"primaryImageOfPage\":{\"@id\":\"https:\\\/\\\/www.altominho.tv\\\/site\\\/2020\\\/04\\\/20\\\/arcos-de-valdevez-investe-40-mil-euros-em-computadores-para-mais-de-200-alunos\\\/#primaryimage\"},\"image\":{\"@id\":\"https:\\\/\\\/www.altominho.tv\\\/site\\\/2020\\\/04\\\/20\\\/arcos-de-valdevez-investe-40-mil-euros-em-computadores-para-mais-de-200-alunos\\\/#primaryimage\"},\"thumbnailUrl\":\"https:\\\/\\\/www.altominho.tv\\\/site\\\/wp-content\\\/uploads\\\/2020\\\/03\\\/Presidente_Arcos.jpg\",\"datePublished\":\"2020-04-20T12:30:46+00:00\",\"dateModified\":\"2020-04-20T12:30:50+00:00\",\"author\":{\"@id\":\"https:\\\/\\\/www.altominho.tv\\\/site\\\/#\\\/schema\\\/person\\\/dbaf181c01b51ff40c9f461a905d321e\"},\"breadcrumb\":{\"@id\":\"https:\\\/\\\/www.altominho.tv\\\/site\\\/2020\\\/04\\\/20\\\/arcos-de-valdevez-investe-40-mil-euros-em-computadores-para-mais-de-200-alunos\\\/#breadcrumb\"},\"inLanguage\":\"pt-PT\",\"potentialAction\":[{\"@type\":\"ReadAction\",\"target\":[\"https:\\\/\\\/www.altominho.tv\\\/site\\\/2020\\\/04\\\/20\\\/arcos-de-valdevez-investe-40-mil-euros-em-computadores-para-mais-de-200-alunos\\\/\"]}]},{\"@type\":\"ImageObject\",\"inLanguage\":\"pt-PT\",\"@id\":\"https:\\\/\\\/www.altominho.tv\\\/site\\\/2020\\\/04\\\/20\\\/arcos-de-valdevez-investe-40-mil-euros-em-computadores-para-mais-de-200-alunos\\\/#primaryimage\",\"url\":\"https:\\\/\\\/www.altominho.tv\\\/site\\\/wp-content\\\/uploads\\\/2020\\\/03\\\/Presidente_Arcos.jpg\",\"contentUrl\":\"https:\\\/\\\/www.altominho.tv\\\/site\\\/wp-content\\\/uploads\\\/2020\\\/03\\\/Presidente_Arcos.jpg\",\"width\":740,\"height\":431},{\"@type\":\"BreadcrumbList\",\"@id\":\"https:\\\/\\\/www.altominho.tv\\\/site\\\/2020\\\/04\\\/20\\\/arcos-de-valdevez-investe-40-mil-euros-em-computadores-para-mais-de-200-alunos\\\/#breadcrumb\",\"itemListElement\":[{\"@type\":\"ListItem\",\"position\":1,\"name\":\"In\u00edcio\",\"item\":\"https:\\\/\\\/www.altominho.tv\\\/site\\\/\"},{\"@type\":\"ListItem\",\"position\":2,\"name\":\"Arcos de Valdevez investe 40 mil euros em computadores para mais de 200 alunos\"}]},{\"@type\":\"WebSite\",\"@id\":\"https:\\\/\\\/www.altominho.tv\\\/site\\\/#website\",\"url\":\"https:\\\/\\\/www.altominho.tv\\\/site\\\/\",\"name\":\"Altominho.tv\",\"description\":\"A sua regi\u00e3o \u00e0 dist\u00e2ncia de um clique...\",\"potentialAction\":[{\"@type\":\"SearchAction\",\"target\":{\"@type\":\"EntryPoint\",\"urlTemplate\":\"https:\\\/\\\/www.altominho.tv\\\/site\\\/?s={search_term_string}\"},\"query-input\":{\"@type\":\"PropertyValueSpecification\",\"valueRequired\":true,\"valueName\":\"search_term_string\"}}],\"inLanguage\":\"pt-PT\"},{\"@type\":\"Person\",\"@id\":\"https:\\\/\\\/www.altominho.tv\\\/site\\\/#\\\/schema\\\/person\\\/dbaf181c01b51ff40c9f461a905d321e\",\"name\":\"Andreia Cunha | Lusa\",\"image\":{\"@type\":\"ImageObject\",\"inLanguage\":\"pt-PT\",\"@id\":\"https:\\\/\\\/www.altominho.tv\\\/site\\\/wp-content\\\/uploads\\\/2017\\\/11\\\/Andreia_Cunha-1-150x150.jpg\",\"url\":\"https:\\\/\\\/www.altominho.tv\\\/site\\\/wp-content\\\/uploads\\\/2017\\\/11\\\/Andreia_Cunha-1-150x150.jpg\",\"contentUrl\":\"https:\\\/\\\/www.altominho.tv\\\/site\\\/wp-content\\\/uploads\\\/2017\\\/11\\\/Andreia_Cunha-1-150x150.jpg\",\"caption\":\"Andreia Cunha | Lusa\"},\"sameAs\":[\"https:\\\/\\\/www.altominho.tv\\\/site\"],\"url\":\"https:\\\/\\\/www.altominho.tv\\\/site\\\/author\\\/andreiacunhalusa\\\/\"}]}<\/script>\n<!-- \/ Yoast SEO Premium plugin. -->","yoast_head_json":{"title":"Arcos de Valdevez investe 40 mil euros em computadores para mais de 200 alunos","robots":{"index":"index","follow":"follow","max-snippet":"max-snippet:-1","max-image-preview":"max-image-preview:large","max-video-preview":"max-video-preview:-1"},"canonical":"https:\/\/www.altominho.tv\/site\/2020\/04\/20\/arcos-de-valdevez-investe-40-mil-euros-em-computadores-para-mais-de-200-alunos\/","og_locale":"pt_PT","og_type":"article","og_title":"Arcos de Valdevez investe 40 mil euros em computadores para mais de 200 alunos","og_description":"O presidente da C\u00e2mara de Arcos de Valdevez transferiu 40 mil euros para o agrupamento escolar comprar computadores e acesso \u00e0 Internet para garantir ensino \u00e0 dist\u00e2ncia aos alunos, garantindo que o montante ser\u00e1 refor\u00e7ado se necess\u00e1rio. A c\u00e2mara estabeleceu um protocolo com o agrupamento de escolas e com a associa\u00e7\u00e3o de pais e transferiu [&hellip;]","og_url":"https:\/\/www.altominho.tv\/site\/2020\/04\/20\/arcos-de-valdevez-investe-40-mil-euros-em-computadores-para-mais-de-200-alunos\/","og_site_name":"Altominho.tv","article_publisher":"https:\/\/www.facebook.com\/altominhotv","article_published_time":"2020-04-20T12:30:46+00:00","article_modified_time":"2020-04-20T12:30:50+00:00","og_image":[{"width":740,"height":431,"url":"https:\/\/www.altominho.tv\/site\/wp-content\/uploads\/2020\/03\/Presidente_Arcos.jpg","type":"image\/jpeg"}],"author":"Andreia Cunha | Lusa","twitter_card":"summary_large_image","twitter_creator":"@altominhoTV","twitter_site":"@altominhoTV","twitter_misc":{"Escrito por":"Andreia Cunha | Lusa","Tempo estimado de leitura":"2 minutos"},"schema":{"@context":"https:\/\/schema.org","@graph":[{"@type":"Article","@id":"https:\/\/www.altominho.tv\/site\/2020\/04\/20\/arcos-de-valdevez-investe-40-mil-euros-em-computadores-para-mais-de-200-alunos\/#article","isPartOf":{"@id":"https:\/\/www.altominho.tv\/site\/2020\/04\/20\/arcos-de-valdevez-investe-40-mil-euros-em-computadores-para-mais-de-200-alunos\/"},"author":{"name":"Andreia Cunha | Lusa","@id":"https:\/\/www.altominho.tv\/site\/#\/schema\/person\/dbaf181c01b51ff40c9f461a905d321e"},"headline":"Arcos de Valdevez investe 40 mil euros em computadores para mais de 200 alunos","datePublished":"2020-04-20T12:30:46+00:00","dateModified":"2020-04-20T12:30:50+00:00","mainEntityOfPage":{"@id":"https:\/\/www.altominho.tv\/site\/2020\/04\/20\/arcos-de-valdevez-investe-40-mil-euros-em-computadores-para-mais-de-200-alunos\/"},"wordCount":406,"image":{"@id":"https:\/\/www.altominho.tv\/site\/2020\/04\/20\/arcos-de-valdevez-investe-40-mil-euros-em-computadores-para-mais-de-200-alunos\/#primaryimage"},"thumbnailUrl":"https:\/\/www.altominho.tv\/site\/wp-content\/uploads\/2020\/03\/Presidente_Arcos.jpg","keywords":["Educa\u00e7\u00e3o","Sa\u00fade"],"articleSection":["Arcos de Valdevez"],"inLanguage":"pt-PT","copyrightYear":"2020","copyrightHolder":{"@id":"https:\/\/www.altominho.tv\/site\/#organization"}},{"@type":"WebPage","@id":"https:\/\/www.altominho.tv\/site\/2020\/04\/20\/arcos-de-valdevez-investe-40-mil-euros-em-computadores-para-mais-de-200-alunos\/","url":"https:\/\/www.altominho.tv\/site\/2020\/04\/20\/arcos-de-valdevez-investe-40-mil-euros-em-computadores-para-mais-de-200-alunos\/","name":"Arcos de Valdevez investe 40 mil euros em computadores para mais de 200 alunos","isPartOf":{"@id":"https:\/\/www.altominho.tv\/site\/#website"},"primaryImageOfPage":{"@id":"https:\/\/www.altominho.tv\/site\/2020\/04\/20\/arcos-de-valdevez-investe-40-mil-euros-em-computadores-para-mais-de-200-alunos\/#primaryimage"},"image":{"@id":"https:\/\/www.altominho.tv\/site\/2020\/04\/20\/arcos-de-valdevez-investe-40-mil-euros-em-computadores-para-mais-de-200-alunos\/#primaryimage"},"thumbnailUrl":"https:\/\/www.altominho.tv\/site\/wp-content\/uploads\/2020\/03\/Presidente_Arcos.jpg","datePublished":"2020-04-20T12:30:46+00:00","dateModified":"2020-04-20T12:30:50+00:00","author":{"@id":"https:\/\/www.altominho.tv\/site\/#\/schema\/person\/dbaf181c01b51ff40c9f461a905d321e"},"breadcrumb":{"@id":"https:\/\/www.altominho.tv\/site\/2020\/04\/20\/arcos-de-valdevez-investe-40-mil-euros-em-computadores-para-mais-de-200-alunos\/#breadcrumb"},"inLanguage":"pt-PT","potentialAction":[{"@type":"ReadAction","target":["https:\/\/www.altominho.tv\/site\/2020\/04\/20\/arcos-de-valdevez-investe-40-mil-euros-em-computadores-para-mais-de-200-alunos\/"]}]},{"@type":"ImageObject","inLanguage":"pt-PT","@id":"https:\/\/www.altominho.tv\/site\/2020\/04\/20\/arcos-de-valdevez-investe-40-mil-euros-em-computadores-para-mais-de-200-alunos\/#primaryimage","url":"https:\/\/www.altominho.tv\/site\/wp-content\/uploads\/2020\/03\/Presidente_Arcos.jpg","contentUrl":"https:\/\/www.altominho.tv\/site\/wp-content\/uploads\/2020\/03\/Presidente_Arcos.jpg","width":740,"height":431},{"@type":"BreadcrumbList","@id":"https:\/\/www.altominho.tv\/site\/2020\/04\/20\/arcos-de-valdevez-investe-40-mil-euros-em-computadores-para-mais-de-200-alunos\/#breadcrumb","itemListElement":[{"@type":"ListItem","position":1,"name":"In\u00edcio","item":"https:\/\/www.altominho.tv\/site\/"},{"@type":"ListItem","position":2,"name":"Arcos de Valdevez investe 40 mil euros em computadores para mais de 200 alunos"}]},{"@type":"WebSite","@id":"https:\/\/www.altominho.tv\/site\/#website","url":"https:\/\/www.altominho.tv\/site\/","name":"Altominho.tv","description":"A sua regi\u00e3o \u00e0 dist\u00e2ncia de um clique...","potentialAction":[{"@type":"SearchAction","target":{"@type":"EntryPoint","urlTemplate":"https:\/\/www.altominho.tv\/site\/?s={search_term_string}"},"query-input":{"@type":"PropertyValueSpecification","valueRequired":true,"valueName":"search_term_string"}}],"inLanguage":"pt-PT"},{"@type":"Person","@id":"https:\/\/www.altominho.tv\/site\/#\/schema\/person\/dbaf181c01b51ff40c9f461a905d321e","name":"Andreia Cunha | Lusa","image":{"@type":"ImageObject","inLanguage":"pt-PT","@id":"https:\/\/www.altominho.tv\/site\/wp-content\/uploads\/2017\/11\/Andreia_Cunha-1-150x150.jpg","url":"https:\/\/www.altominho.tv\/site\/wp-content\/uploads\/2017\/11\/Andreia_Cunha-1-150x150.jpg","contentUrl":"https:\/\/www.altominho.tv\/site\/wp-content\/uploads\/2017\/11\/Andreia_Cunha-1-150x150.jpg","caption":"Andreia Cunha | Lusa"},"sameAs":["https:\/\/www.altominho.tv\/site"],"url":"https:\/\/www.altominho.tv\/site\/author\/andreiacunhalusa\/"}]}},"_links":{"self":[{"href":"https:\/\/www.altominho.tv\/site\/wp-json\/wp\/v2\/posts\/44578","targetHints":{"allow":["GET"]}}],"collection":[{"href":"https:\/\/www.altominho.tv\/site\/wp-json\/wp\/v2\/posts"}],"about":[{"href":"https:\/\/www.altominho.tv\/site\/wp-json\/wp\/v2\/types\/post"}],"author":[{"embeddable":true,"href":"https:\/\/www.altominho.tv\/site\/wp-json\/wp\/v2\/users\/16"}],"replies":[{"embeddable":true,"href":"https:\/\/www.altominho.tv\/site\/wp-json\/wp\/v2\/comments?post=44578"}],"version-history":[{"count":0,"href":"https:\/\/www.altominho.tv\/site\/wp-json\/wp\/v2\/posts\/44578\/revisions"}],"wp:featuredmedia":[{"embeddable":true,"href":"https:\/\/www.altominho.tv\/site\/wp-json\/wp\/v2\/media\/43143"}],"wp:attachment":[{"href":"https:\/\/www.altominho.tv\/site\/wp-json\/wp\/v2\/media?parent=44578"}],"wp:term":[{"taxonomy":"category","embeddable":true,"href":"https:\/\/www.altominho.tv\/site\/wp-json\/wp\/v2\/categories?post=44578"},{"taxonomy":"post_tag","embeddable":true,"href":"https:\/\/www.altominho.tv\/site\/wp-json\/wp\/v2\/tags?post=44578"}],"curies":[{"name":"wp","href":"https:\/\/api.w.org\/{rel}","templated":true}]}}