{"id":44382,"date":"2020-04-17T11:46:27","date_gmt":"2020-04-17T10:46:27","guid":{"rendered":"http:\/\/www.altominho.tv\/site\/?p=44382"},"modified":"2020-04-17T11:53:50","modified_gmt":"2020-04-17T10:53:50","slug":"aprovada-a-adjudicacao-do-estudo-de-caraterizacao-e-inventario-do-santuario-de-n-s-da-peneda","status":"publish","type":"post","link":"https:\/\/www.altominho.tv\/site\/2020\/04\/17\/aprovada-a-adjudicacao-do-estudo-de-caraterizacao-e-inventario-do-santuario-de-n-s-da-peneda\/","title":{"rendered":"Aprovada a adjudica\u00e7\u00e3o do estudo de carateriza\u00e7\u00e3o e invent\u00e1rio do Santu\u00e1rio de N. S. da Peneda"},"content":{"rendered":"\n<p>A C\u00e2mara de Arcos de Valdevez, informou que na \u00faltima reuni\u00e3o de C\u00e2mara o Executivo adjudicou a elabora\u00e7\u00e3o do estudo de carateriza\u00e7\u00e3o e invent\u00e1rio do Santu\u00e1rio de Nossa Senhora da Peneda, pelo valor de 18.400,80\u20ac.<\/p>\n\n\n\n<p>&#8220;O objetivo deste estudo \u00e9 elaborar um dossier t\u00e9cnico de carateriza\u00e7\u00e3o do Santu\u00e1rio da Nossa Senhora da Peneda, com vista ao pedido de abertura de processo de classifica\u00e7\u00e3o nacional junto do Minist\u00e9rio da Cultura, nomeadamente Dire\u00e7\u00e3o Regional de Cultura do Norte e Dire\u00e7\u00e3o Geral do Patrim\u00f3nio Cultural, reconhecendo deste modo a import\u00e2ncia e significado deste importante monumento no panorama patrimonial do nosso pa\u00eds&#8221;, informou a autarquia em comunicado.<\/p>\n\n\n\n<p>O mesmo ter\u00e1 na sua g\u00e9nese o desenvolvimento de um levantamento hist\u00f3rico do Santu\u00e1rio da Nossa Senhora da Peneda, a identifica\u00e7\u00e3o do patrim\u00f3nio im\u00f3vel e m\u00f3vel, considerando o recheio art\u00edstico presente no Santu\u00e1rio da Nossa Senhora da Peneda.<\/p>\n\n\n\n<p>Datado do s\u00e9culo XVIII, este lugar de culto \u00e9 constitu\u00eddo pela Igreja que foi terminada em 1875, pelo grande terreiro dos evangelistas e uma escadaria com cerca de 300 metros, em que nas suas laterais existem 20 capelas, com cena da vida de Cristo e os quart\u00e9is.<\/p>\n","protected":false},"excerpt":{"rendered":"<p>A C\u00e2mara de Arcos de Valdevez, informou que na \u00faltima reuni\u00e3o de C\u00e2mara o Executivo adjudicou a elabora\u00e7\u00e3o do estudo de carateriza\u00e7\u00e3o e invent\u00e1rio do Santu\u00e1rio de Nossa Senhora da Peneda, pelo valor de 18.400,80\u20ac. &#8220;O objetivo deste estudo \u00e9 elaborar um dossier t\u00e9cnico de carateriza\u00e7\u00e3o do Santu\u00e1rio da Nossa Senhora da Peneda, com vista [&hellip;]<\/p>\n","protected":false},"author":7,"featured_media":44385,"comment_status":"closed","ping_status":"closed","sticky":false,"template":"","format":"standard","meta":{"_exactmetrics_skip_tracking":false,"_exactmetrics_sitenote_active":false,"_exactmetrics_sitenote_note":"","_exactmetrics_sitenote_category":0,"footnotes":""},"categories":[2],"tags":[21,27],"class_list":["post-44382","post","type-post","status-publish","format-standard","has-post-thumbnail","hentry","category-arcos-de-valdevez","tag-economia","tag-sociedade"],"yoast_head":"<!-- This site is optimized with the Yoast SEO Premium plugin v27.4 (Yoast SEO v27.4) - https:\/\/yoast.com\/product\/yoast-seo-premium-wordpress\/ -->\n<title>Aprovada a adjudica\u00e7\u00e3o do estudo de carateriza\u00e7\u00e3o e invent\u00e1rio do Santu\u00e1rio de N. S. da Peneda<\/title>\n<meta name=\"robots\" content=\"index, follow, max-snippet:-1, max-image-preview:large, max-video-preview:-1\" \/>\n<link rel=\"canonical\" href=\"https:\/\/www.altominho.tv\/site\/2020\/04\/17\/aprovada-a-adjudicacao-do-estudo-de-caraterizacao-e-inventario-do-santuario-de-n-s-da-peneda\/\" \/>\n<meta property=\"og:locale\" content=\"pt_PT\" \/>\n<meta property=\"og:type\" content=\"article\" \/>\n<meta property=\"og:title\" content=\"Aprovada a adjudica\u00e7\u00e3o do estudo de carateriza\u00e7\u00e3o e invent\u00e1rio do Santu\u00e1rio de N. S. da Peneda\" \/>\n<meta property=\"og:description\" content=\"A C\u00e2mara de Arcos de Valdevez, informou que na \u00faltima reuni\u00e3o de C\u00e2mara o Executivo adjudicou a elabora\u00e7\u00e3o do estudo de carateriza\u00e7\u00e3o e invent\u00e1rio do Santu\u00e1rio de Nossa Senhora da Peneda, pelo valor de 18.400,80\u20ac. &#8220;O objetivo deste estudo \u00e9 elaborar um dossier t\u00e9cnico de carateriza\u00e7\u00e3o do Santu\u00e1rio da Nossa Senhora da Peneda, com vista [&hellip;]\" \/>\n<meta property=\"og:url\" content=\"https:\/\/www.altominho.tv\/site\/2020\/04\/17\/aprovada-a-adjudicacao-do-estudo-de-caraterizacao-e-inventario-do-santuario-de-n-s-da-peneda\/\" \/>\n<meta property=\"og:site_name\" content=\"Altominho.tv\" \/>\n<meta property=\"article:publisher\" content=\"https:\/\/www.facebook.com\/altominhotv\" \/>\n<meta property=\"article:published_time\" content=\"2020-04-17T10:46:27+00:00\" \/>\n<meta property=\"article:modified_time\" content=\"2020-04-17T10:53:50+00:00\" \/>\n<meta property=\"og:image\" content=\"https:\/\/www.altominho.tv\/site\/wp-content\/uploads\/2020\/04\/peneda-1.jpg\" \/>\n\t<meta property=\"og:image:width\" content=\"1024\" \/>\n\t<meta property=\"og:image:height\" content=\"616\" \/>\n\t<meta property=\"og:image:type\" content=\"image\/jpeg\" \/>\n<meta name=\"author\" content=\"Andreia Cunha\" \/>\n<meta name=\"twitter:card\" content=\"summary_large_image\" \/>\n<meta name=\"twitter:creator\" content=\"@altominhoTV\" \/>\n<meta name=\"twitter:site\" content=\"@altominhoTV\" \/>\n<meta name=\"twitter:label1\" content=\"Escrito por\" \/>\n\t<meta name=\"twitter:data1\" content=\"Andreia Cunha\" \/>\n\t<meta name=\"twitter:label2\" content=\"Tempo estimado de leitura\" \/>\n\t<meta name=\"twitter:data2\" content=\"1 minuto\" \/>\n<script type=\"application\/ld+json\" class=\"yoast-schema-graph\">{\"@context\":\"https:\\\/\\\/schema.org\",\"@graph\":[{\"@type\":\"Article\",\"@id\":\"https:\\\/\\\/www.altominho.tv\\\/site\\\/2020\\\/04\\\/17\\\/aprovada-a-adjudicacao-do-estudo-de-caraterizacao-e-inventario-do-santuario-de-n-s-da-peneda\\\/#article\",\"isPartOf\":{\"@id\":\"https:\\\/\\\/www.altominho.tv\\\/site\\\/2020\\\/04\\\/17\\\/aprovada-a-adjudicacao-do-estudo-de-caraterizacao-e-inventario-do-santuario-de-n-s-da-peneda\\\/\"},\"author\":{\"name\":\"Andreia Cunha\",\"@id\":\"https:\\\/\\\/www.altominho.tv\\\/site\\\/#\\\/schema\\\/person\\\/a0e4ef6d041f98ca284393d8f1d97153\"},\"headline\":\"Aprovada a adjudica\u00e7\u00e3o do estudo de carateriza\u00e7\u00e3o e invent\u00e1rio do Santu\u00e1rio de N. S. da Peneda\",\"datePublished\":\"2020-04-17T10:46:27+00:00\",\"dateModified\":\"2020-04-17T10:53:50+00:00\",\"mainEntityOfPage\":{\"@id\":\"https:\\\/\\\/www.altominho.tv\\\/site\\\/2020\\\/04\\\/17\\\/aprovada-a-adjudicacao-do-estudo-de-caraterizacao-e-inventario-do-santuario-de-n-s-da-peneda\\\/\"},\"wordCount\":231,\"image\":{\"@id\":\"https:\\\/\\\/www.altominho.tv\\\/site\\\/2020\\\/04\\\/17\\\/aprovada-a-adjudicacao-do-estudo-de-caraterizacao-e-inventario-do-santuario-de-n-s-da-peneda\\\/#primaryimage\"},\"thumbnailUrl\":\"https:\\\/\\\/www.altominho.tv\\\/site\\\/wp-content\\\/uploads\\\/2020\\\/04\\\/peneda-1.jpg\",\"keywords\":[\"Economia\",\"Sociedade\"],\"articleSection\":[\"Arcos de Valdevez\"],\"inLanguage\":\"pt-PT\",\"copyrightYear\":\"2020\",\"copyrightHolder\":{\"@id\":\"https:\\\/\\\/www.altominho.tv\\\/site\\\/#organization\"}},{\"@type\":\"WebPage\",\"@id\":\"https:\\\/\\\/www.altominho.tv\\\/site\\\/2020\\\/04\\\/17\\\/aprovada-a-adjudicacao-do-estudo-de-caraterizacao-e-inventario-do-santuario-de-n-s-da-peneda\\\/\",\"url\":\"https:\\\/\\\/www.altominho.tv\\\/site\\\/2020\\\/04\\\/17\\\/aprovada-a-adjudicacao-do-estudo-de-caraterizacao-e-inventario-do-santuario-de-n-s-da-peneda\\\/\",\"name\":\"Aprovada a adjudica\u00e7\u00e3o do estudo de carateriza\u00e7\u00e3o e invent\u00e1rio do Santu\u00e1rio de N. S. da Peneda\",\"isPartOf\":{\"@id\":\"https:\\\/\\\/www.altominho.tv\\\/site\\\/#website\"},\"primaryImageOfPage\":{\"@id\":\"https:\\\/\\\/www.altominho.tv\\\/site\\\/2020\\\/04\\\/17\\\/aprovada-a-adjudicacao-do-estudo-de-caraterizacao-e-inventario-do-santuario-de-n-s-da-peneda\\\/#primaryimage\"},\"image\":{\"@id\":\"https:\\\/\\\/www.altominho.tv\\\/site\\\/2020\\\/04\\\/17\\\/aprovada-a-adjudicacao-do-estudo-de-caraterizacao-e-inventario-do-santuario-de-n-s-da-peneda\\\/#primaryimage\"},\"thumbnailUrl\":\"https:\\\/\\\/www.altominho.tv\\\/site\\\/wp-content\\\/uploads\\\/2020\\\/04\\\/peneda-1.jpg\",\"datePublished\":\"2020-04-17T10:46:27+00:00\",\"dateModified\":\"2020-04-17T10:53:50+00:00\",\"author\":{\"@id\":\"https:\\\/\\\/www.altominho.tv\\\/site\\\/#\\\/schema\\\/person\\\/a0e4ef6d041f98ca284393d8f1d97153\"},\"breadcrumb\":{\"@id\":\"https:\\\/\\\/www.altominho.tv\\\/site\\\/2020\\\/04\\\/17\\\/aprovada-a-adjudicacao-do-estudo-de-caraterizacao-e-inventario-do-santuario-de-n-s-da-peneda\\\/#breadcrumb\"},\"inLanguage\":\"pt-PT\",\"potentialAction\":[{\"@type\":\"ReadAction\",\"target\":[\"https:\\\/\\\/www.altominho.tv\\\/site\\\/2020\\\/04\\\/17\\\/aprovada-a-adjudicacao-do-estudo-de-caraterizacao-e-inventario-do-santuario-de-n-s-da-peneda\\\/\"]}]},{\"@type\":\"ImageObject\",\"inLanguage\":\"pt-PT\",\"@id\":\"https:\\\/\\\/www.altominho.tv\\\/site\\\/2020\\\/04\\\/17\\\/aprovada-a-adjudicacao-do-estudo-de-caraterizacao-e-inventario-do-santuario-de-n-s-da-peneda\\\/#primaryimage\",\"url\":\"https:\\\/\\\/www.altominho.tv\\\/site\\\/wp-content\\\/uploads\\\/2020\\\/04\\\/peneda-1.jpg\",\"contentUrl\":\"https:\\\/\\\/www.altominho.tv\\\/site\\\/wp-content\\\/uploads\\\/2020\\\/04\\\/peneda-1.jpg\",\"width\":1024,\"height\":616},{\"@type\":\"BreadcrumbList\",\"@id\":\"https:\\\/\\\/www.altominho.tv\\\/site\\\/2020\\\/04\\\/17\\\/aprovada-a-adjudicacao-do-estudo-de-caraterizacao-e-inventario-do-santuario-de-n-s-da-peneda\\\/#breadcrumb\",\"itemListElement\":[{\"@type\":\"ListItem\",\"position\":1,\"name\":\"In\u00edcio\",\"item\":\"https:\\\/\\\/www.altominho.tv\\\/site\\\/\"},{\"@type\":\"ListItem\",\"position\":2,\"name\":\"Aprovada a adjudica\u00e7\u00e3o do estudo de carateriza\u00e7\u00e3o e invent\u00e1rio do Santu\u00e1rio de N. S. da Peneda\"}]},{\"@type\":\"WebSite\",\"@id\":\"https:\\\/\\\/www.altominho.tv\\\/site\\\/#website\",\"url\":\"https:\\\/\\\/www.altominho.tv\\\/site\\\/\",\"name\":\"Altominho.tv\",\"description\":\"A sua regi\u00e3o \u00e0 dist\u00e2ncia de um clique...\",\"potentialAction\":[{\"@type\":\"SearchAction\",\"target\":{\"@type\":\"EntryPoint\",\"urlTemplate\":\"https:\\\/\\\/www.altominho.tv\\\/site\\\/?s={search_term_string}\"},\"query-input\":{\"@type\":\"PropertyValueSpecification\",\"valueRequired\":true,\"valueName\":\"search_term_string\"}}],\"inLanguage\":\"pt-PT\"},{\"@type\":\"Person\",\"@id\":\"https:\\\/\\\/www.altominho.tv\\\/site\\\/#\\\/schema\\\/person\\\/a0e4ef6d041f98ca284393d8f1d97153\",\"name\":\"Andreia Cunha\",\"image\":{\"@type\":\"ImageObject\",\"inLanguage\":\"pt-PT\",\"@id\":\"https:\\\/\\\/www.altominho.tv\\\/site\\\/wp-content\\\/uploads\\\/2017\\\/11\\\/Andreia_Cunha-1-150x150.jpg\",\"url\":\"https:\\\/\\\/www.altominho.tv\\\/site\\\/wp-content\\\/uploads\\\/2017\\\/11\\\/Andreia_Cunha-1-150x150.jpg\",\"contentUrl\":\"https:\\\/\\\/www.altominho.tv\\\/site\\\/wp-content\\\/uploads\\\/2017\\\/11\\\/Andreia_Cunha-1-150x150.jpg\",\"caption\":\"Andreia Cunha\"},\"url\":\"https:\\\/\\\/www.altominho.tv\\\/site\\\/author\\\/andreiacunha\\\/\"}]}<\/script>\n<!-- \/ Yoast SEO Premium plugin. -->","yoast_head_json":{"title":"Aprovada a adjudica\u00e7\u00e3o do estudo de carateriza\u00e7\u00e3o e invent\u00e1rio do Santu\u00e1rio de N. S. da Peneda","robots":{"index":"index","follow":"follow","max-snippet":"max-snippet:-1","max-image-preview":"max-image-preview:large","max-video-preview":"max-video-preview:-1"},"canonical":"https:\/\/www.altominho.tv\/site\/2020\/04\/17\/aprovada-a-adjudicacao-do-estudo-de-caraterizacao-e-inventario-do-santuario-de-n-s-da-peneda\/","og_locale":"pt_PT","og_type":"article","og_title":"Aprovada a adjudica\u00e7\u00e3o do estudo de carateriza\u00e7\u00e3o e invent\u00e1rio do Santu\u00e1rio de N. S. da Peneda","og_description":"A C\u00e2mara de Arcos de Valdevez, informou que na \u00faltima reuni\u00e3o de C\u00e2mara o Executivo adjudicou a elabora\u00e7\u00e3o do estudo de carateriza\u00e7\u00e3o e invent\u00e1rio do Santu\u00e1rio de Nossa Senhora da Peneda, pelo valor de 18.400,80\u20ac. &#8220;O objetivo deste estudo \u00e9 elaborar um dossier t\u00e9cnico de carateriza\u00e7\u00e3o do Santu\u00e1rio da Nossa Senhora da Peneda, com vista [&hellip;]","og_url":"https:\/\/www.altominho.tv\/site\/2020\/04\/17\/aprovada-a-adjudicacao-do-estudo-de-caraterizacao-e-inventario-do-santuario-de-n-s-da-peneda\/","og_site_name":"Altominho.tv","article_publisher":"https:\/\/www.facebook.com\/altominhotv","article_published_time":"2020-04-17T10:46:27+00:00","article_modified_time":"2020-04-17T10:53:50+00:00","og_image":[{"width":1024,"height":616,"url":"https:\/\/www.altominho.tv\/site\/wp-content\/uploads\/2020\/04\/peneda-1.jpg","type":"image\/jpeg"}],"author":"Andreia Cunha","twitter_card":"summary_large_image","twitter_creator":"@altominhoTV","twitter_site":"@altominhoTV","twitter_misc":{"Escrito por":"Andreia Cunha","Tempo estimado de leitura":"1 minuto"},"schema":{"@context":"https:\/\/schema.org","@graph":[{"@type":"Article","@id":"https:\/\/www.altominho.tv\/site\/2020\/04\/17\/aprovada-a-adjudicacao-do-estudo-de-caraterizacao-e-inventario-do-santuario-de-n-s-da-peneda\/#article","isPartOf":{"@id":"https:\/\/www.altominho.tv\/site\/2020\/04\/17\/aprovada-a-adjudicacao-do-estudo-de-caraterizacao-e-inventario-do-santuario-de-n-s-da-peneda\/"},"author":{"name":"Andreia Cunha","@id":"https:\/\/www.altominho.tv\/site\/#\/schema\/person\/a0e4ef6d041f98ca284393d8f1d97153"},"headline":"Aprovada a adjudica\u00e7\u00e3o do estudo de carateriza\u00e7\u00e3o e invent\u00e1rio do Santu\u00e1rio de N. S. da Peneda","datePublished":"2020-04-17T10:46:27+00:00","dateModified":"2020-04-17T10:53:50+00:00","mainEntityOfPage":{"@id":"https:\/\/www.altominho.tv\/site\/2020\/04\/17\/aprovada-a-adjudicacao-do-estudo-de-caraterizacao-e-inventario-do-santuario-de-n-s-da-peneda\/"},"wordCount":231,"image":{"@id":"https:\/\/www.altominho.tv\/site\/2020\/04\/17\/aprovada-a-adjudicacao-do-estudo-de-caraterizacao-e-inventario-do-santuario-de-n-s-da-peneda\/#primaryimage"},"thumbnailUrl":"https:\/\/www.altominho.tv\/site\/wp-content\/uploads\/2020\/04\/peneda-1.jpg","keywords":["Economia","Sociedade"],"articleSection":["Arcos de Valdevez"],"inLanguage":"pt-PT","copyrightYear":"2020","copyrightHolder":{"@id":"https:\/\/www.altominho.tv\/site\/#organization"}},{"@type":"WebPage","@id":"https:\/\/www.altominho.tv\/site\/2020\/04\/17\/aprovada-a-adjudicacao-do-estudo-de-caraterizacao-e-inventario-do-santuario-de-n-s-da-peneda\/","url":"https:\/\/www.altominho.tv\/site\/2020\/04\/17\/aprovada-a-adjudicacao-do-estudo-de-caraterizacao-e-inventario-do-santuario-de-n-s-da-peneda\/","name":"Aprovada a adjudica\u00e7\u00e3o do estudo de carateriza\u00e7\u00e3o e invent\u00e1rio do Santu\u00e1rio de N. S. da Peneda","isPartOf":{"@id":"https:\/\/www.altominho.tv\/site\/#website"},"primaryImageOfPage":{"@id":"https:\/\/www.altominho.tv\/site\/2020\/04\/17\/aprovada-a-adjudicacao-do-estudo-de-caraterizacao-e-inventario-do-santuario-de-n-s-da-peneda\/#primaryimage"},"image":{"@id":"https:\/\/www.altominho.tv\/site\/2020\/04\/17\/aprovada-a-adjudicacao-do-estudo-de-caraterizacao-e-inventario-do-santuario-de-n-s-da-peneda\/#primaryimage"},"thumbnailUrl":"https:\/\/www.altominho.tv\/site\/wp-content\/uploads\/2020\/04\/peneda-1.jpg","datePublished":"2020-04-17T10:46:27+00:00","dateModified":"2020-04-17T10:53:50+00:00","author":{"@id":"https:\/\/www.altominho.tv\/site\/#\/schema\/person\/a0e4ef6d041f98ca284393d8f1d97153"},"breadcrumb":{"@id":"https:\/\/www.altominho.tv\/site\/2020\/04\/17\/aprovada-a-adjudicacao-do-estudo-de-caraterizacao-e-inventario-do-santuario-de-n-s-da-peneda\/#breadcrumb"},"inLanguage":"pt-PT","potentialAction":[{"@type":"ReadAction","target":["https:\/\/www.altominho.tv\/site\/2020\/04\/17\/aprovada-a-adjudicacao-do-estudo-de-caraterizacao-e-inventario-do-santuario-de-n-s-da-peneda\/"]}]},{"@type":"ImageObject","inLanguage":"pt-PT","@id":"https:\/\/www.altominho.tv\/site\/2020\/04\/17\/aprovada-a-adjudicacao-do-estudo-de-caraterizacao-e-inventario-do-santuario-de-n-s-da-peneda\/#primaryimage","url":"https:\/\/www.altominho.tv\/site\/wp-content\/uploads\/2020\/04\/peneda-1.jpg","contentUrl":"https:\/\/www.altominho.tv\/site\/wp-content\/uploads\/2020\/04\/peneda-1.jpg","width":1024,"height":616},{"@type":"BreadcrumbList","@id":"https:\/\/www.altominho.tv\/site\/2020\/04\/17\/aprovada-a-adjudicacao-do-estudo-de-caraterizacao-e-inventario-do-santuario-de-n-s-da-peneda\/#breadcrumb","itemListElement":[{"@type":"ListItem","position":1,"name":"In\u00edcio","item":"https:\/\/www.altominho.tv\/site\/"},{"@type":"ListItem","position":2,"name":"Aprovada a adjudica\u00e7\u00e3o do estudo de carateriza\u00e7\u00e3o e invent\u00e1rio do Santu\u00e1rio de N. S. da Peneda"}]},{"@type":"WebSite","@id":"https:\/\/www.altominho.tv\/site\/#website","url":"https:\/\/www.altominho.tv\/site\/","name":"Altominho.tv","description":"A sua regi\u00e3o \u00e0 dist\u00e2ncia de um clique...","potentialAction":[{"@type":"SearchAction","target":{"@type":"EntryPoint","urlTemplate":"https:\/\/www.altominho.tv\/site\/?s={search_term_string}"},"query-input":{"@type":"PropertyValueSpecification","valueRequired":true,"valueName":"search_term_string"}}],"inLanguage":"pt-PT"},{"@type":"Person","@id":"https:\/\/www.altominho.tv\/site\/#\/schema\/person\/a0e4ef6d041f98ca284393d8f1d97153","name":"Andreia Cunha","image":{"@type":"ImageObject","inLanguage":"pt-PT","@id":"https:\/\/www.altominho.tv\/site\/wp-content\/uploads\/2017\/11\/Andreia_Cunha-1-150x150.jpg","url":"https:\/\/www.altominho.tv\/site\/wp-content\/uploads\/2017\/11\/Andreia_Cunha-1-150x150.jpg","contentUrl":"https:\/\/www.altominho.tv\/site\/wp-content\/uploads\/2017\/11\/Andreia_Cunha-1-150x150.jpg","caption":"Andreia Cunha"},"url":"https:\/\/www.altominho.tv\/site\/author\/andreiacunha\/"}]}},"_links":{"self":[{"href":"https:\/\/www.altominho.tv\/site\/wp-json\/wp\/v2\/posts\/44382","targetHints":{"allow":["GET"]}}],"collection":[{"href":"https:\/\/www.altominho.tv\/site\/wp-json\/wp\/v2\/posts"}],"about":[{"href":"https:\/\/www.altominho.tv\/site\/wp-json\/wp\/v2\/types\/post"}],"author":[{"embeddable":true,"href":"https:\/\/www.altominho.tv\/site\/wp-json\/wp\/v2\/users\/7"}],"replies":[{"embeddable":true,"href":"https:\/\/www.altominho.tv\/site\/wp-json\/wp\/v2\/comments?post=44382"}],"version-history":[{"count":0,"href":"https:\/\/www.altominho.tv\/site\/wp-json\/wp\/v2\/posts\/44382\/revisions"}],"wp:featuredmedia":[{"embeddable":true,"href":"https:\/\/www.altominho.tv\/site\/wp-json\/wp\/v2\/media\/44385"}],"wp:attachment":[{"href":"https:\/\/www.altominho.tv\/site\/wp-json\/wp\/v2\/media?parent=44382"}],"wp:term":[{"taxonomy":"category","embeddable":true,"href":"https:\/\/www.altominho.tv\/site\/wp-json\/wp\/v2\/categories?post=44382"},{"taxonomy":"post_tag","embeddable":true,"href":"https:\/\/www.altominho.tv\/site\/wp-json\/wp\/v2\/tags?post=44382"}],"curies":[{"name":"wp","href":"https:\/\/api.w.org\/{rel}","templated":true}]}}