{"id":44322,"date":"2020-04-16T11:10:16","date_gmt":"2020-04-16T10:10:16","guid":{"rendered":"http:\/\/www.altominho.tv\/site\/?p=44322"},"modified":"2020-04-16T11:44:51","modified_gmt":"2020-04-16T10:44:51","slug":"criado-centro-para-pessoas-com-covid-positivo-em-arcos-de-valdevez","status":"publish","type":"post","link":"https:\/\/www.altominho.tv\/site\/2020\/04\/16\/criado-centro-para-pessoas-com-covid-positivo-em-arcos-de-valdevez\/","title":{"rendered":"Arcos de Valdevez reclama cria\u00e7\u00e3o de Centro para Pessoas com COVID Positivo a n\u00edvel distrital"},"content":{"rendered":"\n<p>A C\u00e2mara Municipal de Arcos de Valdevez informou que <em>&#8220;tem vindo a reclamar junto das Autoridades de Sa\u00fade a necessidade da cria\u00e7\u00e3o de um \u201chospital de retaguarda\u201d para pessoas com COVID positivo&#8221;.<\/em><\/p>\n\n\n\n<p>Esta posi\u00e7\u00e3o da autarquia <em>&#8220;decorre do facto dos lares estarem a enfrentar muitas dificuldades, tais como o aumento de casos positivos entre utentes e funcion\u00e1rios, terem poucas condi\u00e7\u00f5es para isolar os doentes infetados e disporem de poucos recursos humanos. Os lares de idosos n\u00e3o s\u00e3o unidades de sa\u00fade&#8221;<\/em>.<\/p>\n\n\n\n<p>Ap\u00f3s reuni\u00e3o com os dez autarcas do Alto Minho e as Autoridades de Sa\u00fade e da Seguran\u00e7a Social, a Comiss\u00e3o Distrital de Prote\u00e7\u00e3o Civil ativou o Plano Distrital de Emerg\u00eancia, o que permite avan\u00e7ar com a cria\u00e7\u00e3o de um centro para pessoas com COVID Positivo assintom\u00e1ticas.<\/p>\n\n\n\n<p><em>&#8220;O apelo e envolvimento da C\u00e2mara Municipal est\u00e1 a produzir resultados&#8221;,<\/em> pode ler-se no comunicado enviado pela autarquia. <\/p>\n\n\n\n<p>A mesma refor\u00e7a a sua disponibilidade para colaborar na concretiza\u00e7\u00e3o deste centro ou outros espa\u00e7os que ir\u00e3o dar resposta \u00e0s necessidades sentidas ao n\u00edvel da melhoria das condi\u00e7\u00f5es de tratamento dos doentes, dos restantes utentes e profissionais dos lares.<\/p>\n\n\n\n<p>O Munic\u00edpio de Arcos de Valdevez tem preparadas 260 camas para receber pessoas com necessidades de quarentena, nomeadamente na antiga enfermaria do Centro de Sa\u00fade, no Pavilh\u00e3o Municipal, no Centro Escutista e em duas unidades hoteleiras.<\/p>\n","protected":false},"excerpt":{"rendered":"<p>A C\u00e2mara Municipal de Arcos de Valdevez informou que &#8220;tem vindo a reclamar junto das Autoridades de Sa\u00fade a necessidade da cria\u00e7\u00e3o de um \u201chospital de retaguarda\u201d para pessoas com COVID positivo&#8221;. Esta posi\u00e7\u00e3o da autarquia &#8220;decorre do facto dos lares estarem a enfrentar muitas dificuldades, tais como o aumento de casos positivos entre utentes [&hellip;]<\/p>\n","protected":false},"author":7,"featured_media":44323,"comment_status":"closed","ping_status":"closed","sticky":false,"template":"","format":"standard","meta":{"_exactmetrics_skip_tracking":false,"_exactmetrics_sitenote_active":false,"_exactmetrics_sitenote_note":"","_exactmetrics_sitenote_category":0,"footnotes":""},"categories":[2],"tags":[26,27],"class_list":["post-44322","post","type-post","status-publish","format-standard","has-post-thumbnail","hentry","category-arcos-de-valdevez","tag-saude","tag-sociedade"],"yoast_head":"<!-- This site is optimized with the Yoast SEO Premium plugin v27.4 (Yoast SEO v27.4) - https:\/\/yoast.com\/product\/yoast-seo-premium-wordpress\/ -->\n<title>Arcos de Valdevez reclama cria\u00e7\u00e3o de Centro para Pessoas com COVID Positivo a n\u00edvel distrital<\/title>\n<meta name=\"robots\" content=\"index, follow, max-snippet:-1, max-image-preview:large, max-video-preview:-1\" \/>\n<link rel=\"canonical\" href=\"https:\/\/www.altominho.tv\/site\/2020\/04\/16\/criado-centro-para-pessoas-com-covid-positivo-em-arcos-de-valdevez\/\" \/>\n<meta property=\"og:locale\" content=\"pt_PT\" \/>\n<meta property=\"og:type\" content=\"article\" \/>\n<meta property=\"og:title\" content=\"Arcos de Valdevez reclama cria\u00e7\u00e3o de Centro para Pessoas com COVID Positivo a n\u00edvel distrital\" \/>\n<meta property=\"og:description\" content=\"A C\u00e2mara Municipal de Arcos de Valdevez informou que &#8220;tem vindo a reclamar junto das Autoridades de Sa\u00fade a necessidade da cria\u00e7\u00e3o de um \u201chospital de retaguarda\u201d para pessoas com COVID positivo&#8221;. Esta posi\u00e7\u00e3o da autarquia &#8220;decorre do facto dos lares estarem a enfrentar muitas dificuldades, tais como o aumento de casos positivos entre utentes [&hellip;]\" \/>\n<meta property=\"og:url\" content=\"https:\/\/www.altominho.tv\/site\/2020\/04\/16\/criado-centro-para-pessoas-com-covid-positivo-em-arcos-de-valdevez\/\" \/>\n<meta property=\"og:site_name\" content=\"Altominho.tv\" \/>\n<meta property=\"article:publisher\" content=\"https:\/\/www.facebook.com\/altominhotv\" \/>\n<meta property=\"article:published_time\" content=\"2020-04-16T10:10:16+00:00\" \/>\n<meta property=\"article:modified_time\" content=\"2020-04-16T10:44:51+00:00\" \/>\n<meta property=\"og:image\" content=\"https:\/\/www.altominho.tv\/site\/wp-content\/uploads\/2020\/04\/laresarcos.jpg\" \/>\n\t<meta property=\"og:image:width\" content=\"960\" \/>\n\t<meta property=\"og:image:height\" content=\"640\" \/>\n\t<meta property=\"og:image:type\" content=\"image\/jpeg\" \/>\n<meta name=\"author\" content=\"Andreia Cunha\" \/>\n<meta name=\"twitter:card\" content=\"summary_large_image\" \/>\n<meta name=\"twitter:creator\" content=\"@altominhoTV\" \/>\n<meta name=\"twitter:site\" content=\"@altominhoTV\" \/>\n<meta name=\"twitter:label1\" content=\"Escrito por\" \/>\n\t<meta name=\"twitter:data1\" content=\"Andreia Cunha\" \/>\n\t<meta name=\"twitter:label2\" content=\"Tempo estimado de leitura\" \/>\n\t<meta name=\"twitter:data2\" content=\"1 minuto\" \/>\n<script type=\"application\/ld+json\" class=\"yoast-schema-graph\">{\"@context\":\"https:\\\/\\\/schema.org\",\"@graph\":[{\"@type\":\"Article\",\"@id\":\"https:\\\/\\\/www.altominho.tv\\\/site\\\/2020\\\/04\\\/16\\\/criado-centro-para-pessoas-com-covid-positivo-em-arcos-de-valdevez\\\/#article\",\"isPartOf\":{\"@id\":\"https:\\\/\\\/www.altominho.tv\\\/site\\\/2020\\\/04\\\/16\\\/criado-centro-para-pessoas-com-covid-positivo-em-arcos-de-valdevez\\\/\"},\"author\":{\"name\":\"Andreia Cunha\",\"@id\":\"https:\\\/\\\/www.altominho.tv\\\/site\\\/#\\\/schema\\\/person\\\/a0e4ef6d041f98ca284393d8f1d97153\"},\"headline\":\"Arcos de Valdevez reclama cria\u00e7\u00e3o de Centro para Pessoas com COVID Positivo a n\u00edvel distrital\",\"datePublished\":\"2020-04-16T10:10:16+00:00\",\"dateModified\":\"2020-04-16T10:44:51+00:00\",\"mainEntityOfPage\":{\"@id\":\"https:\\\/\\\/www.altominho.tv\\\/site\\\/2020\\\/04\\\/16\\\/criado-centro-para-pessoas-com-covid-positivo-em-arcos-de-valdevez\\\/\"},\"wordCount\":264,\"image\":{\"@id\":\"https:\\\/\\\/www.altominho.tv\\\/site\\\/2020\\\/04\\\/16\\\/criado-centro-para-pessoas-com-covid-positivo-em-arcos-de-valdevez\\\/#primaryimage\"},\"thumbnailUrl\":\"https:\\\/\\\/www.altominho.tv\\\/site\\\/wp-content\\\/uploads\\\/2020\\\/04\\\/laresarcos.jpg\",\"keywords\":[\"Sa\u00fade\",\"Sociedade\"],\"articleSection\":[\"Arcos de Valdevez\"],\"inLanguage\":\"pt-PT\",\"copyrightYear\":\"2020\",\"copyrightHolder\":{\"@id\":\"https:\\\/\\\/www.altominho.tv\\\/site\\\/#organization\"}},{\"@type\":\"WebPage\",\"@id\":\"https:\\\/\\\/www.altominho.tv\\\/site\\\/2020\\\/04\\\/16\\\/criado-centro-para-pessoas-com-covid-positivo-em-arcos-de-valdevez\\\/\",\"url\":\"https:\\\/\\\/www.altominho.tv\\\/site\\\/2020\\\/04\\\/16\\\/criado-centro-para-pessoas-com-covid-positivo-em-arcos-de-valdevez\\\/\",\"name\":\"Arcos de Valdevez reclama cria\u00e7\u00e3o de Centro para Pessoas com COVID Positivo a n\u00edvel distrital\",\"isPartOf\":{\"@id\":\"https:\\\/\\\/www.altominho.tv\\\/site\\\/#website\"},\"primaryImageOfPage\":{\"@id\":\"https:\\\/\\\/www.altominho.tv\\\/site\\\/2020\\\/04\\\/16\\\/criado-centro-para-pessoas-com-covid-positivo-em-arcos-de-valdevez\\\/#primaryimage\"},\"image\":{\"@id\":\"https:\\\/\\\/www.altominho.tv\\\/site\\\/2020\\\/04\\\/16\\\/criado-centro-para-pessoas-com-covid-positivo-em-arcos-de-valdevez\\\/#primaryimage\"},\"thumbnailUrl\":\"https:\\\/\\\/www.altominho.tv\\\/site\\\/wp-content\\\/uploads\\\/2020\\\/04\\\/laresarcos.jpg\",\"datePublished\":\"2020-04-16T10:10:16+00:00\",\"dateModified\":\"2020-04-16T10:44:51+00:00\",\"author\":{\"@id\":\"https:\\\/\\\/www.altominho.tv\\\/site\\\/#\\\/schema\\\/person\\\/a0e4ef6d041f98ca284393d8f1d97153\"},\"breadcrumb\":{\"@id\":\"https:\\\/\\\/www.altominho.tv\\\/site\\\/2020\\\/04\\\/16\\\/criado-centro-para-pessoas-com-covid-positivo-em-arcos-de-valdevez\\\/#breadcrumb\"},\"inLanguage\":\"pt-PT\",\"potentialAction\":[{\"@type\":\"ReadAction\",\"target\":[\"https:\\\/\\\/www.altominho.tv\\\/site\\\/2020\\\/04\\\/16\\\/criado-centro-para-pessoas-com-covid-positivo-em-arcos-de-valdevez\\\/\"]}]},{\"@type\":\"ImageObject\",\"inLanguage\":\"pt-PT\",\"@id\":\"https:\\\/\\\/www.altominho.tv\\\/site\\\/2020\\\/04\\\/16\\\/criado-centro-para-pessoas-com-covid-positivo-em-arcos-de-valdevez\\\/#primaryimage\",\"url\":\"https:\\\/\\\/www.altominho.tv\\\/site\\\/wp-content\\\/uploads\\\/2020\\\/04\\\/laresarcos.jpg\",\"contentUrl\":\"https:\\\/\\\/www.altominho.tv\\\/site\\\/wp-content\\\/uploads\\\/2020\\\/04\\\/laresarcos.jpg\",\"width\":960,\"height\":640},{\"@type\":\"BreadcrumbList\",\"@id\":\"https:\\\/\\\/www.altominho.tv\\\/site\\\/2020\\\/04\\\/16\\\/criado-centro-para-pessoas-com-covid-positivo-em-arcos-de-valdevez\\\/#breadcrumb\",\"itemListElement\":[{\"@type\":\"ListItem\",\"position\":1,\"name\":\"In\u00edcio\",\"item\":\"https:\\\/\\\/www.altominho.tv\\\/site\\\/\"},{\"@type\":\"ListItem\",\"position\":2,\"name\":\"Arcos de Valdevez reclama cria\u00e7\u00e3o de Centro para Pessoas com COVID Positivo a n\u00edvel distrital\"}]},{\"@type\":\"WebSite\",\"@id\":\"https:\\\/\\\/www.altominho.tv\\\/site\\\/#website\",\"url\":\"https:\\\/\\\/www.altominho.tv\\\/site\\\/\",\"name\":\"Altominho.tv\",\"description\":\"A sua regi\u00e3o \u00e0 dist\u00e2ncia de um clique...\",\"potentialAction\":[{\"@type\":\"SearchAction\",\"target\":{\"@type\":\"EntryPoint\",\"urlTemplate\":\"https:\\\/\\\/www.altominho.tv\\\/site\\\/?s={search_term_string}\"},\"query-input\":{\"@type\":\"PropertyValueSpecification\",\"valueRequired\":true,\"valueName\":\"search_term_string\"}}],\"inLanguage\":\"pt-PT\"},{\"@type\":\"Person\",\"@id\":\"https:\\\/\\\/www.altominho.tv\\\/site\\\/#\\\/schema\\\/person\\\/a0e4ef6d041f98ca284393d8f1d97153\",\"name\":\"Andreia Cunha\",\"image\":{\"@type\":\"ImageObject\",\"inLanguage\":\"pt-PT\",\"@id\":\"https:\\\/\\\/www.altominho.tv\\\/site\\\/wp-content\\\/uploads\\\/2017\\\/11\\\/Andreia_Cunha-1-150x150.jpg\",\"url\":\"https:\\\/\\\/www.altominho.tv\\\/site\\\/wp-content\\\/uploads\\\/2017\\\/11\\\/Andreia_Cunha-1-150x150.jpg\",\"contentUrl\":\"https:\\\/\\\/www.altominho.tv\\\/site\\\/wp-content\\\/uploads\\\/2017\\\/11\\\/Andreia_Cunha-1-150x150.jpg\",\"caption\":\"Andreia Cunha\"},\"url\":\"https:\\\/\\\/www.altominho.tv\\\/site\\\/author\\\/andreiacunha\\\/\"}]}<\/script>\n<!-- \/ Yoast SEO Premium plugin. -->","yoast_head_json":{"title":"Arcos de Valdevez reclama cria\u00e7\u00e3o de Centro para Pessoas com COVID Positivo a n\u00edvel distrital","robots":{"index":"index","follow":"follow","max-snippet":"max-snippet:-1","max-image-preview":"max-image-preview:large","max-video-preview":"max-video-preview:-1"},"canonical":"https:\/\/www.altominho.tv\/site\/2020\/04\/16\/criado-centro-para-pessoas-com-covid-positivo-em-arcos-de-valdevez\/","og_locale":"pt_PT","og_type":"article","og_title":"Arcos de Valdevez reclama cria\u00e7\u00e3o de Centro para Pessoas com COVID Positivo a n\u00edvel distrital","og_description":"A C\u00e2mara Municipal de Arcos de Valdevez informou que &#8220;tem vindo a reclamar junto das Autoridades de Sa\u00fade a necessidade da cria\u00e7\u00e3o de um \u201chospital de retaguarda\u201d para pessoas com COVID positivo&#8221;. Esta posi\u00e7\u00e3o da autarquia &#8220;decorre do facto dos lares estarem a enfrentar muitas dificuldades, tais como o aumento de casos positivos entre utentes [&hellip;]","og_url":"https:\/\/www.altominho.tv\/site\/2020\/04\/16\/criado-centro-para-pessoas-com-covid-positivo-em-arcos-de-valdevez\/","og_site_name":"Altominho.tv","article_publisher":"https:\/\/www.facebook.com\/altominhotv","article_published_time":"2020-04-16T10:10:16+00:00","article_modified_time":"2020-04-16T10:44:51+00:00","og_image":[{"width":960,"height":640,"url":"https:\/\/www.altominho.tv\/site\/wp-content\/uploads\/2020\/04\/laresarcos.jpg","type":"image\/jpeg"}],"author":"Andreia Cunha","twitter_card":"summary_large_image","twitter_creator":"@altominhoTV","twitter_site":"@altominhoTV","twitter_misc":{"Escrito por":"Andreia Cunha","Tempo estimado de leitura":"1 minuto"},"schema":{"@context":"https:\/\/schema.org","@graph":[{"@type":"Article","@id":"https:\/\/www.altominho.tv\/site\/2020\/04\/16\/criado-centro-para-pessoas-com-covid-positivo-em-arcos-de-valdevez\/#article","isPartOf":{"@id":"https:\/\/www.altominho.tv\/site\/2020\/04\/16\/criado-centro-para-pessoas-com-covid-positivo-em-arcos-de-valdevez\/"},"author":{"name":"Andreia Cunha","@id":"https:\/\/www.altominho.tv\/site\/#\/schema\/person\/a0e4ef6d041f98ca284393d8f1d97153"},"headline":"Arcos de Valdevez reclama cria\u00e7\u00e3o de Centro para Pessoas com COVID Positivo a n\u00edvel distrital","datePublished":"2020-04-16T10:10:16+00:00","dateModified":"2020-04-16T10:44:51+00:00","mainEntityOfPage":{"@id":"https:\/\/www.altominho.tv\/site\/2020\/04\/16\/criado-centro-para-pessoas-com-covid-positivo-em-arcos-de-valdevez\/"},"wordCount":264,"image":{"@id":"https:\/\/www.altominho.tv\/site\/2020\/04\/16\/criado-centro-para-pessoas-com-covid-positivo-em-arcos-de-valdevez\/#primaryimage"},"thumbnailUrl":"https:\/\/www.altominho.tv\/site\/wp-content\/uploads\/2020\/04\/laresarcos.jpg","keywords":["Sa\u00fade","Sociedade"],"articleSection":["Arcos de Valdevez"],"inLanguage":"pt-PT","copyrightYear":"2020","copyrightHolder":{"@id":"https:\/\/www.altominho.tv\/site\/#organization"}},{"@type":"WebPage","@id":"https:\/\/www.altominho.tv\/site\/2020\/04\/16\/criado-centro-para-pessoas-com-covid-positivo-em-arcos-de-valdevez\/","url":"https:\/\/www.altominho.tv\/site\/2020\/04\/16\/criado-centro-para-pessoas-com-covid-positivo-em-arcos-de-valdevez\/","name":"Arcos de Valdevez reclama cria\u00e7\u00e3o de Centro para Pessoas com COVID Positivo a n\u00edvel distrital","isPartOf":{"@id":"https:\/\/www.altominho.tv\/site\/#website"},"primaryImageOfPage":{"@id":"https:\/\/www.altominho.tv\/site\/2020\/04\/16\/criado-centro-para-pessoas-com-covid-positivo-em-arcos-de-valdevez\/#primaryimage"},"image":{"@id":"https:\/\/www.altominho.tv\/site\/2020\/04\/16\/criado-centro-para-pessoas-com-covid-positivo-em-arcos-de-valdevez\/#primaryimage"},"thumbnailUrl":"https:\/\/www.altominho.tv\/site\/wp-content\/uploads\/2020\/04\/laresarcos.jpg","datePublished":"2020-04-16T10:10:16+00:00","dateModified":"2020-04-16T10:44:51+00:00","author":{"@id":"https:\/\/www.altominho.tv\/site\/#\/schema\/person\/a0e4ef6d041f98ca284393d8f1d97153"},"breadcrumb":{"@id":"https:\/\/www.altominho.tv\/site\/2020\/04\/16\/criado-centro-para-pessoas-com-covid-positivo-em-arcos-de-valdevez\/#breadcrumb"},"inLanguage":"pt-PT","potentialAction":[{"@type":"ReadAction","target":["https:\/\/www.altominho.tv\/site\/2020\/04\/16\/criado-centro-para-pessoas-com-covid-positivo-em-arcos-de-valdevez\/"]}]},{"@type":"ImageObject","inLanguage":"pt-PT","@id":"https:\/\/www.altominho.tv\/site\/2020\/04\/16\/criado-centro-para-pessoas-com-covid-positivo-em-arcos-de-valdevez\/#primaryimage","url":"https:\/\/www.altominho.tv\/site\/wp-content\/uploads\/2020\/04\/laresarcos.jpg","contentUrl":"https:\/\/www.altominho.tv\/site\/wp-content\/uploads\/2020\/04\/laresarcos.jpg","width":960,"height":640},{"@type":"BreadcrumbList","@id":"https:\/\/www.altominho.tv\/site\/2020\/04\/16\/criado-centro-para-pessoas-com-covid-positivo-em-arcos-de-valdevez\/#breadcrumb","itemListElement":[{"@type":"ListItem","position":1,"name":"In\u00edcio","item":"https:\/\/www.altominho.tv\/site\/"},{"@type":"ListItem","position":2,"name":"Arcos de Valdevez reclama cria\u00e7\u00e3o de Centro para Pessoas com COVID Positivo a n\u00edvel distrital"}]},{"@type":"WebSite","@id":"https:\/\/www.altominho.tv\/site\/#website","url":"https:\/\/www.altominho.tv\/site\/","name":"Altominho.tv","description":"A sua regi\u00e3o \u00e0 dist\u00e2ncia de um clique...","potentialAction":[{"@type":"SearchAction","target":{"@type":"EntryPoint","urlTemplate":"https:\/\/www.altominho.tv\/site\/?s={search_term_string}"},"query-input":{"@type":"PropertyValueSpecification","valueRequired":true,"valueName":"search_term_string"}}],"inLanguage":"pt-PT"},{"@type":"Person","@id":"https:\/\/www.altominho.tv\/site\/#\/schema\/person\/a0e4ef6d041f98ca284393d8f1d97153","name":"Andreia Cunha","image":{"@type":"ImageObject","inLanguage":"pt-PT","@id":"https:\/\/www.altominho.tv\/site\/wp-content\/uploads\/2017\/11\/Andreia_Cunha-1-150x150.jpg","url":"https:\/\/www.altominho.tv\/site\/wp-content\/uploads\/2017\/11\/Andreia_Cunha-1-150x150.jpg","contentUrl":"https:\/\/www.altominho.tv\/site\/wp-content\/uploads\/2017\/11\/Andreia_Cunha-1-150x150.jpg","caption":"Andreia Cunha"},"url":"https:\/\/www.altominho.tv\/site\/author\/andreiacunha\/"}]}},"_links":{"self":[{"href":"https:\/\/www.altominho.tv\/site\/wp-json\/wp\/v2\/posts\/44322","targetHints":{"allow":["GET"]}}],"collection":[{"href":"https:\/\/www.altominho.tv\/site\/wp-json\/wp\/v2\/posts"}],"about":[{"href":"https:\/\/www.altominho.tv\/site\/wp-json\/wp\/v2\/types\/post"}],"author":[{"embeddable":true,"href":"https:\/\/www.altominho.tv\/site\/wp-json\/wp\/v2\/users\/7"}],"replies":[{"embeddable":true,"href":"https:\/\/www.altominho.tv\/site\/wp-json\/wp\/v2\/comments?post=44322"}],"version-history":[{"count":0,"href":"https:\/\/www.altominho.tv\/site\/wp-json\/wp\/v2\/posts\/44322\/revisions"}],"wp:featuredmedia":[{"embeddable":true,"href":"https:\/\/www.altominho.tv\/site\/wp-json\/wp\/v2\/media\/44323"}],"wp:attachment":[{"href":"https:\/\/www.altominho.tv\/site\/wp-json\/wp\/v2\/media?parent=44322"}],"wp:term":[{"taxonomy":"category","embeddable":true,"href":"https:\/\/www.altominho.tv\/site\/wp-json\/wp\/v2\/categories?post=44322"},{"taxonomy":"post_tag","embeddable":true,"href":"https:\/\/www.altominho.tv\/site\/wp-json\/wp\/v2\/tags?post=44322"}],"curies":[{"name":"wp","href":"https:\/\/api.w.org\/{rel}","templated":true}]}}