{"id":44276,"date":"2020-04-15T16:28:04","date_gmt":"2020-04-15T15:28:04","guid":{"rendered":"http:\/\/www.altominho.tv\/site\/?p=44276"},"modified":"2020-04-15T16:28:07","modified_gmt":"2020-04-15T15:28:07","slug":"feiras-novas-concertinas-e-cantares-ao-desafio-entre-os-candidatos-as-7-maravilhas-da-cultura-popular","status":"publish","type":"post","link":"https:\/\/www.altominho.tv\/site\/2020\/04\/15\/feiras-novas-concertinas-e-cantares-ao-desafio-entre-os-candidatos-as-7-maravilhas-da-cultura-popular\/","title":{"rendered":"Feiras Novas, concertinas e cantares ao desafio entre os candidatos \u00e0s 7 Maravilhas da Cultura Popular"},"content":{"rendered":"<p>O concurso 7 Maravilhas de Portugal elegeu a Cultura Popular como tema da edi\u00e7\u00e3o de 2020 e o munic\u00edpio de Ponte de Lima abra\u00e7ou a iniciativa. O patrim\u00f3nio imaterial do concelho, apresentado em sete candidaturas, est\u00e1 entre os nomeados das 7 Maravilhas da Cultura Popular.<\/p>\n<p>O an\u00fancio foi feito esta quarta-feira. &#8220;Ponte de Lima, terra rica da Humanidade, rica em tradi\u00e7\u00f5es e festividades n\u00e3o poderia deixar de candidatar o seu patrim\u00f3nio imaterial \u00e0s 7 Maravilhas da Cultura Popular&#8221;, justifica o munic\u00edpio.<\/p>\n<p class=\"p5\">Os candidatos da &#8220;vila mais antiga de Portugal&#8221; est\u00e3o divididos por cada uma das sete categorias a concurso: a cantaria &#8211; na categoria de Artesanato, a lenda do rio Lethes &#8211; em Lendas e Mitos, a feira quinzenal e feira do gado &#8211; na categoria de Festas e Feiras, a Mesa dos Quatro Abades &#8211; em Rituais e Costumes, Toalhas de Linho &#8211; na categoria de Artefactos. As concertinas e cantares ao desafio tamb\u00e9m se juntaram \u00e0 festa na categoria de M\u00fasicas e Dan\u00e7as.<\/p>\n<p>J\u00e1 as <a href=\"http:\/\/www.altominho.tv\/site\/2019\/09\/05\/ja-comecaram-as-feiras-novas-em-ponte-de-lima\/\" target=\"_blank\" rel=\"noopener noreferrer\">Feiras Novas<\/a> entraram para a\u00a0categoria de Prociss\u00f5es e Romarias. As festas do concelho de Ponte de Lima encerram o ciclo das grandes romarias minhotas, realizando-se anualmente no m\u00eas de setembro.<\/p>\n<p>As <a href=\"http:\/\/www.altominho.tv\/site\/2019\/11\/12\/portugal-vai-eleger-as-7-maravilhas-da-cultura-popular\/\" target=\"_blank\" rel=\"noopener noreferrer\">7 Maravilhas da Cultura Popular<\/a>\u00a0pretendem valorizar e reconhecer o patrim\u00f3nio cultural material e imaterial das v\u00e1rias regi\u00f5es e localidades de Portugal.<\/p>\n","protected":false},"excerpt":{"rendered":"<p>O concurso 7 Maravilhas de Portugal elegeu a Cultura Popular como tema da edi\u00e7\u00e3o de 2020 e o munic\u00edpio de Ponte de Lima abra\u00e7ou a iniciativa. O patrim\u00f3nio imaterial do concelho, apresentado em sete candidaturas, est\u00e1 entre os nomeados das 7 Maravilhas da Cultura Popular. O an\u00fancio foi feito esta quarta-feira. &#8220;Ponte de Lima, terra [&hellip;]<\/p>\n","protected":false},"author":12,"featured_media":44286,"comment_status":"closed","ping_status":"closed","sticky":false,"template":"","format":"standard","meta":{"_exactmetrics_skip_tracking":false,"_exactmetrics_sitenote_active":false,"_exactmetrics_sitenote_note":"","_exactmetrics_sitenote_category":0,"footnotes":""},"categories":[12],"tags":[19],"class_list":["post-44276","post","type-post","status-publish","format-standard","has-post-thumbnail","hentry","category-ponte-de-lima","tag-cultura"],"yoast_head":"<!-- This site is optimized with the Yoast SEO Premium plugin v27.4 (Yoast SEO v27.4) - https:\/\/yoast.com\/product\/yoast-seo-premium-wordpress\/ -->\n<title>Feiras Novas, concertinas e cantares ao desafio entre os candidatos \u00e0s 7 Maravilhas da Cultura Popular<\/title>\n<meta name=\"robots\" content=\"index, follow, max-snippet:-1, max-image-preview:large, max-video-preview:-1\" \/>\n<link rel=\"canonical\" href=\"https:\/\/www.altominho.tv\/site\/2020\/04\/15\/feiras-novas-concertinas-e-cantares-ao-desafio-entre-os-candidatos-as-7-maravilhas-da-cultura-popular\/\" \/>\n<meta property=\"og:locale\" content=\"pt_PT\" \/>\n<meta property=\"og:type\" content=\"article\" \/>\n<meta property=\"og:title\" content=\"Feiras Novas, concertinas e cantares ao desafio entre os candidatos \u00e0s 7 Maravilhas da Cultura Popular\" \/>\n<meta property=\"og:description\" content=\"O concurso 7 Maravilhas de Portugal elegeu a Cultura Popular como tema da edi\u00e7\u00e3o de 2020 e o munic\u00edpio de Ponte de Lima abra\u00e7ou a iniciativa. O patrim\u00f3nio imaterial do concelho, apresentado em sete candidaturas, est\u00e1 entre os nomeados das 7 Maravilhas da Cultura Popular. O an\u00fancio foi feito esta quarta-feira. &#8220;Ponte de Lima, terra [&hellip;]\" \/>\n<meta property=\"og:url\" content=\"https:\/\/www.altominho.tv\/site\/2020\/04\/15\/feiras-novas-concertinas-e-cantares-ao-desafio-entre-os-candidatos-as-7-maravilhas-da-cultura-popular\/\" \/>\n<meta property=\"og:site_name\" content=\"Altominho.tv\" \/>\n<meta property=\"article:publisher\" content=\"https:\/\/www.facebook.com\/altominhotv\" \/>\n<meta property=\"article:published_time\" content=\"2020-04-15T15:28:04+00:00\" \/>\n<meta property=\"article:modified_time\" content=\"2020-04-15T15:28:07+00:00\" \/>\n<meta property=\"og:image\" content=\"https:\/\/www.altominho.tv\/site\/wp-content\/uploads\/2020\/04\/Feiras-Novas.jpg\" \/>\n\t<meta property=\"og:image:width\" content=\"700\" \/>\n\t<meta property=\"og:image:height\" content=\"450\" \/>\n\t<meta property=\"og:image:type\" content=\"image\/jpeg\" \/>\n<meta name=\"author\" content=\"Andreia Ferreira\" \/>\n<meta name=\"twitter:card\" content=\"summary_large_image\" \/>\n<meta name=\"twitter:creator\" content=\"@altominhoTV\" \/>\n<meta name=\"twitter:site\" content=\"@altominhoTV\" \/>\n<meta name=\"twitter:label1\" content=\"Escrito por\" \/>\n\t<meta name=\"twitter:data1\" content=\"Andreia Ferreira\" \/>\n\t<meta name=\"twitter:label2\" content=\"Tempo estimado de leitura\" \/>\n\t<meta name=\"twitter:data2\" content=\"1 minuto\" \/>\n<script type=\"application\/ld+json\" class=\"yoast-schema-graph\">{\"@context\":\"https:\\\/\\\/schema.org\",\"@graph\":[{\"@type\":\"Article\",\"@id\":\"https:\\\/\\\/www.altominho.tv\\\/site\\\/2020\\\/04\\\/15\\\/feiras-novas-concertinas-e-cantares-ao-desafio-entre-os-candidatos-as-7-maravilhas-da-cultura-popular\\\/#article\",\"isPartOf\":{\"@id\":\"https:\\\/\\\/www.altominho.tv\\\/site\\\/2020\\\/04\\\/15\\\/feiras-novas-concertinas-e-cantares-ao-desafio-entre-os-candidatos-as-7-maravilhas-da-cultura-popular\\\/\"},\"author\":{\"name\":\"Andreia Ferreira\",\"@id\":\"https:\\\/\\\/www.altominho.tv\\\/site\\\/#\\\/schema\\\/person\\\/d9be4265364723f14ea8e0d56a1d38cd\"},\"headline\":\"Feiras Novas, concertinas e cantares ao desafio entre os candidatos \u00e0s 7 Maravilhas da Cultura Popular\",\"datePublished\":\"2020-04-15T15:28:04+00:00\",\"dateModified\":\"2020-04-15T15:28:07+00:00\",\"mainEntityOfPage\":{\"@id\":\"https:\\\/\\\/www.altominho.tv\\\/site\\\/2020\\\/04\\\/15\\\/feiras-novas-concertinas-e-cantares-ao-desafio-entre-os-candidatos-as-7-maravilhas-da-cultura-popular\\\/\"},\"wordCount\":248,\"image\":{\"@id\":\"https:\\\/\\\/www.altominho.tv\\\/site\\\/2020\\\/04\\\/15\\\/feiras-novas-concertinas-e-cantares-ao-desafio-entre-os-candidatos-as-7-maravilhas-da-cultura-popular\\\/#primaryimage\"},\"thumbnailUrl\":\"https:\\\/\\\/www.altominho.tv\\\/site\\\/wp-content\\\/uploads\\\/2020\\\/04\\\/Feiras-Novas.jpg\",\"keywords\":[\"Cultura\"],\"articleSection\":[\"Ponte de Lima\"],\"inLanguage\":\"pt-PT\",\"copyrightYear\":\"2020\",\"copyrightHolder\":{\"@id\":\"https:\\\/\\\/www.altominho.tv\\\/site\\\/#organization\"}},{\"@type\":\"WebPage\",\"@id\":\"https:\\\/\\\/www.altominho.tv\\\/site\\\/2020\\\/04\\\/15\\\/feiras-novas-concertinas-e-cantares-ao-desafio-entre-os-candidatos-as-7-maravilhas-da-cultura-popular\\\/\",\"url\":\"https:\\\/\\\/www.altominho.tv\\\/site\\\/2020\\\/04\\\/15\\\/feiras-novas-concertinas-e-cantares-ao-desafio-entre-os-candidatos-as-7-maravilhas-da-cultura-popular\\\/\",\"name\":\"Feiras Novas, concertinas e cantares ao desafio entre os candidatos \u00e0s 7 Maravilhas da Cultura Popular\",\"isPartOf\":{\"@id\":\"https:\\\/\\\/www.altominho.tv\\\/site\\\/#website\"},\"primaryImageOfPage\":{\"@id\":\"https:\\\/\\\/www.altominho.tv\\\/site\\\/2020\\\/04\\\/15\\\/feiras-novas-concertinas-e-cantares-ao-desafio-entre-os-candidatos-as-7-maravilhas-da-cultura-popular\\\/#primaryimage\"},\"image\":{\"@id\":\"https:\\\/\\\/www.altominho.tv\\\/site\\\/2020\\\/04\\\/15\\\/feiras-novas-concertinas-e-cantares-ao-desafio-entre-os-candidatos-as-7-maravilhas-da-cultura-popular\\\/#primaryimage\"},\"thumbnailUrl\":\"https:\\\/\\\/www.altominho.tv\\\/site\\\/wp-content\\\/uploads\\\/2020\\\/04\\\/Feiras-Novas.jpg\",\"datePublished\":\"2020-04-15T15:28:04+00:00\",\"dateModified\":\"2020-04-15T15:28:07+00:00\",\"author\":{\"@id\":\"https:\\\/\\\/www.altominho.tv\\\/site\\\/#\\\/schema\\\/person\\\/d9be4265364723f14ea8e0d56a1d38cd\"},\"breadcrumb\":{\"@id\":\"https:\\\/\\\/www.altominho.tv\\\/site\\\/2020\\\/04\\\/15\\\/feiras-novas-concertinas-e-cantares-ao-desafio-entre-os-candidatos-as-7-maravilhas-da-cultura-popular\\\/#breadcrumb\"},\"inLanguage\":\"pt-PT\",\"potentialAction\":[{\"@type\":\"ReadAction\",\"target\":[\"https:\\\/\\\/www.altominho.tv\\\/site\\\/2020\\\/04\\\/15\\\/feiras-novas-concertinas-e-cantares-ao-desafio-entre-os-candidatos-as-7-maravilhas-da-cultura-popular\\\/\"]}]},{\"@type\":\"ImageObject\",\"inLanguage\":\"pt-PT\",\"@id\":\"https:\\\/\\\/www.altominho.tv\\\/site\\\/2020\\\/04\\\/15\\\/feiras-novas-concertinas-e-cantares-ao-desafio-entre-os-candidatos-as-7-maravilhas-da-cultura-popular\\\/#primaryimage\",\"url\":\"https:\\\/\\\/www.altominho.tv\\\/site\\\/wp-content\\\/uploads\\\/2020\\\/04\\\/Feiras-Novas.jpg\",\"contentUrl\":\"https:\\\/\\\/www.altominho.tv\\\/site\\\/wp-content\\\/uploads\\\/2020\\\/04\\\/Feiras-Novas.jpg\",\"width\":700,\"height\":450,\"caption\":\"CM PONTE DE LIMA\"},{\"@type\":\"BreadcrumbList\",\"@id\":\"https:\\\/\\\/www.altominho.tv\\\/site\\\/2020\\\/04\\\/15\\\/feiras-novas-concertinas-e-cantares-ao-desafio-entre-os-candidatos-as-7-maravilhas-da-cultura-popular\\\/#breadcrumb\",\"itemListElement\":[{\"@type\":\"ListItem\",\"position\":1,\"name\":\"In\u00edcio\",\"item\":\"https:\\\/\\\/www.altominho.tv\\\/site\\\/\"},{\"@type\":\"ListItem\",\"position\":2,\"name\":\"Feiras Novas, concertinas e cantares ao desafio entre os candidatos \u00e0s 7 Maravilhas da Cultura Popular\"}]},{\"@type\":\"WebSite\",\"@id\":\"https:\\\/\\\/www.altominho.tv\\\/site\\\/#website\",\"url\":\"https:\\\/\\\/www.altominho.tv\\\/site\\\/\",\"name\":\"Altominho.tv\",\"description\":\"A sua regi\u00e3o \u00e0 dist\u00e2ncia de um clique...\",\"potentialAction\":[{\"@type\":\"SearchAction\",\"target\":{\"@type\":\"EntryPoint\",\"urlTemplate\":\"https:\\\/\\\/www.altominho.tv\\\/site\\\/?s={search_term_string}\"},\"query-input\":{\"@type\":\"PropertyValueSpecification\",\"valueRequired\":true,\"valueName\":\"search_term_string\"}}],\"inLanguage\":\"pt-PT\"},{\"@type\":\"Person\",\"@id\":\"https:\\\/\\\/www.altominho.tv\\\/site\\\/#\\\/schema\\\/person\\\/d9be4265364723f14ea8e0d56a1d38cd\",\"name\":\"Andreia Ferreira\",\"image\":{\"@type\":\"ImageObject\",\"inLanguage\":\"pt-PT\",\"@id\":\"https:\\\/\\\/www.altominho.tv\\\/site\\\/wp-content\\\/uploads\\\/2021\\\/01\\\/AndreiaFerreira-150x150.jpg\",\"url\":\"https:\\\/\\\/www.altominho.tv\\\/site\\\/wp-content\\\/uploads\\\/2021\\\/01\\\/AndreiaFerreira-150x150.jpg\",\"contentUrl\":\"https:\\\/\\\/www.altominho.tv\\\/site\\\/wp-content\\\/uploads\\\/2021\\\/01\\\/AndreiaFerreira-150x150.jpg\",\"caption\":\"Andreia Ferreira\"},\"url\":\"https:\\\/\\\/www.altominho.tv\\\/site\\\/author\\\/andreiaferreira\\\/\"}]}<\/script>\n<!-- \/ Yoast SEO Premium plugin. -->","yoast_head_json":{"title":"Feiras Novas, concertinas e cantares ao desafio entre os candidatos \u00e0s 7 Maravilhas da Cultura Popular","robots":{"index":"index","follow":"follow","max-snippet":"max-snippet:-1","max-image-preview":"max-image-preview:large","max-video-preview":"max-video-preview:-1"},"canonical":"https:\/\/www.altominho.tv\/site\/2020\/04\/15\/feiras-novas-concertinas-e-cantares-ao-desafio-entre-os-candidatos-as-7-maravilhas-da-cultura-popular\/","og_locale":"pt_PT","og_type":"article","og_title":"Feiras Novas, concertinas e cantares ao desafio entre os candidatos \u00e0s 7 Maravilhas da Cultura Popular","og_description":"O concurso 7 Maravilhas de Portugal elegeu a Cultura Popular como tema da edi\u00e7\u00e3o de 2020 e o munic\u00edpio de Ponte de Lima abra\u00e7ou a iniciativa. O patrim\u00f3nio imaterial do concelho, apresentado em sete candidaturas, est\u00e1 entre os nomeados das 7 Maravilhas da Cultura Popular. O an\u00fancio foi feito esta quarta-feira. &#8220;Ponte de Lima, terra [&hellip;]","og_url":"https:\/\/www.altominho.tv\/site\/2020\/04\/15\/feiras-novas-concertinas-e-cantares-ao-desafio-entre-os-candidatos-as-7-maravilhas-da-cultura-popular\/","og_site_name":"Altominho.tv","article_publisher":"https:\/\/www.facebook.com\/altominhotv","article_published_time":"2020-04-15T15:28:04+00:00","article_modified_time":"2020-04-15T15:28:07+00:00","og_image":[{"width":700,"height":450,"url":"https:\/\/www.altominho.tv\/site\/wp-content\/uploads\/2020\/04\/Feiras-Novas.jpg","type":"image\/jpeg"}],"author":"Andreia Ferreira","twitter_card":"summary_large_image","twitter_creator":"@altominhoTV","twitter_site":"@altominhoTV","twitter_misc":{"Escrito por":"Andreia Ferreira","Tempo estimado de leitura":"1 minuto"},"schema":{"@context":"https:\/\/schema.org","@graph":[{"@type":"Article","@id":"https:\/\/www.altominho.tv\/site\/2020\/04\/15\/feiras-novas-concertinas-e-cantares-ao-desafio-entre-os-candidatos-as-7-maravilhas-da-cultura-popular\/#article","isPartOf":{"@id":"https:\/\/www.altominho.tv\/site\/2020\/04\/15\/feiras-novas-concertinas-e-cantares-ao-desafio-entre-os-candidatos-as-7-maravilhas-da-cultura-popular\/"},"author":{"name":"Andreia Ferreira","@id":"https:\/\/www.altominho.tv\/site\/#\/schema\/person\/d9be4265364723f14ea8e0d56a1d38cd"},"headline":"Feiras Novas, concertinas e cantares ao desafio entre os candidatos \u00e0s 7 Maravilhas da Cultura Popular","datePublished":"2020-04-15T15:28:04+00:00","dateModified":"2020-04-15T15:28:07+00:00","mainEntityOfPage":{"@id":"https:\/\/www.altominho.tv\/site\/2020\/04\/15\/feiras-novas-concertinas-e-cantares-ao-desafio-entre-os-candidatos-as-7-maravilhas-da-cultura-popular\/"},"wordCount":248,"image":{"@id":"https:\/\/www.altominho.tv\/site\/2020\/04\/15\/feiras-novas-concertinas-e-cantares-ao-desafio-entre-os-candidatos-as-7-maravilhas-da-cultura-popular\/#primaryimage"},"thumbnailUrl":"https:\/\/www.altominho.tv\/site\/wp-content\/uploads\/2020\/04\/Feiras-Novas.jpg","keywords":["Cultura"],"articleSection":["Ponte de Lima"],"inLanguage":"pt-PT","copyrightYear":"2020","copyrightHolder":{"@id":"https:\/\/www.altominho.tv\/site\/#organization"}},{"@type":"WebPage","@id":"https:\/\/www.altominho.tv\/site\/2020\/04\/15\/feiras-novas-concertinas-e-cantares-ao-desafio-entre-os-candidatos-as-7-maravilhas-da-cultura-popular\/","url":"https:\/\/www.altominho.tv\/site\/2020\/04\/15\/feiras-novas-concertinas-e-cantares-ao-desafio-entre-os-candidatos-as-7-maravilhas-da-cultura-popular\/","name":"Feiras Novas, concertinas e cantares ao desafio entre os candidatos \u00e0s 7 Maravilhas da Cultura Popular","isPartOf":{"@id":"https:\/\/www.altominho.tv\/site\/#website"},"primaryImageOfPage":{"@id":"https:\/\/www.altominho.tv\/site\/2020\/04\/15\/feiras-novas-concertinas-e-cantares-ao-desafio-entre-os-candidatos-as-7-maravilhas-da-cultura-popular\/#primaryimage"},"image":{"@id":"https:\/\/www.altominho.tv\/site\/2020\/04\/15\/feiras-novas-concertinas-e-cantares-ao-desafio-entre-os-candidatos-as-7-maravilhas-da-cultura-popular\/#primaryimage"},"thumbnailUrl":"https:\/\/www.altominho.tv\/site\/wp-content\/uploads\/2020\/04\/Feiras-Novas.jpg","datePublished":"2020-04-15T15:28:04+00:00","dateModified":"2020-04-15T15:28:07+00:00","author":{"@id":"https:\/\/www.altominho.tv\/site\/#\/schema\/person\/d9be4265364723f14ea8e0d56a1d38cd"},"breadcrumb":{"@id":"https:\/\/www.altominho.tv\/site\/2020\/04\/15\/feiras-novas-concertinas-e-cantares-ao-desafio-entre-os-candidatos-as-7-maravilhas-da-cultura-popular\/#breadcrumb"},"inLanguage":"pt-PT","potentialAction":[{"@type":"ReadAction","target":["https:\/\/www.altominho.tv\/site\/2020\/04\/15\/feiras-novas-concertinas-e-cantares-ao-desafio-entre-os-candidatos-as-7-maravilhas-da-cultura-popular\/"]}]},{"@type":"ImageObject","inLanguage":"pt-PT","@id":"https:\/\/www.altominho.tv\/site\/2020\/04\/15\/feiras-novas-concertinas-e-cantares-ao-desafio-entre-os-candidatos-as-7-maravilhas-da-cultura-popular\/#primaryimage","url":"https:\/\/www.altominho.tv\/site\/wp-content\/uploads\/2020\/04\/Feiras-Novas.jpg","contentUrl":"https:\/\/www.altominho.tv\/site\/wp-content\/uploads\/2020\/04\/Feiras-Novas.jpg","width":700,"height":450,"caption":"CM PONTE DE LIMA"},{"@type":"BreadcrumbList","@id":"https:\/\/www.altominho.tv\/site\/2020\/04\/15\/feiras-novas-concertinas-e-cantares-ao-desafio-entre-os-candidatos-as-7-maravilhas-da-cultura-popular\/#breadcrumb","itemListElement":[{"@type":"ListItem","position":1,"name":"In\u00edcio","item":"https:\/\/www.altominho.tv\/site\/"},{"@type":"ListItem","position":2,"name":"Feiras Novas, concertinas e cantares ao desafio entre os candidatos \u00e0s 7 Maravilhas da Cultura Popular"}]},{"@type":"WebSite","@id":"https:\/\/www.altominho.tv\/site\/#website","url":"https:\/\/www.altominho.tv\/site\/","name":"Altominho.tv","description":"A sua regi\u00e3o \u00e0 dist\u00e2ncia de um clique...","potentialAction":[{"@type":"SearchAction","target":{"@type":"EntryPoint","urlTemplate":"https:\/\/www.altominho.tv\/site\/?s={search_term_string}"},"query-input":{"@type":"PropertyValueSpecification","valueRequired":true,"valueName":"search_term_string"}}],"inLanguage":"pt-PT"},{"@type":"Person","@id":"https:\/\/www.altominho.tv\/site\/#\/schema\/person\/d9be4265364723f14ea8e0d56a1d38cd","name":"Andreia Ferreira","image":{"@type":"ImageObject","inLanguage":"pt-PT","@id":"https:\/\/www.altominho.tv\/site\/wp-content\/uploads\/2021\/01\/AndreiaFerreira-150x150.jpg","url":"https:\/\/www.altominho.tv\/site\/wp-content\/uploads\/2021\/01\/AndreiaFerreira-150x150.jpg","contentUrl":"https:\/\/www.altominho.tv\/site\/wp-content\/uploads\/2021\/01\/AndreiaFerreira-150x150.jpg","caption":"Andreia Ferreira"},"url":"https:\/\/www.altominho.tv\/site\/author\/andreiaferreira\/"}]}},"_links":{"self":[{"href":"https:\/\/www.altominho.tv\/site\/wp-json\/wp\/v2\/posts\/44276","targetHints":{"allow":["GET"]}}],"collection":[{"href":"https:\/\/www.altominho.tv\/site\/wp-json\/wp\/v2\/posts"}],"about":[{"href":"https:\/\/www.altominho.tv\/site\/wp-json\/wp\/v2\/types\/post"}],"author":[{"embeddable":true,"href":"https:\/\/www.altominho.tv\/site\/wp-json\/wp\/v2\/users\/12"}],"replies":[{"embeddable":true,"href":"https:\/\/www.altominho.tv\/site\/wp-json\/wp\/v2\/comments?post=44276"}],"version-history":[{"count":0,"href":"https:\/\/www.altominho.tv\/site\/wp-json\/wp\/v2\/posts\/44276\/revisions"}],"wp:featuredmedia":[{"embeddable":true,"href":"https:\/\/www.altominho.tv\/site\/wp-json\/wp\/v2\/media\/44286"}],"wp:attachment":[{"href":"https:\/\/www.altominho.tv\/site\/wp-json\/wp\/v2\/media?parent=44276"}],"wp:term":[{"taxonomy":"category","embeddable":true,"href":"https:\/\/www.altominho.tv\/site\/wp-json\/wp\/v2\/categories?post=44276"},{"taxonomy":"post_tag","embeddable":true,"href":"https:\/\/www.altominho.tv\/site\/wp-json\/wp\/v2\/tags?post=44276"}],"curies":[{"name":"wp","href":"https:\/\/api.w.org\/{rel}","templated":true}]}}