{"id":43975,"date":"2020-04-12T09:36:00","date_gmt":"2020-04-12T08:36:00","guid":{"rendered":"http:\/\/www.altominho.tv\/site\/?p=43975"},"modified":"2020-04-12T09:36:03","modified_gmt":"2020-04-12T08:36:03","slug":"lar-da-misericordia-em-viana-do-castelo-desinfetado-na-segunda-feira","status":"publish","type":"post","link":"https:\/\/www.altominho.tv\/site\/2020\/04\/12\/lar-da-misericordia-em-viana-do-castelo-desinfetado-na-segunda-feira\/","title":{"rendered":"Lar da Miseric\u00f3rdia em Viana do Castelo desinfetado na segunda-feira"},"content":{"rendered":"<p>O lar de Santiago, pertencente \u00e0 Miseric\u00f3rdia de Viana do Castelo, vai ser desinfetado na segunda-feira, pelas 10h00, anunciou este domingo a Prote\u00e7\u00e3o Civil Municipal, adiantando que a opera\u00e7\u00e3o implicar\u00e1 a retirada, tempor\u00e1ria, de 18 utentes com autonomia.<\/p>\n<p>Em comunicado enviado \u00e0s reda\u00e7\u00f5es, a Prote\u00e7\u00e3o Civil Municipal adiantou que a desinfe\u00e7\u00e3o foi decidida &#8220;em articula\u00e7\u00e3o com a Autoridade de Sa\u00fade e a Seguran\u00e7a Social&#8221; e que &#8220;ser\u00e1 efetuada pela unidade especializada da Guarda Nacional Republicana (GNR), ap\u00f3s pedido efetuado ao Comando Operacional Distrital da Prote\u00e7\u00e3o Civil&#8221;.<\/p>\n<p>&#8220;Para facilitar a boa execu\u00e7\u00e3o das opera\u00e7\u00f5es e garantir a seguran\u00e7a dos utentes, a Prote\u00e7\u00e3o Civil Municipal, com a colabora\u00e7\u00e3o dos meios do Munic\u00edpio, dos Bombeiros Volunt\u00e1rios e da Cruz Vermelha, ser\u00e3o deslocalizados cerca de 18 utentes com autonomia do lar de Santiago para um outro equipamento da Santa Casa da Miseric\u00f3rdia, enquanto a opera\u00e7\u00e3o de desinfe\u00e7\u00e3o decorrer, sendo que no final da desinfe\u00e7\u00e3o, retornar\u00e3o ao lar&#8221;.<\/p>\n<p>No lar de Santiago, um dos dois pertencentes \u00e0 Santa Casa da Miseric\u00f3rdia de Viana do Castelo, que acolhe 51 idosos. Na quinta-feira, a Miseric\u00f3rdia confirmou o primeiro caso de infe\u00e7\u00e3o por Covid-19 num utente com cerca de 90 anos, que acabou por morrer.<\/p>\n<p>Segundo os \u00faltimos n\u00fameros avan\u00e7ados pela provedora Lu\u00edsa Novo, os testes realizados a todos os utentes e funcion\u00e1rios confirmaram positivo em tr\u00eas idosos e duas das seis funcion\u00e1rias, aguardando-se o resultado de 17 rastreios, sendo que os restantes deram negativo.<\/p>\n<p>No lar Nossa Senhora da Piedade, outra das estruturas da Miseric\u00f3rdia, residem 40 idosos, e trabalham, alternadamente, duas equipas compostas por cerca de 10 a 12 trabalhadores.<\/p>\n","protected":false},"excerpt":{"rendered":"<p>O lar de Santiago, pertencente \u00e0 Miseric\u00f3rdia de Viana do Castelo, vai ser desinfetado na segunda-feira, pelas 10h00, anunciou este domingo a Prote\u00e7\u00e3o Civil Municipal, adiantando que a opera\u00e7\u00e3o implicar\u00e1 a retirada, tempor\u00e1ria, de 18 utentes com autonomia. Em comunicado enviado \u00e0s reda\u00e7\u00f5es, a Prote\u00e7\u00e3o Civil Municipal adiantou que a desinfe\u00e7\u00e3o foi decidida &#8220;em articula\u00e7\u00e3o [&hellip;]<\/p>\n","protected":false},"author":15,"featured_media":43840,"comment_status":"closed","ping_status":"closed","sticky":false,"template":"","format":"standard","meta":{"_exactmetrics_skip_tracking":false,"_exactmetrics_sitenote_active":false,"_exactmetrics_sitenote_note":"","_exactmetrics_sitenote_category":0,"footnotes":""},"categories":[14],"tags":[27],"class_list":["post-43975","post","type-post","status-publish","format-standard","has-post-thumbnail","hentry","category-viana-do-castelo","tag-sociedade"],"yoast_head":"<!-- This site is optimized with the Yoast SEO Premium plugin v27.5 (Yoast SEO v27.5) - https:\/\/yoast.com\/product\/yoast-seo-premium-wordpress\/ -->\n<title>Lar da Miseric\u00f3rdia em Viana do Castelo desinfetado na segunda-feira<\/title>\n<meta name=\"robots\" content=\"index, follow, max-snippet:-1, max-image-preview:large, max-video-preview:-1\" \/>\n<link rel=\"canonical\" href=\"https:\/\/www.altominho.tv\/site\/2020\/04\/12\/lar-da-misericordia-em-viana-do-castelo-desinfetado-na-segunda-feira\/\" \/>\n<meta property=\"og:locale\" content=\"pt_PT\" \/>\n<meta property=\"og:type\" content=\"article\" \/>\n<meta property=\"og:title\" content=\"Lar da Miseric\u00f3rdia em Viana do Castelo desinfetado na segunda-feira\" \/>\n<meta property=\"og:description\" content=\"O lar de Santiago, pertencente \u00e0 Miseric\u00f3rdia de Viana do Castelo, vai ser desinfetado na segunda-feira, pelas 10h00, anunciou este domingo a Prote\u00e7\u00e3o Civil Municipal, adiantando que a opera\u00e7\u00e3o implicar\u00e1 a retirada, tempor\u00e1ria, de 18 utentes com autonomia. Em comunicado enviado \u00e0s reda\u00e7\u00f5es, a Prote\u00e7\u00e3o Civil Municipal adiantou que a desinfe\u00e7\u00e3o foi decidida &#8220;em articula\u00e7\u00e3o [&hellip;]\" \/>\n<meta property=\"og:url\" content=\"https:\/\/www.altominho.tv\/site\/2020\/04\/12\/lar-da-misericordia-em-viana-do-castelo-desinfetado-na-segunda-feira\/\" \/>\n<meta property=\"og:site_name\" content=\"Altominho.tv\" \/>\n<meta property=\"article:publisher\" content=\"https:\/\/www.facebook.com\/altominhotv\" \/>\n<meta property=\"article:published_time\" content=\"2020-04-12T08:36:00+00:00\" \/>\n<meta property=\"article:modified_time\" content=\"2020-04-12T08:36:03+00:00\" \/>\n<meta property=\"og:image\" content=\"https:\/\/www.altominho.tv\/site\/wp-content\/uploads\/2020\/04\/lar-santiago.jpg\" \/>\n\t<meta property=\"og:image:width\" content=\"1066\" \/>\n\t<meta property=\"og:image:height\" content=\"800\" \/>\n\t<meta property=\"og:image:type\" content=\"image\/jpeg\" \/>\n<meta name=\"author\" content=\"Andreia Ferreira | Lusa\" \/>\n<meta name=\"twitter:card\" content=\"summary_large_image\" \/>\n<meta name=\"twitter:creator\" content=\"@altominhoTV\" \/>\n<meta name=\"twitter:site\" content=\"@altominhoTV\" \/>\n<meta name=\"twitter:label1\" content=\"Escrito por\" \/>\n\t<meta name=\"twitter:data1\" content=\"Andreia Ferreira | Lusa\" \/>\n\t<meta name=\"twitter:label2\" content=\"Tempo estimado de leitura\" \/>\n\t<meta name=\"twitter:data2\" content=\"1 minuto\" \/>\n<script type=\"application\/ld+json\" class=\"yoast-schema-graph\">{\"@context\":\"https:\\\/\\\/schema.org\",\"@graph\":[{\"@type\":\"Article\",\"@id\":\"https:\\\/\\\/www.altominho.tv\\\/site\\\/2020\\\/04\\\/12\\\/lar-da-misericordia-em-viana-do-castelo-desinfetado-na-segunda-feira\\\/#article\",\"isPartOf\":{\"@id\":\"https:\\\/\\\/www.altominho.tv\\\/site\\\/2020\\\/04\\\/12\\\/lar-da-misericordia-em-viana-do-castelo-desinfetado-na-segunda-feira\\\/\"},\"author\":{\"name\":\"Andreia Ferreira | Lusa\",\"@id\":\"https:\\\/\\\/www.altominho.tv\\\/site\\\/#\\\/schema\\\/person\\\/a0bff6dc1041aadd46fa81887444b017\"},\"headline\":\"Lar da Miseric\u00f3rdia em Viana do Castelo desinfetado na segunda-feira\",\"datePublished\":\"2020-04-12T08:36:00+00:00\",\"dateModified\":\"2020-04-12T08:36:03+00:00\",\"mainEntityOfPage\":{\"@id\":\"https:\\\/\\\/www.altominho.tv\\\/site\\\/2020\\\/04\\\/12\\\/lar-da-misericordia-em-viana-do-castelo-desinfetado-na-segunda-feira\\\/\"},\"wordCount\":300,\"image\":{\"@id\":\"https:\\\/\\\/www.altominho.tv\\\/site\\\/2020\\\/04\\\/12\\\/lar-da-misericordia-em-viana-do-castelo-desinfetado-na-segunda-feira\\\/#primaryimage\"},\"thumbnailUrl\":\"https:\\\/\\\/www.altominho.tv\\\/site\\\/wp-content\\\/uploads\\\/2020\\\/04\\\/lar-santiago.jpg\",\"keywords\":[\"Sociedade\"],\"articleSection\":[\"Viana do Castelo\"],\"inLanguage\":\"pt-PT\",\"copyrightYear\":\"2020\",\"copyrightHolder\":{\"@id\":\"https:\\\/\\\/www.altominho.tv\\\/site\\\/#organization\"}},{\"@type\":\"WebPage\",\"@id\":\"https:\\\/\\\/www.altominho.tv\\\/site\\\/2020\\\/04\\\/12\\\/lar-da-misericordia-em-viana-do-castelo-desinfetado-na-segunda-feira\\\/\",\"url\":\"https:\\\/\\\/www.altominho.tv\\\/site\\\/2020\\\/04\\\/12\\\/lar-da-misericordia-em-viana-do-castelo-desinfetado-na-segunda-feira\\\/\",\"name\":\"Lar da Miseric\u00f3rdia em Viana do Castelo desinfetado na segunda-feira\",\"isPartOf\":{\"@id\":\"https:\\\/\\\/www.altominho.tv\\\/site\\\/#website\"},\"primaryImageOfPage\":{\"@id\":\"https:\\\/\\\/www.altominho.tv\\\/site\\\/2020\\\/04\\\/12\\\/lar-da-misericordia-em-viana-do-castelo-desinfetado-na-segunda-feira\\\/#primaryimage\"},\"image\":{\"@id\":\"https:\\\/\\\/www.altominho.tv\\\/site\\\/2020\\\/04\\\/12\\\/lar-da-misericordia-em-viana-do-castelo-desinfetado-na-segunda-feira\\\/#primaryimage\"},\"thumbnailUrl\":\"https:\\\/\\\/www.altominho.tv\\\/site\\\/wp-content\\\/uploads\\\/2020\\\/04\\\/lar-santiago.jpg\",\"datePublished\":\"2020-04-12T08:36:00+00:00\",\"dateModified\":\"2020-04-12T08:36:03+00:00\",\"author\":{\"@id\":\"https:\\\/\\\/www.altominho.tv\\\/site\\\/#\\\/schema\\\/person\\\/a0bff6dc1041aadd46fa81887444b017\"},\"breadcrumb\":{\"@id\":\"https:\\\/\\\/www.altominho.tv\\\/site\\\/2020\\\/04\\\/12\\\/lar-da-misericordia-em-viana-do-castelo-desinfetado-na-segunda-feira\\\/#breadcrumb\"},\"inLanguage\":\"pt-PT\",\"potentialAction\":[{\"@type\":\"ReadAction\",\"target\":[\"https:\\\/\\\/www.altominho.tv\\\/site\\\/2020\\\/04\\\/12\\\/lar-da-misericordia-em-viana-do-castelo-desinfetado-na-segunda-feira\\\/\"]}]},{\"@type\":\"ImageObject\",\"inLanguage\":\"pt-PT\",\"@id\":\"https:\\\/\\\/www.altominho.tv\\\/site\\\/2020\\\/04\\\/12\\\/lar-da-misericordia-em-viana-do-castelo-desinfetado-na-segunda-feira\\\/#primaryimage\",\"url\":\"https:\\\/\\\/www.altominho.tv\\\/site\\\/wp-content\\\/uploads\\\/2020\\\/04\\\/lar-santiago.jpg\",\"contentUrl\":\"https:\\\/\\\/www.altominho.tv\\\/site\\\/wp-content\\\/uploads\\\/2020\\\/04\\\/lar-santiago.jpg\",\"width\":1066,\"height\":800,\"caption\":\"MANUEL CAL\u00d3\"},{\"@type\":\"BreadcrumbList\",\"@id\":\"https:\\\/\\\/www.altominho.tv\\\/site\\\/2020\\\/04\\\/12\\\/lar-da-misericordia-em-viana-do-castelo-desinfetado-na-segunda-feira\\\/#breadcrumb\",\"itemListElement\":[{\"@type\":\"ListItem\",\"position\":1,\"name\":\"In\u00edcio\",\"item\":\"https:\\\/\\\/www.altominho.tv\\\/site\\\/\"},{\"@type\":\"ListItem\",\"position\":2,\"name\":\"Lar da Miseric\u00f3rdia em Viana do Castelo desinfetado na segunda-feira\"}]},{\"@type\":\"WebSite\",\"@id\":\"https:\\\/\\\/www.altominho.tv\\\/site\\\/#website\",\"url\":\"https:\\\/\\\/www.altominho.tv\\\/site\\\/\",\"name\":\"Altominho.tv\",\"description\":\"A sua regi\u00e3o \u00e0 dist\u00e2ncia de um clique...\",\"potentialAction\":[{\"@type\":\"SearchAction\",\"target\":{\"@type\":\"EntryPoint\",\"urlTemplate\":\"https:\\\/\\\/www.altominho.tv\\\/site\\\/?s={search_term_string}\"},\"query-input\":{\"@type\":\"PropertyValueSpecification\",\"valueRequired\":true,\"valueName\":\"search_term_string\"}}],\"inLanguage\":\"pt-PT\"},{\"@type\":\"Person\",\"@id\":\"https:\\\/\\\/www.altominho.tv\\\/site\\\/#\\\/schema\\\/person\\\/a0bff6dc1041aadd46fa81887444b017\",\"name\":\"Andreia Ferreira | Lusa\",\"image\":{\"@type\":\"ImageObject\",\"inLanguage\":\"pt-PT\",\"@id\":\"https:\\\/\\\/www.altominho.tv\\\/site\\\/wp-content\\\/uploads\\\/2018\\\/04\\\/Andreia-150x150.jpg\",\"url\":\"https:\\\/\\\/www.altominho.tv\\\/site\\\/wp-content\\\/uploads\\\/2018\\\/04\\\/Andreia-150x150.jpg\",\"contentUrl\":\"https:\\\/\\\/www.altominho.tv\\\/site\\\/wp-content\\\/uploads\\\/2018\\\/04\\\/Andreia-150x150.jpg\",\"caption\":\"Andreia Ferreira | Lusa\"},\"sameAs\":[\"https:\\\/\\\/www.altominho.tv\\\/site\"],\"url\":\"https:\\\/\\\/www.altominho.tv\\\/site\\\/author\\\/andreiaferreiralusa\\\/\"}]}<\/script>\n<!-- \/ Yoast SEO Premium plugin. -->","yoast_head_json":{"title":"Lar da Miseric\u00f3rdia em Viana do Castelo desinfetado na segunda-feira","robots":{"index":"index","follow":"follow","max-snippet":"max-snippet:-1","max-image-preview":"max-image-preview:large","max-video-preview":"max-video-preview:-1"},"canonical":"https:\/\/www.altominho.tv\/site\/2020\/04\/12\/lar-da-misericordia-em-viana-do-castelo-desinfetado-na-segunda-feira\/","og_locale":"pt_PT","og_type":"article","og_title":"Lar da Miseric\u00f3rdia em Viana do Castelo desinfetado na segunda-feira","og_description":"O lar de Santiago, pertencente \u00e0 Miseric\u00f3rdia de Viana do Castelo, vai ser desinfetado na segunda-feira, pelas 10h00, anunciou este domingo a Prote\u00e7\u00e3o Civil Municipal, adiantando que a opera\u00e7\u00e3o implicar\u00e1 a retirada, tempor\u00e1ria, de 18 utentes com autonomia. Em comunicado enviado \u00e0s reda\u00e7\u00f5es, a Prote\u00e7\u00e3o Civil Municipal adiantou que a desinfe\u00e7\u00e3o foi decidida &#8220;em articula\u00e7\u00e3o [&hellip;]","og_url":"https:\/\/www.altominho.tv\/site\/2020\/04\/12\/lar-da-misericordia-em-viana-do-castelo-desinfetado-na-segunda-feira\/","og_site_name":"Altominho.tv","article_publisher":"https:\/\/www.facebook.com\/altominhotv","article_published_time":"2020-04-12T08:36:00+00:00","article_modified_time":"2020-04-12T08:36:03+00:00","og_image":[{"width":1066,"height":800,"url":"https:\/\/www.altominho.tv\/site\/wp-content\/uploads\/2020\/04\/lar-santiago.jpg","type":"image\/jpeg"}],"author":"Andreia Ferreira | Lusa","twitter_card":"summary_large_image","twitter_creator":"@altominhoTV","twitter_site":"@altominhoTV","twitter_misc":{"Escrito por":"Andreia Ferreira | Lusa","Tempo estimado de leitura":"1 minuto"},"schema":{"@context":"https:\/\/schema.org","@graph":[{"@type":"Article","@id":"https:\/\/www.altominho.tv\/site\/2020\/04\/12\/lar-da-misericordia-em-viana-do-castelo-desinfetado-na-segunda-feira\/#article","isPartOf":{"@id":"https:\/\/www.altominho.tv\/site\/2020\/04\/12\/lar-da-misericordia-em-viana-do-castelo-desinfetado-na-segunda-feira\/"},"author":{"name":"Andreia Ferreira | Lusa","@id":"https:\/\/www.altominho.tv\/site\/#\/schema\/person\/a0bff6dc1041aadd46fa81887444b017"},"headline":"Lar da Miseric\u00f3rdia em Viana do Castelo desinfetado na segunda-feira","datePublished":"2020-04-12T08:36:00+00:00","dateModified":"2020-04-12T08:36:03+00:00","mainEntityOfPage":{"@id":"https:\/\/www.altominho.tv\/site\/2020\/04\/12\/lar-da-misericordia-em-viana-do-castelo-desinfetado-na-segunda-feira\/"},"wordCount":300,"image":{"@id":"https:\/\/www.altominho.tv\/site\/2020\/04\/12\/lar-da-misericordia-em-viana-do-castelo-desinfetado-na-segunda-feira\/#primaryimage"},"thumbnailUrl":"https:\/\/www.altominho.tv\/site\/wp-content\/uploads\/2020\/04\/lar-santiago.jpg","keywords":["Sociedade"],"articleSection":["Viana do Castelo"],"inLanguage":"pt-PT","copyrightYear":"2020","copyrightHolder":{"@id":"https:\/\/www.altominho.tv\/site\/#organization"}},{"@type":"WebPage","@id":"https:\/\/www.altominho.tv\/site\/2020\/04\/12\/lar-da-misericordia-em-viana-do-castelo-desinfetado-na-segunda-feira\/","url":"https:\/\/www.altominho.tv\/site\/2020\/04\/12\/lar-da-misericordia-em-viana-do-castelo-desinfetado-na-segunda-feira\/","name":"Lar da Miseric\u00f3rdia em Viana do Castelo desinfetado na segunda-feira","isPartOf":{"@id":"https:\/\/www.altominho.tv\/site\/#website"},"primaryImageOfPage":{"@id":"https:\/\/www.altominho.tv\/site\/2020\/04\/12\/lar-da-misericordia-em-viana-do-castelo-desinfetado-na-segunda-feira\/#primaryimage"},"image":{"@id":"https:\/\/www.altominho.tv\/site\/2020\/04\/12\/lar-da-misericordia-em-viana-do-castelo-desinfetado-na-segunda-feira\/#primaryimage"},"thumbnailUrl":"https:\/\/www.altominho.tv\/site\/wp-content\/uploads\/2020\/04\/lar-santiago.jpg","datePublished":"2020-04-12T08:36:00+00:00","dateModified":"2020-04-12T08:36:03+00:00","author":{"@id":"https:\/\/www.altominho.tv\/site\/#\/schema\/person\/a0bff6dc1041aadd46fa81887444b017"},"breadcrumb":{"@id":"https:\/\/www.altominho.tv\/site\/2020\/04\/12\/lar-da-misericordia-em-viana-do-castelo-desinfetado-na-segunda-feira\/#breadcrumb"},"inLanguage":"pt-PT","potentialAction":[{"@type":"ReadAction","target":["https:\/\/www.altominho.tv\/site\/2020\/04\/12\/lar-da-misericordia-em-viana-do-castelo-desinfetado-na-segunda-feira\/"]}]},{"@type":"ImageObject","inLanguage":"pt-PT","@id":"https:\/\/www.altominho.tv\/site\/2020\/04\/12\/lar-da-misericordia-em-viana-do-castelo-desinfetado-na-segunda-feira\/#primaryimage","url":"https:\/\/www.altominho.tv\/site\/wp-content\/uploads\/2020\/04\/lar-santiago.jpg","contentUrl":"https:\/\/www.altominho.tv\/site\/wp-content\/uploads\/2020\/04\/lar-santiago.jpg","width":1066,"height":800,"caption":"MANUEL CAL\u00d3"},{"@type":"BreadcrumbList","@id":"https:\/\/www.altominho.tv\/site\/2020\/04\/12\/lar-da-misericordia-em-viana-do-castelo-desinfetado-na-segunda-feira\/#breadcrumb","itemListElement":[{"@type":"ListItem","position":1,"name":"In\u00edcio","item":"https:\/\/www.altominho.tv\/site\/"},{"@type":"ListItem","position":2,"name":"Lar da Miseric\u00f3rdia em Viana do Castelo desinfetado na segunda-feira"}]},{"@type":"WebSite","@id":"https:\/\/www.altominho.tv\/site\/#website","url":"https:\/\/www.altominho.tv\/site\/","name":"Altominho.tv","description":"A sua regi\u00e3o \u00e0 dist\u00e2ncia de um clique...","potentialAction":[{"@type":"SearchAction","target":{"@type":"EntryPoint","urlTemplate":"https:\/\/www.altominho.tv\/site\/?s={search_term_string}"},"query-input":{"@type":"PropertyValueSpecification","valueRequired":true,"valueName":"search_term_string"}}],"inLanguage":"pt-PT"},{"@type":"Person","@id":"https:\/\/www.altominho.tv\/site\/#\/schema\/person\/a0bff6dc1041aadd46fa81887444b017","name":"Andreia Ferreira | Lusa","image":{"@type":"ImageObject","inLanguage":"pt-PT","@id":"https:\/\/www.altominho.tv\/site\/wp-content\/uploads\/2018\/04\/Andreia-150x150.jpg","url":"https:\/\/www.altominho.tv\/site\/wp-content\/uploads\/2018\/04\/Andreia-150x150.jpg","contentUrl":"https:\/\/www.altominho.tv\/site\/wp-content\/uploads\/2018\/04\/Andreia-150x150.jpg","caption":"Andreia Ferreira | Lusa"},"sameAs":["https:\/\/www.altominho.tv\/site"],"url":"https:\/\/www.altominho.tv\/site\/author\/andreiaferreiralusa\/"}]}},"_links":{"self":[{"href":"https:\/\/www.altominho.tv\/site\/wp-json\/wp\/v2\/posts\/43975","targetHints":{"allow":["GET"]}}],"collection":[{"href":"https:\/\/www.altominho.tv\/site\/wp-json\/wp\/v2\/posts"}],"about":[{"href":"https:\/\/www.altominho.tv\/site\/wp-json\/wp\/v2\/types\/post"}],"author":[{"embeddable":true,"href":"https:\/\/www.altominho.tv\/site\/wp-json\/wp\/v2\/users\/15"}],"replies":[{"embeddable":true,"href":"https:\/\/www.altominho.tv\/site\/wp-json\/wp\/v2\/comments?post=43975"}],"version-history":[{"count":0,"href":"https:\/\/www.altominho.tv\/site\/wp-json\/wp\/v2\/posts\/43975\/revisions"}],"wp:featuredmedia":[{"embeddable":true,"href":"https:\/\/www.altominho.tv\/site\/wp-json\/wp\/v2\/media\/43840"}],"wp:attachment":[{"href":"https:\/\/www.altominho.tv\/site\/wp-json\/wp\/v2\/media?parent=43975"}],"wp:term":[{"taxonomy":"category","embeddable":true,"href":"https:\/\/www.altominho.tv\/site\/wp-json\/wp\/v2\/categories?post=43975"},{"taxonomy":"post_tag","embeddable":true,"href":"https:\/\/www.altominho.tv\/site\/wp-json\/wp\/v2\/tags?post=43975"}],"curies":[{"name":"wp","href":"https:\/\/api.w.org\/{rel}","templated":true}]}}