{"id":43929,"date":"2020-04-11T17:31:56","date_gmt":"2020-04-11T16:31:56","guid":{"rendered":"http:\/\/www.altominho.tv\/site\/?p=43929"},"modified":"2020-04-11T17:31:59","modified_gmt":"2020-04-11T16:31:59","slug":"cordeiro-a-moda-de-moncao-oferecido-a-profissionais-de-saude-bombeiros-e-gnr","status":"publish","type":"post","link":"https:\/\/www.altominho.tv\/site\/2020\/04\/11\/cordeiro-a-moda-de-moncao-oferecido-a-profissionais-de-saude-bombeiros-e-gnr\/","title":{"rendered":"Cordeiro \u00e0 Moda de Mon\u00e7\u00e3o oferecido a profissionais de s\u00e1ude, bombeiros e GNR"},"content":{"rendered":"<p><strong>Os profissionais de sa\u00fade, os bombeiros volunt\u00e1rios e a GNR de Mon\u00e7\u00e3o tiveram, este s\u00e1bado, um almo\u00e7o diferente. Setenta refei\u00e7\u00f5es de Cordeiro \u00e0 Moda de Mon\u00e7\u00e3o foram entregues no centro de sa\u00fade, no quartel dos<span style=\"font-size: inherit\"> b<\/span><span style=\"font-size: inherit\">ombeiros e no posto da GNR<\/span><\/strong>\u00a0<strong>para &#8220;proporcionar uma P\u00e1scoa mais feliz&#8221;.<\/strong><\/p>\n<p>A ideia partiu de Agostinho Correia, secret\u00e1rio da Junta de Freguesia de Pias, que quis &#8220;dar um mimo&#8221; aos profissionais que est\u00e3o na &#8220;linha da frente no combate \u00e0 pandemia da Covid-19&#8221;.<\/p>\n<p>&#8220;Decidi abdicar de algumas compensa\u00e7\u00f5es que recebo na junta de freguesia para oferecer uma refei\u00e7\u00e3o, com o Cordeiro \u00e0 Moda de Mon\u00e7\u00e3o, a todos estes profissionais do concelho porque acho que s\u00e3o merecedores&#8221;, explicou \u00e0 Altominho.tv.<\/p>\n<p>Cinco cordeiros foram confecionados e oferecidos em 70 refei\u00e7\u00f5es. &#8220;Quis ajud\u00e1-los a fazer uma refei\u00e7\u00e3o diferente e digna da \u00e9poca da P\u00e1scoa, para poderem celebrar de alguma maneira, mesmo estando longe das suas fam\u00edlias&#8221;, conta Agostinho Correia.<\/p>\n<div id='gallery-1' class='gallery galleryid-43929 gallery-columns-1 gallery-size-gridlove-single'><figure class='gallery-item'>\n\t\t\t<div class='gallery-icon portrait'>\n\t\t\t\t<a class=\"gridlove-popup\" href='https:\/\/www.altominho.tv\/site\/wp-content\/uploads\/2020\/04\/3f41f2dc-bfa5-4fdd-8a00-02b4d655b4d9.jpg'><img loading=\"lazy\" decoding=\"async\" width=\"740\" height=\"752\" src=\"https:\/\/www.altominho.tv\/site\/wp-content\/uploads\/2020\/04\/3f41f2dc-bfa5-4fdd-8a00-02b4d655b4d9-740x752.jpg\" class=\"attachment-gridlove-single size-gridlove-single\" alt=\"\" aria-describedby=\"gallery-1-43934\" srcset=\"https:\/\/www.altominho.tv\/site\/wp-content\/uploads\/2020\/04\/3f41f2dc-bfa5-4fdd-8a00-02b4d655b4d9-740x752.jpg 740w, https:\/\/www.altominho.tv\/site\/wp-content\/uploads\/2020\/04\/3f41f2dc-bfa5-4fdd-8a00-02b4d655b4d9-426x433.jpg 426w, https:\/\/www.altominho.tv\/site\/wp-content\/uploads\/2020\/04\/3f41f2dc-bfa5-4fdd-8a00-02b4d655b4d9-768x781.jpg 768w, https:\/\/www.altominho.tv\/site\/wp-content\/uploads\/2020\/04\/3f41f2dc-bfa5-4fdd-8a00-02b4d655b4d9-370x376.jpg 370w, https:\/\/www.altominho.tv\/site\/wp-content\/uploads\/2020\/04\/3f41f2dc-bfa5-4fdd-8a00-02b4d655b4d9-270x275.jpg 270w, https:\/\/www.altominho.tv\/site\/wp-content\/uploads\/2020\/04\/3f41f2dc-bfa5-4fdd-8a00-02b4d655b4d9-570x580.jpg 570w, https:\/\/www.altominho.tv\/site\/wp-content\/uploads\/2020\/04\/3f41f2dc-bfa5-4fdd-8a00-02b4d655b4d9.jpg 1007w\" sizes=\"auto, (max-width: 740px) 100vw, 740px\" \/><\/a>\n\t\t\t<\/div>\n\t\t\t\t<figcaption class='wp-caption-text gallery-caption' id='gallery-1-43934'>\n\t\t\t\tDR\n\t\t\t\t<\/figcaption><\/figure><figure class='gallery-item'>\n\t\t\t<div class='gallery-icon portrait'>\n\t\t\t\t<a class=\"gridlove-popup\" href='https:\/\/www.altominho.tv\/site\/wp-content\/uploads\/2020\/04\/5d5b1693-ed9b-4a7c-bed5-4b15e87027c2.jpg'><img loading=\"lazy\" decoding=\"async\" width=\"740\" height=\"987\" src=\"https:\/\/www.altominho.tv\/site\/wp-content\/uploads\/2020\/04\/5d5b1693-ed9b-4a7c-bed5-4b15e87027c2-740x987.jpg\" class=\"attachment-gridlove-single size-gridlove-single\" alt=\"\" aria-describedby=\"gallery-1-43933\" srcset=\"https:\/\/www.altominho.tv\/site\/wp-content\/uploads\/2020\/04\/5d5b1693-ed9b-4a7c-bed5-4b15e87027c2-740x987.jpg 740w, https:\/\/www.altominho.tv\/site\/wp-content\/uploads\/2020\/04\/5d5b1693-ed9b-4a7c-bed5-4b15e87027c2-325x433.jpg 325w, https:\/\/www.altominho.tv\/site\/wp-content\/uploads\/2020\/04\/5d5b1693-ed9b-4a7c-bed5-4b15e87027c2-370x493.jpg 370w, https:\/\/www.altominho.tv\/site\/wp-content\/uploads\/2020\/04\/5d5b1693-ed9b-4a7c-bed5-4b15e87027c2-270x360.jpg 270w, https:\/\/www.altominho.tv\/site\/wp-content\/uploads\/2020\/04\/5d5b1693-ed9b-4a7c-bed5-4b15e87027c2-570x760.jpg 570w, https:\/\/www.altominho.tv\/site\/wp-content\/uploads\/2020\/04\/5d5b1693-ed9b-4a7c-bed5-4b15e87027c2.jpg 768w\" sizes=\"auto, (max-width: 740px) 100vw, 740px\" \/><\/a>\n\t\t\t<\/div>\n\t\t\t\t<figcaption class='wp-caption-text gallery-caption' id='gallery-1-43933'>\n\t\t\t\tDR\n\t\t\t\t<\/figcaption><\/figure><figure class='gallery-item'>\n\t\t\t<div class='gallery-icon portrait'>\n\t\t\t\t<a class=\"gridlove-popup\" href='https:\/\/www.altominho.tv\/site\/wp-content\/uploads\/2020\/04\/affe8997-fd03-4968-8f2b-c1576e6abd34.jpg'><img loading=\"lazy\" decoding=\"async\" width=\"740\" height=\"987\" src=\"https:\/\/www.altominho.tv\/site\/wp-content\/uploads\/2020\/04\/affe8997-fd03-4968-8f2b-c1576e6abd34-740x987.jpg\" class=\"attachment-gridlove-single size-gridlove-single\" alt=\"\" aria-describedby=\"gallery-1-43931\" srcset=\"https:\/\/www.altominho.tv\/site\/wp-content\/uploads\/2020\/04\/affe8997-fd03-4968-8f2b-c1576e6abd34-740x987.jpg 740w, https:\/\/www.altominho.tv\/site\/wp-content\/uploads\/2020\/04\/affe8997-fd03-4968-8f2b-c1576e6abd34-325x433.jpg 325w, https:\/\/www.altominho.tv\/site\/wp-content\/uploads\/2020\/04\/affe8997-fd03-4968-8f2b-c1576e6abd34-370x493.jpg 370w, https:\/\/www.altominho.tv\/site\/wp-content\/uploads\/2020\/04\/affe8997-fd03-4968-8f2b-c1576e6abd34-270x360.jpg 270w, https:\/\/www.altominho.tv\/site\/wp-content\/uploads\/2020\/04\/affe8997-fd03-4968-8f2b-c1576e6abd34-570x760.jpg 570w, https:\/\/www.altominho.tv\/site\/wp-content\/uploads\/2020\/04\/affe8997-fd03-4968-8f2b-c1576e6abd34.jpg 768w\" sizes=\"auto, (max-width: 740px) 100vw, 740px\" \/><\/a>\n\t\t\t<\/div>\n\t\t\t\t<figcaption class='wp-caption-text gallery-caption' id='gallery-1-43931'>\n\t\t\t\tDR\n\t\t\t\t<\/figcaption><\/figure><figure class='gallery-item'>\n\t\t\t<div class='gallery-icon landscape'>\n\t\t\t\t<a class=\"gridlove-popup\" href='https:\/\/www.altominho.tv\/site\/wp-content\/uploads\/2020\/04\/94baaf07-b90b-4f4d-a0c1-c2119409f857.jpg'><img loading=\"lazy\" decoding=\"async\" width=\"740\" height=\"416\" src=\"https:\/\/www.altominho.tv\/site\/wp-content\/uploads\/2020\/04\/94baaf07-b90b-4f4d-a0c1-c2119409f857-740x416.jpg\" class=\"attachment-gridlove-single size-gridlove-single\" alt=\"\" aria-describedby=\"gallery-1-43932\" srcset=\"https:\/\/www.altominho.tv\/site\/wp-content\/uploads\/2020\/04\/94baaf07-b90b-4f4d-a0c1-c2119409f857-740x416.jpg 740w, https:\/\/www.altominho.tv\/site\/wp-content\/uploads\/2020\/04\/94baaf07-b90b-4f4d-a0c1-c2119409f857-770x433.jpg 770w, https:\/\/www.altominho.tv\/site\/wp-content\/uploads\/2020\/04\/94baaf07-b90b-4f4d-a0c1-c2119409f857-768x432.jpg 768w, https:\/\/www.altominho.tv\/site\/wp-content\/uploads\/2020\/04\/94baaf07-b90b-4f4d-a0c1-c2119409f857-370x208.jpg 370w, https:\/\/www.altominho.tv\/site\/wp-content\/uploads\/2020\/04\/94baaf07-b90b-4f4d-a0c1-c2119409f857-270x152.jpg 270w, https:\/\/www.altominho.tv\/site\/wp-content\/uploads\/2020\/04\/94baaf07-b90b-4f4d-a0c1-c2119409f857-570x321.jpg 570w, https:\/\/www.altominho.tv\/site\/wp-content\/uploads\/2020\/04\/94baaf07-b90b-4f4d-a0c1-c2119409f857.jpg 1024w\" sizes=\"auto, (max-width: 740px) 100vw, 740px\" \/><\/a>\n\t\t\t<\/div>\n\t\t\t\t<figcaption class='wp-caption-text gallery-caption' id='gallery-1-43932'>\n\t\t\t\tDR\n\t\t\t\t<\/figcaption><\/figure>\n\t\t<\/div>\n\n<p>Para o respons\u00e1vel pela iniciativa, a rea\u00e7\u00e3o dos profissionais n\u00e3o podia ser mais gratificante. &#8220;Foi muito bom ver a alegria no rosto deles. Fiquei muito contente por sentir que pude fazer algo positivo e acho que \u00e9 importante reconhecermos o seu trabalho e os riscos que correm todos os dias.&#8221;<\/p>\n","protected":false},"excerpt":{"rendered":"<p>Os profissionais de sa\u00fade, os bombeiros volunt\u00e1rios e a GNR de Mon\u00e7\u00e3o tiveram, este s\u00e1bado, um almo\u00e7o diferente. Setenta refei\u00e7\u00f5es de Cordeiro \u00e0 Moda de Mon\u00e7\u00e3o foram entregues no centro de sa\u00fade, no quartel dos bombeiros e no posto da GNR\u00a0para &#8220;proporcionar uma P\u00e1scoa mais feliz&#8221;. A ideia partiu de Agostinho Correia, secret\u00e1rio da Junta [&hellip;]<\/p>\n","protected":false},"author":12,"featured_media":43952,"comment_status":"closed","ping_status":"closed","sticky":false,"template":"","format":"standard","meta":{"_exactmetrics_skip_tracking":false,"footnotes":""},"categories":[9],"tags":[27],"class_list":["post-43929","post","type-post","status-publish","format-standard","has-post-thumbnail","hentry","category-moncao","tag-sociedade"],"yoast_head":"<!-- This site is optimized with the Yoast SEO Premium plugin v28.3 (Yoast SEO v28.3) - https:\/\/yoast.com\/product\/yoast-seo-premium-wordpress\/ -->\n<title>Cordeiro \u00e0 Moda de Mon\u00e7\u00e3o oferecido a profissionais de s\u00e1ude, bombeiros e GNR<\/title>\n<meta name=\"robots\" content=\"index, follow, max-snippet:-1, max-image-preview:large, max-video-preview:-1\" \/>\n<link rel=\"canonical\" href=\"https:\/\/www.altominho.tv\/site\/2020\/04\/11\/cordeiro-a-moda-de-moncao-oferecido-a-profissionais-de-saude-bombeiros-e-gnr\/\" \/>\n<meta property=\"og:locale\" content=\"pt_PT\" \/>\n<meta property=\"og:type\" content=\"article\" \/>\n<meta property=\"og:title\" content=\"Cordeiro \u00e0 Moda de Mon\u00e7\u00e3o oferecido a profissionais de s\u00e1ude, bombeiros e GNR\" \/>\n<meta property=\"og:description\" content=\"Os profissionais de sa\u00fade, os bombeiros volunt\u00e1rios e a GNR de Mon\u00e7\u00e3o tiveram, este s\u00e1bado, um almo\u00e7o diferente. Setenta refei\u00e7\u00f5es de Cordeiro \u00e0 Moda de Mon\u00e7\u00e3o foram entregues no centro de sa\u00fade, no quartel dos bombeiros e no posto da GNR\u00a0para &#8220;proporcionar uma P\u00e1scoa mais feliz&#8221;. A ideia partiu de Agostinho Correia, secret\u00e1rio da Junta [&hellip;]\" \/>\n<meta property=\"og:url\" content=\"https:\/\/www.altominho.tv\/site\/2020\/04\/11\/cordeiro-a-moda-de-moncao-oferecido-a-profissionais-de-saude-bombeiros-e-gnr\/\" \/>\n<meta property=\"og:site_name\" content=\"Altominho.tv\" \/>\n<meta property=\"article:publisher\" content=\"https:\/\/www.facebook.com\/altominhotv\" \/>\n<meta property=\"article:published_time\" content=\"2020-04-11T16:31:56+00:00\" \/>\n<meta property=\"article:modified_time\" content=\"2020-04-11T16:31:59+00:00\" \/>\n<meta property=\"og:image\" content=\"https:\/\/www.altominho.tv\/site\/wp-content\/uploads\/2020\/04\/Bombeiros.jpg\" \/>\n\t<meta property=\"og:image:width\" content=\"965\" \/>\n\t<meta property=\"og:image:height\" content=\"609\" \/>\n\t<meta property=\"og:image:type\" content=\"image\/jpeg\" \/>\n<meta name=\"author\" content=\"Andreia Ferreira\" \/>\n<meta name=\"twitter:card\" content=\"summary_large_image\" \/>\n<meta name=\"twitter:creator\" content=\"@altominhoTV\" \/>\n<meta name=\"twitter:site\" content=\"@altominhoTV\" \/>\n<meta name=\"twitter:label1\" content=\"Escrito por\" \/>\n\t<meta name=\"twitter:data1\" content=\"Andreia Ferreira\" \/>\n\t<meta name=\"twitter:label2\" content=\"Tempo estimado de leitura\" \/>\n\t<meta name=\"twitter:data2\" content=\"1 minuto\" \/>\n<script type=\"application\/ld+json\" class=\"yoast-schema-graph\">{\"@context\":\"https:\\\/\\\/schema.org\",\"@graph\":[{\"@type\":\"Article\",\"@id\":\"https:\\\/\\\/www.altominho.tv\\\/site\\\/2020\\\/04\\\/11\\\/cordeiro-a-moda-de-moncao-oferecido-a-profissionais-de-saude-bombeiros-e-gnr\\\/#article\",\"isPartOf\":{\"@id\":\"https:\\\/\\\/www.altominho.tv\\\/site\\\/2020\\\/04\\\/11\\\/cordeiro-a-moda-de-moncao-oferecido-a-profissionais-de-saude-bombeiros-e-gnr\\\/\"},\"author\":{\"name\":\"Andreia Ferreira\",\"@id\":\"https:\\\/\\\/www.altominho.tv\\\/site\\\/#\\\/schema\\\/person\\\/d9be4265364723f14ea8e0d56a1d38cd\"},\"headline\":\"Cordeiro \u00e0 Moda de Mon\u00e7\u00e3o oferecido a profissionais de s\u00e1ude, bombeiros e GNR\",\"datePublished\":\"2020-04-11T16:31:56+00:00\",\"dateModified\":\"2020-04-11T16:31:59+00:00\",\"mainEntityOfPage\":{\"@id\":\"https:\\\/\\\/www.altominho.tv\\\/site\\\/2020\\\/04\\\/11\\\/cordeiro-a-moda-de-moncao-oferecido-a-profissionais-de-saude-bombeiros-e-gnr\\\/\"},\"wordCount\":240,\"image\":{\"@id\":\"https:\\\/\\\/www.altominho.tv\\\/site\\\/2020\\\/04\\\/11\\\/cordeiro-a-moda-de-moncao-oferecido-a-profissionais-de-saude-bombeiros-e-gnr\\\/#primaryimage\"},\"thumbnailUrl\":\"https:\\\/\\\/www.altominho.tv\\\/site\\\/wp-content\\\/uploads\\\/2020\\\/04\\\/Bombeiros.jpg\",\"keywords\":[\"Sociedade\"],\"articleSection\":[\"Mon\u00e7\u00e3o\"],\"inLanguage\":\"pt-PT\",\"copyrightYear\":\"2020\",\"copyrightHolder\":{\"@id\":\"https:\\\/\\\/www.altominho.tv\\\/site\\\/#organization\"}},{\"@type\":\"WebPage\",\"@id\":\"https:\\\/\\\/www.altominho.tv\\\/site\\\/2020\\\/04\\\/11\\\/cordeiro-a-moda-de-moncao-oferecido-a-profissionais-de-saude-bombeiros-e-gnr\\\/\",\"url\":\"https:\\\/\\\/www.altominho.tv\\\/site\\\/2020\\\/04\\\/11\\\/cordeiro-a-moda-de-moncao-oferecido-a-profissionais-de-saude-bombeiros-e-gnr\\\/\",\"name\":\"Cordeiro \u00e0 Moda de Mon\u00e7\u00e3o oferecido a profissionais de s\u00e1ude, bombeiros e GNR\",\"isPartOf\":{\"@id\":\"https:\\\/\\\/www.altominho.tv\\\/site\\\/#website\"},\"primaryImageOfPage\":{\"@id\":\"https:\\\/\\\/www.altominho.tv\\\/site\\\/2020\\\/04\\\/11\\\/cordeiro-a-moda-de-moncao-oferecido-a-profissionais-de-saude-bombeiros-e-gnr\\\/#primaryimage\"},\"image\":{\"@id\":\"https:\\\/\\\/www.altominho.tv\\\/site\\\/2020\\\/04\\\/11\\\/cordeiro-a-moda-de-moncao-oferecido-a-profissionais-de-saude-bombeiros-e-gnr\\\/#primaryimage\"},\"thumbnailUrl\":\"https:\\\/\\\/www.altominho.tv\\\/site\\\/wp-content\\\/uploads\\\/2020\\\/04\\\/Bombeiros.jpg\",\"datePublished\":\"2020-04-11T16:31:56+00:00\",\"dateModified\":\"2020-04-11T16:31:59+00:00\",\"author\":{\"@id\":\"https:\\\/\\\/www.altominho.tv\\\/site\\\/#\\\/schema\\\/person\\\/d9be4265364723f14ea8e0d56a1d38cd\"},\"breadcrumb\":{\"@id\":\"https:\\\/\\\/www.altominho.tv\\\/site\\\/2020\\\/04\\\/11\\\/cordeiro-a-moda-de-moncao-oferecido-a-profissionais-de-saude-bombeiros-e-gnr\\\/#breadcrumb\"},\"inLanguage\":\"pt-PT\",\"potentialAction\":[{\"@type\":\"ReadAction\",\"target\":[\"https:\\\/\\\/www.altominho.tv\\\/site\\\/2020\\\/04\\\/11\\\/cordeiro-a-moda-de-moncao-oferecido-a-profissionais-de-saude-bombeiros-e-gnr\\\/\"]}]},{\"@type\":\"ImageObject\",\"inLanguage\":\"pt-PT\",\"@id\":\"https:\\\/\\\/www.altominho.tv\\\/site\\\/2020\\\/04\\\/11\\\/cordeiro-a-moda-de-moncao-oferecido-a-profissionais-de-saude-bombeiros-e-gnr\\\/#primaryimage\",\"url\":\"https:\\\/\\\/www.altominho.tv\\\/site\\\/wp-content\\\/uploads\\\/2020\\\/04\\\/Bombeiros.jpg\",\"contentUrl\":\"https:\\\/\\\/www.altominho.tv\\\/site\\\/wp-content\\\/uploads\\\/2020\\\/04\\\/Bombeiros.jpg\",\"width\":965,\"height\":609,\"caption\":\"DR\"},{\"@type\":\"BreadcrumbList\",\"@id\":\"https:\\\/\\\/www.altominho.tv\\\/site\\\/2020\\\/04\\\/11\\\/cordeiro-a-moda-de-moncao-oferecido-a-profissionais-de-saude-bombeiros-e-gnr\\\/#breadcrumb\",\"itemListElement\":[{\"@type\":\"ListItem\",\"position\":1,\"name\":\"In\u00edcio\",\"item\":\"https:\\\/\\\/www.altominho.tv\\\/site\\\/\"},{\"@type\":\"ListItem\",\"position\":2,\"name\":\"Cordeiro \u00e0 Moda de Mon\u00e7\u00e3o oferecido a profissionais de s\u00e1ude, bombeiros e GNR\"}]},{\"@type\":\"WebSite\",\"@id\":\"https:\\\/\\\/www.altominho.tv\\\/site\\\/#website\",\"url\":\"https:\\\/\\\/www.altominho.tv\\\/site\\\/\",\"name\":\"Altominho.tv\",\"description\":\"A sua regi\u00e3o \u00e0 dist\u00e2ncia de um clique...\",\"potentialAction\":[{\"@type\":\"SearchAction\",\"target\":{\"@type\":\"EntryPoint\",\"urlTemplate\":\"https:\\\/\\\/www.altominho.tv\\\/site\\\/?s={search_term_string}\"},\"query-input\":{\"@type\":\"PropertyValueSpecification\",\"valueRequired\":true,\"valueName\":\"search_term_string\"}}],\"inLanguage\":\"pt-PT\"},{\"@type\":\"Person\",\"@id\":\"https:\\\/\\\/www.altominho.tv\\\/site\\\/#\\\/schema\\\/person\\\/d9be4265364723f14ea8e0d56a1d38cd\",\"name\":\"Andreia Ferreira\",\"image\":{\"@type\":\"ImageObject\",\"inLanguage\":\"pt-PT\",\"@id\":\"https:\\\/\\\/www.altominho.tv\\\/site\\\/wp-content\\\/uploads\\\/2021\\\/01\\\/AndreiaFerreira-150x150.jpg\",\"url\":\"https:\\\/\\\/www.altominho.tv\\\/site\\\/wp-content\\\/uploads\\\/2021\\\/01\\\/AndreiaFerreira-150x150.jpg\",\"contentUrl\":\"https:\\\/\\\/www.altominho.tv\\\/site\\\/wp-content\\\/uploads\\\/2021\\\/01\\\/AndreiaFerreira-150x150.jpg\",\"caption\":\"Andreia Ferreira\"},\"url\":\"https:\\\/\\\/www.altominho.tv\\\/site\\\/author\\\/andreiaferreira\\\/\"}]}<\/script>\n<!-- \/ Yoast SEO Premium plugin. -->","yoast_head_json":{"title":"Cordeiro \u00e0 Moda de Mon\u00e7\u00e3o oferecido a profissionais de s\u00e1ude, bombeiros e GNR","robots":{"index":"index","follow":"follow","max-snippet":"max-snippet:-1","max-image-preview":"max-image-preview:large","max-video-preview":"max-video-preview:-1"},"canonical":"https:\/\/www.altominho.tv\/site\/2020\/04\/11\/cordeiro-a-moda-de-moncao-oferecido-a-profissionais-de-saude-bombeiros-e-gnr\/","og_locale":"pt_PT","og_type":"article","og_title":"Cordeiro \u00e0 Moda de Mon\u00e7\u00e3o oferecido a profissionais de s\u00e1ude, bombeiros e GNR","og_description":"Os profissionais de sa\u00fade, os bombeiros volunt\u00e1rios e a GNR de Mon\u00e7\u00e3o tiveram, este s\u00e1bado, um almo\u00e7o diferente. Setenta refei\u00e7\u00f5es de Cordeiro \u00e0 Moda de Mon\u00e7\u00e3o foram entregues no centro de sa\u00fade, no quartel dos bombeiros e no posto da GNR\u00a0para &#8220;proporcionar uma P\u00e1scoa mais feliz&#8221;. A ideia partiu de Agostinho Correia, secret\u00e1rio da Junta [&hellip;]","og_url":"https:\/\/www.altominho.tv\/site\/2020\/04\/11\/cordeiro-a-moda-de-moncao-oferecido-a-profissionais-de-saude-bombeiros-e-gnr\/","og_site_name":"Altominho.tv","article_publisher":"https:\/\/www.facebook.com\/altominhotv","article_published_time":"2020-04-11T16:31:56+00:00","article_modified_time":"2020-04-11T16:31:59+00:00","og_image":[{"width":965,"height":609,"url":"https:\/\/www.altominho.tv\/site\/wp-content\/uploads\/2020\/04\/Bombeiros.jpg","type":"image\/jpeg"}],"author":"Andreia Ferreira","twitter_card":"summary_large_image","twitter_creator":"@altominhoTV","twitter_site":"@altominhoTV","twitter_misc":{"Escrito por":"Andreia Ferreira","Tempo estimado de leitura":"1 minuto"},"schema":{"@context":"https:\/\/schema.org","@graph":[{"@type":"Article","@id":"https:\/\/www.altominho.tv\/site\/2020\/04\/11\/cordeiro-a-moda-de-moncao-oferecido-a-profissionais-de-saude-bombeiros-e-gnr\/#article","isPartOf":{"@id":"https:\/\/www.altominho.tv\/site\/2020\/04\/11\/cordeiro-a-moda-de-moncao-oferecido-a-profissionais-de-saude-bombeiros-e-gnr\/"},"author":{"name":"Andreia Ferreira","@id":"https:\/\/www.altominho.tv\/site\/#\/schema\/person\/d9be4265364723f14ea8e0d56a1d38cd"},"headline":"Cordeiro \u00e0 Moda de Mon\u00e7\u00e3o oferecido a profissionais de s\u00e1ude, bombeiros e GNR","datePublished":"2020-04-11T16:31:56+00:00","dateModified":"2020-04-11T16:31:59+00:00","mainEntityOfPage":{"@id":"https:\/\/www.altominho.tv\/site\/2020\/04\/11\/cordeiro-a-moda-de-moncao-oferecido-a-profissionais-de-saude-bombeiros-e-gnr\/"},"wordCount":240,"image":{"@id":"https:\/\/www.altominho.tv\/site\/2020\/04\/11\/cordeiro-a-moda-de-moncao-oferecido-a-profissionais-de-saude-bombeiros-e-gnr\/#primaryimage"},"thumbnailUrl":"https:\/\/www.altominho.tv\/site\/wp-content\/uploads\/2020\/04\/Bombeiros.jpg","keywords":["Sociedade"],"articleSection":["Mon\u00e7\u00e3o"],"inLanguage":"pt-PT","copyrightYear":"2020","copyrightHolder":{"@id":"https:\/\/www.altominho.tv\/site\/#organization"}},{"@type":"WebPage","@id":"https:\/\/www.altominho.tv\/site\/2020\/04\/11\/cordeiro-a-moda-de-moncao-oferecido-a-profissionais-de-saude-bombeiros-e-gnr\/","url":"https:\/\/www.altominho.tv\/site\/2020\/04\/11\/cordeiro-a-moda-de-moncao-oferecido-a-profissionais-de-saude-bombeiros-e-gnr\/","name":"Cordeiro \u00e0 Moda de Mon\u00e7\u00e3o oferecido a profissionais de s\u00e1ude, bombeiros e GNR","isPartOf":{"@id":"https:\/\/www.altominho.tv\/site\/#website"},"primaryImageOfPage":{"@id":"https:\/\/www.altominho.tv\/site\/2020\/04\/11\/cordeiro-a-moda-de-moncao-oferecido-a-profissionais-de-saude-bombeiros-e-gnr\/#primaryimage"},"image":{"@id":"https:\/\/www.altominho.tv\/site\/2020\/04\/11\/cordeiro-a-moda-de-moncao-oferecido-a-profissionais-de-saude-bombeiros-e-gnr\/#primaryimage"},"thumbnailUrl":"https:\/\/www.altominho.tv\/site\/wp-content\/uploads\/2020\/04\/Bombeiros.jpg","datePublished":"2020-04-11T16:31:56+00:00","dateModified":"2020-04-11T16:31:59+00:00","author":{"@id":"https:\/\/www.altominho.tv\/site\/#\/schema\/person\/d9be4265364723f14ea8e0d56a1d38cd"},"breadcrumb":{"@id":"https:\/\/www.altominho.tv\/site\/2020\/04\/11\/cordeiro-a-moda-de-moncao-oferecido-a-profissionais-de-saude-bombeiros-e-gnr\/#breadcrumb"},"inLanguage":"pt-PT","potentialAction":[{"@type":"ReadAction","target":["https:\/\/www.altominho.tv\/site\/2020\/04\/11\/cordeiro-a-moda-de-moncao-oferecido-a-profissionais-de-saude-bombeiros-e-gnr\/"]}]},{"@type":"ImageObject","inLanguage":"pt-PT","@id":"https:\/\/www.altominho.tv\/site\/2020\/04\/11\/cordeiro-a-moda-de-moncao-oferecido-a-profissionais-de-saude-bombeiros-e-gnr\/#primaryimage","url":"https:\/\/www.altominho.tv\/site\/wp-content\/uploads\/2020\/04\/Bombeiros.jpg","contentUrl":"https:\/\/www.altominho.tv\/site\/wp-content\/uploads\/2020\/04\/Bombeiros.jpg","width":965,"height":609,"caption":"DR"},{"@type":"BreadcrumbList","@id":"https:\/\/www.altominho.tv\/site\/2020\/04\/11\/cordeiro-a-moda-de-moncao-oferecido-a-profissionais-de-saude-bombeiros-e-gnr\/#breadcrumb","itemListElement":[{"@type":"ListItem","position":1,"name":"In\u00edcio","item":"https:\/\/www.altominho.tv\/site\/"},{"@type":"ListItem","position":2,"name":"Cordeiro \u00e0 Moda de Mon\u00e7\u00e3o oferecido a profissionais de s\u00e1ude, bombeiros e GNR"}]},{"@type":"WebSite","@id":"https:\/\/www.altominho.tv\/site\/#website","url":"https:\/\/www.altominho.tv\/site\/","name":"Altominho.tv","description":"A sua regi\u00e3o \u00e0 dist\u00e2ncia de um clique...","potentialAction":[{"@type":"SearchAction","target":{"@type":"EntryPoint","urlTemplate":"https:\/\/www.altominho.tv\/site\/?s={search_term_string}"},"query-input":{"@type":"PropertyValueSpecification","valueRequired":true,"valueName":"search_term_string"}}],"inLanguage":"pt-PT"},{"@type":"Person","@id":"https:\/\/www.altominho.tv\/site\/#\/schema\/person\/d9be4265364723f14ea8e0d56a1d38cd","name":"Andreia Ferreira","image":{"@type":"ImageObject","inLanguage":"pt-PT","@id":"https:\/\/www.altominho.tv\/site\/wp-content\/uploads\/2021\/01\/AndreiaFerreira-150x150.jpg","url":"https:\/\/www.altominho.tv\/site\/wp-content\/uploads\/2021\/01\/AndreiaFerreira-150x150.jpg","contentUrl":"https:\/\/www.altominho.tv\/site\/wp-content\/uploads\/2021\/01\/AndreiaFerreira-150x150.jpg","caption":"Andreia Ferreira"},"url":"https:\/\/www.altominho.tv\/site\/author\/andreiaferreira\/"}]}},"_links":{"self":[{"href":"https:\/\/www.altominho.tv\/site\/wp-json\/wp\/v2\/posts\/43929","targetHints":{"allow":["GET"]}}],"collection":[{"href":"https:\/\/www.altominho.tv\/site\/wp-json\/wp\/v2\/posts"}],"about":[{"href":"https:\/\/www.altominho.tv\/site\/wp-json\/wp\/v2\/types\/post"}],"author":[{"embeddable":true,"href":"https:\/\/www.altominho.tv\/site\/wp-json\/wp\/v2\/users\/12"}],"replies":[{"embeddable":true,"href":"https:\/\/www.altominho.tv\/site\/wp-json\/wp\/v2\/comments?post=43929"}],"version-history":[{"count":0,"href":"https:\/\/www.altominho.tv\/site\/wp-json\/wp\/v2\/posts\/43929\/revisions"}],"wp:featuredmedia":[{"embeddable":true,"href":"https:\/\/www.altominho.tv\/site\/wp-json\/wp\/v2\/media\/43952"}],"wp:attachment":[{"href":"https:\/\/www.altominho.tv\/site\/wp-json\/wp\/v2\/media?parent=43929"}],"wp:term":[{"taxonomy":"category","embeddable":true,"href":"https:\/\/www.altominho.tv\/site\/wp-json\/wp\/v2\/categories?post=43929"},{"taxonomy":"post_tag","embeddable":true,"href":"https:\/\/www.altominho.tv\/site\/wp-json\/wp\/v2\/tags?post=43929"}],"curies":[{"name":"wp","href":"https:\/\/api.w.org\/{rel}","templated":true}]}}