{"id":43819,"date":"2020-04-09T18:51:13","date_gmt":"2020-04-09T17:51:13","guid":{"rendered":"http:\/\/www.altominho.tv\/site\/?p=43819"},"modified":"2020-04-09T18:51:16","modified_gmt":"2020-04-09T17:51:16","slug":"arcos-de-valdevez-disponibiliza-instalacoes-para-quarentena-e-retaguarda-hospitalar","status":"publish","type":"post","link":"https:\/\/www.altominho.tv\/site\/2020\/04\/09\/arcos-de-valdevez-disponibiliza-instalacoes-para-quarentena-e-retaguarda-hospitalar\/","title":{"rendered":"Arcos de Valdevez disponibiliza instala\u00e7\u00f5es para quarentena e retaguarda hospitalar"},"content":{"rendered":"<p>A C\u00e2mara Municipal de Arcos de Valdevez anunciou em comunicado que, preparou v\u00e1rios espa\u00e7os de apoio com cerca de 260 camas para as pessoas em quarentena, devidamente equipados e desinfetados, de acordo com as orienta\u00e7\u00f5es da Dire\u00e7\u00e3o Geral de Sa\u00fade (DGS).<\/p>\n<p>No pavilh\u00e3o municipal deste munic\u00edpio est\u00e3o 50 camas, das quais 40 em duas alas separadas (masculina e feminina) e 10 camas em espa\u00e7os individuais para receber utentes que necessitem de cuidados especiais. Foi ainda instalada uma \u00e1rea para refei\u00e7\u00f5es com mesas e uma televis\u00e3o. No piso foi instalado uma cobertura lav\u00e1vel e higieniz\u00e1vel.<\/p>\n<p>De acordo com o comunciado, a C\u00e2mara Municipal mobilou ainda a <strong>antiga enfermaria do Centro de Sa\u00fade de Arcos de Valdevez<\/strong> que poder\u00e1 <strong>funcionar como \u201dHospital de Retaguarda\u201d,<\/strong> de forma a receber pessoas com COVID-19 com necessidades de apoio de sa\u00fade, caso a ULSAM providencie o apoio de equipa de sa\u00fade (m\u00e9dicos e enfermeiros), medica\u00e7\u00e3o e colocar em funcionamento o equipamento existente.<\/p>\n","protected":false},"excerpt":{"rendered":"<p>A C\u00e2mara Municipal de Arcos de Valdevez anunciou em comunicado que, preparou v\u00e1rios espa\u00e7os de apoio com cerca de 260 camas para as pessoas em quarentena, devidamente equipados e desinfetados, de acordo com as orienta\u00e7\u00f5es da Dire\u00e7\u00e3o Geral de Sa\u00fade (DGS). No pavilh\u00e3o municipal deste munic\u00edpio est\u00e3o 50 camas, das quais 40 em duas alas [&hellip;]<\/p>\n","protected":false},"author":1,"featured_media":43820,"comment_status":"closed","ping_status":"closed","sticky":false,"template":"","format":"standard","meta":{"_exactmetrics_skip_tracking":false,"_exactmetrics_sitenote_active":false,"_exactmetrics_sitenote_note":"","_exactmetrics_sitenote_category":0,"footnotes":""},"categories":[2],"tags":[26],"class_list":["post-43819","post","type-post","status-publish","format-standard","has-post-thumbnail","hentry","category-arcos-de-valdevez","tag-saude"],"yoast_head":"<!-- This site is optimized with the Yoast SEO Premium plugin v27.4 (Yoast SEO v27.4) - https:\/\/yoast.com\/product\/yoast-seo-premium-wordpress\/ -->\n<title>Arcos de Valdevez disponibiliza instala\u00e7\u00f5es para quarentena e retaguarda hospitalar<\/title>\n<meta name=\"robots\" content=\"index, follow, max-snippet:-1, max-image-preview:large, max-video-preview:-1\" \/>\n<link rel=\"canonical\" href=\"https:\/\/www.altominho.tv\/site\/2020\/04\/09\/arcos-de-valdevez-disponibiliza-instalacoes-para-quarentena-e-retaguarda-hospitalar\/\" \/>\n<meta property=\"og:locale\" content=\"pt_PT\" \/>\n<meta property=\"og:type\" content=\"article\" \/>\n<meta property=\"og:title\" content=\"Arcos de Valdevez disponibiliza instala\u00e7\u00f5es para quarentena e retaguarda hospitalar\" \/>\n<meta property=\"og:description\" content=\"A C\u00e2mara Municipal de Arcos de Valdevez anunciou em comunicado que, preparou v\u00e1rios espa\u00e7os de apoio com cerca de 260 camas para as pessoas em quarentena, devidamente equipados e desinfetados, de acordo com as orienta\u00e7\u00f5es da Dire\u00e7\u00e3o Geral de Sa\u00fade (DGS). No pavilh\u00e3o municipal deste munic\u00edpio est\u00e3o 50 camas, das quais 40 em duas alas [&hellip;]\" \/>\n<meta property=\"og:url\" content=\"https:\/\/www.altominho.tv\/site\/2020\/04\/09\/arcos-de-valdevez-disponibiliza-instalacoes-para-quarentena-e-retaguarda-hospitalar\/\" \/>\n<meta property=\"og:site_name\" content=\"Altominho.tv\" \/>\n<meta property=\"article:publisher\" content=\"https:\/\/www.facebook.com\/altominhotv\" \/>\n<meta property=\"article:published_time\" content=\"2020-04-09T17:51:13+00:00\" \/>\n<meta property=\"article:modified_time\" content=\"2020-04-09T17:51:16+00:00\" \/>\n<meta property=\"og:image\" content=\"https:\/\/www.altominho.tv\/site\/wp-content\/uploads\/2020\/04\/92747354_3092662554126355_8510971042737422336_n.jpg\" \/>\n\t<meta property=\"og:image:width\" content=\"720\" \/>\n\t<meta property=\"og:image:height\" content=\"540\" \/>\n\t<meta property=\"og:image:type\" content=\"image\/jpeg\" \/>\n<meta name=\"author\" content=\"Altominho.tv\" \/>\n<meta name=\"twitter:card\" content=\"summary_large_image\" \/>\n<meta name=\"twitter:creator\" content=\"@altominhoTV\" \/>\n<meta name=\"twitter:site\" content=\"@altominhoTV\" \/>\n<meta name=\"twitter:label1\" content=\"Escrito por\" \/>\n\t<meta name=\"twitter:data1\" content=\"Altominho.tv\" \/>\n\t<meta name=\"twitter:label2\" content=\"Tempo estimado de leitura\" \/>\n\t<meta name=\"twitter:data2\" content=\"1 minuto\" \/>\n<script type=\"application\/ld+json\" class=\"yoast-schema-graph\">{\"@context\":\"https:\\\/\\\/schema.org\",\"@graph\":[{\"@type\":\"Article\",\"@id\":\"https:\\\/\\\/www.altominho.tv\\\/site\\\/2020\\\/04\\\/09\\\/arcos-de-valdevez-disponibiliza-instalacoes-para-quarentena-e-retaguarda-hospitalar\\\/#article\",\"isPartOf\":{\"@id\":\"https:\\\/\\\/www.altominho.tv\\\/site\\\/2020\\\/04\\\/09\\\/arcos-de-valdevez-disponibiliza-instalacoes-para-quarentena-e-retaguarda-hospitalar\\\/\"},\"author\":{\"name\":\"Altominho.tv\",\"@id\":\"https:\\\/\\\/www.altominho.tv\\\/site\\\/#\\\/schema\\\/person\\\/4e536851627d7914baf3dac752b6af22\"},\"headline\":\"Arcos de Valdevez disponibiliza instala\u00e7\u00f5es para quarentena e retaguarda hospitalar\",\"datePublished\":\"2020-04-09T17:51:13+00:00\",\"dateModified\":\"2020-04-09T17:51:16+00:00\",\"mainEntityOfPage\":{\"@id\":\"https:\\\/\\\/www.altominho.tv\\\/site\\\/2020\\\/04\\\/09\\\/arcos-de-valdevez-disponibiliza-instalacoes-para-quarentena-e-retaguarda-hospitalar\\\/\"},\"wordCount\":183,\"image\":{\"@id\":\"https:\\\/\\\/www.altominho.tv\\\/site\\\/2020\\\/04\\\/09\\\/arcos-de-valdevez-disponibiliza-instalacoes-para-quarentena-e-retaguarda-hospitalar\\\/#primaryimage\"},\"thumbnailUrl\":\"https:\\\/\\\/www.altominho.tv\\\/site\\\/wp-content\\\/uploads\\\/2020\\\/04\\\/92747354_3092662554126355_8510971042737422336_n.jpg\",\"keywords\":[\"Sa\u00fade\"],\"articleSection\":[\"Arcos de Valdevez\"],\"inLanguage\":\"pt-PT\",\"copyrightYear\":\"2020\",\"copyrightHolder\":{\"@id\":\"https:\\\/\\\/www.altominho.tv\\\/site\\\/#organization\"}},{\"@type\":\"WebPage\",\"@id\":\"https:\\\/\\\/www.altominho.tv\\\/site\\\/2020\\\/04\\\/09\\\/arcos-de-valdevez-disponibiliza-instalacoes-para-quarentena-e-retaguarda-hospitalar\\\/\",\"url\":\"https:\\\/\\\/www.altominho.tv\\\/site\\\/2020\\\/04\\\/09\\\/arcos-de-valdevez-disponibiliza-instalacoes-para-quarentena-e-retaguarda-hospitalar\\\/\",\"name\":\"Arcos de Valdevez disponibiliza instala\u00e7\u00f5es para quarentena e retaguarda hospitalar\",\"isPartOf\":{\"@id\":\"https:\\\/\\\/www.altominho.tv\\\/site\\\/#website\"},\"primaryImageOfPage\":{\"@id\":\"https:\\\/\\\/www.altominho.tv\\\/site\\\/2020\\\/04\\\/09\\\/arcos-de-valdevez-disponibiliza-instalacoes-para-quarentena-e-retaguarda-hospitalar\\\/#primaryimage\"},\"image\":{\"@id\":\"https:\\\/\\\/www.altominho.tv\\\/site\\\/2020\\\/04\\\/09\\\/arcos-de-valdevez-disponibiliza-instalacoes-para-quarentena-e-retaguarda-hospitalar\\\/#primaryimage\"},\"thumbnailUrl\":\"https:\\\/\\\/www.altominho.tv\\\/site\\\/wp-content\\\/uploads\\\/2020\\\/04\\\/92747354_3092662554126355_8510971042737422336_n.jpg\",\"datePublished\":\"2020-04-09T17:51:13+00:00\",\"dateModified\":\"2020-04-09T17:51:16+00:00\",\"author\":{\"@id\":\"https:\\\/\\\/www.altominho.tv\\\/site\\\/#\\\/schema\\\/person\\\/4e536851627d7914baf3dac752b6af22\"},\"breadcrumb\":{\"@id\":\"https:\\\/\\\/www.altominho.tv\\\/site\\\/2020\\\/04\\\/09\\\/arcos-de-valdevez-disponibiliza-instalacoes-para-quarentena-e-retaguarda-hospitalar\\\/#breadcrumb\"},\"inLanguage\":\"pt-PT\",\"potentialAction\":[{\"@type\":\"ReadAction\",\"target\":[\"https:\\\/\\\/www.altominho.tv\\\/site\\\/2020\\\/04\\\/09\\\/arcos-de-valdevez-disponibiliza-instalacoes-para-quarentena-e-retaguarda-hospitalar\\\/\"]}]},{\"@type\":\"ImageObject\",\"inLanguage\":\"pt-PT\",\"@id\":\"https:\\\/\\\/www.altominho.tv\\\/site\\\/2020\\\/04\\\/09\\\/arcos-de-valdevez-disponibiliza-instalacoes-para-quarentena-e-retaguarda-hospitalar\\\/#primaryimage\",\"url\":\"https:\\\/\\\/www.altominho.tv\\\/site\\\/wp-content\\\/uploads\\\/2020\\\/04\\\/92747354_3092662554126355_8510971042737422336_n.jpg\",\"contentUrl\":\"https:\\\/\\\/www.altominho.tv\\\/site\\\/wp-content\\\/uploads\\\/2020\\\/04\\\/92747354_3092662554126355_8510971042737422336_n.jpg\",\"width\":720,\"height\":540},{\"@type\":\"BreadcrumbList\",\"@id\":\"https:\\\/\\\/www.altominho.tv\\\/site\\\/2020\\\/04\\\/09\\\/arcos-de-valdevez-disponibiliza-instalacoes-para-quarentena-e-retaguarda-hospitalar\\\/#breadcrumb\",\"itemListElement\":[{\"@type\":\"ListItem\",\"position\":1,\"name\":\"In\u00edcio\",\"item\":\"https:\\\/\\\/www.altominho.tv\\\/site\\\/\"},{\"@type\":\"ListItem\",\"position\":2,\"name\":\"Arcos de Valdevez disponibiliza instala\u00e7\u00f5es para quarentena e retaguarda hospitalar\"}]},{\"@type\":\"WebSite\",\"@id\":\"https:\\\/\\\/www.altominho.tv\\\/site\\\/#website\",\"url\":\"https:\\\/\\\/www.altominho.tv\\\/site\\\/\",\"name\":\"Altominho.tv\",\"description\":\"A sua regi\u00e3o \u00e0 dist\u00e2ncia de um clique...\",\"potentialAction\":[{\"@type\":\"SearchAction\",\"target\":{\"@type\":\"EntryPoint\",\"urlTemplate\":\"https:\\\/\\\/www.altominho.tv\\\/site\\\/?s={search_term_string}\"},\"query-input\":{\"@type\":\"PropertyValueSpecification\",\"valueRequired\":true,\"valueName\":\"search_term_string\"}}],\"inLanguage\":\"pt-PT\"},{\"@type\":\"Person\",\"@id\":\"https:\\\/\\\/www.altominho.tv\\\/site\\\/#\\\/schema\\\/person\\\/4e536851627d7914baf3dac752b6af22\",\"name\":\"Altominho.tv\",\"image\":{\"@type\":\"ImageObject\",\"inLanguage\":\"pt-PT\",\"@id\":\"https:\\\/\\\/www.altominho.tv\\\/site\\\/wp-content\\\/uploads\\\/2019\\\/11\\\/Logo_Avatar_2-150x150.jpg\",\"url\":\"https:\\\/\\\/www.altominho.tv\\\/site\\\/wp-content\\\/uploads\\\/2019\\\/11\\\/Logo_Avatar_2-150x150.jpg\",\"contentUrl\":\"https:\\\/\\\/www.altominho.tv\\\/site\\\/wp-content\\\/uploads\\\/2019\\\/11\\\/Logo_Avatar_2-150x150.jpg\",\"caption\":\"Altominho.tv\"},\"url\":\"https:\\\/\\\/www.altominho.tv\\\/site\\\/author\\\/altominhotv-tecnico\\\/\"}]}<\/script>\n<!-- \/ Yoast SEO Premium plugin. -->","yoast_head_json":{"title":"Arcos de Valdevez disponibiliza instala\u00e7\u00f5es para quarentena e retaguarda hospitalar","robots":{"index":"index","follow":"follow","max-snippet":"max-snippet:-1","max-image-preview":"max-image-preview:large","max-video-preview":"max-video-preview:-1"},"canonical":"https:\/\/www.altominho.tv\/site\/2020\/04\/09\/arcos-de-valdevez-disponibiliza-instalacoes-para-quarentena-e-retaguarda-hospitalar\/","og_locale":"pt_PT","og_type":"article","og_title":"Arcos de Valdevez disponibiliza instala\u00e7\u00f5es para quarentena e retaguarda hospitalar","og_description":"A C\u00e2mara Municipal de Arcos de Valdevez anunciou em comunicado que, preparou v\u00e1rios espa\u00e7os de apoio com cerca de 260 camas para as pessoas em quarentena, devidamente equipados e desinfetados, de acordo com as orienta\u00e7\u00f5es da Dire\u00e7\u00e3o Geral de Sa\u00fade (DGS). No pavilh\u00e3o municipal deste munic\u00edpio est\u00e3o 50 camas, das quais 40 em duas alas [&hellip;]","og_url":"https:\/\/www.altominho.tv\/site\/2020\/04\/09\/arcos-de-valdevez-disponibiliza-instalacoes-para-quarentena-e-retaguarda-hospitalar\/","og_site_name":"Altominho.tv","article_publisher":"https:\/\/www.facebook.com\/altominhotv","article_published_time":"2020-04-09T17:51:13+00:00","article_modified_time":"2020-04-09T17:51:16+00:00","og_image":[{"width":720,"height":540,"url":"https:\/\/www.altominho.tv\/site\/wp-content\/uploads\/2020\/04\/92747354_3092662554126355_8510971042737422336_n.jpg","type":"image\/jpeg"}],"author":"Altominho.tv","twitter_card":"summary_large_image","twitter_creator":"@altominhoTV","twitter_site":"@altominhoTV","twitter_misc":{"Escrito por":"Altominho.tv","Tempo estimado de leitura":"1 minuto"},"schema":{"@context":"https:\/\/schema.org","@graph":[{"@type":"Article","@id":"https:\/\/www.altominho.tv\/site\/2020\/04\/09\/arcos-de-valdevez-disponibiliza-instalacoes-para-quarentena-e-retaguarda-hospitalar\/#article","isPartOf":{"@id":"https:\/\/www.altominho.tv\/site\/2020\/04\/09\/arcos-de-valdevez-disponibiliza-instalacoes-para-quarentena-e-retaguarda-hospitalar\/"},"author":{"name":"Altominho.tv","@id":"https:\/\/www.altominho.tv\/site\/#\/schema\/person\/4e536851627d7914baf3dac752b6af22"},"headline":"Arcos de Valdevez disponibiliza instala\u00e7\u00f5es para quarentena e retaguarda hospitalar","datePublished":"2020-04-09T17:51:13+00:00","dateModified":"2020-04-09T17:51:16+00:00","mainEntityOfPage":{"@id":"https:\/\/www.altominho.tv\/site\/2020\/04\/09\/arcos-de-valdevez-disponibiliza-instalacoes-para-quarentena-e-retaguarda-hospitalar\/"},"wordCount":183,"image":{"@id":"https:\/\/www.altominho.tv\/site\/2020\/04\/09\/arcos-de-valdevez-disponibiliza-instalacoes-para-quarentena-e-retaguarda-hospitalar\/#primaryimage"},"thumbnailUrl":"https:\/\/www.altominho.tv\/site\/wp-content\/uploads\/2020\/04\/92747354_3092662554126355_8510971042737422336_n.jpg","keywords":["Sa\u00fade"],"articleSection":["Arcos de Valdevez"],"inLanguage":"pt-PT","copyrightYear":"2020","copyrightHolder":{"@id":"https:\/\/www.altominho.tv\/site\/#organization"}},{"@type":"WebPage","@id":"https:\/\/www.altominho.tv\/site\/2020\/04\/09\/arcos-de-valdevez-disponibiliza-instalacoes-para-quarentena-e-retaguarda-hospitalar\/","url":"https:\/\/www.altominho.tv\/site\/2020\/04\/09\/arcos-de-valdevez-disponibiliza-instalacoes-para-quarentena-e-retaguarda-hospitalar\/","name":"Arcos de Valdevez disponibiliza instala\u00e7\u00f5es para quarentena e retaguarda hospitalar","isPartOf":{"@id":"https:\/\/www.altominho.tv\/site\/#website"},"primaryImageOfPage":{"@id":"https:\/\/www.altominho.tv\/site\/2020\/04\/09\/arcos-de-valdevez-disponibiliza-instalacoes-para-quarentena-e-retaguarda-hospitalar\/#primaryimage"},"image":{"@id":"https:\/\/www.altominho.tv\/site\/2020\/04\/09\/arcos-de-valdevez-disponibiliza-instalacoes-para-quarentena-e-retaguarda-hospitalar\/#primaryimage"},"thumbnailUrl":"https:\/\/www.altominho.tv\/site\/wp-content\/uploads\/2020\/04\/92747354_3092662554126355_8510971042737422336_n.jpg","datePublished":"2020-04-09T17:51:13+00:00","dateModified":"2020-04-09T17:51:16+00:00","author":{"@id":"https:\/\/www.altominho.tv\/site\/#\/schema\/person\/4e536851627d7914baf3dac752b6af22"},"breadcrumb":{"@id":"https:\/\/www.altominho.tv\/site\/2020\/04\/09\/arcos-de-valdevez-disponibiliza-instalacoes-para-quarentena-e-retaguarda-hospitalar\/#breadcrumb"},"inLanguage":"pt-PT","potentialAction":[{"@type":"ReadAction","target":["https:\/\/www.altominho.tv\/site\/2020\/04\/09\/arcos-de-valdevez-disponibiliza-instalacoes-para-quarentena-e-retaguarda-hospitalar\/"]}]},{"@type":"ImageObject","inLanguage":"pt-PT","@id":"https:\/\/www.altominho.tv\/site\/2020\/04\/09\/arcos-de-valdevez-disponibiliza-instalacoes-para-quarentena-e-retaguarda-hospitalar\/#primaryimage","url":"https:\/\/www.altominho.tv\/site\/wp-content\/uploads\/2020\/04\/92747354_3092662554126355_8510971042737422336_n.jpg","contentUrl":"https:\/\/www.altominho.tv\/site\/wp-content\/uploads\/2020\/04\/92747354_3092662554126355_8510971042737422336_n.jpg","width":720,"height":540},{"@type":"BreadcrumbList","@id":"https:\/\/www.altominho.tv\/site\/2020\/04\/09\/arcos-de-valdevez-disponibiliza-instalacoes-para-quarentena-e-retaguarda-hospitalar\/#breadcrumb","itemListElement":[{"@type":"ListItem","position":1,"name":"In\u00edcio","item":"https:\/\/www.altominho.tv\/site\/"},{"@type":"ListItem","position":2,"name":"Arcos de Valdevez disponibiliza instala\u00e7\u00f5es para quarentena e retaguarda hospitalar"}]},{"@type":"WebSite","@id":"https:\/\/www.altominho.tv\/site\/#website","url":"https:\/\/www.altominho.tv\/site\/","name":"Altominho.tv","description":"A sua regi\u00e3o \u00e0 dist\u00e2ncia de um clique...","potentialAction":[{"@type":"SearchAction","target":{"@type":"EntryPoint","urlTemplate":"https:\/\/www.altominho.tv\/site\/?s={search_term_string}"},"query-input":{"@type":"PropertyValueSpecification","valueRequired":true,"valueName":"search_term_string"}}],"inLanguage":"pt-PT"},{"@type":"Person","@id":"https:\/\/www.altominho.tv\/site\/#\/schema\/person\/4e536851627d7914baf3dac752b6af22","name":"Altominho.tv","image":{"@type":"ImageObject","inLanguage":"pt-PT","@id":"https:\/\/www.altominho.tv\/site\/wp-content\/uploads\/2019\/11\/Logo_Avatar_2-150x150.jpg","url":"https:\/\/www.altominho.tv\/site\/wp-content\/uploads\/2019\/11\/Logo_Avatar_2-150x150.jpg","contentUrl":"https:\/\/www.altominho.tv\/site\/wp-content\/uploads\/2019\/11\/Logo_Avatar_2-150x150.jpg","caption":"Altominho.tv"},"url":"https:\/\/www.altominho.tv\/site\/author\/altominhotv-tecnico\/"}]}},"_links":{"self":[{"href":"https:\/\/www.altominho.tv\/site\/wp-json\/wp\/v2\/posts\/43819","targetHints":{"allow":["GET"]}}],"collection":[{"href":"https:\/\/www.altominho.tv\/site\/wp-json\/wp\/v2\/posts"}],"about":[{"href":"https:\/\/www.altominho.tv\/site\/wp-json\/wp\/v2\/types\/post"}],"author":[{"embeddable":true,"href":"https:\/\/www.altominho.tv\/site\/wp-json\/wp\/v2\/users\/1"}],"replies":[{"embeddable":true,"href":"https:\/\/www.altominho.tv\/site\/wp-json\/wp\/v2\/comments?post=43819"}],"version-history":[{"count":0,"href":"https:\/\/www.altominho.tv\/site\/wp-json\/wp\/v2\/posts\/43819\/revisions"}],"wp:featuredmedia":[{"embeddable":true,"href":"https:\/\/www.altominho.tv\/site\/wp-json\/wp\/v2\/media\/43820"}],"wp:attachment":[{"href":"https:\/\/www.altominho.tv\/site\/wp-json\/wp\/v2\/media?parent=43819"}],"wp:term":[{"taxonomy":"category","embeddable":true,"href":"https:\/\/www.altominho.tv\/site\/wp-json\/wp\/v2\/categories?post=43819"},{"taxonomy":"post_tag","embeddable":true,"href":"https:\/\/www.altominho.tv\/site\/wp-json\/wp\/v2\/tags?post=43819"}],"curies":[{"name":"wp","href":"https:\/\/api.w.org\/{rel}","templated":true}]}}