{"id":43709,"date":"2020-04-08T13:03:27","date_gmt":"2020-04-08T12:03:27","guid":{"rendered":"http:\/\/www.altominho.tv\/site\/?p=43709"},"modified":"2020-04-08T13:07:25","modified_gmt":"2020-04-08T12:07:25","slug":"portugal-regista-380-mortes-e-13141-infetados","status":"publish","type":"post","link":"https:\/\/www.altominho.tv\/site\/2020\/04\/08\/portugal-regista-380-mortes-e-13141-infetados\/","title":{"rendered":"Portugal regista 380 mortes e 13141 infetados"},"content":{"rendered":"<p><strong>O n\u00famero de casos de Covid-19 em Portugal subiu para 13.141 esta quarta-feira, mais 699 casos face a ter\u00e7a. H\u00e1 380 v\u00edtimas mortais, mais 35 do que ontem.<\/strong><\/p>\n<p>De acordo com o boletim da situa\u00e7\u00e3o epidemiol\u00f3gica no pa\u00eds divulgado esta quarta-feira pela Dire\u00e7\u00e3o-Geral da Sa\u00fade, o n\u00famero de infetados com o novo coronav\u00edrus j\u00e1 ultrapassou os 13 mil. Aumentou de 12.442 para 13.141 (mais 699).<\/p>\n<p>Trata-se de uma taxa de crescimento de 5,6% em rela\u00e7\u00e3o a ontem, quando se registou mais 712 casos do que na v\u00e9spera.<\/p>\n<p>Do total de infetados, 1211 est\u00e3o internados, 245 deles em cuidados intensivos. O n\u00famero de doentes recuperados subiu de 184 para 196.<\/p>\n<p style=\"text-align: right;\">(not\u00edcia em atualiza\u00e7\u00e3o)<\/p>\n","protected":false},"excerpt":{"rendered":"<p>O n\u00famero de casos de Covid-19 em Portugal subiu para 13.141 esta quarta-feira, mais 699 casos face a ter\u00e7a. H\u00e1 380 v\u00edtimas mortais, mais 35 do que ontem. De acordo com o boletim da situa\u00e7\u00e3o epidemiol\u00f3gica no pa\u00eds divulgado esta quarta-feira pela Dire\u00e7\u00e3o-Geral da Sa\u00fade, o n\u00famero de infetados com o novo coronav\u00edrus j\u00e1 ultrapassou [&hellip;]<\/p>\n","protected":false},"author":1,"featured_media":43536,"comment_status":"closed","ping_status":"closed","sticky":false,"template":"","format":"standard","meta":{"_exactmetrics_skip_tracking":false,"_exactmetrics_sitenote_active":false,"_exactmetrics_sitenote_note":"","_exactmetrics_sitenote_category":0,"footnotes":""},"categories":[42722],"tags":[26,27],"class_list":["post-43709","post","type-post","status-publish","format-standard","has-post-thumbnail","hentry","category-covid-19","tag-saude","tag-sociedade"],"yoast_head":"<!-- This site is optimized with the Yoast SEO Premium plugin v27.5 (Yoast SEO v27.5) - https:\/\/yoast.com\/product\/yoast-seo-premium-wordpress\/ -->\n<title>Portugal regista 380 mortes e 13141 infetados<\/title>\n<meta name=\"robots\" content=\"index, follow, max-snippet:-1, max-image-preview:large, max-video-preview:-1\" \/>\n<link rel=\"canonical\" href=\"https:\/\/www.altominho.tv\/site\/2020\/04\/08\/portugal-regista-380-mortes-e-13141-infetados\/\" \/>\n<meta property=\"og:locale\" content=\"pt_PT\" \/>\n<meta property=\"og:type\" content=\"article\" \/>\n<meta property=\"og:title\" content=\"Portugal regista 380 mortes e 13141 infetados\" \/>\n<meta property=\"og:description\" content=\"O n\u00famero de casos de Covid-19 em Portugal subiu para 13.141 esta quarta-feira, mais 699 casos face a ter\u00e7a. H\u00e1 380 v\u00edtimas mortais, mais 35 do que ontem. De acordo com o boletim da situa\u00e7\u00e3o epidemiol\u00f3gica no pa\u00eds divulgado esta quarta-feira pela Dire\u00e7\u00e3o-Geral da Sa\u00fade, o n\u00famero de infetados com o novo coronav\u00edrus j\u00e1 ultrapassou [&hellip;]\" \/>\n<meta property=\"og:url\" content=\"https:\/\/www.altominho.tv\/site\/2020\/04\/08\/portugal-regista-380-mortes-e-13141-infetados\/\" \/>\n<meta property=\"og:site_name\" content=\"Altominho.tv\" \/>\n<meta property=\"article:publisher\" content=\"https:\/\/www.facebook.com\/altominhotv\" \/>\n<meta property=\"article:published_time\" content=\"2020-04-08T12:03:27+00:00\" \/>\n<meta property=\"article:modified_time\" content=\"2020-04-08T12:07:25+00:00\" \/>\n<meta property=\"og:image\" content=\"https:\/\/www.altominho.tv\/site\/wp-content\/uploads\/2020\/04\/Coronavirus-positivo.jpg\" \/>\n\t<meta property=\"og:image:width\" content=\"1170\" \/>\n\t<meta property=\"og:image:height\" content=\"700\" \/>\n\t<meta property=\"og:image:type\" content=\"image\/jpeg\" \/>\n<meta name=\"author\" content=\"Altominho.tv\" \/>\n<meta name=\"twitter:card\" content=\"summary_large_image\" \/>\n<meta name=\"twitter:creator\" content=\"@altominhoTV\" \/>\n<meta name=\"twitter:site\" content=\"@altominhoTV\" \/>\n<meta name=\"twitter:label1\" content=\"Escrito por\" \/>\n\t<meta name=\"twitter:data1\" content=\"Altominho.tv\" \/>\n\t<meta name=\"twitter:label2\" content=\"Tempo estimado de leitura\" \/>\n\t<meta name=\"twitter:data2\" content=\"1 minuto\" \/>\n<script type=\"application\/ld+json\" class=\"yoast-schema-graph\">{\"@context\":\"https:\\\/\\\/schema.org\",\"@graph\":[{\"@type\":\"Article\",\"@id\":\"https:\\\/\\\/www.altominho.tv\\\/site\\\/2020\\\/04\\\/08\\\/portugal-regista-380-mortes-e-13141-infetados\\\/#article\",\"isPartOf\":{\"@id\":\"https:\\\/\\\/www.altominho.tv\\\/site\\\/2020\\\/04\\\/08\\\/portugal-regista-380-mortes-e-13141-infetados\\\/\"},\"author\":{\"name\":\"Altominho.tv\",\"@id\":\"https:\\\/\\\/www.altominho.tv\\\/site\\\/#\\\/schema\\\/person\\\/4e536851627d7914baf3dac752b6af22\"},\"headline\":\"Portugal regista 380 mortes e 13141 infetados\",\"datePublished\":\"2020-04-08T12:03:27+00:00\",\"dateModified\":\"2020-04-08T12:07:25+00:00\",\"mainEntityOfPage\":{\"@id\":\"https:\\\/\\\/www.altominho.tv\\\/site\\\/2020\\\/04\\\/08\\\/portugal-regista-380-mortes-e-13141-infetados\\\/\"},\"wordCount\":119,\"image\":{\"@id\":\"https:\\\/\\\/www.altominho.tv\\\/site\\\/2020\\\/04\\\/08\\\/portugal-regista-380-mortes-e-13141-infetados\\\/#primaryimage\"},\"thumbnailUrl\":\"https:\\\/\\\/www.altominho.tv\\\/site\\\/wp-content\\\/uploads\\\/2020\\\/04\\\/Coronavirus-positivo.jpg\",\"keywords\":[\"Sa\u00fade\",\"Sociedade\"],\"articleSection\":[\"Coronav\u00edrus\"],\"inLanguage\":\"pt-PT\",\"copyrightYear\":\"2020\",\"copyrightHolder\":{\"@id\":\"https:\\\/\\\/www.altominho.tv\\\/site\\\/#organization\"}},{\"@type\":\"WebPage\",\"@id\":\"https:\\\/\\\/www.altominho.tv\\\/site\\\/2020\\\/04\\\/08\\\/portugal-regista-380-mortes-e-13141-infetados\\\/\",\"url\":\"https:\\\/\\\/www.altominho.tv\\\/site\\\/2020\\\/04\\\/08\\\/portugal-regista-380-mortes-e-13141-infetados\\\/\",\"name\":\"Portugal regista 380 mortes e 13141 infetados\",\"isPartOf\":{\"@id\":\"https:\\\/\\\/www.altominho.tv\\\/site\\\/#website\"},\"primaryImageOfPage\":{\"@id\":\"https:\\\/\\\/www.altominho.tv\\\/site\\\/2020\\\/04\\\/08\\\/portugal-regista-380-mortes-e-13141-infetados\\\/#primaryimage\"},\"image\":{\"@id\":\"https:\\\/\\\/www.altominho.tv\\\/site\\\/2020\\\/04\\\/08\\\/portugal-regista-380-mortes-e-13141-infetados\\\/#primaryimage\"},\"thumbnailUrl\":\"https:\\\/\\\/www.altominho.tv\\\/site\\\/wp-content\\\/uploads\\\/2020\\\/04\\\/Coronavirus-positivo.jpg\",\"datePublished\":\"2020-04-08T12:03:27+00:00\",\"dateModified\":\"2020-04-08T12:07:25+00:00\",\"author\":{\"@id\":\"https:\\\/\\\/www.altominho.tv\\\/site\\\/#\\\/schema\\\/person\\\/4e536851627d7914baf3dac752b6af22\"},\"breadcrumb\":{\"@id\":\"https:\\\/\\\/www.altominho.tv\\\/site\\\/2020\\\/04\\\/08\\\/portugal-regista-380-mortes-e-13141-infetados\\\/#breadcrumb\"},\"inLanguage\":\"pt-PT\",\"potentialAction\":[{\"@type\":\"ReadAction\",\"target\":[\"https:\\\/\\\/www.altominho.tv\\\/site\\\/2020\\\/04\\\/08\\\/portugal-regista-380-mortes-e-13141-infetados\\\/\"]}]},{\"@type\":\"ImageObject\",\"inLanguage\":\"pt-PT\",\"@id\":\"https:\\\/\\\/www.altominho.tv\\\/site\\\/2020\\\/04\\\/08\\\/portugal-regista-380-mortes-e-13141-infetados\\\/#primaryimage\",\"url\":\"https:\\\/\\\/www.altominho.tv\\\/site\\\/wp-content\\\/uploads\\\/2020\\\/04\\\/Coronavirus-positivo.jpg\",\"contentUrl\":\"https:\\\/\\\/www.altominho.tv\\\/site\\\/wp-content\\\/uploads\\\/2020\\\/04\\\/Coronavirus-positivo.jpg\",\"width\":1170,\"height\":700},{\"@type\":\"BreadcrumbList\",\"@id\":\"https:\\\/\\\/www.altominho.tv\\\/site\\\/2020\\\/04\\\/08\\\/portugal-regista-380-mortes-e-13141-infetados\\\/#breadcrumb\",\"itemListElement\":[{\"@type\":\"ListItem\",\"position\":1,\"name\":\"In\u00edcio\",\"item\":\"https:\\\/\\\/www.altominho.tv\\\/site\\\/\"},{\"@type\":\"ListItem\",\"position\":2,\"name\":\"Portugal regista 380 mortes e 13141 infetados\"}]},{\"@type\":\"WebSite\",\"@id\":\"https:\\\/\\\/www.altominho.tv\\\/site\\\/#website\",\"url\":\"https:\\\/\\\/www.altominho.tv\\\/site\\\/\",\"name\":\"Altominho.tv\",\"description\":\"A sua regi\u00e3o \u00e0 dist\u00e2ncia de um clique...\",\"potentialAction\":[{\"@type\":\"SearchAction\",\"target\":{\"@type\":\"EntryPoint\",\"urlTemplate\":\"https:\\\/\\\/www.altominho.tv\\\/site\\\/?s={search_term_string}\"},\"query-input\":{\"@type\":\"PropertyValueSpecification\",\"valueRequired\":true,\"valueName\":\"search_term_string\"}}],\"inLanguage\":\"pt-PT\"},{\"@type\":\"Person\",\"@id\":\"https:\\\/\\\/www.altominho.tv\\\/site\\\/#\\\/schema\\\/person\\\/4e536851627d7914baf3dac752b6af22\",\"name\":\"Altominho.tv\",\"image\":{\"@type\":\"ImageObject\",\"inLanguage\":\"pt-PT\",\"@id\":\"https:\\\/\\\/www.altominho.tv\\\/site\\\/wp-content\\\/uploads\\\/2019\\\/11\\\/Logo_Avatar_2-150x150.jpg\",\"url\":\"https:\\\/\\\/www.altominho.tv\\\/site\\\/wp-content\\\/uploads\\\/2019\\\/11\\\/Logo_Avatar_2-150x150.jpg\",\"contentUrl\":\"https:\\\/\\\/www.altominho.tv\\\/site\\\/wp-content\\\/uploads\\\/2019\\\/11\\\/Logo_Avatar_2-150x150.jpg\",\"caption\":\"Altominho.tv\"},\"url\":\"https:\\\/\\\/www.altominho.tv\\\/site\\\/author\\\/altominhotv-tecnico\\\/\"}]}<\/script>\n<!-- \/ Yoast SEO Premium plugin. -->","yoast_head_json":{"title":"Portugal regista 380 mortes e 13141 infetados","robots":{"index":"index","follow":"follow","max-snippet":"max-snippet:-1","max-image-preview":"max-image-preview:large","max-video-preview":"max-video-preview:-1"},"canonical":"https:\/\/www.altominho.tv\/site\/2020\/04\/08\/portugal-regista-380-mortes-e-13141-infetados\/","og_locale":"pt_PT","og_type":"article","og_title":"Portugal regista 380 mortes e 13141 infetados","og_description":"O n\u00famero de casos de Covid-19 em Portugal subiu para 13.141 esta quarta-feira, mais 699 casos face a ter\u00e7a. H\u00e1 380 v\u00edtimas mortais, mais 35 do que ontem. De acordo com o boletim da situa\u00e7\u00e3o epidemiol\u00f3gica no pa\u00eds divulgado esta quarta-feira pela Dire\u00e7\u00e3o-Geral da Sa\u00fade, o n\u00famero de infetados com o novo coronav\u00edrus j\u00e1 ultrapassou [&hellip;]","og_url":"https:\/\/www.altominho.tv\/site\/2020\/04\/08\/portugal-regista-380-mortes-e-13141-infetados\/","og_site_name":"Altominho.tv","article_publisher":"https:\/\/www.facebook.com\/altominhotv","article_published_time":"2020-04-08T12:03:27+00:00","article_modified_time":"2020-04-08T12:07:25+00:00","og_image":[{"width":1170,"height":700,"url":"https:\/\/www.altominho.tv\/site\/wp-content\/uploads\/2020\/04\/Coronavirus-positivo.jpg","type":"image\/jpeg"}],"author":"Altominho.tv","twitter_card":"summary_large_image","twitter_creator":"@altominhoTV","twitter_site":"@altominhoTV","twitter_misc":{"Escrito por":"Altominho.tv","Tempo estimado de leitura":"1 minuto"},"schema":{"@context":"https:\/\/schema.org","@graph":[{"@type":"Article","@id":"https:\/\/www.altominho.tv\/site\/2020\/04\/08\/portugal-regista-380-mortes-e-13141-infetados\/#article","isPartOf":{"@id":"https:\/\/www.altominho.tv\/site\/2020\/04\/08\/portugal-regista-380-mortes-e-13141-infetados\/"},"author":{"name":"Altominho.tv","@id":"https:\/\/www.altominho.tv\/site\/#\/schema\/person\/4e536851627d7914baf3dac752b6af22"},"headline":"Portugal regista 380 mortes e 13141 infetados","datePublished":"2020-04-08T12:03:27+00:00","dateModified":"2020-04-08T12:07:25+00:00","mainEntityOfPage":{"@id":"https:\/\/www.altominho.tv\/site\/2020\/04\/08\/portugal-regista-380-mortes-e-13141-infetados\/"},"wordCount":119,"image":{"@id":"https:\/\/www.altominho.tv\/site\/2020\/04\/08\/portugal-regista-380-mortes-e-13141-infetados\/#primaryimage"},"thumbnailUrl":"https:\/\/www.altominho.tv\/site\/wp-content\/uploads\/2020\/04\/Coronavirus-positivo.jpg","keywords":["Sa\u00fade","Sociedade"],"articleSection":["Coronav\u00edrus"],"inLanguage":"pt-PT","copyrightYear":"2020","copyrightHolder":{"@id":"https:\/\/www.altominho.tv\/site\/#organization"}},{"@type":"WebPage","@id":"https:\/\/www.altominho.tv\/site\/2020\/04\/08\/portugal-regista-380-mortes-e-13141-infetados\/","url":"https:\/\/www.altominho.tv\/site\/2020\/04\/08\/portugal-regista-380-mortes-e-13141-infetados\/","name":"Portugal regista 380 mortes e 13141 infetados","isPartOf":{"@id":"https:\/\/www.altominho.tv\/site\/#website"},"primaryImageOfPage":{"@id":"https:\/\/www.altominho.tv\/site\/2020\/04\/08\/portugal-regista-380-mortes-e-13141-infetados\/#primaryimage"},"image":{"@id":"https:\/\/www.altominho.tv\/site\/2020\/04\/08\/portugal-regista-380-mortes-e-13141-infetados\/#primaryimage"},"thumbnailUrl":"https:\/\/www.altominho.tv\/site\/wp-content\/uploads\/2020\/04\/Coronavirus-positivo.jpg","datePublished":"2020-04-08T12:03:27+00:00","dateModified":"2020-04-08T12:07:25+00:00","author":{"@id":"https:\/\/www.altominho.tv\/site\/#\/schema\/person\/4e536851627d7914baf3dac752b6af22"},"breadcrumb":{"@id":"https:\/\/www.altominho.tv\/site\/2020\/04\/08\/portugal-regista-380-mortes-e-13141-infetados\/#breadcrumb"},"inLanguage":"pt-PT","potentialAction":[{"@type":"ReadAction","target":["https:\/\/www.altominho.tv\/site\/2020\/04\/08\/portugal-regista-380-mortes-e-13141-infetados\/"]}]},{"@type":"ImageObject","inLanguage":"pt-PT","@id":"https:\/\/www.altominho.tv\/site\/2020\/04\/08\/portugal-regista-380-mortes-e-13141-infetados\/#primaryimage","url":"https:\/\/www.altominho.tv\/site\/wp-content\/uploads\/2020\/04\/Coronavirus-positivo.jpg","contentUrl":"https:\/\/www.altominho.tv\/site\/wp-content\/uploads\/2020\/04\/Coronavirus-positivo.jpg","width":1170,"height":700},{"@type":"BreadcrumbList","@id":"https:\/\/www.altominho.tv\/site\/2020\/04\/08\/portugal-regista-380-mortes-e-13141-infetados\/#breadcrumb","itemListElement":[{"@type":"ListItem","position":1,"name":"In\u00edcio","item":"https:\/\/www.altominho.tv\/site\/"},{"@type":"ListItem","position":2,"name":"Portugal regista 380 mortes e 13141 infetados"}]},{"@type":"WebSite","@id":"https:\/\/www.altominho.tv\/site\/#website","url":"https:\/\/www.altominho.tv\/site\/","name":"Altominho.tv","description":"A sua regi\u00e3o \u00e0 dist\u00e2ncia de um clique...","potentialAction":[{"@type":"SearchAction","target":{"@type":"EntryPoint","urlTemplate":"https:\/\/www.altominho.tv\/site\/?s={search_term_string}"},"query-input":{"@type":"PropertyValueSpecification","valueRequired":true,"valueName":"search_term_string"}}],"inLanguage":"pt-PT"},{"@type":"Person","@id":"https:\/\/www.altominho.tv\/site\/#\/schema\/person\/4e536851627d7914baf3dac752b6af22","name":"Altominho.tv","image":{"@type":"ImageObject","inLanguage":"pt-PT","@id":"https:\/\/www.altominho.tv\/site\/wp-content\/uploads\/2019\/11\/Logo_Avatar_2-150x150.jpg","url":"https:\/\/www.altominho.tv\/site\/wp-content\/uploads\/2019\/11\/Logo_Avatar_2-150x150.jpg","contentUrl":"https:\/\/www.altominho.tv\/site\/wp-content\/uploads\/2019\/11\/Logo_Avatar_2-150x150.jpg","caption":"Altominho.tv"},"url":"https:\/\/www.altominho.tv\/site\/author\/altominhotv-tecnico\/"}]}},"_links":{"self":[{"href":"https:\/\/www.altominho.tv\/site\/wp-json\/wp\/v2\/posts\/43709","targetHints":{"allow":["GET"]}}],"collection":[{"href":"https:\/\/www.altominho.tv\/site\/wp-json\/wp\/v2\/posts"}],"about":[{"href":"https:\/\/www.altominho.tv\/site\/wp-json\/wp\/v2\/types\/post"}],"author":[{"embeddable":true,"href":"https:\/\/www.altominho.tv\/site\/wp-json\/wp\/v2\/users\/1"}],"replies":[{"embeddable":true,"href":"https:\/\/www.altominho.tv\/site\/wp-json\/wp\/v2\/comments?post=43709"}],"version-history":[{"count":0,"href":"https:\/\/www.altominho.tv\/site\/wp-json\/wp\/v2\/posts\/43709\/revisions"}],"wp:featuredmedia":[{"embeddable":true,"href":"https:\/\/www.altominho.tv\/site\/wp-json\/wp\/v2\/media\/43536"}],"wp:attachment":[{"href":"https:\/\/www.altominho.tv\/site\/wp-json\/wp\/v2\/media?parent=43709"}],"wp:term":[{"taxonomy":"category","embeddable":true,"href":"https:\/\/www.altominho.tv\/site\/wp-json\/wp\/v2\/categories?post=43709"},{"taxonomy":"post_tag","embeddable":true,"href":"https:\/\/www.altominho.tv\/site\/wp-json\/wp\/v2\/tags?post=43709"}],"curies":[{"name":"wp","href":"https:\/\/api.w.org\/{rel}","templated":true}]}}