{"id":43700,"date":"2020-04-08T12:24:45","date_gmt":"2020-04-08T11:24:45","guid":{"rendered":"http:\/\/www.altominho.tv\/site\/?p=43700"},"modified":"2020-04-08T12:24:49","modified_gmt":"2020-04-08T11:24:49","slug":"um-caso-nas-prisoes-pode-contagiar-200-reclusos-ministra-da-justica","status":"publish","type":"post","link":"https:\/\/www.altominho.tv\/site\/2020\/04\/08\/um-caso-nas-prisoes-pode-contagiar-200-reclusos-ministra-da-justica\/","title":{"rendered":"Um caso nas pris\u00f5es pode contagiar 200 reclusos &#8211; ministra da Justi\u00e7a"},"content":{"rendered":"\n<p>A ministra da Justi\u00e7a afirmou hoje, no parlamento, que a propaga\u00e7\u00e3o do novo coronav\u00edrus nas cadeias funciona \u201ccomo um rastilho\u201d e que um caso de covid-19 em instala\u00e7\u00f5es prisionais pode numa semana contaminar 200 reclusos.<\/p>\n\n\n\n<p>Francisca Van Dunem falava Comiss\u00e3o Parlamentar de Assuntos Constitucionais, Direitos, Liberdades e Garantias, a pedido do PCP, sobre as medidas propostas pelo Governo para o sistema prisional, de conten\u00e7\u00e3o da pandemia, as quais preveem a liberta\u00e7\u00e3o de reclusos e que hoje \u00e0 tarde v\u00e3o ser discutidas no plen\u00e1rio da Assembleia da Rep\u00fablica.<\/p>\n\n\n\n<p>Segundo a ministra, a inten\u00e7\u00e3o do Governo \u00e9 \u201cevitar uma cat\u00e1strofe\u201d, sublinhando que as medidas propostas t\u00eam que ser aplicadas o mais r\u00e1pido poss\u00edvel, admitindo, contudo, que possam ser melhoradas na fase de especialidade.<\/p>\n\n\n\n<p>As quatro medidas excecionais para a liberta\u00e7\u00e3o de presos pretendem proteger os reclusos de risco e de todos os que exercem fun\u00e7\u00f5es no sistema \u2013 guardas, profissionais de sa\u00fade, pessoal administrativo \u2013 arranjando espa\u00e7os para que possa ser cumprido o afastamento social num ambiente confinado.<\/p>\n\n\n\n<p>\u201cEstudos indicam que um caso de covid-19 nos estabelecimentos prisionais permite, numa semana, uma contamina\u00e7\u00e3o de 200 reclusos e a partir da\u00ed os dados s\u00e3o geom\u00e9tricos. \u00c9 preciso, por isso, criar espa\u00e7os nos estabelecimentos prisionais que favore\u00e7am a separa\u00e7\u00e3o social\u201d, disse a ministra, alertando que \u201ca propaga\u00e7\u00e3o do v\u00edrus numa cadeia faz-se como um rastilho\u201d.<\/p>\n\n\n\n<p>Perante os deputados, a ministra admitiu que, inicialmente, foi equacionado colocar temporariamente reclusos em casa com pulseira eletr\u00f3nica, mas que atualmente \u201cn\u00e3o h\u00e1 condi\u00e7\u00f5es para vigiar eletronicamente todas as pessoas\u201d, por falta de pulseiras, condi\u00e7\u00f5es t\u00e9cnicas e pessoal de reinser\u00e7\u00e3o.<\/p>\n\n\n\n<p>Uma das justifica\u00e7\u00f5es apontadas foi o aumento da coloca\u00e7\u00e3o de pulseiras eletr\u00f3nicas aos arguidos condenados por viol\u00eancia dom\u00e9stica.<\/p>\n\n\n\n<p>As quatro medidas do Governo destinam-se sobretudo aos reclusos &#8211; homens e mulheres &#8211; mais velhos que est\u00e3o presos por crimes menos graves, garantindo a ministra que os \u201ccrimes imperdo\u00e1veis\u201d est\u00e3o fora de qualquer das quatro medidas: perd\u00e3o das penas de pris\u00e3o, regime especial de indulto, regime extraordin\u00e1rio de licen\u00e7a de sa\u00edda administrativa e antecipa\u00e7\u00e3o extraordin\u00e1ria da liberdade condicional.<\/p>\n\n\n\n<p>Estas medidas excluem os presos preventivos e n\u00e3o se aplicam aos jovens institucionalizados nos centros educativos, porque, disse a ministra, as instala\u00e7\u00f5es t\u00eam condi\u00e7\u00f5es para que se cumpra o afastamento social.<\/p>\n","protected":false},"excerpt":{"rendered":"<p>A ministra da Justi\u00e7a afirmou hoje, no parlamento, que a propaga\u00e7\u00e3o do novo coronav\u00edrus nas cadeias funciona \u201ccomo um rastilho\u201d e que um caso de covid-19 em instala\u00e7\u00f5es prisionais pode numa semana contaminar 200 reclusos. Francisca Van Dunem falava Comiss\u00e3o Parlamentar de Assuntos Constitucionais, Direitos, Liberdades e Garantias, a pedido do PCP, sobre as medidas [&hellip;]<\/p>\n","protected":false},"author":13,"featured_media":43703,"comment_status":"closed","ping_status":"closed","sticky":false,"template":"","format":"standard","meta":{"_exactmetrics_skip_tracking":false,"_exactmetrics_sitenote_active":false,"_exactmetrics_sitenote_note":"","_exactmetrics_sitenote_category":0,"footnotes":""},"categories":[42722],"tags":[26,27],"class_list":["post-43700","post","type-post","status-publish","format-standard","has-post-thumbnail","hentry","category-covid-19","tag-saude","tag-sociedade"],"yoast_head":"<!-- This site is optimized with the Yoast SEO Premium plugin v27.5 (Yoast SEO v27.5) - https:\/\/yoast.com\/product\/yoast-seo-premium-wordpress\/ -->\n<title>Um caso nas pris\u00f5es pode contagiar 200 reclusos - ministra da Justi\u00e7a<\/title>\n<meta name=\"robots\" content=\"index, follow, max-snippet:-1, max-image-preview:large, max-video-preview:-1\" \/>\n<link rel=\"canonical\" href=\"https:\/\/www.altominho.tv\/site\/2020\/04\/08\/um-caso-nas-prisoes-pode-contagiar-200-reclusos-ministra-da-justica\/\" \/>\n<meta property=\"og:locale\" content=\"pt_PT\" \/>\n<meta property=\"og:type\" content=\"article\" \/>\n<meta property=\"og:title\" content=\"Um caso nas pris\u00f5es pode contagiar 200 reclusos - ministra da Justi\u00e7a\" \/>\n<meta property=\"og:description\" content=\"A ministra da Justi\u00e7a afirmou hoje, no parlamento, que a propaga\u00e7\u00e3o do novo coronav\u00edrus nas cadeias funciona \u201ccomo um rastilho\u201d e que um caso de covid-19 em instala\u00e7\u00f5es prisionais pode numa semana contaminar 200 reclusos. Francisca Van Dunem falava Comiss\u00e3o Parlamentar de Assuntos Constitucionais, Direitos, Liberdades e Garantias, a pedido do PCP, sobre as medidas [&hellip;]\" \/>\n<meta property=\"og:url\" content=\"https:\/\/www.altominho.tv\/site\/2020\/04\/08\/um-caso-nas-prisoes-pode-contagiar-200-reclusos-ministra-da-justica\/\" \/>\n<meta property=\"og:site_name\" content=\"Altominho.tv\" \/>\n<meta property=\"article:publisher\" content=\"https:\/\/www.facebook.com\/altominhotv\" \/>\n<meta property=\"article:published_time\" content=\"2020-04-08T11:24:45+00:00\" \/>\n<meta property=\"article:modified_time\" content=\"2020-04-08T11:24:49+00:00\" \/>\n<meta property=\"og:image\" content=\"https:\/\/www.altominho.tv\/site\/wp-content\/uploads\/2020\/04\/1024.jpeg\" \/>\n\t<meta property=\"og:image:width\" content=\"1024\" \/>\n\t<meta property=\"og:image:height\" content=\"576\" \/>\n\t<meta property=\"og:image:type\" content=\"image\/jpeg\" \/>\n<meta name=\"author\" content=\"Lusa\" \/>\n<meta name=\"twitter:card\" content=\"summary_large_image\" \/>\n<meta name=\"twitter:creator\" content=\"@altominhoTV\" \/>\n<meta name=\"twitter:site\" content=\"@altominhoTV\" \/>\n<meta name=\"twitter:label1\" content=\"Escrito por\" \/>\n\t<meta name=\"twitter:data1\" content=\"Lusa\" \/>\n\t<meta name=\"twitter:label2\" content=\"Tempo estimado de leitura\" \/>\n\t<meta name=\"twitter:data2\" content=\"2 minutos\" \/>\n<script type=\"application\/ld+json\" class=\"yoast-schema-graph\">{\"@context\":\"https:\\\/\\\/schema.org\",\"@graph\":[{\"@type\":\"Article\",\"@id\":\"https:\\\/\\\/www.altominho.tv\\\/site\\\/2020\\\/04\\\/08\\\/um-caso-nas-prisoes-pode-contagiar-200-reclusos-ministra-da-justica\\\/#article\",\"isPartOf\":{\"@id\":\"https:\\\/\\\/www.altominho.tv\\\/site\\\/2020\\\/04\\\/08\\\/um-caso-nas-prisoes-pode-contagiar-200-reclusos-ministra-da-justica\\\/\"},\"author\":{\"name\":\"Lusa\",\"@id\":\"https:\\\/\\\/www.altominho.tv\\\/site\\\/#\\\/schema\\\/person\\\/63f693da3e1899361cbe955c46f3232e\"},\"headline\":\"Um caso nas pris\u00f5es pode contagiar 200 reclusos &#8211; ministra da Justi\u00e7a\",\"datePublished\":\"2020-04-08T11:24:45+00:00\",\"dateModified\":\"2020-04-08T11:24:49+00:00\",\"mainEntityOfPage\":{\"@id\":\"https:\\\/\\\/www.altominho.tv\\\/site\\\/2020\\\/04\\\/08\\\/um-caso-nas-prisoes-pode-contagiar-200-reclusos-ministra-da-justica\\\/\"},\"wordCount\":427,\"image\":{\"@id\":\"https:\\\/\\\/www.altominho.tv\\\/site\\\/2020\\\/04\\\/08\\\/um-caso-nas-prisoes-pode-contagiar-200-reclusos-ministra-da-justica\\\/#primaryimage\"},\"thumbnailUrl\":\"https:\\\/\\\/www.altominho.tv\\\/site\\\/wp-content\\\/uploads\\\/2020\\\/04\\\/1024.jpeg\",\"keywords\":[\"Sa\u00fade\",\"Sociedade\"],\"articleSection\":[\"Coronav\u00edrus\"],\"inLanguage\":\"pt-PT\",\"copyrightYear\":\"2020\",\"copyrightHolder\":{\"@id\":\"https:\\\/\\\/www.altominho.tv\\\/site\\\/#organization\"}},{\"@type\":\"WebPage\",\"@id\":\"https:\\\/\\\/www.altominho.tv\\\/site\\\/2020\\\/04\\\/08\\\/um-caso-nas-prisoes-pode-contagiar-200-reclusos-ministra-da-justica\\\/\",\"url\":\"https:\\\/\\\/www.altominho.tv\\\/site\\\/2020\\\/04\\\/08\\\/um-caso-nas-prisoes-pode-contagiar-200-reclusos-ministra-da-justica\\\/\",\"name\":\"Um caso nas pris\u00f5es pode contagiar 200 reclusos - ministra da Justi\u00e7a\",\"isPartOf\":{\"@id\":\"https:\\\/\\\/www.altominho.tv\\\/site\\\/#website\"},\"primaryImageOfPage\":{\"@id\":\"https:\\\/\\\/www.altominho.tv\\\/site\\\/2020\\\/04\\\/08\\\/um-caso-nas-prisoes-pode-contagiar-200-reclusos-ministra-da-justica\\\/#primaryimage\"},\"image\":{\"@id\":\"https:\\\/\\\/www.altominho.tv\\\/site\\\/2020\\\/04\\\/08\\\/um-caso-nas-prisoes-pode-contagiar-200-reclusos-ministra-da-justica\\\/#primaryimage\"},\"thumbnailUrl\":\"https:\\\/\\\/www.altominho.tv\\\/site\\\/wp-content\\\/uploads\\\/2020\\\/04\\\/1024.jpeg\",\"datePublished\":\"2020-04-08T11:24:45+00:00\",\"dateModified\":\"2020-04-08T11:24:49+00:00\",\"author\":{\"@id\":\"https:\\\/\\\/www.altominho.tv\\\/site\\\/#\\\/schema\\\/person\\\/63f693da3e1899361cbe955c46f3232e\"},\"breadcrumb\":{\"@id\":\"https:\\\/\\\/www.altominho.tv\\\/site\\\/2020\\\/04\\\/08\\\/um-caso-nas-prisoes-pode-contagiar-200-reclusos-ministra-da-justica\\\/#breadcrumb\"},\"inLanguage\":\"pt-PT\",\"potentialAction\":[{\"@type\":\"ReadAction\",\"target\":[\"https:\\\/\\\/www.altominho.tv\\\/site\\\/2020\\\/04\\\/08\\\/um-caso-nas-prisoes-pode-contagiar-200-reclusos-ministra-da-justica\\\/\"]}]},{\"@type\":\"ImageObject\",\"inLanguage\":\"pt-PT\",\"@id\":\"https:\\\/\\\/www.altominho.tv\\\/site\\\/2020\\\/04\\\/08\\\/um-caso-nas-prisoes-pode-contagiar-200-reclusos-ministra-da-justica\\\/#primaryimage\",\"url\":\"https:\\\/\\\/www.altominho.tv\\\/site\\\/wp-content\\\/uploads\\\/2020\\\/04\\\/1024.jpeg\",\"contentUrl\":\"https:\\\/\\\/www.altominho.tv\\\/site\\\/wp-content\\\/uploads\\\/2020\\\/04\\\/1024.jpeg\",\"width\":1024,\"height\":576},{\"@type\":\"BreadcrumbList\",\"@id\":\"https:\\\/\\\/www.altominho.tv\\\/site\\\/2020\\\/04\\\/08\\\/um-caso-nas-prisoes-pode-contagiar-200-reclusos-ministra-da-justica\\\/#breadcrumb\",\"itemListElement\":[{\"@type\":\"ListItem\",\"position\":1,\"name\":\"In\u00edcio\",\"item\":\"https:\\\/\\\/www.altominho.tv\\\/site\\\/\"},{\"@type\":\"ListItem\",\"position\":2,\"name\":\"Um caso nas pris\u00f5es pode contagiar 200 reclusos &#8211; ministra da Justi\u00e7a\"}]},{\"@type\":\"WebSite\",\"@id\":\"https:\\\/\\\/www.altominho.tv\\\/site\\\/#website\",\"url\":\"https:\\\/\\\/www.altominho.tv\\\/site\\\/\",\"name\":\"Altominho.tv\",\"description\":\"A sua regi\u00e3o \u00e0 dist\u00e2ncia de um clique...\",\"potentialAction\":[{\"@type\":\"SearchAction\",\"target\":{\"@type\":\"EntryPoint\",\"urlTemplate\":\"https:\\\/\\\/www.altominho.tv\\\/site\\\/?s={search_term_string}\"},\"query-input\":{\"@type\":\"PropertyValueSpecification\",\"valueRequired\":true,\"valueName\":\"search_term_string\"}}],\"inLanguage\":\"pt-PT\"},{\"@type\":\"Person\",\"@id\":\"https:\\\/\\\/www.altominho.tv\\\/site\\\/#\\\/schema\\\/person\\\/63f693da3e1899361cbe955c46f3232e\",\"name\":\"Lusa\",\"image\":{\"@type\":\"ImageObject\",\"inLanguage\":\"pt-PT\",\"@id\":\"https:\\\/\\\/www.altominho.tv\\\/site\\\/wp-content\\\/uploads\\\/2019\\\/08\\\/LUSA_Logo.gif\",\"url\":\"https:\\\/\\\/www.altominho.tv\\\/site\\\/wp-content\\\/uploads\\\/2019\\\/08\\\/LUSA_Logo.gif\",\"contentUrl\":\"https:\\\/\\\/www.altominho.tv\\\/site\\\/wp-content\\\/uploads\\\/2019\\\/08\\\/LUSA_Logo.gif\",\"caption\":\"Lusa\"},\"sameAs\":[\"http:\\\/\\\/\\\/\\\/www.altominho.tv\\\/site\"],\"url\":\"https:\\\/\\\/www.altominho.tv\\\/site\\\/author\\\/lusa\\\/\"}]}<\/script>\n<!-- \/ Yoast SEO Premium plugin. -->","yoast_head_json":{"title":"Um caso nas pris\u00f5es pode contagiar 200 reclusos - ministra da Justi\u00e7a","robots":{"index":"index","follow":"follow","max-snippet":"max-snippet:-1","max-image-preview":"max-image-preview:large","max-video-preview":"max-video-preview:-1"},"canonical":"https:\/\/www.altominho.tv\/site\/2020\/04\/08\/um-caso-nas-prisoes-pode-contagiar-200-reclusos-ministra-da-justica\/","og_locale":"pt_PT","og_type":"article","og_title":"Um caso nas pris\u00f5es pode contagiar 200 reclusos - ministra da Justi\u00e7a","og_description":"A ministra da Justi\u00e7a afirmou hoje, no parlamento, que a propaga\u00e7\u00e3o do novo coronav\u00edrus nas cadeias funciona \u201ccomo um rastilho\u201d e que um caso de covid-19 em instala\u00e7\u00f5es prisionais pode numa semana contaminar 200 reclusos. Francisca Van Dunem falava Comiss\u00e3o Parlamentar de Assuntos Constitucionais, Direitos, Liberdades e Garantias, a pedido do PCP, sobre as medidas [&hellip;]","og_url":"https:\/\/www.altominho.tv\/site\/2020\/04\/08\/um-caso-nas-prisoes-pode-contagiar-200-reclusos-ministra-da-justica\/","og_site_name":"Altominho.tv","article_publisher":"https:\/\/www.facebook.com\/altominhotv","article_published_time":"2020-04-08T11:24:45+00:00","article_modified_time":"2020-04-08T11:24:49+00:00","og_image":[{"width":1024,"height":576,"url":"https:\/\/www.altominho.tv\/site\/wp-content\/uploads\/2020\/04\/1024.jpeg","type":"image\/jpeg"}],"author":"Lusa","twitter_card":"summary_large_image","twitter_creator":"@altominhoTV","twitter_site":"@altominhoTV","twitter_misc":{"Escrito por":"Lusa","Tempo estimado de leitura":"2 minutos"},"schema":{"@context":"https:\/\/schema.org","@graph":[{"@type":"Article","@id":"https:\/\/www.altominho.tv\/site\/2020\/04\/08\/um-caso-nas-prisoes-pode-contagiar-200-reclusos-ministra-da-justica\/#article","isPartOf":{"@id":"https:\/\/www.altominho.tv\/site\/2020\/04\/08\/um-caso-nas-prisoes-pode-contagiar-200-reclusos-ministra-da-justica\/"},"author":{"name":"Lusa","@id":"https:\/\/www.altominho.tv\/site\/#\/schema\/person\/63f693da3e1899361cbe955c46f3232e"},"headline":"Um caso nas pris\u00f5es pode contagiar 200 reclusos &#8211; ministra da Justi\u00e7a","datePublished":"2020-04-08T11:24:45+00:00","dateModified":"2020-04-08T11:24:49+00:00","mainEntityOfPage":{"@id":"https:\/\/www.altominho.tv\/site\/2020\/04\/08\/um-caso-nas-prisoes-pode-contagiar-200-reclusos-ministra-da-justica\/"},"wordCount":427,"image":{"@id":"https:\/\/www.altominho.tv\/site\/2020\/04\/08\/um-caso-nas-prisoes-pode-contagiar-200-reclusos-ministra-da-justica\/#primaryimage"},"thumbnailUrl":"https:\/\/www.altominho.tv\/site\/wp-content\/uploads\/2020\/04\/1024.jpeg","keywords":["Sa\u00fade","Sociedade"],"articleSection":["Coronav\u00edrus"],"inLanguage":"pt-PT","copyrightYear":"2020","copyrightHolder":{"@id":"https:\/\/www.altominho.tv\/site\/#organization"}},{"@type":"WebPage","@id":"https:\/\/www.altominho.tv\/site\/2020\/04\/08\/um-caso-nas-prisoes-pode-contagiar-200-reclusos-ministra-da-justica\/","url":"https:\/\/www.altominho.tv\/site\/2020\/04\/08\/um-caso-nas-prisoes-pode-contagiar-200-reclusos-ministra-da-justica\/","name":"Um caso nas pris\u00f5es pode contagiar 200 reclusos - ministra da Justi\u00e7a","isPartOf":{"@id":"https:\/\/www.altominho.tv\/site\/#website"},"primaryImageOfPage":{"@id":"https:\/\/www.altominho.tv\/site\/2020\/04\/08\/um-caso-nas-prisoes-pode-contagiar-200-reclusos-ministra-da-justica\/#primaryimage"},"image":{"@id":"https:\/\/www.altominho.tv\/site\/2020\/04\/08\/um-caso-nas-prisoes-pode-contagiar-200-reclusos-ministra-da-justica\/#primaryimage"},"thumbnailUrl":"https:\/\/www.altominho.tv\/site\/wp-content\/uploads\/2020\/04\/1024.jpeg","datePublished":"2020-04-08T11:24:45+00:00","dateModified":"2020-04-08T11:24:49+00:00","author":{"@id":"https:\/\/www.altominho.tv\/site\/#\/schema\/person\/63f693da3e1899361cbe955c46f3232e"},"breadcrumb":{"@id":"https:\/\/www.altominho.tv\/site\/2020\/04\/08\/um-caso-nas-prisoes-pode-contagiar-200-reclusos-ministra-da-justica\/#breadcrumb"},"inLanguage":"pt-PT","potentialAction":[{"@type":"ReadAction","target":["https:\/\/www.altominho.tv\/site\/2020\/04\/08\/um-caso-nas-prisoes-pode-contagiar-200-reclusos-ministra-da-justica\/"]}]},{"@type":"ImageObject","inLanguage":"pt-PT","@id":"https:\/\/www.altominho.tv\/site\/2020\/04\/08\/um-caso-nas-prisoes-pode-contagiar-200-reclusos-ministra-da-justica\/#primaryimage","url":"https:\/\/www.altominho.tv\/site\/wp-content\/uploads\/2020\/04\/1024.jpeg","contentUrl":"https:\/\/www.altominho.tv\/site\/wp-content\/uploads\/2020\/04\/1024.jpeg","width":1024,"height":576},{"@type":"BreadcrumbList","@id":"https:\/\/www.altominho.tv\/site\/2020\/04\/08\/um-caso-nas-prisoes-pode-contagiar-200-reclusos-ministra-da-justica\/#breadcrumb","itemListElement":[{"@type":"ListItem","position":1,"name":"In\u00edcio","item":"https:\/\/www.altominho.tv\/site\/"},{"@type":"ListItem","position":2,"name":"Um caso nas pris\u00f5es pode contagiar 200 reclusos &#8211; ministra da Justi\u00e7a"}]},{"@type":"WebSite","@id":"https:\/\/www.altominho.tv\/site\/#website","url":"https:\/\/www.altominho.tv\/site\/","name":"Altominho.tv","description":"A sua regi\u00e3o \u00e0 dist\u00e2ncia de um clique...","potentialAction":[{"@type":"SearchAction","target":{"@type":"EntryPoint","urlTemplate":"https:\/\/www.altominho.tv\/site\/?s={search_term_string}"},"query-input":{"@type":"PropertyValueSpecification","valueRequired":true,"valueName":"search_term_string"}}],"inLanguage":"pt-PT"},{"@type":"Person","@id":"https:\/\/www.altominho.tv\/site\/#\/schema\/person\/63f693da3e1899361cbe955c46f3232e","name":"Lusa","image":{"@type":"ImageObject","inLanguage":"pt-PT","@id":"https:\/\/www.altominho.tv\/site\/wp-content\/uploads\/2019\/08\/LUSA_Logo.gif","url":"https:\/\/www.altominho.tv\/site\/wp-content\/uploads\/2019\/08\/LUSA_Logo.gif","contentUrl":"https:\/\/www.altominho.tv\/site\/wp-content\/uploads\/2019\/08\/LUSA_Logo.gif","caption":"Lusa"},"sameAs":["http:\/\/\/\/www.altominho.tv\/site"],"url":"https:\/\/www.altominho.tv\/site\/author\/lusa\/"}]}},"_links":{"self":[{"href":"https:\/\/www.altominho.tv\/site\/wp-json\/wp\/v2\/posts\/43700","targetHints":{"allow":["GET"]}}],"collection":[{"href":"https:\/\/www.altominho.tv\/site\/wp-json\/wp\/v2\/posts"}],"about":[{"href":"https:\/\/www.altominho.tv\/site\/wp-json\/wp\/v2\/types\/post"}],"author":[{"embeddable":true,"href":"https:\/\/www.altominho.tv\/site\/wp-json\/wp\/v2\/users\/13"}],"replies":[{"embeddable":true,"href":"https:\/\/www.altominho.tv\/site\/wp-json\/wp\/v2\/comments?post=43700"}],"version-history":[{"count":0,"href":"https:\/\/www.altominho.tv\/site\/wp-json\/wp\/v2\/posts\/43700\/revisions"}],"wp:featuredmedia":[{"embeddable":true,"href":"https:\/\/www.altominho.tv\/site\/wp-json\/wp\/v2\/media\/43703"}],"wp:attachment":[{"href":"https:\/\/www.altominho.tv\/site\/wp-json\/wp\/v2\/media?parent=43700"}],"wp:term":[{"taxonomy":"category","embeddable":true,"href":"https:\/\/www.altominho.tv\/site\/wp-json\/wp\/v2\/categories?post=43700"},{"taxonomy":"post_tag","embeddable":true,"href":"https:\/\/www.altominho.tv\/site\/wp-json\/wp\/v2\/tags?post=43700"}],"curies":[{"name":"wp","href":"https:\/\/api.w.org\/{rel}","templated":true}]}}