{"id":43683,"date":"2020-04-08T10:27:32","date_gmt":"2020-04-08T09:27:32","guid":{"rendered":"http:\/\/www.altominho.tv\/site\/?p=43683"},"modified":"2020-04-08T10:27:38","modified_gmt":"2020-04-08T09:27:38","slug":"camara-de-arcos-de-valdevez-quer-ter-estrategia-local-de-habitacao-ate-junho","status":"publish","type":"post","link":"https:\/\/www.altominho.tv\/site\/2020\/04\/08\/camara-de-arcos-de-valdevez-quer-ter-estrategia-local-de-habitacao-ate-junho\/","title":{"rendered":"C\u00e2mara de Arcos de Valdevez quer ter Estrat\u00e9gia Local de Habita\u00e7\u00e3o at\u00e9 junho"},"content":{"rendered":"\n<p>O presidente da C\u00e2mara de Arcos de Valdevez espera ter conclu\u00edda at\u00e9 junho a Estrat\u00e9gia Local de Habita\u00e7\u00e3o, que permitir\u00e1 ao munic\u00edpio concorrer a fundos do Instituto da Habita\u00e7\u00e3o e da Reabilita\u00e7\u00e3o Urbana (IHRU) para colmatar as necessidades.<br><\/p>\n\n\n\n<p>&#8220;Gostar\u00edamos muito que esta estrat\u00e9gia fosse aprovada antes do final do primeiro semestre para podermos concorrer aos fundos que o IHRU tem dispon\u00edveis, para podermos implementar as necessidades que forem assinaladas na Estrat\u00e9gia Local de Habita\u00e7\u00e3o (ELH). Vamos ver se conseguimos operacionalizar esse objetivo, face \u00e0s circunst\u00e2ncias da pandemia de covid-19 que estamos a viver&#8221;, afirmou hoje \u00e0 Lusa Jo\u00e3o Manuel Esteves.<br><\/p>\n\n\n\n<p>No \u00e2mbito da elabora\u00e7\u00e3o ELH, o munic\u00edpio lan\u00e7ou um inqu\u00e9rito \u00e0 popula\u00e7\u00e3o para apoiar a elabora\u00e7\u00e3o do diagn\u00f3stico e levantamento de necessidades de habita\u00e7\u00e3o de agregados residentes no concelho.<br><\/p>\n\n\n\n<p>&#8220;J\u00e1 fizemos um levantamento do que existe, das necessidades, dos estrangulamentos. Tamb\u00e9m fizemos um inqu\u00e9rito dirigido \u00e0s f\u00e1bricas, institui\u00e7\u00f5es, juntas de freguesia, \u00e0 Agenda Local de A\u00e7\u00e3o Social e agora consideramos que seria importante fazer um inqu\u00e9rito atrav\u00e9s da Internet \u00e0 popula\u00e7\u00e3o&#8221;, explicou Jo\u00e3o Manuel Esteves.<br><\/p>\n\n\n\n<p>O autarca social-democrata adiantou que o objetivo \u00e9 que a &#8220;popula\u00e7\u00e3o possa dar o seu o seu contributo, sugerindo solu\u00e7\u00f5es, relatando o seu pr\u00f3prio caso, entre outras propostas&#8221;.<br><\/p>\n\n\n\n<p>&#8220;A ideia \u00e9 definir uma interven\u00e7\u00e3o ao n\u00edvel da habita\u00e7\u00e3o social, da reabilita\u00e7\u00e3o ou da constru\u00e7\u00e3o de novas casas a custos controlados&#8221;, especificou.<br><\/p>\n\n\n\n<p>Jo\u00e3o Manuel Esteves quer &#8220;fechar&#8221; uma ELH de Arcos de Valdevez &#8220;a tempo&#8221; de &#8220;concorrer a financiamentos por parte do IHRU, para construir ou para apoiar as necessidades de habita\u00e7\u00e3o de Arcos de Valdevez&#8221;.<br><\/p>\n\n\n\n<p>&#8220;Essas necessidades podem ser de habita\u00e7\u00e3o para fam\u00edlias carenciadas ou n\u00e3o, habita\u00e7\u00e3o para arrendamento, sobretudo a pensar nos jovens, constru\u00e7\u00e3o a custos controlados e apoio aos que pretendam construir ou reconstruir a sua pr\u00f3pria casa atrav\u00e9s de incentivos fiscais&#8221;, sustentou.<br><\/p>\n\n\n\n<p>No inqu\u00e9rito agora lan\u00e7ado \u00e0 popula\u00e7\u00e3o &#8220;qualquer pessoa poder\u00e1 preencher as quest\u00f5es colocadas, dando contributos ou sugest\u00f5es para a estrat\u00e9gia, identificar a sua situa\u00e7\u00e3o de habita\u00e7\u00e3o ou as situa\u00e7\u00f5es de agregados familiares que residem em fracas condi\u00e7\u00f5es de habitabilidade&#8221;.<br><\/p>\n\n\n\n<p>A consulta \u2018online&#8217; est\u00e1 dispon\u00edvel na p\u00e1gina oficial do munic\u00edpio na Internet. <\/p>\n","protected":false},"excerpt":{"rendered":"<p>O presidente da C\u00e2mara de Arcos de Valdevez espera ter conclu\u00edda at\u00e9 junho a Estrat\u00e9gia Local de Habita\u00e7\u00e3o, que permitir\u00e1 ao munic\u00edpio concorrer a fundos do Instituto da Habita\u00e7\u00e3o e da Reabilita\u00e7\u00e3o Urbana (IHRU) para colmatar as necessidades. &#8220;Gostar\u00edamos muito que esta estrat\u00e9gia fosse aprovada antes do final do primeiro semestre para podermos concorrer aos [&hellip;]<\/p>\n","protected":false},"author":16,"featured_media":43684,"comment_status":"closed","ping_status":"closed","sticky":false,"template":"","format":"standard","meta":{"_exactmetrics_skip_tracking":false,"_exactmetrics_sitenote_active":false,"_exactmetrics_sitenote_note":"","_exactmetrics_sitenote_category":0,"footnotes":""},"categories":[2],"tags":[26,27],"class_list":["post-43683","post","type-post","status-publish","format-standard","has-post-thumbnail","hentry","category-arcos-de-valdevez","tag-saude","tag-sociedade"],"yoast_head":"<!-- This site is optimized with the Yoast SEO Premium plugin v27.4 (Yoast SEO v27.4) - https:\/\/yoast.com\/product\/yoast-seo-premium-wordpress\/ -->\n<title>C\u00e2mara de Arcos de Valdevez quer ter Estrat\u00e9gia Local de Habita\u00e7\u00e3o at\u00e9 junho<\/title>\n<meta name=\"robots\" content=\"index, follow, max-snippet:-1, max-image-preview:large, max-video-preview:-1\" \/>\n<link rel=\"canonical\" href=\"https:\/\/www.altominho.tv\/site\/2020\/04\/08\/camara-de-arcos-de-valdevez-quer-ter-estrategia-local-de-habitacao-ate-junho\/\" \/>\n<meta property=\"og:locale\" content=\"pt_PT\" \/>\n<meta property=\"og:type\" content=\"article\" \/>\n<meta property=\"og:title\" content=\"C\u00e2mara de Arcos de Valdevez quer ter Estrat\u00e9gia Local de Habita\u00e7\u00e3o at\u00e9 junho\" \/>\n<meta property=\"og:description\" content=\"O presidente da C\u00e2mara de Arcos de Valdevez espera ter conclu\u00edda at\u00e9 junho a Estrat\u00e9gia Local de Habita\u00e7\u00e3o, que permitir\u00e1 ao munic\u00edpio concorrer a fundos do Instituto da Habita\u00e7\u00e3o e da Reabilita\u00e7\u00e3o Urbana (IHRU) para colmatar as necessidades. &#8220;Gostar\u00edamos muito que esta estrat\u00e9gia fosse aprovada antes do final do primeiro semestre para podermos concorrer aos [&hellip;]\" \/>\n<meta property=\"og:url\" content=\"https:\/\/www.altominho.tv\/site\/2020\/04\/08\/camara-de-arcos-de-valdevez-quer-ter-estrategia-local-de-habitacao-ate-junho\/\" \/>\n<meta property=\"og:site_name\" content=\"Altominho.tv\" \/>\n<meta property=\"article:publisher\" content=\"https:\/\/www.facebook.com\/altominhotv\" \/>\n<meta property=\"article:published_time\" content=\"2020-04-08T09:27:32+00:00\" \/>\n<meta property=\"article:modified_time\" content=\"2020-04-08T09:27:38+00:00\" \/>\n<meta property=\"og:image\" content=\"https:\/\/www.altominho.tv\/site\/wp-content\/uploads\/2020\/04\/joao-esteves.jpg\" \/>\n\t<meta property=\"og:image:width\" content=\"720\" \/>\n\t<meta property=\"og:image:height\" content=\"340\" \/>\n\t<meta property=\"og:image:type\" content=\"image\/jpeg\" \/>\n<meta name=\"author\" content=\"Andreia Cunha | Lusa\" \/>\n<meta name=\"twitter:card\" content=\"summary_large_image\" \/>\n<meta name=\"twitter:creator\" content=\"@altominhoTV\" \/>\n<meta name=\"twitter:site\" content=\"@altominhoTV\" \/>\n<meta name=\"twitter:label1\" content=\"Escrito por\" \/>\n\t<meta name=\"twitter:data1\" content=\"Andreia Cunha | Lusa\" \/>\n\t<meta name=\"twitter:label2\" content=\"Tempo estimado de leitura\" \/>\n\t<meta name=\"twitter:data2\" content=\"2 minutos\" \/>\n<script type=\"application\/ld+json\" class=\"yoast-schema-graph\">{\"@context\":\"https:\\\/\\\/schema.org\",\"@graph\":[{\"@type\":\"Article\",\"@id\":\"https:\\\/\\\/www.altominho.tv\\\/site\\\/2020\\\/04\\\/08\\\/camara-de-arcos-de-valdevez-quer-ter-estrategia-local-de-habitacao-ate-junho\\\/#article\",\"isPartOf\":{\"@id\":\"https:\\\/\\\/www.altominho.tv\\\/site\\\/2020\\\/04\\\/08\\\/camara-de-arcos-de-valdevez-quer-ter-estrategia-local-de-habitacao-ate-junho\\\/\"},\"author\":{\"name\":\"Andreia Cunha | Lusa\",\"@id\":\"https:\\\/\\\/www.altominho.tv\\\/site\\\/#\\\/schema\\\/person\\\/dbaf181c01b51ff40c9f461a905d321e\"},\"headline\":\"C\u00e2mara de Arcos de Valdevez quer ter Estrat\u00e9gia Local de Habita\u00e7\u00e3o at\u00e9 junho\",\"datePublished\":\"2020-04-08T09:27:32+00:00\",\"dateModified\":\"2020-04-08T09:27:38+00:00\",\"mainEntityOfPage\":{\"@id\":\"https:\\\/\\\/www.altominho.tv\\\/site\\\/2020\\\/04\\\/08\\\/camara-de-arcos-de-valdevez-quer-ter-estrategia-local-de-habitacao-ate-junho\\\/\"},\"wordCount\":421,\"image\":{\"@id\":\"https:\\\/\\\/www.altominho.tv\\\/site\\\/2020\\\/04\\\/08\\\/camara-de-arcos-de-valdevez-quer-ter-estrategia-local-de-habitacao-ate-junho\\\/#primaryimage\"},\"thumbnailUrl\":\"https:\\\/\\\/www.altominho.tv\\\/site\\\/wp-content\\\/uploads\\\/2020\\\/04\\\/joao-esteves.jpg\",\"keywords\":[\"Sa\u00fade\",\"Sociedade\"],\"articleSection\":[\"Arcos de Valdevez\"],\"inLanguage\":\"pt-PT\",\"copyrightYear\":\"2020\",\"copyrightHolder\":{\"@id\":\"https:\\\/\\\/www.altominho.tv\\\/site\\\/#organization\"}},{\"@type\":\"WebPage\",\"@id\":\"https:\\\/\\\/www.altominho.tv\\\/site\\\/2020\\\/04\\\/08\\\/camara-de-arcos-de-valdevez-quer-ter-estrategia-local-de-habitacao-ate-junho\\\/\",\"url\":\"https:\\\/\\\/www.altominho.tv\\\/site\\\/2020\\\/04\\\/08\\\/camara-de-arcos-de-valdevez-quer-ter-estrategia-local-de-habitacao-ate-junho\\\/\",\"name\":\"C\u00e2mara de Arcos de Valdevez quer ter Estrat\u00e9gia Local de Habita\u00e7\u00e3o at\u00e9 junho\",\"isPartOf\":{\"@id\":\"https:\\\/\\\/www.altominho.tv\\\/site\\\/#website\"},\"primaryImageOfPage\":{\"@id\":\"https:\\\/\\\/www.altominho.tv\\\/site\\\/2020\\\/04\\\/08\\\/camara-de-arcos-de-valdevez-quer-ter-estrategia-local-de-habitacao-ate-junho\\\/#primaryimage\"},\"image\":{\"@id\":\"https:\\\/\\\/www.altominho.tv\\\/site\\\/2020\\\/04\\\/08\\\/camara-de-arcos-de-valdevez-quer-ter-estrategia-local-de-habitacao-ate-junho\\\/#primaryimage\"},\"thumbnailUrl\":\"https:\\\/\\\/www.altominho.tv\\\/site\\\/wp-content\\\/uploads\\\/2020\\\/04\\\/joao-esteves.jpg\",\"datePublished\":\"2020-04-08T09:27:32+00:00\",\"dateModified\":\"2020-04-08T09:27:38+00:00\",\"author\":{\"@id\":\"https:\\\/\\\/www.altominho.tv\\\/site\\\/#\\\/schema\\\/person\\\/dbaf181c01b51ff40c9f461a905d321e\"},\"breadcrumb\":{\"@id\":\"https:\\\/\\\/www.altominho.tv\\\/site\\\/2020\\\/04\\\/08\\\/camara-de-arcos-de-valdevez-quer-ter-estrategia-local-de-habitacao-ate-junho\\\/#breadcrumb\"},\"inLanguage\":\"pt-PT\",\"potentialAction\":[{\"@type\":\"ReadAction\",\"target\":[\"https:\\\/\\\/www.altominho.tv\\\/site\\\/2020\\\/04\\\/08\\\/camara-de-arcos-de-valdevez-quer-ter-estrategia-local-de-habitacao-ate-junho\\\/\"]}]},{\"@type\":\"ImageObject\",\"inLanguage\":\"pt-PT\",\"@id\":\"https:\\\/\\\/www.altominho.tv\\\/site\\\/2020\\\/04\\\/08\\\/camara-de-arcos-de-valdevez-quer-ter-estrategia-local-de-habitacao-ate-junho\\\/#primaryimage\",\"url\":\"https:\\\/\\\/www.altominho.tv\\\/site\\\/wp-content\\\/uploads\\\/2020\\\/04\\\/joao-esteves.jpg\",\"contentUrl\":\"https:\\\/\\\/www.altominho.tv\\\/site\\\/wp-content\\\/uploads\\\/2020\\\/04\\\/joao-esteves.jpg\",\"width\":720,\"height\":340},{\"@type\":\"BreadcrumbList\",\"@id\":\"https:\\\/\\\/www.altominho.tv\\\/site\\\/2020\\\/04\\\/08\\\/camara-de-arcos-de-valdevez-quer-ter-estrategia-local-de-habitacao-ate-junho\\\/#breadcrumb\",\"itemListElement\":[{\"@type\":\"ListItem\",\"position\":1,\"name\":\"In\u00edcio\",\"item\":\"https:\\\/\\\/www.altominho.tv\\\/site\\\/\"},{\"@type\":\"ListItem\",\"position\":2,\"name\":\"C\u00e2mara de Arcos de Valdevez quer ter Estrat\u00e9gia Local de Habita\u00e7\u00e3o at\u00e9 junho\"}]},{\"@type\":\"WebSite\",\"@id\":\"https:\\\/\\\/www.altominho.tv\\\/site\\\/#website\",\"url\":\"https:\\\/\\\/www.altominho.tv\\\/site\\\/\",\"name\":\"Altominho.tv\",\"description\":\"A sua regi\u00e3o \u00e0 dist\u00e2ncia de um clique...\",\"potentialAction\":[{\"@type\":\"SearchAction\",\"target\":{\"@type\":\"EntryPoint\",\"urlTemplate\":\"https:\\\/\\\/www.altominho.tv\\\/site\\\/?s={search_term_string}\"},\"query-input\":{\"@type\":\"PropertyValueSpecification\",\"valueRequired\":true,\"valueName\":\"search_term_string\"}}],\"inLanguage\":\"pt-PT\"},{\"@type\":\"Person\",\"@id\":\"https:\\\/\\\/www.altominho.tv\\\/site\\\/#\\\/schema\\\/person\\\/dbaf181c01b51ff40c9f461a905d321e\",\"name\":\"Andreia Cunha | Lusa\",\"image\":{\"@type\":\"ImageObject\",\"inLanguage\":\"pt-PT\",\"@id\":\"https:\\\/\\\/www.altominho.tv\\\/site\\\/wp-content\\\/uploads\\\/2017\\\/11\\\/Andreia_Cunha-1-150x150.jpg\",\"url\":\"https:\\\/\\\/www.altominho.tv\\\/site\\\/wp-content\\\/uploads\\\/2017\\\/11\\\/Andreia_Cunha-1-150x150.jpg\",\"contentUrl\":\"https:\\\/\\\/www.altominho.tv\\\/site\\\/wp-content\\\/uploads\\\/2017\\\/11\\\/Andreia_Cunha-1-150x150.jpg\",\"caption\":\"Andreia Cunha | Lusa\"},\"sameAs\":[\"https:\\\/\\\/www.altominho.tv\\\/site\"],\"url\":\"https:\\\/\\\/www.altominho.tv\\\/site\\\/author\\\/andreiacunhalusa\\\/\"}]}<\/script>\n<!-- \/ Yoast SEO Premium plugin. -->","yoast_head_json":{"title":"C\u00e2mara de Arcos de Valdevez quer ter Estrat\u00e9gia Local de Habita\u00e7\u00e3o at\u00e9 junho","robots":{"index":"index","follow":"follow","max-snippet":"max-snippet:-1","max-image-preview":"max-image-preview:large","max-video-preview":"max-video-preview:-1"},"canonical":"https:\/\/www.altominho.tv\/site\/2020\/04\/08\/camara-de-arcos-de-valdevez-quer-ter-estrategia-local-de-habitacao-ate-junho\/","og_locale":"pt_PT","og_type":"article","og_title":"C\u00e2mara de Arcos de Valdevez quer ter Estrat\u00e9gia Local de Habita\u00e7\u00e3o at\u00e9 junho","og_description":"O presidente da C\u00e2mara de Arcos de Valdevez espera ter conclu\u00edda at\u00e9 junho a Estrat\u00e9gia Local de Habita\u00e7\u00e3o, que permitir\u00e1 ao munic\u00edpio concorrer a fundos do Instituto da Habita\u00e7\u00e3o e da Reabilita\u00e7\u00e3o Urbana (IHRU) para colmatar as necessidades. &#8220;Gostar\u00edamos muito que esta estrat\u00e9gia fosse aprovada antes do final do primeiro semestre para podermos concorrer aos [&hellip;]","og_url":"https:\/\/www.altominho.tv\/site\/2020\/04\/08\/camara-de-arcos-de-valdevez-quer-ter-estrategia-local-de-habitacao-ate-junho\/","og_site_name":"Altominho.tv","article_publisher":"https:\/\/www.facebook.com\/altominhotv","article_published_time":"2020-04-08T09:27:32+00:00","article_modified_time":"2020-04-08T09:27:38+00:00","og_image":[{"width":720,"height":340,"url":"https:\/\/www.altominho.tv\/site\/wp-content\/uploads\/2020\/04\/joao-esteves.jpg","type":"image\/jpeg"}],"author":"Andreia Cunha | Lusa","twitter_card":"summary_large_image","twitter_creator":"@altominhoTV","twitter_site":"@altominhoTV","twitter_misc":{"Escrito por":"Andreia Cunha | Lusa","Tempo estimado de leitura":"2 minutos"},"schema":{"@context":"https:\/\/schema.org","@graph":[{"@type":"Article","@id":"https:\/\/www.altominho.tv\/site\/2020\/04\/08\/camara-de-arcos-de-valdevez-quer-ter-estrategia-local-de-habitacao-ate-junho\/#article","isPartOf":{"@id":"https:\/\/www.altominho.tv\/site\/2020\/04\/08\/camara-de-arcos-de-valdevez-quer-ter-estrategia-local-de-habitacao-ate-junho\/"},"author":{"name":"Andreia Cunha | Lusa","@id":"https:\/\/www.altominho.tv\/site\/#\/schema\/person\/dbaf181c01b51ff40c9f461a905d321e"},"headline":"C\u00e2mara de Arcos de Valdevez quer ter Estrat\u00e9gia Local de Habita\u00e7\u00e3o at\u00e9 junho","datePublished":"2020-04-08T09:27:32+00:00","dateModified":"2020-04-08T09:27:38+00:00","mainEntityOfPage":{"@id":"https:\/\/www.altominho.tv\/site\/2020\/04\/08\/camara-de-arcos-de-valdevez-quer-ter-estrategia-local-de-habitacao-ate-junho\/"},"wordCount":421,"image":{"@id":"https:\/\/www.altominho.tv\/site\/2020\/04\/08\/camara-de-arcos-de-valdevez-quer-ter-estrategia-local-de-habitacao-ate-junho\/#primaryimage"},"thumbnailUrl":"https:\/\/www.altominho.tv\/site\/wp-content\/uploads\/2020\/04\/joao-esteves.jpg","keywords":["Sa\u00fade","Sociedade"],"articleSection":["Arcos de Valdevez"],"inLanguage":"pt-PT","copyrightYear":"2020","copyrightHolder":{"@id":"https:\/\/www.altominho.tv\/site\/#organization"}},{"@type":"WebPage","@id":"https:\/\/www.altominho.tv\/site\/2020\/04\/08\/camara-de-arcos-de-valdevez-quer-ter-estrategia-local-de-habitacao-ate-junho\/","url":"https:\/\/www.altominho.tv\/site\/2020\/04\/08\/camara-de-arcos-de-valdevez-quer-ter-estrategia-local-de-habitacao-ate-junho\/","name":"C\u00e2mara de Arcos de Valdevez quer ter Estrat\u00e9gia Local de Habita\u00e7\u00e3o at\u00e9 junho","isPartOf":{"@id":"https:\/\/www.altominho.tv\/site\/#website"},"primaryImageOfPage":{"@id":"https:\/\/www.altominho.tv\/site\/2020\/04\/08\/camara-de-arcos-de-valdevez-quer-ter-estrategia-local-de-habitacao-ate-junho\/#primaryimage"},"image":{"@id":"https:\/\/www.altominho.tv\/site\/2020\/04\/08\/camara-de-arcos-de-valdevez-quer-ter-estrategia-local-de-habitacao-ate-junho\/#primaryimage"},"thumbnailUrl":"https:\/\/www.altominho.tv\/site\/wp-content\/uploads\/2020\/04\/joao-esteves.jpg","datePublished":"2020-04-08T09:27:32+00:00","dateModified":"2020-04-08T09:27:38+00:00","author":{"@id":"https:\/\/www.altominho.tv\/site\/#\/schema\/person\/dbaf181c01b51ff40c9f461a905d321e"},"breadcrumb":{"@id":"https:\/\/www.altominho.tv\/site\/2020\/04\/08\/camara-de-arcos-de-valdevez-quer-ter-estrategia-local-de-habitacao-ate-junho\/#breadcrumb"},"inLanguage":"pt-PT","potentialAction":[{"@type":"ReadAction","target":["https:\/\/www.altominho.tv\/site\/2020\/04\/08\/camara-de-arcos-de-valdevez-quer-ter-estrategia-local-de-habitacao-ate-junho\/"]}]},{"@type":"ImageObject","inLanguage":"pt-PT","@id":"https:\/\/www.altominho.tv\/site\/2020\/04\/08\/camara-de-arcos-de-valdevez-quer-ter-estrategia-local-de-habitacao-ate-junho\/#primaryimage","url":"https:\/\/www.altominho.tv\/site\/wp-content\/uploads\/2020\/04\/joao-esteves.jpg","contentUrl":"https:\/\/www.altominho.tv\/site\/wp-content\/uploads\/2020\/04\/joao-esteves.jpg","width":720,"height":340},{"@type":"BreadcrumbList","@id":"https:\/\/www.altominho.tv\/site\/2020\/04\/08\/camara-de-arcos-de-valdevez-quer-ter-estrategia-local-de-habitacao-ate-junho\/#breadcrumb","itemListElement":[{"@type":"ListItem","position":1,"name":"In\u00edcio","item":"https:\/\/www.altominho.tv\/site\/"},{"@type":"ListItem","position":2,"name":"C\u00e2mara de Arcos de Valdevez quer ter Estrat\u00e9gia Local de Habita\u00e7\u00e3o at\u00e9 junho"}]},{"@type":"WebSite","@id":"https:\/\/www.altominho.tv\/site\/#website","url":"https:\/\/www.altominho.tv\/site\/","name":"Altominho.tv","description":"A sua regi\u00e3o \u00e0 dist\u00e2ncia de um clique...","potentialAction":[{"@type":"SearchAction","target":{"@type":"EntryPoint","urlTemplate":"https:\/\/www.altominho.tv\/site\/?s={search_term_string}"},"query-input":{"@type":"PropertyValueSpecification","valueRequired":true,"valueName":"search_term_string"}}],"inLanguage":"pt-PT"},{"@type":"Person","@id":"https:\/\/www.altominho.tv\/site\/#\/schema\/person\/dbaf181c01b51ff40c9f461a905d321e","name":"Andreia Cunha | Lusa","image":{"@type":"ImageObject","inLanguage":"pt-PT","@id":"https:\/\/www.altominho.tv\/site\/wp-content\/uploads\/2017\/11\/Andreia_Cunha-1-150x150.jpg","url":"https:\/\/www.altominho.tv\/site\/wp-content\/uploads\/2017\/11\/Andreia_Cunha-1-150x150.jpg","contentUrl":"https:\/\/www.altominho.tv\/site\/wp-content\/uploads\/2017\/11\/Andreia_Cunha-1-150x150.jpg","caption":"Andreia Cunha | Lusa"},"sameAs":["https:\/\/www.altominho.tv\/site"],"url":"https:\/\/www.altominho.tv\/site\/author\/andreiacunhalusa\/"}]}},"_links":{"self":[{"href":"https:\/\/www.altominho.tv\/site\/wp-json\/wp\/v2\/posts\/43683","targetHints":{"allow":["GET"]}}],"collection":[{"href":"https:\/\/www.altominho.tv\/site\/wp-json\/wp\/v2\/posts"}],"about":[{"href":"https:\/\/www.altominho.tv\/site\/wp-json\/wp\/v2\/types\/post"}],"author":[{"embeddable":true,"href":"https:\/\/www.altominho.tv\/site\/wp-json\/wp\/v2\/users\/16"}],"replies":[{"embeddable":true,"href":"https:\/\/www.altominho.tv\/site\/wp-json\/wp\/v2\/comments?post=43683"}],"version-history":[{"count":0,"href":"https:\/\/www.altominho.tv\/site\/wp-json\/wp\/v2\/posts\/43683\/revisions"}],"wp:featuredmedia":[{"embeddable":true,"href":"https:\/\/www.altominho.tv\/site\/wp-json\/wp\/v2\/media\/43684"}],"wp:attachment":[{"href":"https:\/\/www.altominho.tv\/site\/wp-json\/wp\/v2\/media?parent=43683"}],"wp:term":[{"taxonomy":"category","embeddable":true,"href":"https:\/\/www.altominho.tv\/site\/wp-json\/wp\/v2\/categories?post=43683"},{"taxonomy":"post_tag","embeddable":true,"href":"https:\/\/www.altominho.tv\/site\/wp-json\/wp\/v2\/tags?post=43683"}],"curies":[{"name":"wp","href":"https:\/\/api.w.org\/{rel}","templated":true}]}}