{"id":43558,"date":"2020-04-06T15:48:04","date_gmt":"2020-04-06T14:48:04","guid":{"rendered":"http:\/\/www.altominho.tv\/site\/?p=43558"},"modified":"2020-04-06T15:48:06","modified_gmt":"2020-04-06T14:48:06","slug":"feira-do-alvarinho-de-moncao-prevista-para-3-4-e-5-de-julho-foi-cancelada","status":"publish","type":"post","link":"https:\/\/www.altominho.tv\/site\/2020\/04\/06\/feira-do-alvarinho-de-moncao-prevista-para-3-4-e-5-de-julho-foi-cancelada\/","title":{"rendered":"Feira do Alvarinho de Mon\u00e7\u00e3o prevista para 3, 4 e 5 de Julho foi cancelada"},"content":{"rendered":"<p>A C\u00e2mara Municipal de Mon\u00e7\u00e3o acaba de emitir em comunicado, que decidiu cancelar a realiza\u00e7\u00e3o da Feira do Alvarinho 2020, agendada para os dias 3, 4 e 5 de julho.<\/p>\n<p>A decis\u00e3o foi tomada face \u00e0 epidemia de Coronav\u00edrus COVID-19 e na sequ\u00eancia das orienta\u00e7\u00f5es da World Health Organization (WHO), Dire\u00e7\u00e3o-Geral da Sa\u00fade, bem como, no seguimento da ativa\u00e7\u00e3o do Plano Municipal de Emerg\u00eancia e Prote\u00e7\u00e3o Civil.<\/p>\n<p>De acordo com a nota, <strong>\u201cap\u00f3s grande reflex\u00e3o e pondera\u00e7\u00e3o, consideramos esta decis\u00e3o fundamental, no sen<span class=\"text_exposed_show\">tido de apoiar e proteger todos os mun\u00edcipes, assim como, todos aqueles que nos visitam.\u00a0<\/span>A preven\u00e7\u00e3o depende de todos n\u00f3s\u201d<\/strong>, refere o Munic\u00edpio.<\/p>\n<p>\u201c<strong>Vemo-nos em 2021, prontos para sentir e viver, de uma forma bem especial, mais uma edi\u00e7\u00e3o da Maior Wine Party de Portugal<\/strong>&#8220;, acrescenta.<\/p>\n<p>No passado m\u00eas de fevereiro, esta edi\u00e7\u00e3o da <a href=\"https:\/\/www.altominho.tv\/site\/2020\/02\/21\/feira-do-alvarinho-premiada-como-evento-do-ano-na-gala-alto-minho-ativar-ipvc-business-awards\/\">Feira do Alvarinho recebeu o pr\u00e9mio de Evento do Ano 2019<\/a> na <em>Gala Alto Minho Ativar IPVC Business Awards 2019<\/em>.<\/p>\n<p>A edi\u00e7\u00e3o deste ano da Feira do Alvarinho iria ter lugar nos dias 3, 4 e 5 de julho, novamente no Parque das Caldas para onde se mudou h\u00e1 dois anos e desde ent\u00e3o tem vindo a crescer significativamente.<\/p>\n<p>Se n\u00e3o conhece este evento considerado a &#8220;Maior Wine Party de Portugal&#8221;, reveja a nossa reportagem do ano passado:<\/p>\n\n\n<figure class=\"wp-block-embed-youtube wp-block-embed is-type-video is-provider-youtube wp-embed-aspect-16-9 wp-has-aspect-ratio\"><div class=\"wp-block-embed__wrapper\">\n<iframe loading=\"lazy\" title=\"Feira do Alvarinho de Mon\u00e7\u00e3o espera milhares de pessoas at\u00e9 domingo | Altominho TV\" width=\"770\" height=\"433\" src=\"https:\/\/www.youtube.com\/embed\/9dMhkkFROl4?feature=oembed\" frameborder=\"0\" allow=\"accelerometer; autoplay; clipboard-write; encrypted-media; gyroscope; picture-in-picture; web-share\" allowfullscreen><\/iframe>\n<\/div><\/figure>\n","protected":false},"excerpt":{"rendered":"<p>A C\u00e2mara Municipal de Mon\u00e7\u00e3o acaba de emitir em comunicado, que decidiu cancelar a realiza\u00e7\u00e3o da Feira do Alvarinho 2020, agendada para os dias 3, 4 e 5 de julho. A decis\u00e3o foi tomada face \u00e0 epidemia de Coronav\u00edrus COVID-19 e na sequ\u00eancia das orienta\u00e7\u00f5es da World Health Organization (WHO), Dire\u00e7\u00e3o-Geral da Sa\u00fade, bem como, [&hellip;]<\/p>\n","protected":false},"author":1,"featured_media":43561,"comment_status":"closed","ping_status":"closed","sticky":false,"template":"","format":"standard","meta":{"_exactmetrics_skip_tracking":false,"_exactmetrics_sitenote_active":false,"_exactmetrics_sitenote_note":"","_exactmetrics_sitenote_category":0,"footnotes":""},"categories":[9],"tags":[24,26],"class_list":["post-43558","post","type-post","status-publish","format-standard","has-post-thumbnail","hentry","category-moncao","tag-lazer","tag-saude"],"yoast_head":"<!-- This site is optimized with the Yoast SEO Premium plugin v27.5 (Yoast SEO v27.5) - https:\/\/yoast.com\/product\/yoast-seo-premium-wordpress\/ -->\n<title>Feira do Alvarinho de Mon\u00e7\u00e3o prevista para 3, 4 e 5 de Julho foi cancelada<\/title>\n<meta name=\"robots\" content=\"index, follow, max-snippet:-1, max-image-preview:large, max-video-preview:-1\" \/>\n<link rel=\"canonical\" href=\"https:\/\/www.altominho.tv\/site\/2020\/04\/06\/feira-do-alvarinho-de-moncao-prevista-para-3-4-e-5-de-julho-foi-cancelada\/\" \/>\n<meta property=\"og:locale\" content=\"pt_PT\" \/>\n<meta property=\"og:type\" content=\"article\" \/>\n<meta property=\"og:title\" content=\"Feira do Alvarinho de Mon\u00e7\u00e3o prevista para 3, 4 e 5 de Julho foi cancelada\" \/>\n<meta property=\"og:description\" content=\"A C\u00e2mara Municipal de Mon\u00e7\u00e3o acaba de emitir em comunicado, que decidiu cancelar a realiza\u00e7\u00e3o da Feira do Alvarinho 2020, agendada para os dias 3, 4 e 5 de julho. A decis\u00e3o foi tomada face \u00e0 epidemia de Coronav\u00edrus COVID-19 e na sequ\u00eancia das orienta\u00e7\u00f5es da World Health Organization (WHO), Dire\u00e7\u00e3o-Geral da Sa\u00fade, bem como, [&hellip;]\" \/>\n<meta property=\"og:url\" content=\"https:\/\/www.altominho.tv\/site\/2020\/04\/06\/feira-do-alvarinho-de-moncao-prevista-para-3-4-e-5-de-julho-foi-cancelada\/\" \/>\n<meta property=\"og:site_name\" content=\"Altominho.tv\" \/>\n<meta property=\"article:publisher\" content=\"https:\/\/www.facebook.com\/altominhotv\" \/>\n<meta property=\"article:published_time\" content=\"2020-04-06T14:48:04+00:00\" \/>\n<meta property=\"article:modified_time\" content=\"2020-04-06T14:48:06+00:00\" \/>\n<meta property=\"og:image\" content=\"https:\/\/www.altominho.tv\/site\/wp-content\/uploads\/2020\/04\/Feira_do_alvarinho.jpg\" \/>\n\t<meta property=\"og:image:width\" content=\"1596\" \/>\n\t<meta property=\"og:image:height\" content=\"841\" \/>\n\t<meta property=\"og:image:type\" content=\"image\/jpeg\" \/>\n<meta name=\"author\" content=\"Altominho.tv\" \/>\n<meta name=\"twitter:card\" content=\"summary_large_image\" \/>\n<meta name=\"twitter:creator\" content=\"@altominhoTV\" \/>\n<meta name=\"twitter:site\" content=\"@altominhoTV\" \/>\n<meta name=\"twitter:label1\" content=\"Escrito por\" \/>\n\t<meta name=\"twitter:data1\" content=\"Altominho.tv\" \/>\n\t<meta name=\"twitter:label2\" content=\"Tempo estimado de leitura\" \/>\n\t<meta name=\"twitter:data2\" content=\"1 minuto\" \/>\n<script type=\"application\/ld+json\" class=\"yoast-schema-graph\">{\"@context\":\"https:\\\/\\\/schema.org\",\"@graph\":[{\"@type\":\"Article\",\"@id\":\"https:\\\/\\\/www.altominho.tv\\\/site\\\/2020\\\/04\\\/06\\\/feira-do-alvarinho-de-moncao-prevista-para-3-4-e-5-de-julho-foi-cancelada\\\/#article\",\"isPartOf\":{\"@id\":\"https:\\\/\\\/www.altominho.tv\\\/site\\\/2020\\\/04\\\/06\\\/feira-do-alvarinho-de-moncao-prevista-para-3-4-e-5-de-julho-foi-cancelada\\\/\"},\"author\":{\"name\":\"Altominho.tv\",\"@id\":\"https:\\\/\\\/www.altominho.tv\\\/site\\\/#\\\/schema\\\/person\\\/4e536851627d7914baf3dac752b6af22\"},\"headline\":\"Feira do Alvarinho de Mon\u00e7\u00e3o prevista para 3, 4 e 5 de Julho foi cancelada\",\"datePublished\":\"2020-04-06T14:48:04+00:00\",\"dateModified\":\"2020-04-06T14:48:06+00:00\",\"mainEntityOfPage\":{\"@id\":\"https:\\\/\\\/www.altominho.tv\\\/site\\\/2020\\\/04\\\/06\\\/feira-do-alvarinho-de-moncao-prevista-para-3-4-e-5-de-julho-foi-cancelada\\\/\"},\"wordCount\":248,\"image\":{\"@id\":\"https:\\\/\\\/www.altominho.tv\\\/site\\\/2020\\\/04\\\/06\\\/feira-do-alvarinho-de-moncao-prevista-para-3-4-e-5-de-julho-foi-cancelada\\\/#primaryimage\"},\"thumbnailUrl\":\"https:\\\/\\\/www.altominho.tv\\\/site\\\/wp-content\\\/uploads\\\/2020\\\/04\\\/Feira_do_alvarinho.jpg\",\"keywords\":[\"Lazer\",\"Sa\u00fade\"],\"articleSection\":[\"Mon\u00e7\u00e3o\"],\"inLanguage\":\"pt-PT\",\"copyrightYear\":\"2020\",\"copyrightHolder\":{\"@id\":\"https:\\\/\\\/www.altominho.tv\\\/site\\\/#organization\"}},{\"@type\":\"WebPage\",\"@id\":\"https:\\\/\\\/www.altominho.tv\\\/site\\\/2020\\\/04\\\/06\\\/feira-do-alvarinho-de-moncao-prevista-para-3-4-e-5-de-julho-foi-cancelada\\\/\",\"url\":\"https:\\\/\\\/www.altominho.tv\\\/site\\\/2020\\\/04\\\/06\\\/feira-do-alvarinho-de-moncao-prevista-para-3-4-e-5-de-julho-foi-cancelada\\\/\",\"name\":\"Feira do Alvarinho de Mon\u00e7\u00e3o prevista para 3, 4 e 5 de Julho foi cancelada\",\"isPartOf\":{\"@id\":\"https:\\\/\\\/www.altominho.tv\\\/site\\\/#website\"},\"primaryImageOfPage\":{\"@id\":\"https:\\\/\\\/www.altominho.tv\\\/site\\\/2020\\\/04\\\/06\\\/feira-do-alvarinho-de-moncao-prevista-para-3-4-e-5-de-julho-foi-cancelada\\\/#primaryimage\"},\"image\":{\"@id\":\"https:\\\/\\\/www.altominho.tv\\\/site\\\/2020\\\/04\\\/06\\\/feira-do-alvarinho-de-moncao-prevista-para-3-4-e-5-de-julho-foi-cancelada\\\/#primaryimage\"},\"thumbnailUrl\":\"https:\\\/\\\/www.altominho.tv\\\/site\\\/wp-content\\\/uploads\\\/2020\\\/04\\\/Feira_do_alvarinho.jpg\",\"datePublished\":\"2020-04-06T14:48:04+00:00\",\"dateModified\":\"2020-04-06T14:48:06+00:00\",\"author\":{\"@id\":\"https:\\\/\\\/www.altominho.tv\\\/site\\\/#\\\/schema\\\/person\\\/4e536851627d7914baf3dac752b6af22\"},\"breadcrumb\":{\"@id\":\"https:\\\/\\\/www.altominho.tv\\\/site\\\/2020\\\/04\\\/06\\\/feira-do-alvarinho-de-moncao-prevista-para-3-4-e-5-de-julho-foi-cancelada\\\/#breadcrumb\"},\"inLanguage\":\"pt-PT\",\"potentialAction\":[{\"@type\":\"ReadAction\",\"target\":[\"https:\\\/\\\/www.altominho.tv\\\/site\\\/2020\\\/04\\\/06\\\/feira-do-alvarinho-de-moncao-prevista-para-3-4-e-5-de-julho-foi-cancelada\\\/\"]}]},{\"@type\":\"ImageObject\",\"inLanguage\":\"pt-PT\",\"@id\":\"https:\\\/\\\/www.altominho.tv\\\/site\\\/2020\\\/04\\\/06\\\/feira-do-alvarinho-de-moncao-prevista-para-3-4-e-5-de-julho-foi-cancelada\\\/#primaryimage\",\"url\":\"https:\\\/\\\/www.altominho.tv\\\/site\\\/wp-content\\\/uploads\\\/2020\\\/04\\\/Feira_do_alvarinho.jpg\",\"contentUrl\":\"https:\\\/\\\/www.altominho.tv\\\/site\\\/wp-content\\\/uploads\\\/2020\\\/04\\\/Feira_do_alvarinho.jpg\",\"width\":1596,\"height\":841},{\"@type\":\"BreadcrumbList\",\"@id\":\"https:\\\/\\\/www.altominho.tv\\\/site\\\/2020\\\/04\\\/06\\\/feira-do-alvarinho-de-moncao-prevista-para-3-4-e-5-de-julho-foi-cancelada\\\/#breadcrumb\",\"itemListElement\":[{\"@type\":\"ListItem\",\"position\":1,\"name\":\"In\u00edcio\",\"item\":\"https:\\\/\\\/www.altominho.tv\\\/site\\\/\"},{\"@type\":\"ListItem\",\"position\":2,\"name\":\"Feira do Alvarinho de Mon\u00e7\u00e3o prevista para 3, 4 e 5 de Julho foi cancelada\"}]},{\"@type\":\"WebSite\",\"@id\":\"https:\\\/\\\/www.altominho.tv\\\/site\\\/#website\",\"url\":\"https:\\\/\\\/www.altominho.tv\\\/site\\\/\",\"name\":\"Altominho.tv\",\"description\":\"A sua regi\u00e3o \u00e0 dist\u00e2ncia de um clique...\",\"potentialAction\":[{\"@type\":\"SearchAction\",\"target\":{\"@type\":\"EntryPoint\",\"urlTemplate\":\"https:\\\/\\\/www.altominho.tv\\\/site\\\/?s={search_term_string}\"},\"query-input\":{\"@type\":\"PropertyValueSpecification\",\"valueRequired\":true,\"valueName\":\"search_term_string\"}}],\"inLanguage\":\"pt-PT\"},{\"@type\":\"Person\",\"@id\":\"https:\\\/\\\/www.altominho.tv\\\/site\\\/#\\\/schema\\\/person\\\/4e536851627d7914baf3dac752b6af22\",\"name\":\"Altominho.tv\",\"image\":{\"@type\":\"ImageObject\",\"inLanguage\":\"pt-PT\",\"@id\":\"https:\\\/\\\/www.altominho.tv\\\/site\\\/wp-content\\\/uploads\\\/2019\\\/11\\\/Logo_Avatar_2-150x150.jpg\",\"url\":\"https:\\\/\\\/www.altominho.tv\\\/site\\\/wp-content\\\/uploads\\\/2019\\\/11\\\/Logo_Avatar_2-150x150.jpg\",\"contentUrl\":\"https:\\\/\\\/www.altominho.tv\\\/site\\\/wp-content\\\/uploads\\\/2019\\\/11\\\/Logo_Avatar_2-150x150.jpg\",\"caption\":\"Altominho.tv\"},\"url\":\"https:\\\/\\\/www.altominho.tv\\\/site\\\/author\\\/altominhotv-tecnico\\\/\"}]}<\/script>\n<meta property=\"og:video\" content=\"https:\/\/www.youtube.com\/embed\/9dMhkkFROl4\" \/>\n<meta property=\"og:video:type\" content=\"text\/html\" \/>\n<meta property=\"og:video:duration\" content=\"148\" \/>\n<meta property=\"og:video:width\" content=\"480\" \/>\n<meta property=\"og:video:height\" content=\"270\" \/>\n<meta property=\"ya:ovs:adult\" content=\"false\" \/>\n<meta property=\"ya:ovs:upload_date\" content=\"2020-04-06T14:48:04+00:00\" \/>\n<meta property=\"ya:ovs:allow_embed\" content=\"true\" \/>\n<!-- \/ Yoast SEO Premium plugin. -->","yoast_head_json":{"title":"Feira do Alvarinho de Mon\u00e7\u00e3o prevista para 3, 4 e 5 de Julho foi cancelada","robots":{"index":"index","follow":"follow","max-snippet":"max-snippet:-1","max-image-preview":"max-image-preview:large","max-video-preview":"max-video-preview:-1"},"canonical":"https:\/\/www.altominho.tv\/site\/2020\/04\/06\/feira-do-alvarinho-de-moncao-prevista-para-3-4-e-5-de-julho-foi-cancelada\/","og_locale":"pt_PT","og_type":"article","og_title":"Feira do Alvarinho de Mon\u00e7\u00e3o prevista para 3, 4 e 5 de Julho foi cancelada","og_description":"A C\u00e2mara Municipal de Mon\u00e7\u00e3o acaba de emitir em comunicado, que decidiu cancelar a realiza\u00e7\u00e3o da Feira do Alvarinho 2020, agendada para os dias 3, 4 e 5 de julho. A decis\u00e3o foi tomada face \u00e0 epidemia de Coronav\u00edrus COVID-19 e na sequ\u00eancia das orienta\u00e7\u00f5es da World Health Organization (WHO), Dire\u00e7\u00e3o-Geral da Sa\u00fade, bem como, [&hellip;]","og_url":"https:\/\/www.altominho.tv\/site\/2020\/04\/06\/feira-do-alvarinho-de-moncao-prevista-para-3-4-e-5-de-julho-foi-cancelada\/","og_site_name":"Altominho.tv","article_publisher":"https:\/\/www.facebook.com\/altominhotv","article_published_time":"2020-04-06T14:48:04+00:00","article_modified_time":"2020-04-06T14:48:06+00:00","og_image":[{"width":1596,"height":841,"url":"https:\/\/www.altominho.tv\/site\/wp-content\/uploads\/2020\/04\/Feira_do_alvarinho.jpg","type":"image\/jpeg"}],"author":"Altominho.tv","twitter_card":"summary_large_image","twitter_creator":"@altominhoTV","twitter_site":"@altominhoTV","twitter_misc":{"Escrito por":"Altominho.tv","Tempo estimado de leitura":"1 minuto"},"schema":{"@context":"https:\/\/schema.org","@graph":[{"@type":"Article","@id":"https:\/\/www.altominho.tv\/site\/2020\/04\/06\/feira-do-alvarinho-de-moncao-prevista-para-3-4-e-5-de-julho-foi-cancelada\/#article","isPartOf":{"@id":"https:\/\/www.altominho.tv\/site\/2020\/04\/06\/feira-do-alvarinho-de-moncao-prevista-para-3-4-e-5-de-julho-foi-cancelada\/"},"author":{"name":"Altominho.tv","@id":"https:\/\/www.altominho.tv\/site\/#\/schema\/person\/4e536851627d7914baf3dac752b6af22"},"headline":"Feira do Alvarinho de Mon\u00e7\u00e3o prevista para 3, 4 e 5 de Julho foi cancelada","datePublished":"2020-04-06T14:48:04+00:00","dateModified":"2020-04-06T14:48:06+00:00","mainEntityOfPage":{"@id":"https:\/\/www.altominho.tv\/site\/2020\/04\/06\/feira-do-alvarinho-de-moncao-prevista-para-3-4-e-5-de-julho-foi-cancelada\/"},"wordCount":248,"image":{"@id":"https:\/\/www.altominho.tv\/site\/2020\/04\/06\/feira-do-alvarinho-de-moncao-prevista-para-3-4-e-5-de-julho-foi-cancelada\/#primaryimage"},"thumbnailUrl":"https:\/\/www.altominho.tv\/site\/wp-content\/uploads\/2020\/04\/Feira_do_alvarinho.jpg","keywords":["Lazer","Sa\u00fade"],"articleSection":["Mon\u00e7\u00e3o"],"inLanguage":"pt-PT","copyrightYear":"2020","copyrightHolder":{"@id":"https:\/\/www.altominho.tv\/site\/#organization"}},{"@type":"WebPage","@id":"https:\/\/www.altominho.tv\/site\/2020\/04\/06\/feira-do-alvarinho-de-moncao-prevista-para-3-4-e-5-de-julho-foi-cancelada\/","url":"https:\/\/www.altominho.tv\/site\/2020\/04\/06\/feira-do-alvarinho-de-moncao-prevista-para-3-4-e-5-de-julho-foi-cancelada\/","name":"Feira do Alvarinho de Mon\u00e7\u00e3o prevista para 3, 4 e 5 de Julho foi cancelada","isPartOf":{"@id":"https:\/\/www.altominho.tv\/site\/#website"},"primaryImageOfPage":{"@id":"https:\/\/www.altominho.tv\/site\/2020\/04\/06\/feira-do-alvarinho-de-moncao-prevista-para-3-4-e-5-de-julho-foi-cancelada\/#primaryimage"},"image":{"@id":"https:\/\/www.altominho.tv\/site\/2020\/04\/06\/feira-do-alvarinho-de-moncao-prevista-para-3-4-e-5-de-julho-foi-cancelada\/#primaryimage"},"thumbnailUrl":"https:\/\/www.altominho.tv\/site\/wp-content\/uploads\/2020\/04\/Feira_do_alvarinho.jpg","datePublished":"2020-04-06T14:48:04+00:00","dateModified":"2020-04-06T14:48:06+00:00","author":{"@id":"https:\/\/www.altominho.tv\/site\/#\/schema\/person\/4e536851627d7914baf3dac752b6af22"},"breadcrumb":{"@id":"https:\/\/www.altominho.tv\/site\/2020\/04\/06\/feira-do-alvarinho-de-moncao-prevista-para-3-4-e-5-de-julho-foi-cancelada\/#breadcrumb"},"inLanguage":"pt-PT","potentialAction":[{"@type":"ReadAction","target":["https:\/\/www.altominho.tv\/site\/2020\/04\/06\/feira-do-alvarinho-de-moncao-prevista-para-3-4-e-5-de-julho-foi-cancelada\/"]}]},{"@type":"ImageObject","inLanguage":"pt-PT","@id":"https:\/\/www.altominho.tv\/site\/2020\/04\/06\/feira-do-alvarinho-de-moncao-prevista-para-3-4-e-5-de-julho-foi-cancelada\/#primaryimage","url":"https:\/\/www.altominho.tv\/site\/wp-content\/uploads\/2020\/04\/Feira_do_alvarinho.jpg","contentUrl":"https:\/\/www.altominho.tv\/site\/wp-content\/uploads\/2020\/04\/Feira_do_alvarinho.jpg","width":1596,"height":841},{"@type":"BreadcrumbList","@id":"https:\/\/www.altominho.tv\/site\/2020\/04\/06\/feira-do-alvarinho-de-moncao-prevista-para-3-4-e-5-de-julho-foi-cancelada\/#breadcrumb","itemListElement":[{"@type":"ListItem","position":1,"name":"In\u00edcio","item":"https:\/\/www.altominho.tv\/site\/"},{"@type":"ListItem","position":2,"name":"Feira do Alvarinho de Mon\u00e7\u00e3o prevista para 3, 4 e 5 de Julho foi cancelada"}]},{"@type":"WebSite","@id":"https:\/\/www.altominho.tv\/site\/#website","url":"https:\/\/www.altominho.tv\/site\/","name":"Altominho.tv","description":"A sua regi\u00e3o \u00e0 dist\u00e2ncia de um clique...","potentialAction":[{"@type":"SearchAction","target":{"@type":"EntryPoint","urlTemplate":"https:\/\/www.altominho.tv\/site\/?s={search_term_string}"},"query-input":{"@type":"PropertyValueSpecification","valueRequired":true,"valueName":"search_term_string"}}],"inLanguage":"pt-PT"},{"@type":"Person","@id":"https:\/\/www.altominho.tv\/site\/#\/schema\/person\/4e536851627d7914baf3dac752b6af22","name":"Altominho.tv","image":{"@type":"ImageObject","inLanguage":"pt-PT","@id":"https:\/\/www.altominho.tv\/site\/wp-content\/uploads\/2019\/11\/Logo_Avatar_2-150x150.jpg","url":"https:\/\/www.altominho.tv\/site\/wp-content\/uploads\/2019\/11\/Logo_Avatar_2-150x150.jpg","contentUrl":"https:\/\/www.altominho.tv\/site\/wp-content\/uploads\/2019\/11\/Logo_Avatar_2-150x150.jpg","caption":"Altominho.tv"},"url":"https:\/\/www.altominho.tv\/site\/author\/altominhotv-tecnico\/"}]},"og_video":"https:\/\/www.youtube.com\/embed\/9dMhkkFROl4","og_video_type":"text\/html","og_video_duration":"148","og_video_width":"480","og_video_height":"270","ya_ovs_adult":"false","ya_ovs_upload_date":"2020-04-06T14:48:04+00:00","ya_ovs_allow_embed":"true"},"_links":{"self":[{"href":"https:\/\/www.altominho.tv\/site\/wp-json\/wp\/v2\/posts\/43558","targetHints":{"allow":["GET"]}}],"collection":[{"href":"https:\/\/www.altominho.tv\/site\/wp-json\/wp\/v2\/posts"}],"about":[{"href":"https:\/\/www.altominho.tv\/site\/wp-json\/wp\/v2\/types\/post"}],"author":[{"embeddable":true,"href":"https:\/\/www.altominho.tv\/site\/wp-json\/wp\/v2\/users\/1"}],"replies":[{"embeddable":true,"href":"https:\/\/www.altominho.tv\/site\/wp-json\/wp\/v2\/comments?post=43558"}],"version-history":[{"count":0,"href":"https:\/\/www.altominho.tv\/site\/wp-json\/wp\/v2\/posts\/43558\/revisions"}],"wp:featuredmedia":[{"embeddable":true,"href":"https:\/\/www.altominho.tv\/site\/wp-json\/wp\/v2\/media\/43561"}],"wp:attachment":[{"href":"https:\/\/www.altominho.tv\/site\/wp-json\/wp\/v2\/media?parent=43558"}],"wp:term":[{"taxonomy":"category","embeddable":true,"href":"https:\/\/www.altominho.tv\/site\/wp-json\/wp\/v2\/categories?post=43558"},{"taxonomy":"post_tag","embeddable":true,"href":"https:\/\/www.altominho.tv\/site\/wp-json\/wp\/v2\/tags?post=43558"}],"curies":[{"name":"wp","href":"https:\/\/api.w.org\/{rel}","templated":true}]}}