{"id":43364,"date":"2020-04-03T17:26:32","date_gmt":"2020-04-03T16:26:32","guid":{"rendered":"http:\/\/www.altominho.tv\/site\/?p=43364"},"modified":"2020-04-03T17:32:17","modified_gmt":"2020-04-03T16:32:17","slug":"cabritos-para-a-pascoa-por-vender-acumulam-prejuizos-a-casal-de-arcos-de-valdevez-a-cachena-e-outra-das-racas-autoctones-que-esta-a-ser-muito-afetada","status":"publish","type":"post","link":"https:\/\/www.altominho.tv\/site\/2020\/04\/03\/cabritos-para-a-pascoa-por-vender-acumulam-prejuizos-a-casal-de-arcos-de-valdevez-a-cachena-e-outra-das-racas-autoctones-que-esta-a-ser-muito-afetada\/","title":{"rendered":"Cabritos para a P\u00e1scoa por vender acumulam preju\u00edzos a casal de Arcos de Valdevez"},"content":{"rendered":"\n<p>Alexandre e Rosa Fernandes tinham 150 cabritos de leite encomendados por restaurantes de todo o Alto Minho para a P\u00e1scoa, mas o surto de covid-19 trocou \u00e0s voltas \u00e0 tradi\u00e7\u00e3o e os preju\u00edzos come\u00e7aram a aparecer.&nbsp;<br><\/p>\n\n\n\n<p>&#8220;Tinha 150 cabritos de leite, de ra\u00e7a bravia, prontos a sair. Com cinco a seis quilogramas, o peso que os restaurantes pedem. Desistiram todos porque tiveram de fechar portas. J\u00e1 perdi cerca de 10 mil euros e n\u00e3o vai ficar por aqui&#8221;, lamentou o pastor.<br><\/p>\n\n\n\n<p>Criador h\u00e1 vinte anos, Alexandre n\u00e3o hesita: &#8220;\u00c9 a pior crise que j\u00e1 vivi, de longe. Nunca vi tal coisa. Nunca passei por tantas dificuldades financeiras como agora. Precisamos de escoar o produto e n\u00e3o h\u00e1 qualquer hip\u00f3tese&#8221;.<br><\/p>\n\n\n\n<p>O casal da freguesia de Vale, em Arcos de Valdevez, com 45 e 36 anos, t\u00eam &#8220;na maior explora\u00e7\u00e3o do distrito de Viana do Castelo, 350 cabe\u00e7as e 200 cabritos de leite, de ra\u00e7a bravia&#8221;.<br><\/p>\n\n\n\n<p>A P\u00e1scoa, muito celebrada no Alto Minho, e o Natal, s\u00e3o os pontos altos do neg\u00f3cio familiar que, este ano, por causa da pandemia de covid-19, est\u00e1 a enfrentar &#8220;uma diminui\u00e7\u00e3o dr\u00e1stica de procura&#8221;.<br><\/p>\n\n\n\n<p>&#8220;Vou ficar quase com 95% da cria\u00e7\u00e3o que tinha para a P\u00e1scoa. Agora vai ser complicado para as vender, mesmo a n\u00edvel particular, porque n\u00e3o h\u00e1 tanta procura e a que h\u00e1 \u00e9 a baixo custo&#8221;, lamentou.<br><\/p>\n\n\n\n<p>Os animais ficam na explora\u00e7\u00e3o e os custos com a alimenta\u00e7\u00e3o engrossam, diariamente, os encargos do neg\u00f3cio de Alexandre e Rosa.<br><\/p>\n\n\n\n<p>&#8220;Gastamos tanto com a alimenta\u00e7\u00e3o dos animais e chega a altura de sermos ressarcidos do nosso trabalho e n\u00e3o temos a quem vender. Por dia s\u00e3o entre 40 a 50 euros para a ra\u00e7\u00e3o e o feno, e ainda levo os animais \u00e0 serra para pastar\u201d, observou.<br><\/p>\n\n\n\n<p>Preocupado, o casal n\u00e3o v\u00ea outra fonte de rendimento para &#8220;apoiar&#8221; os projetos dos dois filhos, sobretudo da &#8220;mais velha&#8221; prestes a entrar no ensino superior.<br><\/p>\n\n\n\n<p>&#8220;Neste momento temos de ponderar. J\u00e1 falamos com ela, com calma, porque ela queria muito entrar para a universidade, mas \u00e9 preciso dinheiro e se continuar assim n\u00e3o poderemos apoi\u00e1-la este ano. Isto \u00e9 mesmo assim&#8221;, atirou.<br><\/p>\n\n\n\n<p>O pastor, que &#8220;n\u00e3o \u00e9 homem de virar a cara \u00e0 luta&#8221;, confessa que, &#8220;desta vez est\u00e1 dif\u00edcil&#8221; enfrentar o futuro com &#8220;otimismo&#8221;, ainda mais com o projeto que a mulher candidatou a fundos comunit\u00e1rios para aumentar a produ\u00e7\u00e3o&#8221;.<br><\/p>\n\n\n\n<p>&#8220;O projeto de 120 mil euros foi aprovado e est\u00e1 assinado. Prev\u00ea a amplia\u00e7\u00e3o da explora\u00e7\u00e3o, a partir de 09 de setembro, para as cerca de 600 cabe\u00e7as. O pavilh\u00e3o de 400 metros quadrados come\u00e7a a ser constru\u00eddo em maio ou junho, mas se isto n\u00e3o melhorar vamos passar por alguns problemas&#8221;, disse Alexandre Fernandes.<br><\/p>\n\n\n\n<p>O casal de criadores \u00e9 associado da Cooperativa Agr\u00edcola de Arcos de Valdevez e Ponte da Barca.<br><\/p>\n\n\n\n<p>&#8220;Pedem-nos para continuar, mas o Governo devia olhar para este setor. A ver se nos apoiam para podermos continuar. Gostamos de cumprir com as nossas obriga\u00e7\u00f5es&#8221;, referiu.<br><\/p>\n\n\n\n<p>O presidente da cooperativa, Jos\u00e9 Carlos Gon\u00e7alves, est\u00e1 &#8220;muito preocupado&#8221;, at\u00e9 porque o problema n\u00e3o afeta s\u00f3 a cria\u00e7\u00e3o de cabrito. A cria\u00e7\u00e3o de vaca de ra\u00e7a Cachena, que tem Denomina\u00e7\u00e3o de Origem Protegida desde 2002, \u00e9 outra das ra\u00e7as aut\u00f3ctones que est\u00e1 a ser &#8220;muito afetada&#8221;.<br><\/p>\n\n\n\n<p>&#8220;Est\u00e1 tudo parado. Os restaurantes e hot\u00e9is, os nossos principais clientes, est\u00e3o fechados n\u00e3o temos para onde escoar a carne&#8221;, referiu.<br><\/p>\n\n\n\n<p>Jos\u00e9 Carlos Gon\u00e7alves acrescentou que a Federa\u00e7\u00e3o das Ra\u00e7as Aut\u00f3ctones est\u00e1 a fazer &#8220;um bom trabalho&#8221; no sentido de &#8220;incentivar os hipermercados a venderem carne destas ra\u00e7as&#8221;.<br><\/p>\n\n\n\n<p>&#8220;Tamb\u00e9m temos de tentar a exporta\u00e7\u00e3o sen\u00e3o vai ser um caos&#8221;, referiu.<br><\/p>\n\n\n\n<p>A Cooperativa Agr\u00edcola de Arcos de Valdevez e Ponte da Barca representa 2.436 criadores dos dois concelhos sendo que, por ano, s\u00e3o produzidos cerca 500 animais de ra\u00e7a Cachena.<br><\/p>\n\n\n\n<p>T\u00edpica do Parque Nacional da Peneda-Ger\u00eas (PNPG), a vaca Cachena da Peneda \u00e9 a mais pequena ra\u00e7a bovina portuguesa e uma das mais pequenas do mundo.<br><\/p>\n\n\n\n<p>O novo coronav\u00edrus, respons\u00e1vel pela pandemia da covid-19, j\u00e1 infetou mais de um milh\u00e3o de pessoas em todo o mundo, das quais morreram perto de 54 mil.<br><\/p>\n\n\n\n<p>Em Portugal, segundo o balan\u00e7o feito hoje pela Dire\u00e7\u00e3o-Geral da Sa\u00fade, registaram-se 246 mortes, mais 37 do que na v\u00e9spera, e 9.886 casos de infe\u00e7\u00f5es confirmadas, o que representa um aumento de 852 em rela\u00e7\u00e3o a quinta-feira.<\/p>\n","protected":false},"excerpt":{"rendered":"<p>Alexandre e Rosa Fernandes tinham 150 cabritos de leite encomendados por restaurantes de todo o Alto Minho para a P\u00e1scoa, mas o surto de covid-19 trocou \u00e0s voltas \u00e0 tradi\u00e7\u00e3o e os preju\u00edzos come\u00e7aram a aparecer.&nbsp; &#8220;Tinha 150 cabritos de leite, de ra\u00e7a bravia, prontos a sair. Com cinco a seis quilogramas, o peso que [&hellip;]<\/p>\n","protected":false},"author":16,"featured_media":43371,"comment_status":"closed","ping_status":"closed","sticky":false,"template":"","format":"standard","meta":{"_exactmetrics_skip_tracking":false,"_exactmetrics_sitenote_active":false,"_exactmetrics_sitenote_note":"","_exactmetrics_sitenote_category":0,"footnotes":""},"categories":[2],"tags":[21,26],"class_list":["post-43364","post","type-post","status-publish","format-standard","has-post-thumbnail","hentry","category-arcos-de-valdevez","tag-economia","tag-saude"],"yoast_head":"<!-- This site is optimized with the Yoast SEO Premium plugin v27.4 (Yoast SEO v27.4) - https:\/\/yoast.com\/product\/yoast-seo-premium-wordpress\/ -->\n<title>Cabritos para a P\u00e1scoa por vender acumulam preju\u00edzos a casal de Arcos de Valdevez<\/title>\n<meta name=\"robots\" content=\"index, follow, max-snippet:-1, max-image-preview:large, max-video-preview:-1\" \/>\n<link rel=\"canonical\" href=\"https:\/\/www.altominho.tv\/site\/2020\/04\/03\/cabritos-para-a-pascoa-por-vender-acumulam-prejuizos-a-casal-de-arcos-de-valdevez-a-cachena-e-outra-das-racas-autoctones-que-esta-a-ser-muito-afetada\/\" \/>\n<meta property=\"og:locale\" content=\"pt_PT\" \/>\n<meta property=\"og:type\" content=\"article\" \/>\n<meta property=\"og:title\" content=\"Cabritos para a P\u00e1scoa por vender acumulam preju\u00edzos a casal de Arcos de Valdevez\" \/>\n<meta property=\"og:description\" content=\"Alexandre e Rosa Fernandes tinham 150 cabritos de leite encomendados por restaurantes de todo o Alto Minho para a P\u00e1scoa, mas o surto de covid-19 trocou \u00e0s voltas \u00e0 tradi\u00e7\u00e3o e os preju\u00edzos come\u00e7aram a aparecer.&nbsp; &#8220;Tinha 150 cabritos de leite, de ra\u00e7a bravia, prontos a sair. Com cinco a seis quilogramas, o peso que [&hellip;]\" \/>\n<meta property=\"og:url\" content=\"https:\/\/www.altominho.tv\/site\/2020\/04\/03\/cabritos-para-a-pascoa-por-vender-acumulam-prejuizos-a-casal-de-arcos-de-valdevez-a-cachena-e-outra-das-racas-autoctones-que-esta-a-ser-muito-afetada\/\" \/>\n<meta property=\"og:site_name\" content=\"Altominho.tv\" \/>\n<meta property=\"article:publisher\" content=\"https:\/\/www.facebook.com\/altominhotv\" \/>\n<meta property=\"article:published_time\" content=\"2020-04-03T16:26:32+00:00\" \/>\n<meta property=\"article:modified_time\" content=\"2020-04-03T16:32:17+00:00\" \/>\n<meta property=\"og:image\" content=\"https:\/\/www.altominho.tv\/site\/wp-content\/uploads\/2020\/04\/Cabras.jpg\" \/>\n\t<meta property=\"og:image:width\" content=\"1828\" \/>\n\t<meta property=\"og:image:height\" content=\"1030\" \/>\n\t<meta property=\"og:image:type\" content=\"image\/jpeg\" \/>\n<meta name=\"author\" content=\"Andreia Cunha | Lusa\" \/>\n<meta name=\"twitter:card\" content=\"summary_large_image\" \/>\n<meta name=\"twitter:creator\" content=\"@altominhoTV\" \/>\n<meta name=\"twitter:site\" content=\"@altominhoTV\" \/>\n<meta name=\"twitter:label1\" content=\"Escrito por\" \/>\n\t<meta name=\"twitter:data1\" content=\"Andreia Cunha | Lusa\" \/>\n\t<meta name=\"twitter:label2\" content=\"Tempo estimado de leitura\" \/>\n\t<meta name=\"twitter:data2\" content=\"4 minutos\" \/>\n<script type=\"application\/ld+json\" class=\"yoast-schema-graph\">{\"@context\":\"https:\\\/\\\/schema.org\",\"@graph\":[{\"@type\":\"Article\",\"@id\":\"https:\\\/\\\/www.altominho.tv\\\/site\\\/2020\\\/04\\\/03\\\/cabritos-para-a-pascoa-por-vender-acumulam-prejuizos-a-casal-de-arcos-de-valdevez-a-cachena-e-outra-das-racas-autoctones-que-esta-a-ser-muito-afetada\\\/#article\",\"isPartOf\":{\"@id\":\"https:\\\/\\\/www.altominho.tv\\\/site\\\/2020\\\/04\\\/03\\\/cabritos-para-a-pascoa-por-vender-acumulam-prejuizos-a-casal-de-arcos-de-valdevez-a-cachena-e-outra-das-racas-autoctones-que-esta-a-ser-muito-afetada\\\/\"},\"author\":{\"name\":\"Andreia Cunha | Lusa\",\"@id\":\"https:\\\/\\\/www.altominho.tv\\\/site\\\/#\\\/schema\\\/person\\\/dbaf181c01b51ff40c9f461a905d321e\"},\"headline\":\"Cabritos para a P\u00e1scoa por vender acumulam preju\u00edzos a casal de Arcos de Valdevez\",\"datePublished\":\"2020-04-03T16:26:32+00:00\",\"dateModified\":\"2020-04-03T16:32:17+00:00\",\"mainEntityOfPage\":{\"@id\":\"https:\\\/\\\/www.altominho.tv\\\/site\\\/2020\\\/04\\\/03\\\/cabritos-para-a-pascoa-por-vender-acumulam-prejuizos-a-casal-de-arcos-de-valdevez-a-cachena-e-outra-das-racas-autoctones-que-esta-a-ser-muito-afetada\\\/\"},\"wordCount\":783,\"image\":{\"@id\":\"https:\\\/\\\/www.altominho.tv\\\/site\\\/2020\\\/04\\\/03\\\/cabritos-para-a-pascoa-por-vender-acumulam-prejuizos-a-casal-de-arcos-de-valdevez-a-cachena-e-outra-das-racas-autoctones-que-esta-a-ser-muito-afetada\\\/#primaryimage\"},\"thumbnailUrl\":\"https:\\\/\\\/www.altominho.tv\\\/site\\\/wp-content\\\/uploads\\\/2020\\\/04\\\/Cabras.jpg\",\"keywords\":[\"Economia\",\"Sa\u00fade\"],\"articleSection\":[\"Arcos de Valdevez\"],\"inLanguage\":\"pt-PT\",\"copyrightYear\":\"2020\",\"copyrightHolder\":{\"@id\":\"https:\\\/\\\/www.altominho.tv\\\/site\\\/#organization\"}},{\"@type\":\"WebPage\",\"@id\":\"https:\\\/\\\/www.altominho.tv\\\/site\\\/2020\\\/04\\\/03\\\/cabritos-para-a-pascoa-por-vender-acumulam-prejuizos-a-casal-de-arcos-de-valdevez-a-cachena-e-outra-das-racas-autoctones-que-esta-a-ser-muito-afetada\\\/\",\"url\":\"https:\\\/\\\/www.altominho.tv\\\/site\\\/2020\\\/04\\\/03\\\/cabritos-para-a-pascoa-por-vender-acumulam-prejuizos-a-casal-de-arcos-de-valdevez-a-cachena-e-outra-das-racas-autoctones-que-esta-a-ser-muito-afetada\\\/\",\"name\":\"Cabritos para a P\u00e1scoa por vender acumulam preju\u00edzos a casal de Arcos de Valdevez\",\"isPartOf\":{\"@id\":\"https:\\\/\\\/www.altominho.tv\\\/site\\\/#website\"},\"primaryImageOfPage\":{\"@id\":\"https:\\\/\\\/www.altominho.tv\\\/site\\\/2020\\\/04\\\/03\\\/cabritos-para-a-pascoa-por-vender-acumulam-prejuizos-a-casal-de-arcos-de-valdevez-a-cachena-e-outra-das-racas-autoctones-que-esta-a-ser-muito-afetada\\\/#primaryimage\"},\"image\":{\"@id\":\"https:\\\/\\\/www.altominho.tv\\\/site\\\/2020\\\/04\\\/03\\\/cabritos-para-a-pascoa-por-vender-acumulam-prejuizos-a-casal-de-arcos-de-valdevez-a-cachena-e-outra-das-racas-autoctones-que-esta-a-ser-muito-afetada\\\/#primaryimage\"},\"thumbnailUrl\":\"https:\\\/\\\/www.altominho.tv\\\/site\\\/wp-content\\\/uploads\\\/2020\\\/04\\\/Cabras.jpg\",\"datePublished\":\"2020-04-03T16:26:32+00:00\",\"dateModified\":\"2020-04-03T16:32:17+00:00\",\"author\":{\"@id\":\"https:\\\/\\\/www.altominho.tv\\\/site\\\/#\\\/schema\\\/person\\\/dbaf181c01b51ff40c9f461a905d321e\"},\"breadcrumb\":{\"@id\":\"https:\\\/\\\/www.altominho.tv\\\/site\\\/2020\\\/04\\\/03\\\/cabritos-para-a-pascoa-por-vender-acumulam-prejuizos-a-casal-de-arcos-de-valdevez-a-cachena-e-outra-das-racas-autoctones-que-esta-a-ser-muito-afetada\\\/#breadcrumb\"},\"inLanguage\":\"pt-PT\",\"potentialAction\":[{\"@type\":\"ReadAction\",\"target\":[\"https:\\\/\\\/www.altominho.tv\\\/site\\\/2020\\\/04\\\/03\\\/cabritos-para-a-pascoa-por-vender-acumulam-prejuizos-a-casal-de-arcos-de-valdevez-a-cachena-e-outra-das-racas-autoctones-que-esta-a-ser-muito-afetada\\\/\"]}]},{\"@type\":\"ImageObject\",\"inLanguage\":\"pt-PT\",\"@id\":\"https:\\\/\\\/www.altominho.tv\\\/site\\\/2020\\\/04\\\/03\\\/cabritos-para-a-pascoa-por-vender-acumulam-prejuizos-a-casal-de-arcos-de-valdevez-a-cachena-e-outra-das-racas-autoctones-que-esta-a-ser-muito-afetada\\\/#primaryimage\",\"url\":\"https:\\\/\\\/www.altominho.tv\\\/site\\\/wp-content\\\/uploads\\\/2020\\\/04\\\/Cabras.jpg\",\"contentUrl\":\"https:\\\/\\\/www.altominho.tv\\\/site\\\/wp-content\\\/uploads\\\/2020\\\/04\\\/Cabras.jpg\",\"width\":1828,\"height\":1030},{\"@type\":\"BreadcrumbList\",\"@id\":\"https:\\\/\\\/www.altominho.tv\\\/site\\\/2020\\\/04\\\/03\\\/cabritos-para-a-pascoa-por-vender-acumulam-prejuizos-a-casal-de-arcos-de-valdevez-a-cachena-e-outra-das-racas-autoctones-que-esta-a-ser-muito-afetada\\\/#breadcrumb\",\"itemListElement\":[{\"@type\":\"ListItem\",\"position\":1,\"name\":\"In\u00edcio\",\"item\":\"https:\\\/\\\/www.altominho.tv\\\/site\\\/\"},{\"@type\":\"ListItem\",\"position\":2,\"name\":\"Cabritos para a P\u00e1scoa por vender acumulam preju\u00edzos a casal de Arcos de Valdevez\"}]},{\"@type\":\"WebSite\",\"@id\":\"https:\\\/\\\/www.altominho.tv\\\/site\\\/#website\",\"url\":\"https:\\\/\\\/www.altominho.tv\\\/site\\\/\",\"name\":\"Altominho.tv\",\"description\":\"A sua regi\u00e3o \u00e0 dist\u00e2ncia de um clique...\",\"potentialAction\":[{\"@type\":\"SearchAction\",\"target\":{\"@type\":\"EntryPoint\",\"urlTemplate\":\"https:\\\/\\\/www.altominho.tv\\\/site\\\/?s={search_term_string}\"},\"query-input\":{\"@type\":\"PropertyValueSpecification\",\"valueRequired\":true,\"valueName\":\"search_term_string\"}}],\"inLanguage\":\"pt-PT\"},{\"@type\":\"Person\",\"@id\":\"https:\\\/\\\/www.altominho.tv\\\/site\\\/#\\\/schema\\\/person\\\/dbaf181c01b51ff40c9f461a905d321e\",\"name\":\"Andreia Cunha | Lusa\",\"image\":{\"@type\":\"ImageObject\",\"inLanguage\":\"pt-PT\",\"@id\":\"https:\\\/\\\/www.altominho.tv\\\/site\\\/wp-content\\\/uploads\\\/2017\\\/11\\\/Andreia_Cunha-1-150x150.jpg\",\"url\":\"https:\\\/\\\/www.altominho.tv\\\/site\\\/wp-content\\\/uploads\\\/2017\\\/11\\\/Andreia_Cunha-1-150x150.jpg\",\"contentUrl\":\"https:\\\/\\\/www.altominho.tv\\\/site\\\/wp-content\\\/uploads\\\/2017\\\/11\\\/Andreia_Cunha-1-150x150.jpg\",\"caption\":\"Andreia Cunha | Lusa\"},\"sameAs\":[\"https:\\\/\\\/www.altominho.tv\\\/site\"],\"url\":\"https:\\\/\\\/www.altominho.tv\\\/site\\\/author\\\/andreiacunhalusa\\\/\"}]}<\/script>\n<!-- \/ Yoast SEO Premium plugin. -->","yoast_head_json":{"title":"Cabritos para a P\u00e1scoa por vender acumulam preju\u00edzos a casal de Arcos de Valdevez","robots":{"index":"index","follow":"follow","max-snippet":"max-snippet:-1","max-image-preview":"max-image-preview:large","max-video-preview":"max-video-preview:-1"},"canonical":"https:\/\/www.altominho.tv\/site\/2020\/04\/03\/cabritos-para-a-pascoa-por-vender-acumulam-prejuizos-a-casal-de-arcos-de-valdevez-a-cachena-e-outra-das-racas-autoctones-que-esta-a-ser-muito-afetada\/","og_locale":"pt_PT","og_type":"article","og_title":"Cabritos para a P\u00e1scoa por vender acumulam preju\u00edzos a casal de Arcos de Valdevez","og_description":"Alexandre e Rosa Fernandes tinham 150 cabritos de leite encomendados por restaurantes de todo o Alto Minho para a P\u00e1scoa, mas o surto de covid-19 trocou \u00e0s voltas \u00e0 tradi\u00e7\u00e3o e os preju\u00edzos come\u00e7aram a aparecer.&nbsp; &#8220;Tinha 150 cabritos de leite, de ra\u00e7a bravia, prontos a sair. Com cinco a seis quilogramas, o peso que [&hellip;]","og_url":"https:\/\/www.altominho.tv\/site\/2020\/04\/03\/cabritos-para-a-pascoa-por-vender-acumulam-prejuizos-a-casal-de-arcos-de-valdevez-a-cachena-e-outra-das-racas-autoctones-que-esta-a-ser-muito-afetada\/","og_site_name":"Altominho.tv","article_publisher":"https:\/\/www.facebook.com\/altominhotv","article_published_time":"2020-04-03T16:26:32+00:00","article_modified_time":"2020-04-03T16:32:17+00:00","og_image":[{"width":1828,"height":1030,"url":"https:\/\/www.altominho.tv\/site\/wp-content\/uploads\/2020\/04\/Cabras.jpg","type":"image\/jpeg"}],"author":"Andreia Cunha | Lusa","twitter_card":"summary_large_image","twitter_creator":"@altominhoTV","twitter_site":"@altominhoTV","twitter_misc":{"Escrito por":"Andreia Cunha | Lusa","Tempo estimado de leitura":"4 minutos"},"schema":{"@context":"https:\/\/schema.org","@graph":[{"@type":"Article","@id":"https:\/\/www.altominho.tv\/site\/2020\/04\/03\/cabritos-para-a-pascoa-por-vender-acumulam-prejuizos-a-casal-de-arcos-de-valdevez-a-cachena-e-outra-das-racas-autoctones-que-esta-a-ser-muito-afetada\/#article","isPartOf":{"@id":"https:\/\/www.altominho.tv\/site\/2020\/04\/03\/cabritos-para-a-pascoa-por-vender-acumulam-prejuizos-a-casal-de-arcos-de-valdevez-a-cachena-e-outra-das-racas-autoctones-que-esta-a-ser-muito-afetada\/"},"author":{"name":"Andreia Cunha | Lusa","@id":"https:\/\/www.altominho.tv\/site\/#\/schema\/person\/dbaf181c01b51ff40c9f461a905d321e"},"headline":"Cabritos para a P\u00e1scoa por vender acumulam preju\u00edzos a casal de Arcos de Valdevez","datePublished":"2020-04-03T16:26:32+00:00","dateModified":"2020-04-03T16:32:17+00:00","mainEntityOfPage":{"@id":"https:\/\/www.altominho.tv\/site\/2020\/04\/03\/cabritos-para-a-pascoa-por-vender-acumulam-prejuizos-a-casal-de-arcos-de-valdevez-a-cachena-e-outra-das-racas-autoctones-que-esta-a-ser-muito-afetada\/"},"wordCount":783,"image":{"@id":"https:\/\/www.altominho.tv\/site\/2020\/04\/03\/cabritos-para-a-pascoa-por-vender-acumulam-prejuizos-a-casal-de-arcos-de-valdevez-a-cachena-e-outra-das-racas-autoctones-que-esta-a-ser-muito-afetada\/#primaryimage"},"thumbnailUrl":"https:\/\/www.altominho.tv\/site\/wp-content\/uploads\/2020\/04\/Cabras.jpg","keywords":["Economia","Sa\u00fade"],"articleSection":["Arcos de Valdevez"],"inLanguage":"pt-PT","copyrightYear":"2020","copyrightHolder":{"@id":"https:\/\/www.altominho.tv\/site\/#organization"}},{"@type":"WebPage","@id":"https:\/\/www.altominho.tv\/site\/2020\/04\/03\/cabritos-para-a-pascoa-por-vender-acumulam-prejuizos-a-casal-de-arcos-de-valdevez-a-cachena-e-outra-das-racas-autoctones-que-esta-a-ser-muito-afetada\/","url":"https:\/\/www.altominho.tv\/site\/2020\/04\/03\/cabritos-para-a-pascoa-por-vender-acumulam-prejuizos-a-casal-de-arcos-de-valdevez-a-cachena-e-outra-das-racas-autoctones-que-esta-a-ser-muito-afetada\/","name":"Cabritos para a P\u00e1scoa por vender acumulam preju\u00edzos a casal de Arcos de Valdevez","isPartOf":{"@id":"https:\/\/www.altominho.tv\/site\/#website"},"primaryImageOfPage":{"@id":"https:\/\/www.altominho.tv\/site\/2020\/04\/03\/cabritos-para-a-pascoa-por-vender-acumulam-prejuizos-a-casal-de-arcos-de-valdevez-a-cachena-e-outra-das-racas-autoctones-que-esta-a-ser-muito-afetada\/#primaryimage"},"image":{"@id":"https:\/\/www.altominho.tv\/site\/2020\/04\/03\/cabritos-para-a-pascoa-por-vender-acumulam-prejuizos-a-casal-de-arcos-de-valdevez-a-cachena-e-outra-das-racas-autoctones-que-esta-a-ser-muito-afetada\/#primaryimage"},"thumbnailUrl":"https:\/\/www.altominho.tv\/site\/wp-content\/uploads\/2020\/04\/Cabras.jpg","datePublished":"2020-04-03T16:26:32+00:00","dateModified":"2020-04-03T16:32:17+00:00","author":{"@id":"https:\/\/www.altominho.tv\/site\/#\/schema\/person\/dbaf181c01b51ff40c9f461a905d321e"},"breadcrumb":{"@id":"https:\/\/www.altominho.tv\/site\/2020\/04\/03\/cabritos-para-a-pascoa-por-vender-acumulam-prejuizos-a-casal-de-arcos-de-valdevez-a-cachena-e-outra-das-racas-autoctones-que-esta-a-ser-muito-afetada\/#breadcrumb"},"inLanguage":"pt-PT","potentialAction":[{"@type":"ReadAction","target":["https:\/\/www.altominho.tv\/site\/2020\/04\/03\/cabritos-para-a-pascoa-por-vender-acumulam-prejuizos-a-casal-de-arcos-de-valdevez-a-cachena-e-outra-das-racas-autoctones-que-esta-a-ser-muito-afetada\/"]}]},{"@type":"ImageObject","inLanguage":"pt-PT","@id":"https:\/\/www.altominho.tv\/site\/2020\/04\/03\/cabritos-para-a-pascoa-por-vender-acumulam-prejuizos-a-casal-de-arcos-de-valdevez-a-cachena-e-outra-das-racas-autoctones-que-esta-a-ser-muito-afetada\/#primaryimage","url":"https:\/\/www.altominho.tv\/site\/wp-content\/uploads\/2020\/04\/Cabras.jpg","contentUrl":"https:\/\/www.altominho.tv\/site\/wp-content\/uploads\/2020\/04\/Cabras.jpg","width":1828,"height":1030},{"@type":"BreadcrumbList","@id":"https:\/\/www.altominho.tv\/site\/2020\/04\/03\/cabritos-para-a-pascoa-por-vender-acumulam-prejuizos-a-casal-de-arcos-de-valdevez-a-cachena-e-outra-das-racas-autoctones-que-esta-a-ser-muito-afetada\/#breadcrumb","itemListElement":[{"@type":"ListItem","position":1,"name":"In\u00edcio","item":"https:\/\/www.altominho.tv\/site\/"},{"@type":"ListItem","position":2,"name":"Cabritos para a P\u00e1scoa por vender acumulam preju\u00edzos a casal de Arcos de Valdevez"}]},{"@type":"WebSite","@id":"https:\/\/www.altominho.tv\/site\/#website","url":"https:\/\/www.altominho.tv\/site\/","name":"Altominho.tv","description":"A sua regi\u00e3o \u00e0 dist\u00e2ncia de um clique...","potentialAction":[{"@type":"SearchAction","target":{"@type":"EntryPoint","urlTemplate":"https:\/\/www.altominho.tv\/site\/?s={search_term_string}"},"query-input":{"@type":"PropertyValueSpecification","valueRequired":true,"valueName":"search_term_string"}}],"inLanguage":"pt-PT"},{"@type":"Person","@id":"https:\/\/www.altominho.tv\/site\/#\/schema\/person\/dbaf181c01b51ff40c9f461a905d321e","name":"Andreia Cunha | Lusa","image":{"@type":"ImageObject","inLanguage":"pt-PT","@id":"https:\/\/www.altominho.tv\/site\/wp-content\/uploads\/2017\/11\/Andreia_Cunha-1-150x150.jpg","url":"https:\/\/www.altominho.tv\/site\/wp-content\/uploads\/2017\/11\/Andreia_Cunha-1-150x150.jpg","contentUrl":"https:\/\/www.altominho.tv\/site\/wp-content\/uploads\/2017\/11\/Andreia_Cunha-1-150x150.jpg","caption":"Andreia Cunha | Lusa"},"sameAs":["https:\/\/www.altominho.tv\/site"],"url":"https:\/\/www.altominho.tv\/site\/author\/andreiacunhalusa\/"}]}},"_links":{"self":[{"href":"https:\/\/www.altominho.tv\/site\/wp-json\/wp\/v2\/posts\/43364","targetHints":{"allow":["GET"]}}],"collection":[{"href":"https:\/\/www.altominho.tv\/site\/wp-json\/wp\/v2\/posts"}],"about":[{"href":"https:\/\/www.altominho.tv\/site\/wp-json\/wp\/v2\/types\/post"}],"author":[{"embeddable":true,"href":"https:\/\/www.altominho.tv\/site\/wp-json\/wp\/v2\/users\/16"}],"replies":[{"embeddable":true,"href":"https:\/\/www.altominho.tv\/site\/wp-json\/wp\/v2\/comments?post=43364"}],"version-history":[{"count":0,"href":"https:\/\/www.altominho.tv\/site\/wp-json\/wp\/v2\/posts\/43364\/revisions"}],"wp:featuredmedia":[{"embeddable":true,"href":"https:\/\/www.altominho.tv\/site\/wp-json\/wp\/v2\/media\/43371"}],"wp:attachment":[{"href":"https:\/\/www.altominho.tv\/site\/wp-json\/wp\/v2\/media?parent=43364"}],"wp:term":[{"taxonomy":"category","embeddable":true,"href":"https:\/\/www.altominho.tv\/site\/wp-json\/wp\/v2\/categories?post=43364"},{"taxonomy":"post_tag","embeddable":true,"href":"https:\/\/www.altominho.tv\/site\/wp-json\/wp\/v2\/tags?post=43364"}],"curies":[{"name":"wp","href":"https:\/\/api.w.org\/{rel}","templated":true}]}}