{"id":43261,"date":"2020-04-02T15:15:25","date_gmt":"2020-04-02T14:15:25","guid":{"rendered":"http:\/\/www.altominho.tv\/site\/?p=43261"},"modified":"2020-04-02T15:15:28","modified_gmt":"2020-04-02T14:15:28","slug":"lar-com-quatro-casos-de-covid-19-vai-ser-desinfetado","status":"publish","type":"post","link":"https:\/\/www.altominho.tv\/site\/2020\/04\/02\/lar-com-quatro-casos-de-covid-19-vai-ser-desinfetado\/","title":{"rendered":"Lar com quatro casos de Covid-19 vai ser desinfetado"},"content":{"rendered":"<p>O presidente da C\u00e2mara de Arcos de Valdevez disse esta quinta-feira que o lar de idosos do Centro Paroquial e Social de Grade, com quatro casos de Covid-19, vai ser desinfetado na sexta-feira, denunciando a &#8220;falta&#8221; de testes na regi\u00e3o Norte.<\/p>\n<p>&#8220;Desinfe\u00e7\u00e3o \u00e0s instala\u00e7\u00f5es do lar est\u00e1 prevista para a tarde de sexta-feira. \u00c9 essa a informa\u00e7\u00e3o que temos. No entanto, a opera\u00e7\u00e3o poder\u00e1 ficar sem efeito se os resultados dos testes feitos a utentes e funcion\u00e1rios alterarem a situa\u00e7\u00e3o atual&#8221;, afirmou \u00e0 Lusa Jo\u00e3o Manuel Esteves.<\/p>\n<p>Na ter\u00e7a-feira, o autarca disse estarem confirmados quatro casos da doen\u00e7a causada pelo novo coronav\u00edrus, sendo que uma utente morreu, na v\u00e9spera, no hospital de Santa Luzia, em Viana do Castelo&#8221;.<\/p>\n<p>&#8220;Hoje n\u00e3o temos nenhuma informa\u00e7\u00e3o oficial sobre a evolu\u00e7\u00e3o da doen\u00e7a no lar de idosos do Centro Paroquial e Social de Santa Maria de Grade&#8221;, referiu.<\/p>\n<p>Jo\u00e3o Manuel Esteves afirmou que &#8220;h\u00e1 falta de testes na regi\u00e3o Norte&#8221;, a zona do pa\u00eds mais afetada pelo surto do novo coronav\u00edrus. &#8220;H\u00e1 falta de testes na regi\u00e3o Norte. Por isso \u00e9 que os testes s\u00e3o feitos aos bocados. Deveriam ser feitos de uma vez, a todos os utentes e funcion\u00e1rios, para que depois serem definidas orienta\u00e7\u00f5es claras de ataque o problema&#8221;, sustentou.<\/p>\n<p>Al\u00e9m dos testes \u00e0 Covid-19, o autarca reclamou tamb\u00e9m &#8220;mais rapidez na divulga\u00e7\u00e3o resultados&#8221;. &#8220;Os testes t\u00eam de ser feitos de forma mais eficaz. Os resultados t\u00eam de ser conhecidos mais rapidamente para se poder atuar&#8221;, argumentou.<\/p>\n<p>Jo\u00e3o Manuel Esteves acrescentou que os 39 utentes e cerca de 20 funcion\u00e1rios do lar &#8220;come\u00e7aram a ser testados na segunda-feira, sendo que hoje de manh\u00e3 foram realizados os \u00faltimos&#8221; exames.<\/p>\n<p>&#8220;Fica-se muito tempo \u00e0 espera, um tempo que pode ser crucial para travar o cont\u00e1gio&#8221;, disse.<\/p>\n<p>Segundo os dados que constam da Carta Social, dispon\u00edvel na p\u00e1gina oficial do Gabinete de Estrat\u00e9gia e Planeamento (GEP) na Internet, as oito estruturas existentes no concelho de Arcos de Valdevez disp\u00f5em de uma capacidade total para acolher 309 idosos.<\/p>\n<p>De acordo com o documento do GEP, estrutura do Minist\u00e9rio Trabalho, Solidariedade e Seguran\u00e7a Social, com dados relativos a 2018, hoje consultado pela Lusa, no distrito de Viana do Castelo funcionam 65 lares, com uma capacidade total para 2.563 idosos.<\/p>\n<p>Os \u00faltimos dados oficiais sobre esta resposta social referem que o total de utentes integrados nestes equipamentos \u00e9 de 2.434 utentes.<\/p>\n","protected":false},"excerpt":{"rendered":"<p>O presidente da C\u00e2mara de Arcos de Valdevez disse esta quinta-feira que o lar de idosos do Centro Paroquial e Social de Grade, com quatro casos de Covid-19, vai ser desinfetado na sexta-feira, denunciando a &#8220;falta&#8221; de testes na regi\u00e3o Norte. &#8220;Desinfe\u00e7\u00e3o \u00e0s instala\u00e7\u00f5es do lar est\u00e1 prevista para a tarde de sexta-feira. \u00c9 essa [&hellip;]<\/p>\n","protected":false},"author":13,"featured_media":43262,"comment_status":"closed","ping_status":"closed","sticky":false,"template":"","format":"standard","meta":{"_exactmetrics_skip_tracking":false,"_exactmetrics_sitenote_active":false,"_exactmetrics_sitenote_note":"","_exactmetrics_sitenote_category":0,"footnotes":""},"categories":[2],"tags":[27],"class_list":["post-43261","post","type-post","status-publish","format-standard","has-post-thumbnail","hentry","category-arcos-de-valdevez","tag-sociedade"],"yoast_head":"<!-- This site is optimized with the Yoast SEO Premium plugin v27.4 (Yoast SEO v27.4) - https:\/\/yoast.com\/product\/yoast-seo-premium-wordpress\/ -->\n<title>Lar com quatro casos de Covid-19 vai ser desinfetado<\/title>\n<meta name=\"robots\" content=\"index, follow, max-snippet:-1, max-image-preview:large, max-video-preview:-1\" \/>\n<link rel=\"canonical\" href=\"https:\/\/www.altominho.tv\/site\/2020\/04\/02\/lar-com-quatro-casos-de-covid-19-vai-ser-desinfetado\/\" \/>\n<meta property=\"og:locale\" content=\"pt_PT\" \/>\n<meta property=\"og:type\" content=\"article\" \/>\n<meta property=\"og:title\" content=\"Lar com quatro casos de Covid-19 vai ser desinfetado\" \/>\n<meta property=\"og:description\" content=\"O presidente da C\u00e2mara de Arcos de Valdevez disse esta quinta-feira que o lar de idosos do Centro Paroquial e Social de Grade, com quatro casos de Covid-19, vai ser desinfetado na sexta-feira, denunciando a &#8220;falta&#8221; de testes na regi\u00e3o Norte. &#8220;Desinfe\u00e7\u00e3o \u00e0s instala\u00e7\u00f5es do lar est\u00e1 prevista para a tarde de sexta-feira. \u00c9 essa [&hellip;]\" \/>\n<meta property=\"og:url\" content=\"https:\/\/www.altominho.tv\/site\/2020\/04\/02\/lar-com-quatro-casos-de-covid-19-vai-ser-desinfetado\/\" \/>\n<meta property=\"og:site_name\" content=\"Altominho.tv\" \/>\n<meta property=\"article:publisher\" content=\"https:\/\/www.facebook.com\/altominhotv\" \/>\n<meta property=\"article:published_time\" content=\"2020-04-02T14:15:25+00:00\" \/>\n<meta property=\"article:modified_time\" content=\"2020-04-02T14:15:28+00:00\" \/>\n<meta property=\"og:image\" content=\"https:\/\/www.altominho.tv\/site\/wp-content\/uploads\/2020\/04\/Grade.jpg\" \/>\n\t<meta property=\"og:image:width\" content=\"1767\" \/>\n\t<meta property=\"og:image:height\" content=\"759\" \/>\n\t<meta property=\"og:image:type\" content=\"image\/jpeg\" \/>\n<meta name=\"author\" content=\"Lusa\" \/>\n<meta name=\"twitter:card\" content=\"summary_large_image\" \/>\n<meta name=\"twitter:creator\" content=\"@altominhoTV\" \/>\n<meta name=\"twitter:site\" content=\"@altominhoTV\" \/>\n<meta name=\"twitter:label1\" content=\"Escrito por\" \/>\n\t<meta name=\"twitter:data1\" content=\"Lusa\" \/>\n\t<meta name=\"twitter:label2\" content=\"Tempo estimado de leitura\" \/>\n\t<meta name=\"twitter:data2\" content=\"2 minutos\" \/>\n<script type=\"application\/ld+json\" class=\"yoast-schema-graph\">{\"@context\":\"https:\\\/\\\/schema.org\",\"@graph\":[{\"@type\":\"Article\",\"@id\":\"https:\\\/\\\/www.altominho.tv\\\/site\\\/2020\\\/04\\\/02\\\/lar-com-quatro-casos-de-covid-19-vai-ser-desinfetado\\\/#article\",\"isPartOf\":{\"@id\":\"https:\\\/\\\/www.altominho.tv\\\/site\\\/2020\\\/04\\\/02\\\/lar-com-quatro-casos-de-covid-19-vai-ser-desinfetado\\\/\"},\"author\":{\"name\":\"Lusa\",\"@id\":\"https:\\\/\\\/www.altominho.tv\\\/site\\\/#\\\/schema\\\/person\\\/63f693da3e1899361cbe955c46f3232e\"},\"headline\":\"Lar com quatro casos de Covid-19 vai ser desinfetado\",\"datePublished\":\"2020-04-02T14:15:25+00:00\",\"dateModified\":\"2020-04-02T14:15:28+00:00\",\"mainEntityOfPage\":{\"@id\":\"https:\\\/\\\/www.altominho.tv\\\/site\\\/2020\\\/04\\\/02\\\/lar-com-quatro-casos-de-covid-19-vai-ser-desinfetado\\\/\"},\"wordCount\":429,\"image\":{\"@id\":\"https:\\\/\\\/www.altominho.tv\\\/site\\\/2020\\\/04\\\/02\\\/lar-com-quatro-casos-de-covid-19-vai-ser-desinfetado\\\/#primaryimage\"},\"thumbnailUrl\":\"https:\\\/\\\/www.altominho.tv\\\/site\\\/wp-content\\\/uploads\\\/2020\\\/04\\\/Grade.jpg\",\"keywords\":[\"Sociedade\"],\"articleSection\":[\"Arcos de Valdevez\"],\"inLanguage\":\"pt-PT\",\"copyrightYear\":\"2020\",\"copyrightHolder\":{\"@id\":\"https:\\\/\\\/www.altominho.tv\\\/site\\\/#organization\"}},{\"@type\":\"WebPage\",\"@id\":\"https:\\\/\\\/www.altominho.tv\\\/site\\\/2020\\\/04\\\/02\\\/lar-com-quatro-casos-de-covid-19-vai-ser-desinfetado\\\/\",\"url\":\"https:\\\/\\\/www.altominho.tv\\\/site\\\/2020\\\/04\\\/02\\\/lar-com-quatro-casos-de-covid-19-vai-ser-desinfetado\\\/\",\"name\":\"Lar com quatro casos de Covid-19 vai ser desinfetado\",\"isPartOf\":{\"@id\":\"https:\\\/\\\/www.altominho.tv\\\/site\\\/#website\"},\"primaryImageOfPage\":{\"@id\":\"https:\\\/\\\/www.altominho.tv\\\/site\\\/2020\\\/04\\\/02\\\/lar-com-quatro-casos-de-covid-19-vai-ser-desinfetado\\\/#primaryimage\"},\"image\":{\"@id\":\"https:\\\/\\\/www.altominho.tv\\\/site\\\/2020\\\/04\\\/02\\\/lar-com-quatro-casos-de-covid-19-vai-ser-desinfetado\\\/#primaryimage\"},\"thumbnailUrl\":\"https:\\\/\\\/www.altominho.tv\\\/site\\\/wp-content\\\/uploads\\\/2020\\\/04\\\/Grade.jpg\",\"datePublished\":\"2020-04-02T14:15:25+00:00\",\"dateModified\":\"2020-04-02T14:15:28+00:00\",\"author\":{\"@id\":\"https:\\\/\\\/www.altominho.tv\\\/site\\\/#\\\/schema\\\/person\\\/63f693da3e1899361cbe955c46f3232e\"},\"breadcrumb\":{\"@id\":\"https:\\\/\\\/www.altominho.tv\\\/site\\\/2020\\\/04\\\/02\\\/lar-com-quatro-casos-de-covid-19-vai-ser-desinfetado\\\/#breadcrumb\"},\"inLanguage\":\"pt-PT\",\"potentialAction\":[{\"@type\":\"ReadAction\",\"target\":[\"https:\\\/\\\/www.altominho.tv\\\/site\\\/2020\\\/04\\\/02\\\/lar-com-quatro-casos-de-covid-19-vai-ser-desinfetado\\\/\"]}]},{\"@type\":\"ImageObject\",\"inLanguage\":\"pt-PT\",\"@id\":\"https:\\\/\\\/www.altominho.tv\\\/site\\\/2020\\\/04\\\/02\\\/lar-com-quatro-casos-de-covid-19-vai-ser-desinfetado\\\/#primaryimage\",\"url\":\"https:\\\/\\\/www.altominho.tv\\\/site\\\/wp-content\\\/uploads\\\/2020\\\/04\\\/Grade.jpg\",\"contentUrl\":\"https:\\\/\\\/www.altominho.tv\\\/site\\\/wp-content\\\/uploads\\\/2020\\\/04\\\/Grade.jpg\",\"width\":1767,\"height\":759,\"caption\":\"CENTRO DE GRADE\"},{\"@type\":\"BreadcrumbList\",\"@id\":\"https:\\\/\\\/www.altominho.tv\\\/site\\\/2020\\\/04\\\/02\\\/lar-com-quatro-casos-de-covid-19-vai-ser-desinfetado\\\/#breadcrumb\",\"itemListElement\":[{\"@type\":\"ListItem\",\"position\":1,\"name\":\"In\u00edcio\",\"item\":\"https:\\\/\\\/www.altominho.tv\\\/site\\\/\"},{\"@type\":\"ListItem\",\"position\":2,\"name\":\"Lar com quatro casos de Covid-19 vai ser desinfetado\"}]},{\"@type\":\"WebSite\",\"@id\":\"https:\\\/\\\/www.altominho.tv\\\/site\\\/#website\",\"url\":\"https:\\\/\\\/www.altominho.tv\\\/site\\\/\",\"name\":\"Altominho.tv\",\"description\":\"A sua regi\u00e3o \u00e0 dist\u00e2ncia de um clique...\",\"potentialAction\":[{\"@type\":\"SearchAction\",\"target\":{\"@type\":\"EntryPoint\",\"urlTemplate\":\"https:\\\/\\\/www.altominho.tv\\\/site\\\/?s={search_term_string}\"},\"query-input\":{\"@type\":\"PropertyValueSpecification\",\"valueRequired\":true,\"valueName\":\"search_term_string\"}}],\"inLanguage\":\"pt-PT\"},{\"@type\":\"Person\",\"@id\":\"https:\\\/\\\/www.altominho.tv\\\/site\\\/#\\\/schema\\\/person\\\/63f693da3e1899361cbe955c46f3232e\",\"name\":\"Lusa\",\"image\":{\"@type\":\"ImageObject\",\"inLanguage\":\"pt-PT\",\"@id\":\"https:\\\/\\\/www.altominho.tv\\\/site\\\/wp-content\\\/uploads\\\/2019\\\/08\\\/LUSA_Logo.gif\",\"url\":\"https:\\\/\\\/www.altominho.tv\\\/site\\\/wp-content\\\/uploads\\\/2019\\\/08\\\/LUSA_Logo.gif\",\"contentUrl\":\"https:\\\/\\\/www.altominho.tv\\\/site\\\/wp-content\\\/uploads\\\/2019\\\/08\\\/LUSA_Logo.gif\",\"caption\":\"Lusa\"},\"sameAs\":[\"http:\\\/\\\/\\\/\\\/www.altominho.tv\\\/site\"],\"url\":\"https:\\\/\\\/www.altominho.tv\\\/site\\\/author\\\/lusa\\\/\"}]}<\/script>\n<!-- \/ Yoast SEO Premium plugin. -->","yoast_head_json":{"title":"Lar com quatro casos de Covid-19 vai ser desinfetado","robots":{"index":"index","follow":"follow","max-snippet":"max-snippet:-1","max-image-preview":"max-image-preview:large","max-video-preview":"max-video-preview:-1"},"canonical":"https:\/\/www.altominho.tv\/site\/2020\/04\/02\/lar-com-quatro-casos-de-covid-19-vai-ser-desinfetado\/","og_locale":"pt_PT","og_type":"article","og_title":"Lar com quatro casos de Covid-19 vai ser desinfetado","og_description":"O presidente da C\u00e2mara de Arcos de Valdevez disse esta quinta-feira que o lar de idosos do Centro Paroquial e Social de Grade, com quatro casos de Covid-19, vai ser desinfetado na sexta-feira, denunciando a &#8220;falta&#8221; de testes na regi\u00e3o Norte. &#8220;Desinfe\u00e7\u00e3o \u00e0s instala\u00e7\u00f5es do lar est\u00e1 prevista para a tarde de sexta-feira. \u00c9 essa [&hellip;]","og_url":"https:\/\/www.altominho.tv\/site\/2020\/04\/02\/lar-com-quatro-casos-de-covid-19-vai-ser-desinfetado\/","og_site_name":"Altominho.tv","article_publisher":"https:\/\/www.facebook.com\/altominhotv","article_published_time":"2020-04-02T14:15:25+00:00","article_modified_time":"2020-04-02T14:15:28+00:00","og_image":[{"width":1767,"height":759,"url":"https:\/\/www.altominho.tv\/site\/wp-content\/uploads\/2020\/04\/Grade.jpg","type":"image\/jpeg"}],"author":"Lusa","twitter_card":"summary_large_image","twitter_creator":"@altominhoTV","twitter_site":"@altominhoTV","twitter_misc":{"Escrito por":"Lusa","Tempo estimado de leitura":"2 minutos"},"schema":{"@context":"https:\/\/schema.org","@graph":[{"@type":"Article","@id":"https:\/\/www.altominho.tv\/site\/2020\/04\/02\/lar-com-quatro-casos-de-covid-19-vai-ser-desinfetado\/#article","isPartOf":{"@id":"https:\/\/www.altominho.tv\/site\/2020\/04\/02\/lar-com-quatro-casos-de-covid-19-vai-ser-desinfetado\/"},"author":{"name":"Lusa","@id":"https:\/\/www.altominho.tv\/site\/#\/schema\/person\/63f693da3e1899361cbe955c46f3232e"},"headline":"Lar com quatro casos de Covid-19 vai ser desinfetado","datePublished":"2020-04-02T14:15:25+00:00","dateModified":"2020-04-02T14:15:28+00:00","mainEntityOfPage":{"@id":"https:\/\/www.altominho.tv\/site\/2020\/04\/02\/lar-com-quatro-casos-de-covid-19-vai-ser-desinfetado\/"},"wordCount":429,"image":{"@id":"https:\/\/www.altominho.tv\/site\/2020\/04\/02\/lar-com-quatro-casos-de-covid-19-vai-ser-desinfetado\/#primaryimage"},"thumbnailUrl":"https:\/\/www.altominho.tv\/site\/wp-content\/uploads\/2020\/04\/Grade.jpg","keywords":["Sociedade"],"articleSection":["Arcos de Valdevez"],"inLanguage":"pt-PT","copyrightYear":"2020","copyrightHolder":{"@id":"https:\/\/www.altominho.tv\/site\/#organization"}},{"@type":"WebPage","@id":"https:\/\/www.altominho.tv\/site\/2020\/04\/02\/lar-com-quatro-casos-de-covid-19-vai-ser-desinfetado\/","url":"https:\/\/www.altominho.tv\/site\/2020\/04\/02\/lar-com-quatro-casos-de-covid-19-vai-ser-desinfetado\/","name":"Lar com quatro casos de Covid-19 vai ser desinfetado","isPartOf":{"@id":"https:\/\/www.altominho.tv\/site\/#website"},"primaryImageOfPage":{"@id":"https:\/\/www.altominho.tv\/site\/2020\/04\/02\/lar-com-quatro-casos-de-covid-19-vai-ser-desinfetado\/#primaryimage"},"image":{"@id":"https:\/\/www.altominho.tv\/site\/2020\/04\/02\/lar-com-quatro-casos-de-covid-19-vai-ser-desinfetado\/#primaryimage"},"thumbnailUrl":"https:\/\/www.altominho.tv\/site\/wp-content\/uploads\/2020\/04\/Grade.jpg","datePublished":"2020-04-02T14:15:25+00:00","dateModified":"2020-04-02T14:15:28+00:00","author":{"@id":"https:\/\/www.altominho.tv\/site\/#\/schema\/person\/63f693da3e1899361cbe955c46f3232e"},"breadcrumb":{"@id":"https:\/\/www.altominho.tv\/site\/2020\/04\/02\/lar-com-quatro-casos-de-covid-19-vai-ser-desinfetado\/#breadcrumb"},"inLanguage":"pt-PT","potentialAction":[{"@type":"ReadAction","target":["https:\/\/www.altominho.tv\/site\/2020\/04\/02\/lar-com-quatro-casos-de-covid-19-vai-ser-desinfetado\/"]}]},{"@type":"ImageObject","inLanguage":"pt-PT","@id":"https:\/\/www.altominho.tv\/site\/2020\/04\/02\/lar-com-quatro-casos-de-covid-19-vai-ser-desinfetado\/#primaryimage","url":"https:\/\/www.altominho.tv\/site\/wp-content\/uploads\/2020\/04\/Grade.jpg","contentUrl":"https:\/\/www.altominho.tv\/site\/wp-content\/uploads\/2020\/04\/Grade.jpg","width":1767,"height":759,"caption":"CENTRO DE GRADE"},{"@type":"BreadcrumbList","@id":"https:\/\/www.altominho.tv\/site\/2020\/04\/02\/lar-com-quatro-casos-de-covid-19-vai-ser-desinfetado\/#breadcrumb","itemListElement":[{"@type":"ListItem","position":1,"name":"In\u00edcio","item":"https:\/\/www.altominho.tv\/site\/"},{"@type":"ListItem","position":2,"name":"Lar com quatro casos de Covid-19 vai ser desinfetado"}]},{"@type":"WebSite","@id":"https:\/\/www.altominho.tv\/site\/#website","url":"https:\/\/www.altominho.tv\/site\/","name":"Altominho.tv","description":"A sua regi\u00e3o \u00e0 dist\u00e2ncia de um clique...","potentialAction":[{"@type":"SearchAction","target":{"@type":"EntryPoint","urlTemplate":"https:\/\/www.altominho.tv\/site\/?s={search_term_string}"},"query-input":{"@type":"PropertyValueSpecification","valueRequired":true,"valueName":"search_term_string"}}],"inLanguage":"pt-PT"},{"@type":"Person","@id":"https:\/\/www.altominho.tv\/site\/#\/schema\/person\/63f693da3e1899361cbe955c46f3232e","name":"Lusa","image":{"@type":"ImageObject","inLanguage":"pt-PT","@id":"https:\/\/www.altominho.tv\/site\/wp-content\/uploads\/2019\/08\/LUSA_Logo.gif","url":"https:\/\/www.altominho.tv\/site\/wp-content\/uploads\/2019\/08\/LUSA_Logo.gif","contentUrl":"https:\/\/www.altominho.tv\/site\/wp-content\/uploads\/2019\/08\/LUSA_Logo.gif","caption":"Lusa"},"sameAs":["http:\/\/\/\/www.altominho.tv\/site"],"url":"https:\/\/www.altominho.tv\/site\/author\/lusa\/"}]}},"_links":{"self":[{"href":"https:\/\/www.altominho.tv\/site\/wp-json\/wp\/v2\/posts\/43261","targetHints":{"allow":["GET"]}}],"collection":[{"href":"https:\/\/www.altominho.tv\/site\/wp-json\/wp\/v2\/posts"}],"about":[{"href":"https:\/\/www.altominho.tv\/site\/wp-json\/wp\/v2\/types\/post"}],"author":[{"embeddable":true,"href":"https:\/\/www.altominho.tv\/site\/wp-json\/wp\/v2\/users\/13"}],"replies":[{"embeddable":true,"href":"https:\/\/www.altominho.tv\/site\/wp-json\/wp\/v2\/comments?post=43261"}],"version-history":[{"count":0,"href":"https:\/\/www.altominho.tv\/site\/wp-json\/wp\/v2\/posts\/43261\/revisions"}],"wp:featuredmedia":[{"embeddable":true,"href":"https:\/\/www.altominho.tv\/site\/wp-json\/wp\/v2\/media\/43262"}],"wp:attachment":[{"href":"https:\/\/www.altominho.tv\/site\/wp-json\/wp\/v2\/media?parent=43261"}],"wp:term":[{"taxonomy":"category","embeddable":true,"href":"https:\/\/www.altominho.tv\/site\/wp-json\/wp\/v2\/categories?post=43261"},{"taxonomy":"post_tag","embeddable":true,"href":"https:\/\/www.altominho.tv\/site\/wp-json\/wp\/v2\/tags?post=43261"}],"curies":[{"name":"wp","href":"https:\/\/api.w.org\/{rel}","templated":true}]}}