{"id":43123,"date":"2020-03-31T18:17:49","date_gmt":"2020-03-31T17:17:49","guid":{"rendered":"http:\/\/www.altominho.tv\/site\/?p=43123"},"modified":"2020-03-31T18:17:56","modified_gmt":"2020-03-31T17:17:56","slug":"bombeiras-de-arcos-de-valdevez-concluem-quarentena-preventiva","status":"publish","type":"post","link":"https:\/\/www.altominho.tv\/site\/2020\/03\/31\/bombeiras-de-arcos-de-valdevez-concluem-quarentena-preventiva\/","title":{"rendered":"Bombeiras de Arcos de Valdevez concluem quarentena preventiva"},"content":{"rendered":"<p>As duas bombeiras da corpora\u00e7\u00e3o de Arcos de Valdevez que tiveram contacto com um professor infetado com o novo coronav\u00edrus naquele concelho conclu\u00edram, esta ter\u00e7a-feira, a quarentena preventiva.<\/p>\n<p>Segundo o comandantes dos Bombeiros Volunt\u00e1rios de Arcos de Valdevez, Filipe Guimar\u00e3es, as operacionais &#8220;efetuaram o transporte do utente infetado com o devido equipamento de prote\u00e7\u00e3o, mas foram aconselhadas a estar em isolamento&#8221;. &#8220;Depois de 14 dias, n\u00e3o apresentaram sintomas&#8221;, declarou.<\/p>\n<p class=\"selectionShareable\">As duas operacionais, de 23 e 34 anos, j\u00e1 regressaram ao servi\u00e7o e outros dois colegas da corpora\u00e7\u00e3o v\u00e3o tamb\u00e9m ter de cumprir 14 dias de isolamento.<\/p>\n<p class=\"selectionShareable\">De acordo com o comandante, os dois bombeiros contactaram com um idoso infetado, ao efetuar o transporte do utente do Lar de Grade. &#8220;N\u00e3o cumpriram o protocolo da seguran\u00e7a na totalidade. N\u00e3o usaram o equipamento de prote\u00e7\u00e3o completo, apenas tinham luvas e m\u00e1scaras, mas n\u00e3o vestiram o fato&#8221;, explicou Filipe Guimar\u00e3es, acrescentando que &#8220;o cumprimento do isolamento foi tamb\u00e9m aconselhado pelas autoridades&#8221;.<\/p>\n<p>Os bombeiros est\u00e3o a cumprir quarentena na sede do Motoclube de Arcos de Valdevez.<\/p>\n<p>Para o respons\u00e1vel, a medida serve para &#8220;passar a mensagem a todos os bombeiros de que as quest\u00f5es de seguran\u00e7a devem ser cumpridas&#8221;.<\/p>\n","protected":false},"excerpt":{"rendered":"<p>As duas bombeiras da corpora\u00e7\u00e3o de Arcos de Valdevez que tiveram contacto com um professor infetado com o novo coronav\u00edrus naquele concelho conclu\u00edram, esta ter\u00e7a-feira, a quarentena preventiva. Segundo o comandantes dos Bombeiros Volunt\u00e1rios de Arcos de Valdevez, Filipe Guimar\u00e3es, as operacionais &#8220;efetuaram o transporte do utente infetado com o devido equipamento de prote\u00e7\u00e3o, mas [&hellip;]<\/p>\n","protected":false},"author":12,"featured_media":43124,"comment_status":"closed","ping_status":"closed","sticky":false,"template":"","format":"standard","meta":{"_exactmetrics_skip_tracking":false,"_exactmetrics_sitenote_active":false,"_exactmetrics_sitenote_note":"","_exactmetrics_sitenote_category":0,"footnotes":""},"categories":[2],"tags":[27],"class_list":["post-43123","post","type-post","status-publish","format-standard","has-post-thumbnail","hentry","category-arcos-de-valdevez","tag-sociedade"],"yoast_head":"<!-- This site is optimized with the Yoast SEO Premium plugin v27.4 (Yoast SEO v27.4) - https:\/\/yoast.com\/product\/yoast-seo-premium-wordpress\/ -->\n<title>Bombeiras de Arcos de Valdevez concluem quarentena preventiva<\/title>\n<meta name=\"robots\" content=\"index, follow, max-snippet:-1, max-image-preview:large, max-video-preview:-1\" \/>\n<link rel=\"canonical\" href=\"https:\/\/www.altominho.tv\/site\/2020\/03\/31\/bombeiras-de-arcos-de-valdevez-concluem-quarentena-preventiva\/\" \/>\n<meta property=\"og:locale\" content=\"pt_PT\" \/>\n<meta property=\"og:type\" content=\"article\" \/>\n<meta property=\"og:title\" content=\"Bombeiras de Arcos de Valdevez concluem quarentena preventiva\" \/>\n<meta property=\"og:description\" content=\"As duas bombeiras da corpora\u00e7\u00e3o de Arcos de Valdevez que tiveram contacto com um professor infetado com o novo coronav\u00edrus naquele concelho conclu\u00edram, esta ter\u00e7a-feira, a quarentena preventiva. Segundo o comandantes dos Bombeiros Volunt\u00e1rios de Arcos de Valdevez, Filipe Guimar\u00e3es, as operacionais &#8220;efetuaram o transporte do utente infetado com o devido equipamento de prote\u00e7\u00e3o, mas [&hellip;]\" \/>\n<meta property=\"og:url\" content=\"https:\/\/www.altominho.tv\/site\/2020\/03\/31\/bombeiras-de-arcos-de-valdevez-concluem-quarentena-preventiva\/\" \/>\n<meta property=\"og:site_name\" content=\"Altominho.tv\" \/>\n<meta property=\"article:publisher\" content=\"https:\/\/www.facebook.com\/altominhotv\" \/>\n<meta property=\"article:published_time\" content=\"2020-03-31T17:17:49+00:00\" \/>\n<meta property=\"article:modified_time\" content=\"2020-03-31T17:17:56+00:00\" \/>\n<meta property=\"og:image\" content=\"https:\/\/www.altominho.tv\/site\/wp-content\/uploads\/2020\/03\/91691651_2897496490343099_7467326601496100864_n.jpg\" \/>\n\t<meta property=\"og:image:width\" content=\"960\" \/>\n\t<meta property=\"og:image:height\" content=\"540\" \/>\n\t<meta property=\"og:image:type\" content=\"image\/jpeg\" \/>\n<meta name=\"author\" content=\"Andreia Ferreira\" \/>\n<meta name=\"twitter:card\" content=\"summary_large_image\" \/>\n<meta name=\"twitter:creator\" content=\"@altominhoTV\" \/>\n<meta name=\"twitter:site\" content=\"@altominhoTV\" \/>\n<meta name=\"twitter:label1\" content=\"Escrito por\" \/>\n\t<meta name=\"twitter:data1\" content=\"Andreia Ferreira\" \/>\n\t<meta name=\"twitter:label2\" content=\"Tempo estimado de leitura\" \/>\n\t<meta name=\"twitter:data2\" content=\"1 minuto\" \/>\n<script type=\"application\/ld+json\" class=\"yoast-schema-graph\">{\"@context\":\"https:\\\/\\\/schema.org\",\"@graph\":[{\"@type\":\"Article\",\"@id\":\"https:\\\/\\\/www.altominho.tv\\\/site\\\/2020\\\/03\\\/31\\\/bombeiras-de-arcos-de-valdevez-concluem-quarentena-preventiva\\\/#article\",\"isPartOf\":{\"@id\":\"https:\\\/\\\/www.altominho.tv\\\/site\\\/2020\\\/03\\\/31\\\/bombeiras-de-arcos-de-valdevez-concluem-quarentena-preventiva\\\/\"},\"author\":{\"name\":\"Andreia Ferreira\",\"@id\":\"https:\\\/\\\/www.altominho.tv\\\/site\\\/#\\\/schema\\\/person\\\/d9be4265364723f14ea8e0d56a1d38cd\"},\"headline\":\"Bombeiras de Arcos de Valdevez concluem quarentena preventiva\",\"datePublished\":\"2020-03-31T17:17:49+00:00\",\"dateModified\":\"2020-03-31T17:17:56+00:00\",\"mainEntityOfPage\":{\"@id\":\"https:\\\/\\\/www.altominho.tv\\\/site\\\/2020\\\/03\\\/31\\\/bombeiras-de-arcos-de-valdevez-concluem-quarentena-preventiva\\\/\"},\"wordCount\":223,\"image\":{\"@id\":\"https:\\\/\\\/www.altominho.tv\\\/site\\\/2020\\\/03\\\/31\\\/bombeiras-de-arcos-de-valdevez-concluem-quarentena-preventiva\\\/#primaryimage\"},\"thumbnailUrl\":\"https:\\\/\\\/www.altominho.tv\\\/site\\\/wp-content\\\/uploads\\\/2020\\\/03\\\/91691651_2897496490343099_7467326601496100864_n.jpg\",\"keywords\":[\"Sociedade\"],\"articleSection\":[\"Arcos de Valdevez\"],\"inLanguage\":\"pt-PT\",\"copyrightYear\":\"2020\",\"copyrightHolder\":{\"@id\":\"https:\\\/\\\/www.altominho.tv\\\/site\\\/#organization\"}},{\"@type\":\"WebPage\",\"@id\":\"https:\\\/\\\/www.altominho.tv\\\/site\\\/2020\\\/03\\\/31\\\/bombeiras-de-arcos-de-valdevez-concluem-quarentena-preventiva\\\/\",\"url\":\"https:\\\/\\\/www.altominho.tv\\\/site\\\/2020\\\/03\\\/31\\\/bombeiras-de-arcos-de-valdevez-concluem-quarentena-preventiva\\\/\",\"name\":\"Bombeiras de Arcos de Valdevez concluem quarentena preventiva\",\"isPartOf\":{\"@id\":\"https:\\\/\\\/www.altominho.tv\\\/site\\\/#website\"},\"primaryImageOfPage\":{\"@id\":\"https:\\\/\\\/www.altominho.tv\\\/site\\\/2020\\\/03\\\/31\\\/bombeiras-de-arcos-de-valdevez-concluem-quarentena-preventiva\\\/#primaryimage\"},\"image\":{\"@id\":\"https:\\\/\\\/www.altominho.tv\\\/site\\\/2020\\\/03\\\/31\\\/bombeiras-de-arcos-de-valdevez-concluem-quarentena-preventiva\\\/#primaryimage\"},\"thumbnailUrl\":\"https:\\\/\\\/www.altominho.tv\\\/site\\\/wp-content\\\/uploads\\\/2020\\\/03\\\/91691651_2897496490343099_7467326601496100864_n.jpg\",\"datePublished\":\"2020-03-31T17:17:49+00:00\",\"dateModified\":\"2020-03-31T17:17:56+00:00\",\"author\":{\"@id\":\"https:\\\/\\\/www.altominho.tv\\\/site\\\/#\\\/schema\\\/person\\\/d9be4265364723f14ea8e0d56a1d38cd\"},\"breadcrumb\":{\"@id\":\"https:\\\/\\\/www.altominho.tv\\\/site\\\/2020\\\/03\\\/31\\\/bombeiras-de-arcos-de-valdevez-concluem-quarentena-preventiva\\\/#breadcrumb\"},\"inLanguage\":\"pt-PT\",\"potentialAction\":[{\"@type\":\"ReadAction\",\"target\":[\"https:\\\/\\\/www.altominho.tv\\\/site\\\/2020\\\/03\\\/31\\\/bombeiras-de-arcos-de-valdevez-concluem-quarentena-preventiva\\\/\"]}]},{\"@type\":\"ImageObject\",\"inLanguage\":\"pt-PT\",\"@id\":\"https:\\\/\\\/www.altominho.tv\\\/site\\\/2020\\\/03\\\/31\\\/bombeiras-de-arcos-de-valdevez-concluem-quarentena-preventiva\\\/#primaryimage\",\"url\":\"https:\\\/\\\/www.altominho.tv\\\/site\\\/wp-content\\\/uploads\\\/2020\\\/03\\\/91691651_2897496490343099_7467326601496100864_n.jpg\",\"contentUrl\":\"https:\\\/\\\/www.altominho.tv\\\/site\\\/wp-content\\\/uploads\\\/2020\\\/03\\\/91691651_2897496490343099_7467326601496100864_n.jpg\",\"width\":960,\"height\":540,\"caption\":\"FACEBOOK BOMBEIROS DE ARCOS DE VALDEVEZ\"},{\"@type\":\"BreadcrumbList\",\"@id\":\"https:\\\/\\\/www.altominho.tv\\\/site\\\/2020\\\/03\\\/31\\\/bombeiras-de-arcos-de-valdevez-concluem-quarentena-preventiva\\\/#breadcrumb\",\"itemListElement\":[{\"@type\":\"ListItem\",\"position\":1,\"name\":\"In\u00edcio\",\"item\":\"https:\\\/\\\/www.altominho.tv\\\/site\\\/\"},{\"@type\":\"ListItem\",\"position\":2,\"name\":\"Bombeiras de Arcos de Valdevez concluem quarentena preventiva\"}]},{\"@type\":\"WebSite\",\"@id\":\"https:\\\/\\\/www.altominho.tv\\\/site\\\/#website\",\"url\":\"https:\\\/\\\/www.altominho.tv\\\/site\\\/\",\"name\":\"Altominho.tv\",\"description\":\"A sua regi\u00e3o \u00e0 dist\u00e2ncia de um clique...\",\"potentialAction\":[{\"@type\":\"SearchAction\",\"target\":{\"@type\":\"EntryPoint\",\"urlTemplate\":\"https:\\\/\\\/www.altominho.tv\\\/site\\\/?s={search_term_string}\"},\"query-input\":{\"@type\":\"PropertyValueSpecification\",\"valueRequired\":true,\"valueName\":\"search_term_string\"}}],\"inLanguage\":\"pt-PT\"},{\"@type\":\"Person\",\"@id\":\"https:\\\/\\\/www.altominho.tv\\\/site\\\/#\\\/schema\\\/person\\\/d9be4265364723f14ea8e0d56a1d38cd\",\"name\":\"Andreia Ferreira\",\"image\":{\"@type\":\"ImageObject\",\"inLanguage\":\"pt-PT\",\"@id\":\"https:\\\/\\\/www.altominho.tv\\\/site\\\/wp-content\\\/uploads\\\/2021\\\/01\\\/AndreiaFerreira-150x150.jpg\",\"url\":\"https:\\\/\\\/www.altominho.tv\\\/site\\\/wp-content\\\/uploads\\\/2021\\\/01\\\/AndreiaFerreira-150x150.jpg\",\"contentUrl\":\"https:\\\/\\\/www.altominho.tv\\\/site\\\/wp-content\\\/uploads\\\/2021\\\/01\\\/AndreiaFerreira-150x150.jpg\",\"caption\":\"Andreia Ferreira\"},\"url\":\"https:\\\/\\\/www.altominho.tv\\\/site\\\/author\\\/andreiaferreira\\\/\"}]}<\/script>\n<!-- \/ Yoast SEO Premium plugin. -->","yoast_head_json":{"title":"Bombeiras de Arcos de Valdevez concluem quarentena preventiva","robots":{"index":"index","follow":"follow","max-snippet":"max-snippet:-1","max-image-preview":"max-image-preview:large","max-video-preview":"max-video-preview:-1"},"canonical":"https:\/\/www.altominho.tv\/site\/2020\/03\/31\/bombeiras-de-arcos-de-valdevez-concluem-quarentena-preventiva\/","og_locale":"pt_PT","og_type":"article","og_title":"Bombeiras de Arcos de Valdevez concluem quarentena preventiva","og_description":"As duas bombeiras da corpora\u00e7\u00e3o de Arcos de Valdevez que tiveram contacto com um professor infetado com o novo coronav\u00edrus naquele concelho conclu\u00edram, esta ter\u00e7a-feira, a quarentena preventiva. Segundo o comandantes dos Bombeiros Volunt\u00e1rios de Arcos de Valdevez, Filipe Guimar\u00e3es, as operacionais &#8220;efetuaram o transporte do utente infetado com o devido equipamento de prote\u00e7\u00e3o, mas [&hellip;]","og_url":"https:\/\/www.altominho.tv\/site\/2020\/03\/31\/bombeiras-de-arcos-de-valdevez-concluem-quarentena-preventiva\/","og_site_name":"Altominho.tv","article_publisher":"https:\/\/www.facebook.com\/altominhotv","article_published_time":"2020-03-31T17:17:49+00:00","article_modified_time":"2020-03-31T17:17:56+00:00","og_image":[{"width":960,"height":540,"url":"https:\/\/www.altominho.tv\/site\/wp-content\/uploads\/2020\/03\/91691651_2897496490343099_7467326601496100864_n.jpg","type":"image\/jpeg"}],"author":"Andreia Ferreira","twitter_card":"summary_large_image","twitter_creator":"@altominhoTV","twitter_site":"@altominhoTV","twitter_misc":{"Escrito por":"Andreia Ferreira","Tempo estimado de leitura":"1 minuto"},"schema":{"@context":"https:\/\/schema.org","@graph":[{"@type":"Article","@id":"https:\/\/www.altominho.tv\/site\/2020\/03\/31\/bombeiras-de-arcos-de-valdevez-concluem-quarentena-preventiva\/#article","isPartOf":{"@id":"https:\/\/www.altominho.tv\/site\/2020\/03\/31\/bombeiras-de-arcos-de-valdevez-concluem-quarentena-preventiva\/"},"author":{"name":"Andreia Ferreira","@id":"https:\/\/www.altominho.tv\/site\/#\/schema\/person\/d9be4265364723f14ea8e0d56a1d38cd"},"headline":"Bombeiras de Arcos de Valdevez concluem quarentena preventiva","datePublished":"2020-03-31T17:17:49+00:00","dateModified":"2020-03-31T17:17:56+00:00","mainEntityOfPage":{"@id":"https:\/\/www.altominho.tv\/site\/2020\/03\/31\/bombeiras-de-arcos-de-valdevez-concluem-quarentena-preventiva\/"},"wordCount":223,"image":{"@id":"https:\/\/www.altominho.tv\/site\/2020\/03\/31\/bombeiras-de-arcos-de-valdevez-concluem-quarentena-preventiva\/#primaryimage"},"thumbnailUrl":"https:\/\/www.altominho.tv\/site\/wp-content\/uploads\/2020\/03\/91691651_2897496490343099_7467326601496100864_n.jpg","keywords":["Sociedade"],"articleSection":["Arcos de Valdevez"],"inLanguage":"pt-PT","copyrightYear":"2020","copyrightHolder":{"@id":"https:\/\/www.altominho.tv\/site\/#organization"}},{"@type":"WebPage","@id":"https:\/\/www.altominho.tv\/site\/2020\/03\/31\/bombeiras-de-arcos-de-valdevez-concluem-quarentena-preventiva\/","url":"https:\/\/www.altominho.tv\/site\/2020\/03\/31\/bombeiras-de-arcos-de-valdevez-concluem-quarentena-preventiva\/","name":"Bombeiras de Arcos de Valdevez concluem quarentena preventiva","isPartOf":{"@id":"https:\/\/www.altominho.tv\/site\/#website"},"primaryImageOfPage":{"@id":"https:\/\/www.altominho.tv\/site\/2020\/03\/31\/bombeiras-de-arcos-de-valdevez-concluem-quarentena-preventiva\/#primaryimage"},"image":{"@id":"https:\/\/www.altominho.tv\/site\/2020\/03\/31\/bombeiras-de-arcos-de-valdevez-concluem-quarentena-preventiva\/#primaryimage"},"thumbnailUrl":"https:\/\/www.altominho.tv\/site\/wp-content\/uploads\/2020\/03\/91691651_2897496490343099_7467326601496100864_n.jpg","datePublished":"2020-03-31T17:17:49+00:00","dateModified":"2020-03-31T17:17:56+00:00","author":{"@id":"https:\/\/www.altominho.tv\/site\/#\/schema\/person\/d9be4265364723f14ea8e0d56a1d38cd"},"breadcrumb":{"@id":"https:\/\/www.altominho.tv\/site\/2020\/03\/31\/bombeiras-de-arcos-de-valdevez-concluem-quarentena-preventiva\/#breadcrumb"},"inLanguage":"pt-PT","potentialAction":[{"@type":"ReadAction","target":["https:\/\/www.altominho.tv\/site\/2020\/03\/31\/bombeiras-de-arcos-de-valdevez-concluem-quarentena-preventiva\/"]}]},{"@type":"ImageObject","inLanguage":"pt-PT","@id":"https:\/\/www.altominho.tv\/site\/2020\/03\/31\/bombeiras-de-arcos-de-valdevez-concluem-quarentena-preventiva\/#primaryimage","url":"https:\/\/www.altominho.tv\/site\/wp-content\/uploads\/2020\/03\/91691651_2897496490343099_7467326601496100864_n.jpg","contentUrl":"https:\/\/www.altominho.tv\/site\/wp-content\/uploads\/2020\/03\/91691651_2897496490343099_7467326601496100864_n.jpg","width":960,"height":540,"caption":"FACEBOOK BOMBEIROS DE ARCOS DE VALDEVEZ"},{"@type":"BreadcrumbList","@id":"https:\/\/www.altominho.tv\/site\/2020\/03\/31\/bombeiras-de-arcos-de-valdevez-concluem-quarentena-preventiva\/#breadcrumb","itemListElement":[{"@type":"ListItem","position":1,"name":"In\u00edcio","item":"https:\/\/www.altominho.tv\/site\/"},{"@type":"ListItem","position":2,"name":"Bombeiras de Arcos de Valdevez concluem quarentena preventiva"}]},{"@type":"WebSite","@id":"https:\/\/www.altominho.tv\/site\/#website","url":"https:\/\/www.altominho.tv\/site\/","name":"Altominho.tv","description":"A sua regi\u00e3o \u00e0 dist\u00e2ncia de um clique...","potentialAction":[{"@type":"SearchAction","target":{"@type":"EntryPoint","urlTemplate":"https:\/\/www.altominho.tv\/site\/?s={search_term_string}"},"query-input":{"@type":"PropertyValueSpecification","valueRequired":true,"valueName":"search_term_string"}}],"inLanguage":"pt-PT"},{"@type":"Person","@id":"https:\/\/www.altominho.tv\/site\/#\/schema\/person\/d9be4265364723f14ea8e0d56a1d38cd","name":"Andreia Ferreira","image":{"@type":"ImageObject","inLanguage":"pt-PT","@id":"https:\/\/www.altominho.tv\/site\/wp-content\/uploads\/2021\/01\/AndreiaFerreira-150x150.jpg","url":"https:\/\/www.altominho.tv\/site\/wp-content\/uploads\/2021\/01\/AndreiaFerreira-150x150.jpg","contentUrl":"https:\/\/www.altominho.tv\/site\/wp-content\/uploads\/2021\/01\/AndreiaFerreira-150x150.jpg","caption":"Andreia Ferreira"},"url":"https:\/\/www.altominho.tv\/site\/author\/andreiaferreira\/"}]}},"_links":{"self":[{"href":"https:\/\/www.altominho.tv\/site\/wp-json\/wp\/v2\/posts\/43123","targetHints":{"allow":["GET"]}}],"collection":[{"href":"https:\/\/www.altominho.tv\/site\/wp-json\/wp\/v2\/posts"}],"about":[{"href":"https:\/\/www.altominho.tv\/site\/wp-json\/wp\/v2\/types\/post"}],"author":[{"embeddable":true,"href":"https:\/\/www.altominho.tv\/site\/wp-json\/wp\/v2\/users\/12"}],"replies":[{"embeddable":true,"href":"https:\/\/www.altominho.tv\/site\/wp-json\/wp\/v2\/comments?post=43123"}],"version-history":[{"count":0,"href":"https:\/\/www.altominho.tv\/site\/wp-json\/wp\/v2\/posts\/43123\/revisions"}],"wp:featuredmedia":[{"embeddable":true,"href":"https:\/\/www.altominho.tv\/site\/wp-json\/wp\/v2\/media\/43124"}],"wp:attachment":[{"href":"https:\/\/www.altominho.tv\/site\/wp-json\/wp\/v2\/media?parent=43123"}],"wp:term":[{"taxonomy":"category","embeddable":true,"href":"https:\/\/www.altominho.tv\/site\/wp-json\/wp\/v2\/categories?post=43123"},{"taxonomy":"post_tag","embeddable":true,"href":"https:\/\/www.altominho.tv\/site\/wp-json\/wp\/v2\/tags?post=43123"}],"curies":[{"name":"wp","href":"https:\/\/api.w.org\/{rel}","templated":true}]}}