{"id":43060,"date":"2020-03-31T11:23:43","date_gmt":"2020-03-31T10:23:43","guid":{"rendered":"http:\/\/www.altominho.tv\/site\/?p=43060"},"modified":"2020-03-31T11:23:50","modified_gmt":"2020-03-31T10:23:50","slug":"entregas-a-porta-valencianas-lancam-plataforma-para-ajudar-os-portugueses-com-as-encomendas-online","status":"publish","type":"post","link":"https:\/\/www.altominho.tv\/site\/2020\/03\/31\/entregas-a-porta-valencianas-lancam-plataforma-para-ajudar-os-portugueses-com-as-encomendas-online\/","title":{"rendered":"Entregas \u00e0 Porta: Valencianas lan\u00e7am plataforma para ajudar os portugueses com as encomendas online"},"content":{"rendered":"<p>Muitos portugueses est\u00e3o em casa e t\u00eam procurado alternativas para as suas compras de bens essenciais. Alguns optam pelas mercearias e minimercados mais pr\u00f3ximos das resid\u00eancias, mas outros est\u00e3o a apostar em servi\u00e7os de entrega ao domic\u00edlio, para evitar ao m\u00e1ximo as desloca\u00e7\u00f5es em tempo de pandemia.<\/p>\n<p>Cl\u00e1udia Pinheiro, designer e gestora de marketing, apercebeu-se, atrav\u00e9s de grupos criados na rede social Facebook, que &#8220;havia uma necessidade de partilhar e procurar neg\u00f3cios que fazem entregas ou servi\u00e7os online e ao domic\u00edlio&#8221;. No entanto, por essa informa\u00e7\u00e3o n\u00e3o estar organizada toda num s\u00f3 local, n\u00e3o era f\u00e1cil encontrar os servi\u00e7os e produtos necess\u00e1rios, principalmente se forem comercializados pelos pequenos neg\u00f3cios, com menor presen\u00e7a na internet.<\/p>\n<p>Para ajudar com as encomendas <em>online<\/em>, principalmente dos neg\u00f3cios locais, a designer de 40 anos decidiu criar uma plataforma onde qualquer empresa pode registar o seu neg\u00f3cio de entrega \u00e0 porta, seja a domic\u00edlios, a empresas ou at\u00e9 a escrit\u00f3rios. &#8220;Na sequ\u00eancia do momento dif\u00edcil em que o pa\u00eds vive atualmente, tomei a iniciativa de criar um diret\u00f3rio nacional gratuito&#8221;, explica Cl\u00e1udia.<\/p>\n<p>O projeto &#8216;<a href=\"https:\/\/entregasaporta.pt\/\" target=\"_blank\" rel=\"noopener noreferrer\">Entregas \u00e0 Porta<\/a>&#8216; come\u00e7ou a ser desenvolvido a 20 de mar\u00e7o, com a ajuda de Diana Pinheiro. As duas irm\u00e3s naturais de Valen\u00e7a t\u00eam trabalhado a ideia \u00e0 dist\u00e2ncia atrav\u00e9s de plataformas <em>online<\/em>, desenvolvendo desde a cria\u00e7\u00e3o do site, gest\u00e3o e valida\u00e7\u00e3o dos registos at\u00e9 ao trabalho de divulga\u00e7\u00e3o.<\/p>\n<p>Restaurantes, farm\u00e1cias, talhos, drogarias, empresas de repara\u00e7\u00f5es, de limpezas e jardinagem, e neg\u00f3cios de servi\u00e7os online na \u00e1rea do ensino, marketing e consultas, s\u00e3o alguns exemplos de empresas que se podem inscrever. A plataforma j\u00e1 soma mais de 185 empresas de todo o pa\u00eds. No distrito de Viana do Castelo, conta atualmente com 11 empresas registadas.<\/p>\n<p>&#8220;Sendo um projeto com car\u00e1ter solid\u00e1rio, os registos s\u00e3o totalmente gratuitos&#8221;, refere Cla\u00fadia, acrescentando que &#8220;qualquer pessoa do pa\u00eds pode aceder livremente ao site e saber que empresas fazem este tipo de servi\u00e7os para a sua zona&#8221;.<\/p>\n<p>O objetivo \u00e9 &#8220;ajudar os portugueses a terem, de uma forma simples e num s\u00f3 local, acesso \u00e0s empresas que fazem entregas ou servi\u00e7os ao domic\u00edlio&#8221;.<\/p>\n","protected":false},"excerpt":{"rendered":"<p>Muitos portugueses est\u00e3o em casa e t\u00eam procurado alternativas para as suas compras de bens essenciais. Alguns optam pelas mercearias e minimercados mais pr\u00f3ximos das resid\u00eancias, mas outros est\u00e3o a apostar em servi\u00e7os de entrega ao domic\u00edlio, para evitar ao m\u00e1ximo as desloca\u00e7\u00f5es em tempo de pandemia. Cl\u00e1udia Pinheiro, designer e gestora de marketing, apercebeu-se, [&hellip;]<\/p>\n","protected":false},"author":12,"featured_media":43063,"comment_status":"closed","ping_status":"closed","sticky":false,"template":"","format":"standard","meta":{"_exactmetrics_skip_tracking":false,"_exactmetrics_sitenote_active":false,"_exactmetrics_sitenote_note":"","_exactmetrics_sitenote_category":0,"footnotes":""},"categories":[13],"tags":[27],"class_list":["post-43060","post","type-post","status-publish","format-standard","has-post-thumbnail","hentry","category-valenca","tag-sociedade"],"yoast_head":"<!-- This site is optimized with the Yoast SEO Premium plugin v27.5 (Yoast SEO v27.5) - https:\/\/yoast.com\/product\/yoast-seo-premium-wordpress\/ -->\n<title>Entregas \u00e0 Porta: Valencianas lan\u00e7am plataforma para ajudar os portugueses com as encomendas online<\/title>\n<meta name=\"robots\" content=\"index, follow, max-snippet:-1, max-image-preview:large, max-video-preview:-1\" \/>\n<link rel=\"canonical\" href=\"https:\/\/www.altominho.tv\/site\/2020\/03\/31\/entregas-a-porta-valencianas-lancam-plataforma-para-ajudar-os-portugueses-com-as-encomendas-online\/\" \/>\n<meta property=\"og:locale\" content=\"pt_PT\" \/>\n<meta property=\"og:type\" content=\"article\" \/>\n<meta property=\"og:title\" content=\"Entregas \u00e0 Porta: Valencianas lan\u00e7am plataforma para ajudar os portugueses com as encomendas online\" \/>\n<meta property=\"og:description\" content=\"Muitos portugueses est\u00e3o em casa e t\u00eam procurado alternativas para as suas compras de bens essenciais. Alguns optam pelas mercearias e minimercados mais pr\u00f3ximos das resid\u00eancias, mas outros est\u00e3o a apostar em servi\u00e7os de entrega ao domic\u00edlio, para evitar ao m\u00e1ximo as desloca\u00e7\u00f5es em tempo de pandemia. Cl\u00e1udia Pinheiro, designer e gestora de marketing, apercebeu-se, [&hellip;]\" \/>\n<meta property=\"og:url\" content=\"https:\/\/www.altominho.tv\/site\/2020\/03\/31\/entregas-a-porta-valencianas-lancam-plataforma-para-ajudar-os-portugueses-com-as-encomendas-online\/\" \/>\n<meta property=\"og:site_name\" content=\"Altominho.tv\" \/>\n<meta property=\"article:publisher\" content=\"https:\/\/www.facebook.com\/altominhotv\" \/>\n<meta property=\"article:published_time\" content=\"2020-03-31T10:23:43+00:00\" \/>\n<meta property=\"article:modified_time\" content=\"2020-03-31T10:23:50+00:00\" \/>\n<meta property=\"og:image\" content=\"https:\/\/www.altominho.tv\/site\/wp-content\/uploads\/2020\/03\/Entrega-scaled.jpg\" \/>\n\t<meta property=\"og:image:width\" content=\"2560\" \/>\n\t<meta property=\"og:image:height\" content=\"1728\" \/>\n\t<meta property=\"og:image:type\" content=\"image\/jpeg\" \/>\n<meta name=\"author\" content=\"Andreia Ferreira\" \/>\n<meta name=\"twitter:card\" content=\"summary_large_image\" \/>\n<meta name=\"twitter:creator\" content=\"@altominhoTV\" \/>\n<meta name=\"twitter:site\" content=\"@altominhoTV\" \/>\n<meta name=\"twitter:label1\" content=\"Escrito por\" \/>\n\t<meta name=\"twitter:data1\" content=\"Andreia Ferreira\" \/>\n\t<meta name=\"twitter:label2\" content=\"Tempo estimado de leitura\" \/>\n\t<meta name=\"twitter:data2\" content=\"2 minutos\" \/>\n<script type=\"application\/ld+json\" class=\"yoast-schema-graph\">{\"@context\":\"https:\\\/\\\/schema.org\",\"@graph\":[{\"@type\":\"Article\",\"@id\":\"https:\\\/\\\/www.altominho.tv\\\/site\\\/2020\\\/03\\\/31\\\/entregas-a-porta-valencianas-lancam-plataforma-para-ajudar-os-portugueses-com-as-encomendas-online\\\/#article\",\"isPartOf\":{\"@id\":\"https:\\\/\\\/www.altominho.tv\\\/site\\\/2020\\\/03\\\/31\\\/entregas-a-porta-valencianas-lancam-plataforma-para-ajudar-os-portugueses-com-as-encomendas-online\\\/\"},\"author\":{\"name\":\"Andreia Ferreira\",\"@id\":\"https:\\\/\\\/www.altominho.tv\\\/site\\\/#\\\/schema\\\/person\\\/d9be4265364723f14ea8e0d56a1d38cd\"},\"headline\":\"Entregas \u00e0 Porta: Valencianas lan\u00e7am plataforma para ajudar os portugueses com as encomendas online\",\"datePublished\":\"2020-03-31T10:23:43+00:00\",\"dateModified\":\"2020-03-31T10:23:50+00:00\",\"mainEntityOfPage\":{\"@id\":\"https:\\\/\\\/www.altominho.tv\\\/site\\\/2020\\\/03\\\/31\\\/entregas-a-porta-valencianas-lancam-plataforma-para-ajudar-os-portugueses-com-as-encomendas-online\\\/\"},\"wordCount\":408,\"image\":{\"@id\":\"https:\\\/\\\/www.altominho.tv\\\/site\\\/2020\\\/03\\\/31\\\/entregas-a-porta-valencianas-lancam-plataforma-para-ajudar-os-portugueses-com-as-encomendas-online\\\/#primaryimage\"},\"thumbnailUrl\":\"https:\\\/\\\/www.altominho.tv\\\/site\\\/wp-content\\\/uploads\\\/2020\\\/03\\\/Entrega-scaled.jpg\",\"keywords\":[\"Sociedade\"],\"articleSection\":[\"Valen\u00e7a\"],\"inLanguage\":\"pt-PT\",\"copyrightYear\":\"2020\",\"copyrightHolder\":{\"@id\":\"https:\\\/\\\/www.altominho.tv\\\/site\\\/#organization\"}},{\"@type\":\"WebPage\",\"@id\":\"https:\\\/\\\/www.altominho.tv\\\/site\\\/2020\\\/03\\\/31\\\/entregas-a-porta-valencianas-lancam-plataforma-para-ajudar-os-portugueses-com-as-encomendas-online\\\/\",\"url\":\"https:\\\/\\\/www.altominho.tv\\\/site\\\/2020\\\/03\\\/31\\\/entregas-a-porta-valencianas-lancam-plataforma-para-ajudar-os-portugueses-com-as-encomendas-online\\\/\",\"name\":\"Entregas \u00e0 Porta: Valencianas lan\u00e7am plataforma para ajudar os portugueses com as encomendas online\",\"isPartOf\":{\"@id\":\"https:\\\/\\\/www.altominho.tv\\\/site\\\/#website\"},\"primaryImageOfPage\":{\"@id\":\"https:\\\/\\\/www.altominho.tv\\\/site\\\/2020\\\/03\\\/31\\\/entregas-a-porta-valencianas-lancam-plataforma-para-ajudar-os-portugueses-com-as-encomendas-online\\\/#primaryimage\"},\"image\":{\"@id\":\"https:\\\/\\\/www.altominho.tv\\\/site\\\/2020\\\/03\\\/31\\\/entregas-a-porta-valencianas-lancam-plataforma-para-ajudar-os-portugueses-com-as-encomendas-online\\\/#primaryimage\"},\"thumbnailUrl\":\"https:\\\/\\\/www.altominho.tv\\\/site\\\/wp-content\\\/uploads\\\/2020\\\/03\\\/Entrega-scaled.jpg\",\"datePublished\":\"2020-03-31T10:23:43+00:00\",\"dateModified\":\"2020-03-31T10:23:50+00:00\",\"author\":{\"@id\":\"https:\\\/\\\/www.altominho.tv\\\/site\\\/#\\\/schema\\\/person\\\/d9be4265364723f14ea8e0d56a1d38cd\"},\"breadcrumb\":{\"@id\":\"https:\\\/\\\/www.altominho.tv\\\/site\\\/2020\\\/03\\\/31\\\/entregas-a-porta-valencianas-lancam-plataforma-para-ajudar-os-portugueses-com-as-encomendas-online\\\/#breadcrumb\"},\"inLanguage\":\"pt-PT\",\"potentialAction\":[{\"@type\":\"ReadAction\",\"target\":[\"https:\\\/\\\/www.altominho.tv\\\/site\\\/2020\\\/03\\\/31\\\/entregas-a-porta-valencianas-lancam-plataforma-para-ajudar-os-portugueses-com-as-encomendas-online\\\/\"]}]},{\"@type\":\"ImageObject\",\"inLanguage\":\"pt-PT\",\"@id\":\"https:\\\/\\\/www.altominho.tv\\\/site\\\/2020\\\/03\\\/31\\\/entregas-a-porta-valencianas-lancam-plataforma-para-ajudar-os-portugueses-com-as-encomendas-online\\\/#primaryimage\",\"url\":\"https:\\\/\\\/www.altominho.tv\\\/site\\\/wp-content\\\/uploads\\\/2020\\\/03\\\/Entrega-scaled.jpg\",\"contentUrl\":\"https:\\\/\\\/www.altominho.tv\\\/site\\\/wp-content\\\/uploads\\\/2020\\\/03\\\/Entrega-scaled.jpg\",\"width\":2560,\"height\":1728,\"caption\":\"UNSPLASH\"},{\"@type\":\"BreadcrumbList\",\"@id\":\"https:\\\/\\\/www.altominho.tv\\\/site\\\/2020\\\/03\\\/31\\\/entregas-a-porta-valencianas-lancam-plataforma-para-ajudar-os-portugueses-com-as-encomendas-online\\\/#breadcrumb\",\"itemListElement\":[{\"@type\":\"ListItem\",\"position\":1,\"name\":\"In\u00edcio\",\"item\":\"https:\\\/\\\/www.altominho.tv\\\/site\\\/\"},{\"@type\":\"ListItem\",\"position\":2,\"name\":\"Entregas \u00e0 Porta: Valencianas lan\u00e7am plataforma para ajudar os portugueses com as encomendas online\"}]},{\"@type\":\"WebSite\",\"@id\":\"https:\\\/\\\/www.altominho.tv\\\/site\\\/#website\",\"url\":\"https:\\\/\\\/www.altominho.tv\\\/site\\\/\",\"name\":\"Altominho.tv\",\"description\":\"A sua regi\u00e3o \u00e0 dist\u00e2ncia de um clique...\",\"potentialAction\":[{\"@type\":\"SearchAction\",\"target\":{\"@type\":\"EntryPoint\",\"urlTemplate\":\"https:\\\/\\\/www.altominho.tv\\\/site\\\/?s={search_term_string}\"},\"query-input\":{\"@type\":\"PropertyValueSpecification\",\"valueRequired\":true,\"valueName\":\"search_term_string\"}}],\"inLanguage\":\"pt-PT\"},{\"@type\":\"Person\",\"@id\":\"https:\\\/\\\/www.altominho.tv\\\/site\\\/#\\\/schema\\\/person\\\/d9be4265364723f14ea8e0d56a1d38cd\",\"name\":\"Andreia Ferreira\",\"image\":{\"@type\":\"ImageObject\",\"inLanguage\":\"pt-PT\",\"@id\":\"https:\\\/\\\/www.altominho.tv\\\/site\\\/wp-content\\\/uploads\\\/2021\\\/01\\\/AndreiaFerreira-150x150.jpg\",\"url\":\"https:\\\/\\\/www.altominho.tv\\\/site\\\/wp-content\\\/uploads\\\/2021\\\/01\\\/AndreiaFerreira-150x150.jpg\",\"contentUrl\":\"https:\\\/\\\/www.altominho.tv\\\/site\\\/wp-content\\\/uploads\\\/2021\\\/01\\\/AndreiaFerreira-150x150.jpg\",\"caption\":\"Andreia Ferreira\"},\"url\":\"https:\\\/\\\/www.altominho.tv\\\/site\\\/author\\\/andreiaferreira\\\/\"}]}<\/script>\n<!-- \/ Yoast SEO Premium plugin. -->","yoast_head_json":{"title":"Entregas \u00e0 Porta: Valencianas lan\u00e7am plataforma para ajudar os portugueses com as encomendas online","robots":{"index":"index","follow":"follow","max-snippet":"max-snippet:-1","max-image-preview":"max-image-preview:large","max-video-preview":"max-video-preview:-1"},"canonical":"https:\/\/www.altominho.tv\/site\/2020\/03\/31\/entregas-a-porta-valencianas-lancam-plataforma-para-ajudar-os-portugueses-com-as-encomendas-online\/","og_locale":"pt_PT","og_type":"article","og_title":"Entregas \u00e0 Porta: Valencianas lan\u00e7am plataforma para ajudar os portugueses com as encomendas online","og_description":"Muitos portugueses est\u00e3o em casa e t\u00eam procurado alternativas para as suas compras de bens essenciais. Alguns optam pelas mercearias e minimercados mais pr\u00f3ximos das resid\u00eancias, mas outros est\u00e3o a apostar em servi\u00e7os de entrega ao domic\u00edlio, para evitar ao m\u00e1ximo as desloca\u00e7\u00f5es em tempo de pandemia. Cl\u00e1udia Pinheiro, designer e gestora de marketing, apercebeu-se, [&hellip;]","og_url":"https:\/\/www.altominho.tv\/site\/2020\/03\/31\/entregas-a-porta-valencianas-lancam-plataforma-para-ajudar-os-portugueses-com-as-encomendas-online\/","og_site_name":"Altominho.tv","article_publisher":"https:\/\/www.facebook.com\/altominhotv","article_published_time":"2020-03-31T10:23:43+00:00","article_modified_time":"2020-03-31T10:23:50+00:00","og_image":[{"width":2560,"height":1728,"url":"https:\/\/www.altominho.tv\/site\/wp-content\/uploads\/2020\/03\/Entrega-scaled.jpg","type":"image\/jpeg"}],"author":"Andreia Ferreira","twitter_card":"summary_large_image","twitter_creator":"@altominhoTV","twitter_site":"@altominhoTV","twitter_misc":{"Escrito por":"Andreia Ferreira","Tempo estimado de leitura":"2 minutos"},"schema":{"@context":"https:\/\/schema.org","@graph":[{"@type":"Article","@id":"https:\/\/www.altominho.tv\/site\/2020\/03\/31\/entregas-a-porta-valencianas-lancam-plataforma-para-ajudar-os-portugueses-com-as-encomendas-online\/#article","isPartOf":{"@id":"https:\/\/www.altominho.tv\/site\/2020\/03\/31\/entregas-a-porta-valencianas-lancam-plataforma-para-ajudar-os-portugueses-com-as-encomendas-online\/"},"author":{"name":"Andreia Ferreira","@id":"https:\/\/www.altominho.tv\/site\/#\/schema\/person\/d9be4265364723f14ea8e0d56a1d38cd"},"headline":"Entregas \u00e0 Porta: Valencianas lan\u00e7am plataforma para ajudar os portugueses com as encomendas online","datePublished":"2020-03-31T10:23:43+00:00","dateModified":"2020-03-31T10:23:50+00:00","mainEntityOfPage":{"@id":"https:\/\/www.altominho.tv\/site\/2020\/03\/31\/entregas-a-porta-valencianas-lancam-plataforma-para-ajudar-os-portugueses-com-as-encomendas-online\/"},"wordCount":408,"image":{"@id":"https:\/\/www.altominho.tv\/site\/2020\/03\/31\/entregas-a-porta-valencianas-lancam-plataforma-para-ajudar-os-portugueses-com-as-encomendas-online\/#primaryimage"},"thumbnailUrl":"https:\/\/www.altominho.tv\/site\/wp-content\/uploads\/2020\/03\/Entrega-scaled.jpg","keywords":["Sociedade"],"articleSection":["Valen\u00e7a"],"inLanguage":"pt-PT","copyrightYear":"2020","copyrightHolder":{"@id":"https:\/\/www.altominho.tv\/site\/#organization"}},{"@type":"WebPage","@id":"https:\/\/www.altominho.tv\/site\/2020\/03\/31\/entregas-a-porta-valencianas-lancam-plataforma-para-ajudar-os-portugueses-com-as-encomendas-online\/","url":"https:\/\/www.altominho.tv\/site\/2020\/03\/31\/entregas-a-porta-valencianas-lancam-plataforma-para-ajudar-os-portugueses-com-as-encomendas-online\/","name":"Entregas \u00e0 Porta: Valencianas lan\u00e7am plataforma para ajudar os portugueses com as encomendas online","isPartOf":{"@id":"https:\/\/www.altominho.tv\/site\/#website"},"primaryImageOfPage":{"@id":"https:\/\/www.altominho.tv\/site\/2020\/03\/31\/entregas-a-porta-valencianas-lancam-plataforma-para-ajudar-os-portugueses-com-as-encomendas-online\/#primaryimage"},"image":{"@id":"https:\/\/www.altominho.tv\/site\/2020\/03\/31\/entregas-a-porta-valencianas-lancam-plataforma-para-ajudar-os-portugueses-com-as-encomendas-online\/#primaryimage"},"thumbnailUrl":"https:\/\/www.altominho.tv\/site\/wp-content\/uploads\/2020\/03\/Entrega-scaled.jpg","datePublished":"2020-03-31T10:23:43+00:00","dateModified":"2020-03-31T10:23:50+00:00","author":{"@id":"https:\/\/www.altominho.tv\/site\/#\/schema\/person\/d9be4265364723f14ea8e0d56a1d38cd"},"breadcrumb":{"@id":"https:\/\/www.altominho.tv\/site\/2020\/03\/31\/entregas-a-porta-valencianas-lancam-plataforma-para-ajudar-os-portugueses-com-as-encomendas-online\/#breadcrumb"},"inLanguage":"pt-PT","potentialAction":[{"@type":"ReadAction","target":["https:\/\/www.altominho.tv\/site\/2020\/03\/31\/entregas-a-porta-valencianas-lancam-plataforma-para-ajudar-os-portugueses-com-as-encomendas-online\/"]}]},{"@type":"ImageObject","inLanguage":"pt-PT","@id":"https:\/\/www.altominho.tv\/site\/2020\/03\/31\/entregas-a-porta-valencianas-lancam-plataforma-para-ajudar-os-portugueses-com-as-encomendas-online\/#primaryimage","url":"https:\/\/www.altominho.tv\/site\/wp-content\/uploads\/2020\/03\/Entrega-scaled.jpg","contentUrl":"https:\/\/www.altominho.tv\/site\/wp-content\/uploads\/2020\/03\/Entrega-scaled.jpg","width":2560,"height":1728,"caption":"UNSPLASH"},{"@type":"BreadcrumbList","@id":"https:\/\/www.altominho.tv\/site\/2020\/03\/31\/entregas-a-porta-valencianas-lancam-plataforma-para-ajudar-os-portugueses-com-as-encomendas-online\/#breadcrumb","itemListElement":[{"@type":"ListItem","position":1,"name":"In\u00edcio","item":"https:\/\/www.altominho.tv\/site\/"},{"@type":"ListItem","position":2,"name":"Entregas \u00e0 Porta: Valencianas lan\u00e7am plataforma para ajudar os portugueses com as encomendas online"}]},{"@type":"WebSite","@id":"https:\/\/www.altominho.tv\/site\/#website","url":"https:\/\/www.altominho.tv\/site\/","name":"Altominho.tv","description":"A sua regi\u00e3o \u00e0 dist\u00e2ncia de um clique...","potentialAction":[{"@type":"SearchAction","target":{"@type":"EntryPoint","urlTemplate":"https:\/\/www.altominho.tv\/site\/?s={search_term_string}"},"query-input":{"@type":"PropertyValueSpecification","valueRequired":true,"valueName":"search_term_string"}}],"inLanguage":"pt-PT"},{"@type":"Person","@id":"https:\/\/www.altominho.tv\/site\/#\/schema\/person\/d9be4265364723f14ea8e0d56a1d38cd","name":"Andreia Ferreira","image":{"@type":"ImageObject","inLanguage":"pt-PT","@id":"https:\/\/www.altominho.tv\/site\/wp-content\/uploads\/2021\/01\/AndreiaFerreira-150x150.jpg","url":"https:\/\/www.altominho.tv\/site\/wp-content\/uploads\/2021\/01\/AndreiaFerreira-150x150.jpg","contentUrl":"https:\/\/www.altominho.tv\/site\/wp-content\/uploads\/2021\/01\/AndreiaFerreira-150x150.jpg","caption":"Andreia Ferreira"},"url":"https:\/\/www.altominho.tv\/site\/author\/andreiaferreira\/"}]}},"_links":{"self":[{"href":"https:\/\/www.altominho.tv\/site\/wp-json\/wp\/v2\/posts\/43060","targetHints":{"allow":["GET"]}}],"collection":[{"href":"https:\/\/www.altominho.tv\/site\/wp-json\/wp\/v2\/posts"}],"about":[{"href":"https:\/\/www.altominho.tv\/site\/wp-json\/wp\/v2\/types\/post"}],"author":[{"embeddable":true,"href":"https:\/\/www.altominho.tv\/site\/wp-json\/wp\/v2\/users\/12"}],"replies":[{"embeddable":true,"href":"https:\/\/www.altominho.tv\/site\/wp-json\/wp\/v2\/comments?post=43060"}],"version-history":[{"count":0,"href":"https:\/\/www.altominho.tv\/site\/wp-json\/wp\/v2\/posts\/43060\/revisions"}],"wp:featuredmedia":[{"embeddable":true,"href":"https:\/\/www.altominho.tv\/site\/wp-json\/wp\/v2\/media\/43063"}],"wp:attachment":[{"href":"https:\/\/www.altominho.tv\/site\/wp-json\/wp\/v2\/media?parent=43060"}],"wp:term":[{"taxonomy":"category","embeddable":true,"href":"https:\/\/www.altominho.tv\/site\/wp-json\/wp\/v2\/categories?post=43060"},{"taxonomy":"post_tag","embeddable":true,"href":"https:\/\/www.altominho.tv\/site\/wp-json\/wp\/v2\/tags?post=43060"}],"curies":[{"name":"wp","href":"https:\/\/api.w.org\/{rel}","templated":true}]}}