{"id":42710,"date":"2020-03-25T22:50:07","date_gmt":"2020-03-25T22:50:07","guid":{"rendered":"http:\/\/www.altominho.tv\/site\/?p=42710"},"modified":"2020-03-25T22:50:16","modified_gmt":"2020-03-25T22:50:16","slug":"aguas-do-alto-minho-suporta-isencoes-de-mais-de-500-mil-euros-a-empresas","status":"publish","type":"post","link":"https:\/\/www.altominho.tv\/site\/2020\/03\/25\/aguas-do-alto-minho-suporta-isencoes-de-mais-de-500-mil-euros-a-empresas\/","title":{"rendered":"\u00c1guas do Alto Minho suporta isen\u00e7\u00f5es de mais de 500 mil euros a empresas"},"content":{"rendered":"<p><strong>A empresa \u00c1guas do Alto Minho vai suportar, num &#8220;apoio&#8221; estimado em 510 mil euros, a isen\u00e7\u00e3o at\u00e9 maio das tarifas fixas pagas pelas atividades empresariais e com\u00e9rcio, para minimizar o impacto da pandemia de covid-19<\/strong>.<\/p>\n<p>Em comunicado hoje enviado \u00e0s reda\u00e7\u00f5es, a empresa de gest\u00e3o de redes de \u00e1gua em baixa e saneamento, que agrega sete dos dez concelhos do distrito de Viana do Castelo, adiantou que a medida &#8220;<strong>visa aliviar cerca de 10 mil empresas, assim como o com\u00e9rcio local e todas as atividades prestadoras de servi\u00e7os, que t\u00eam sido visadas pelas medidas de conten\u00e7\u00e3o do Covid-19<\/strong>&#8220;.<\/p>\n<p>Na nota, a empresa especifica que, &#8220;atrav\u00e9s da subsidia\u00e7\u00e3o dos sete munic\u00edpios parceiros, ir\u00e1 isentar as tarifas fixas de abastecimento de \u00e1gua e de saneamento de \u00e1guas residuais para utilizadores n\u00e3o-dom\u00e9sticos com contadores at\u00e9 25 mil\u00edmetros de di\u00e2metro, tendo em conta a vulnerabilidade e da debilidade econ\u00f3mica que est\u00e1 a afetar as empresas do Alto Minho na sequ\u00eancia da declara\u00e7\u00e3o de estado de emerg\u00eancia&#8221;.<\/p>\n<p>&#8220;Esta isen\u00e7\u00e3o \u00e9 aplic\u00e1vel aos consumos realizados em mar\u00e7o, abril e maio de 2020 e incidir\u00e1 igualmente nas tarifas fixas de res\u00edduos s\u00f3lidos&#8221;.<\/p>\n<p>A \u00c1guas do Alto Minho \u00e9 detida em 51% pela \u00c1guas de Portugal (AdP) e em 49% por sete munic\u00edpios do distrito de Viana do Castelo (Arcos de Valdevez, Caminha, Paredes de Coura, Ponte de Lima, Valen\u00e7a, Viana do Castelo e Vila Nova de Cerveira), que comp\u00f5em a Comunidade Intermunicipal (CIM) do Alto Minho.<\/p>\n<p>Tr\u00eas concelhos do distrito &#8211; Ponte da Barca, Mon\u00e7\u00e3o e Melga\u00e7o &#8211; reprovaram a constitui\u00e7\u00e3o daquela parceria.<\/p>\n<p>Formalizada em julho de 2019, a empresa come\u00e7ou a operar no dia 01 de janeiro, servindo 100 mil clientes com abastecimento de \u00e1gua, em baixa, e saneamento de \u00e1guas residuais.<\/p>\n","protected":false},"excerpt":{"rendered":"<p>A empresa \u00c1guas do Alto Minho vai suportar, num &#8220;apoio&#8221; estimado em 510 mil euros, a isen\u00e7\u00e3o at\u00e9 maio das tarifas fixas pagas pelas atividades empresariais e com\u00e9rcio, para minimizar o impacto da pandemia de covid-19. Em comunicado hoje enviado \u00e0s reda\u00e7\u00f5es, a empresa de gest\u00e3o de redes de \u00e1gua em baixa e saneamento, que [&hellip;]<\/p>\n","protected":false},"author":1,"featured_media":41521,"comment_status":"closed","ping_status":"closed","sticky":false,"template":"","format":"standard","meta":{"_exactmetrics_skip_tracking":false,"_exactmetrics_sitenote_active":false,"_exactmetrics_sitenote_note":"","_exactmetrics_sitenote_category":0,"footnotes":""},"categories":[73],"tags":[21,27],"class_list":["post-42710","post","type-post","status-publish","format-standard","has-post-thumbnail","hentry","category-alto-minho","tag-economia","tag-sociedade"],"yoast_head":"<!-- This site is optimized with the Yoast SEO Premium plugin v27.5 (Yoast SEO v27.5) - https:\/\/yoast.com\/product\/yoast-seo-premium-wordpress\/ -->\n<title>\u00c1guas do Alto Minho suporta isen\u00e7\u00f5es de mais de 500 mil euros a empresas<\/title>\n<meta name=\"robots\" content=\"index, follow, max-snippet:-1, max-image-preview:large, max-video-preview:-1\" \/>\n<link rel=\"canonical\" href=\"https:\/\/www.altominho.tv\/site\/2020\/03\/25\/aguas-do-alto-minho-suporta-isencoes-de-mais-de-500-mil-euros-a-empresas\/\" \/>\n<meta property=\"og:locale\" content=\"pt_PT\" \/>\n<meta property=\"og:type\" content=\"article\" \/>\n<meta property=\"og:title\" content=\"\u00c1guas do Alto Minho suporta isen\u00e7\u00f5es de mais de 500 mil euros a empresas\" \/>\n<meta property=\"og:description\" content=\"A empresa \u00c1guas do Alto Minho vai suportar, num &#8220;apoio&#8221; estimado em 510 mil euros, a isen\u00e7\u00e3o at\u00e9 maio das tarifas fixas pagas pelas atividades empresariais e com\u00e9rcio, para minimizar o impacto da pandemia de covid-19. Em comunicado hoje enviado \u00e0s reda\u00e7\u00f5es, a empresa de gest\u00e3o de redes de \u00e1gua em baixa e saneamento, que [&hellip;]\" \/>\n<meta property=\"og:url\" content=\"https:\/\/www.altominho.tv\/site\/2020\/03\/25\/aguas-do-alto-minho-suporta-isencoes-de-mais-de-500-mil-euros-a-empresas\/\" \/>\n<meta property=\"og:site_name\" content=\"Altominho.tv\" \/>\n<meta property=\"article:publisher\" content=\"https:\/\/www.facebook.com\/altominhotv\" \/>\n<meta property=\"article:published_time\" content=\"2020-03-25T22:50:07+00:00\" \/>\n<meta property=\"article:modified_time\" content=\"2020-03-25T22:50:16+00:00\" \/>\n<meta property=\"og:image\" content=\"https:\/\/www.altominho.tv\/site\/wp-content\/uploads\/2020\/03\/water-2825771_1920.jpg\" \/>\n\t<meta property=\"og:image:width\" content=\"1920\" \/>\n\t<meta property=\"og:image:height\" content=\"1265\" \/>\n\t<meta property=\"og:image:type\" content=\"image\/jpeg\" \/>\n<meta name=\"author\" content=\"Altominho.tv\" \/>\n<meta name=\"twitter:card\" content=\"summary_large_image\" \/>\n<meta name=\"twitter:creator\" content=\"@altominhoTV\" \/>\n<meta name=\"twitter:site\" content=\"@altominhoTV\" \/>\n<meta name=\"twitter:label1\" content=\"Escrito por\" \/>\n\t<meta name=\"twitter:data1\" content=\"Altominho.tv\" \/>\n\t<meta name=\"twitter:label2\" content=\"Tempo estimado de leitura\" \/>\n\t<meta name=\"twitter:data2\" content=\"2 minutos\" \/>\n<script type=\"application\/ld+json\" class=\"yoast-schema-graph\">{\"@context\":\"https:\\\/\\\/schema.org\",\"@graph\":[{\"@type\":\"Article\",\"@id\":\"https:\\\/\\\/www.altominho.tv\\\/site\\\/2020\\\/03\\\/25\\\/aguas-do-alto-minho-suporta-isencoes-de-mais-de-500-mil-euros-a-empresas\\\/#article\",\"isPartOf\":{\"@id\":\"https:\\\/\\\/www.altominho.tv\\\/site\\\/2020\\\/03\\\/25\\\/aguas-do-alto-minho-suporta-isencoes-de-mais-de-500-mil-euros-a-empresas\\\/\"},\"author\":{\"name\":\"Altominho.tv\",\"@id\":\"https:\\\/\\\/www.altominho.tv\\\/site\\\/#\\\/schema\\\/person\\\/4e536851627d7914baf3dac752b6af22\"},\"headline\":\"\u00c1guas do Alto Minho suporta isen\u00e7\u00f5es de mais de 500 mil euros a empresas\",\"datePublished\":\"2020-03-25T22:50:07+00:00\",\"dateModified\":\"2020-03-25T22:50:16+00:00\",\"mainEntityOfPage\":{\"@id\":\"https:\\\/\\\/www.altominho.tv\\\/site\\\/2020\\\/03\\\/25\\\/aguas-do-alto-minho-suporta-isencoes-de-mais-de-500-mil-euros-a-empresas\\\/\"},\"wordCount\":322,\"image\":{\"@id\":\"https:\\\/\\\/www.altominho.tv\\\/site\\\/2020\\\/03\\\/25\\\/aguas-do-alto-minho-suporta-isencoes-de-mais-de-500-mil-euros-a-empresas\\\/#primaryimage\"},\"thumbnailUrl\":\"https:\\\/\\\/www.altominho.tv\\\/site\\\/wp-content\\\/uploads\\\/2020\\\/03\\\/water-2825771_1920.jpg\",\"keywords\":[\"Economia\",\"Sociedade\"],\"articleSection\":[\"Alto Minho\"],\"inLanguage\":\"pt-PT\",\"copyrightYear\":\"2020\",\"copyrightHolder\":{\"@id\":\"https:\\\/\\\/www.altominho.tv\\\/site\\\/#organization\"}},{\"@type\":\"WebPage\",\"@id\":\"https:\\\/\\\/www.altominho.tv\\\/site\\\/2020\\\/03\\\/25\\\/aguas-do-alto-minho-suporta-isencoes-de-mais-de-500-mil-euros-a-empresas\\\/\",\"url\":\"https:\\\/\\\/www.altominho.tv\\\/site\\\/2020\\\/03\\\/25\\\/aguas-do-alto-minho-suporta-isencoes-de-mais-de-500-mil-euros-a-empresas\\\/\",\"name\":\"\u00c1guas do Alto Minho suporta isen\u00e7\u00f5es de mais de 500 mil euros a empresas\",\"isPartOf\":{\"@id\":\"https:\\\/\\\/www.altominho.tv\\\/site\\\/#website\"},\"primaryImageOfPage\":{\"@id\":\"https:\\\/\\\/www.altominho.tv\\\/site\\\/2020\\\/03\\\/25\\\/aguas-do-alto-minho-suporta-isencoes-de-mais-de-500-mil-euros-a-empresas\\\/#primaryimage\"},\"image\":{\"@id\":\"https:\\\/\\\/www.altominho.tv\\\/site\\\/2020\\\/03\\\/25\\\/aguas-do-alto-minho-suporta-isencoes-de-mais-de-500-mil-euros-a-empresas\\\/#primaryimage\"},\"thumbnailUrl\":\"https:\\\/\\\/www.altominho.tv\\\/site\\\/wp-content\\\/uploads\\\/2020\\\/03\\\/water-2825771_1920.jpg\",\"datePublished\":\"2020-03-25T22:50:07+00:00\",\"dateModified\":\"2020-03-25T22:50:16+00:00\",\"author\":{\"@id\":\"https:\\\/\\\/www.altominho.tv\\\/site\\\/#\\\/schema\\\/person\\\/4e536851627d7914baf3dac752b6af22\"},\"breadcrumb\":{\"@id\":\"https:\\\/\\\/www.altominho.tv\\\/site\\\/2020\\\/03\\\/25\\\/aguas-do-alto-minho-suporta-isencoes-de-mais-de-500-mil-euros-a-empresas\\\/#breadcrumb\"},\"inLanguage\":\"pt-PT\",\"potentialAction\":[{\"@type\":\"ReadAction\",\"target\":[\"https:\\\/\\\/www.altominho.tv\\\/site\\\/2020\\\/03\\\/25\\\/aguas-do-alto-minho-suporta-isencoes-de-mais-de-500-mil-euros-a-empresas\\\/\"]}]},{\"@type\":\"ImageObject\",\"inLanguage\":\"pt-PT\",\"@id\":\"https:\\\/\\\/www.altominho.tv\\\/site\\\/2020\\\/03\\\/25\\\/aguas-do-alto-minho-suporta-isencoes-de-mais-de-500-mil-euros-a-empresas\\\/#primaryimage\",\"url\":\"https:\\\/\\\/www.altominho.tv\\\/site\\\/wp-content\\\/uploads\\\/2020\\\/03\\\/water-2825771_1920.jpg\",\"contentUrl\":\"https:\\\/\\\/www.altominho.tv\\\/site\\\/wp-content\\\/uploads\\\/2020\\\/03\\\/water-2825771_1920.jpg\",\"width\":1920,\"height\":1265,\"caption\":\"PIXABAY\"},{\"@type\":\"BreadcrumbList\",\"@id\":\"https:\\\/\\\/www.altominho.tv\\\/site\\\/2020\\\/03\\\/25\\\/aguas-do-alto-minho-suporta-isencoes-de-mais-de-500-mil-euros-a-empresas\\\/#breadcrumb\",\"itemListElement\":[{\"@type\":\"ListItem\",\"position\":1,\"name\":\"In\u00edcio\",\"item\":\"https:\\\/\\\/www.altominho.tv\\\/site\\\/\"},{\"@type\":\"ListItem\",\"position\":2,\"name\":\"\u00c1guas do Alto Minho suporta isen\u00e7\u00f5es de mais de 500 mil euros a empresas\"}]},{\"@type\":\"WebSite\",\"@id\":\"https:\\\/\\\/www.altominho.tv\\\/site\\\/#website\",\"url\":\"https:\\\/\\\/www.altominho.tv\\\/site\\\/\",\"name\":\"Altominho.tv\",\"description\":\"A sua regi\u00e3o \u00e0 dist\u00e2ncia de um clique...\",\"potentialAction\":[{\"@type\":\"SearchAction\",\"target\":{\"@type\":\"EntryPoint\",\"urlTemplate\":\"https:\\\/\\\/www.altominho.tv\\\/site\\\/?s={search_term_string}\"},\"query-input\":{\"@type\":\"PropertyValueSpecification\",\"valueRequired\":true,\"valueName\":\"search_term_string\"}}],\"inLanguage\":\"pt-PT\"},{\"@type\":\"Person\",\"@id\":\"https:\\\/\\\/www.altominho.tv\\\/site\\\/#\\\/schema\\\/person\\\/4e536851627d7914baf3dac752b6af22\",\"name\":\"Altominho.tv\",\"image\":{\"@type\":\"ImageObject\",\"inLanguage\":\"pt-PT\",\"@id\":\"https:\\\/\\\/www.altominho.tv\\\/site\\\/wp-content\\\/uploads\\\/2019\\\/11\\\/Logo_Avatar_2-150x150.jpg\",\"url\":\"https:\\\/\\\/www.altominho.tv\\\/site\\\/wp-content\\\/uploads\\\/2019\\\/11\\\/Logo_Avatar_2-150x150.jpg\",\"contentUrl\":\"https:\\\/\\\/www.altominho.tv\\\/site\\\/wp-content\\\/uploads\\\/2019\\\/11\\\/Logo_Avatar_2-150x150.jpg\",\"caption\":\"Altominho.tv\"},\"url\":\"https:\\\/\\\/www.altominho.tv\\\/site\\\/author\\\/altominhotv-tecnico\\\/\"}]}<\/script>\n<!-- \/ Yoast SEO Premium plugin. -->","yoast_head_json":{"title":"\u00c1guas do Alto Minho suporta isen\u00e7\u00f5es de mais de 500 mil euros a empresas","robots":{"index":"index","follow":"follow","max-snippet":"max-snippet:-1","max-image-preview":"max-image-preview:large","max-video-preview":"max-video-preview:-1"},"canonical":"https:\/\/www.altominho.tv\/site\/2020\/03\/25\/aguas-do-alto-minho-suporta-isencoes-de-mais-de-500-mil-euros-a-empresas\/","og_locale":"pt_PT","og_type":"article","og_title":"\u00c1guas do Alto Minho suporta isen\u00e7\u00f5es de mais de 500 mil euros a empresas","og_description":"A empresa \u00c1guas do Alto Minho vai suportar, num &#8220;apoio&#8221; estimado em 510 mil euros, a isen\u00e7\u00e3o at\u00e9 maio das tarifas fixas pagas pelas atividades empresariais e com\u00e9rcio, para minimizar o impacto da pandemia de covid-19. Em comunicado hoje enviado \u00e0s reda\u00e7\u00f5es, a empresa de gest\u00e3o de redes de \u00e1gua em baixa e saneamento, que [&hellip;]","og_url":"https:\/\/www.altominho.tv\/site\/2020\/03\/25\/aguas-do-alto-minho-suporta-isencoes-de-mais-de-500-mil-euros-a-empresas\/","og_site_name":"Altominho.tv","article_publisher":"https:\/\/www.facebook.com\/altominhotv","article_published_time":"2020-03-25T22:50:07+00:00","article_modified_time":"2020-03-25T22:50:16+00:00","og_image":[{"width":1920,"height":1265,"url":"https:\/\/www.altominho.tv\/site\/wp-content\/uploads\/2020\/03\/water-2825771_1920.jpg","type":"image\/jpeg"}],"author":"Altominho.tv","twitter_card":"summary_large_image","twitter_creator":"@altominhoTV","twitter_site":"@altominhoTV","twitter_misc":{"Escrito por":"Altominho.tv","Tempo estimado de leitura":"2 minutos"},"schema":{"@context":"https:\/\/schema.org","@graph":[{"@type":"Article","@id":"https:\/\/www.altominho.tv\/site\/2020\/03\/25\/aguas-do-alto-minho-suporta-isencoes-de-mais-de-500-mil-euros-a-empresas\/#article","isPartOf":{"@id":"https:\/\/www.altominho.tv\/site\/2020\/03\/25\/aguas-do-alto-minho-suporta-isencoes-de-mais-de-500-mil-euros-a-empresas\/"},"author":{"name":"Altominho.tv","@id":"https:\/\/www.altominho.tv\/site\/#\/schema\/person\/4e536851627d7914baf3dac752b6af22"},"headline":"\u00c1guas do Alto Minho suporta isen\u00e7\u00f5es de mais de 500 mil euros a empresas","datePublished":"2020-03-25T22:50:07+00:00","dateModified":"2020-03-25T22:50:16+00:00","mainEntityOfPage":{"@id":"https:\/\/www.altominho.tv\/site\/2020\/03\/25\/aguas-do-alto-minho-suporta-isencoes-de-mais-de-500-mil-euros-a-empresas\/"},"wordCount":322,"image":{"@id":"https:\/\/www.altominho.tv\/site\/2020\/03\/25\/aguas-do-alto-minho-suporta-isencoes-de-mais-de-500-mil-euros-a-empresas\/#primaryimage"},"thumbnailUrl":"https:\/\/www.altominho.tv\/site\/wp-content\/uploads\/2020\/03\/water-2825771_1920.jpg","keywords":["Economia","Sociedade"],"articleSection":["Alto Minho"],"inLanguage":"pt-PT","copyrightYear":"2020","copyrightHolder":{"@id":"https:\/\/www.altominho.tv\/site\/#organization"}},{"@type":"WebPage","@id":"https:\/\/www.altominho.tv\/site\/2020\/03\/25\/aguas-do-alto-minho-suporta-isencoes-de-mais-de-500-mil-euros-a-empresas\/","url":"https:\/\/www.altominho.tv\/site\/2020\/03\/25\/aguas-do-alto-minho-suporta-isencoes-de-mais-de-500-mil-euros-a-empresas\/","name":"\u00c1guas do Alto Minho suporta isen\u00e7\u00f5es de mais de 500 mil euros a empresas","isPartOf":{"@id":"https:\/\/www.altominho.tv\/site\/#website"},"primaryImageOfPage":{"@id":"https:\/\/www.altominho.tv\/site\/2020\/03\/25\/aguas-do-alto-minho-suporta-isencoes-de-mais-de-500-mil-euros-a-empresas\/#primaryimage"},"image":{"@id":"https:\/\/www.altominho.tv\/site\/2020\/03\/25\/aguas-do-alto-minho-suporta-isencoes-de-mais-de-500-mil-euros-a-empresas\/#primaryimage"},"thumbnailUrl":"https:\/\/www.altominho.tv\/site\/wp-content\/uploads\/2020\/03\/water-2825771_1920.jpg","datePublished":"2020-03-25T22:50:07+00:00","dateModified":"2020-03-25T22:50:16+00:00","author":{"@id":"https:\/\/www.altominho.tv\/site\/#\/schema\/person\/4e536851627d7914baf3dac752b6af22"},"breadcrumb":{"@id":"https:\/\/www.altominho.tv\/site\/2020\/03\/25\/aguas-do-alto-minho-suporta-isencoes-de-mais-de-500-mil-euros-a-empresas\/#breadcrumb"},"inLanguage":"pt-PT","potentialAction":[{"@type":"ReadAction","target":["https:\/\/www.altominho.tv\/site\/2020\/03\/25\/aguas-do-alto-minho-suporta-isencoes-de-mais-de-500-mil-euros-a-empresas\/"]}]},{"@type":"ImageObject","inLanguage":"pt-PT","@id":"https:\/\/www.altominho.tv\/site\/2020\/03\/25\/aguas-do-alto-minho-suporta-isencoes-de-mais-de-500-mil-euros-a-empresas\/#primaryimage","url":"https:\/\/www.altominho.tv\/site\/wp-content\/uploads\/2020\/03\/water-2825771_1920.jpg","contentUrl":"https:\/\/www.altominho.tv\/site\/wp-content\/uploads\/2020\/03\/water-2825771_1920.jpg","width":1920,"height":1265,"caption":"PIXABAY"},{"@type":"BreadcrumbList","@id":"https:\/\/www.altominho.tv\/site\/2020\/03\/25\/aguas-do-alto-minho-suporta-isencoes-de-mais-de-500-mil-euros-a-empresas\/#breadcrumb","itemListElement":[{"@type":"ListItem","position":1,"name":"In\u00edcio","item":"https:\/\/www.altominho.tv\/site\/"},{"@type":"ListItem","position":2,"name":"\u00c1guas do Alto Minho suporta isen\u00e7\u00f5es de mais de 500 mil euros a empresas"}]},{"@type":"WebSite","@id":"https:\/\/www.altominho.tv\/site\/#website","url":"https:\/\/www.altominho.tv\/site\/","name":"Altominho.tv","description":"A sua regi\u00e3o \u00e0 dist\u00e2ncia de um clique...","potentialAction":[{"@type":"SearchAction","target":{"@type":"EntryPoint","urlTemplate":"https:\/\/www.altominho.tv\/site\/?s={search_term_string}"},"query-input":{"@type":"PropertyValueSpecification","valueRequired":true,"valueName":"search_term_string"}}],"inLanguage":"pt-PT"},{"@type":"Person","@id":"https:\/\/www.altominho.tv\/site\/#\/schema\/person\/4e536851627d7914baf3dac752b6af22","name":"Altominho.tv","image":{"@type":"ImageObject","inLanguage":"pt-PT","@id":"https:\/\/www.altominho.tv\/site\/wp-content\/uploads\/2019\/11\/Logo_Avatar_2-150x150.jpg","url":"https:\/\/www.altominho.tv\/site\/wp-content\/uploads\/2019\/11\/Logo_Avatar_2-150x150.jpg","contentUrl":"https:\/\/www.altominho.tv\/site\/wp-content\/uploads\/2019\/11\/Logo_Avatar_2-150x150.jpg","caption":"Altominho.tv"},"url":"https:\/\/www.altominho.tv\/site\/author\/altominhotv-tecnico\/"}]}},"_links":{"self":[{"href":"https:\/\/www.altominho.tv\/site\/wp-json\/wp\/v2\/posts\/42710","targetHints":{"allow":["GET"]}}],"collection":[{"href":"https:\/\/www.altominho.tv\/site\/wp-json\/wp\/v2\/posts"}],"about":[{"href":"https:\/\/www.altominho.tv\/site\/wp-json\/wp\/v2\/types\/post"}],"author":[{"embeddable":true,"href":"https:\/\/www.altominho.tv\/site\/wp-json\/wp\/v2\/users\/1"}],"replies":[{"embeddable":true,"href":"https:\/\/www.altominho.tv\/site\/wp-json\/wp\/v2\/comments?post=42710"}],"version-history":[{"count":0,"href":"https:\/\/www.altominho.tv\/site\/wp-json\/wp\/v2\/posts\/42710\/revisions"}],"wp:featuredmedia":[{"embeddable":true,"href":"https:\/\/www.altominho.tv\/site\/wp-json\/wp\/v2\/media\/41521"}],"wp:attachment":[{"href":"https:\/\/www.altominho.tv\/site\/wp-json\/wp\/v2\/media?parent=42710"}],"wp:term":[{"taxonomy":"category","embeddable":true,"href":"https:\/\/www.altominho.tv\/site\/wp-json\/wp\/v2\/categories?post=42710"},{"taxonomy":"post_tag","embeddable":true,"href":"https:\/\/www.altominho.tv\/site\/wp-json\/wp\/v2\/tags?post=42710"}],"curies":[{"name":"wp","href":"https:\/\/api.w.org\/{rel}","templated":true}]}}