{"id":42676,"date":"2020-03-25T15:19:16","date_gmt":"2020-03-25T15:19:16","guid":{"rendered":"http:\/\/www.altominho.tv\/site\/?p=42676"},"modified":"2020-03-25T15:19:23","modified_gmt":"2020-03-25T15:19:23","slug":"espanha-muito-perto-do-pico-da-doenca-ministerio-da-saude","status":"publish","type":"post","link":"https:\/\/www.altominho.tv\/site\/2020\/03\/25\/espanha-muito-perto-do-pico-da-doenca-ministerio-da-saude\/","title":{"rendered":"Espanha muito perto do pico da doen\u00e7a &#8211; Minist\u00e9rio da Sa\u00fade"},"content":{"rendered":"\n<p>Um respons\u00e1vel do Minist\u00e9rio da Sa\u00fade de Espanha considerou hoje em Madrid que a evolu\u00e7\u00e3o de casos com o novo coronav\u00edrus verificada nos \u00faltimos dias indica que o pa\u00eds est\u00e1 \u201cmuito perto&#8221; do pico da pandemia.<\/p>\n\n\n\n<p>&#8220;\u00c9 dif\u00edcil saber o momento exato em que nos encontramos com os dados que temos. Neste momento, com a evolu\u00e7\u00e3o do aumento dos casos, se ainda n\u00e3o estamos no auge, estamos muito perto&#8221;, sublinhou o diretor do Centro de Coordena\u00e7\u00e3o de Alertas e Emerg\u00eancias Sanit\u00e1rias, Fernando Sim\u00f3n.<\/p>\n\n\n\n<p>O respons\u00e1vel do Minist\u00e9rio da Sa\u00fade insistiu que o aumento di\u00e1rio das mortes se estabilizou: &#8220;O que implica que n\u00e3o estamos longe desse pico nacional&#8221;, disse.<\/p>\n\n\n\n<p>Fernando Sim\u00f3n defendeu que as tend\u00eancias observadas indicam que Espanha n\u00e3o est\u00e1 a andar para tr\u00e1s, mas sim a aproximar-se do pico (ponto mais alto) da curva epid\u00e9mica e que quando o n\u00famero de novos casos come\u00e7ar&nbsp;a descer \u00e9 necess\u00e1rio continuar com as medidas e manter &#8220;a tens\u00e3o durante mais tempo&#8221;, para acabar com a covid-19.<\/p>\n\n\n\n<p>O n\u00famero de mortos em Espanha devido \u00e0 pandemia de covid-19 ultrapassou hoje o da China continental, com um total de 3.434 v\u00edtimas mortais, segundo a atualiza\u00e7\u00e3o di\u00e1ria feita pelas autoridades de sa\u00fade do pa\u00eds.<\/p>\n\n\n\n<p>De acordo com os n\u00fameros do Minist\u00e9rio da Sa\u00fade, Espanha registou, nas \u00faltimas 24 horas, 738 mortos com o novo coronav\u00edrus e um aumento de 7.937 no n\u00famero de infetados.<\/p>\n\n\n\n<p>Desde o in\u00edcio da pandemia, o pa\u00eds teve um total de 47.610 casos de covid-19, dos quais 3.434 morreram e 5.367 tiveram alta e s\u00e3o considerados como curados.<\/p>\n\n\n\n<p>Na totalidade do pa\u00eds, h\u00e1 26.960 pessoas hospitalizadas, das quais 3.166 em unidades de cuidados intensivos.<\/p>\n\n\n\n<p>O novo coronav\u00edrus, respons\u00e1vel pela pandemia da covid-19, j\u00e1 infetou perto de 428 mil pessoas em todo o mundo, das quais morreram mais de 19.000.<\/p>\n\n\n\n<p>Depois de surgir na China, em dezembro, o surto espalhou-se por todo o mundo, o que levou a Organiza\u00e7\u00e3o Mundial da Sa\u00fade (OMS) a declarar uma situa\u00e7\u00e3o de pandemia.<\/p>\n\n\n\n<p>O continente europeu, com mais de 226.000 casos, \u00e9 aquele onde est\u00e1 a surgir atualmente o maior n\u00famero de casos, e a It\u00e1lia \u00e9 o pa\u00eds do mundo com mais v\u00edtimas mortais, com 6.820 mortos em 69.176 casos registados at\u00e9 ter\u00e7a-feira.<\/p>\n","protected":false},"excerpt":{"rendered":"<p>Um respons\u00e1vel do Minist\u00e9rio da Sa\u00fade de Espanha considerou hoje em Madrid que a evolu\u00e7\u00e3o de casos com o novo coronav\u00edrus verificada nos \u00faltimos dias indica que o pa\u00eds est\u00e1 \u201cmuito perto&#8221; do pico da pandemia. &#8220;\u00c9 dif\u00edcil saber o momento exato em que nos encontramos com os dados que temos. Neste momento, com a [&hellip;]<\/p>\n","protected":false},"author":16,"featured_media":41984,"comment_status":"closed","ping_status":"closed","sticky":false,"template":"","format":"standard","meta":{"_exactmetrics_skip_tracking":false,"_exactmetrics_sitenote_active":false,"_exactmetrics_sitenote_note":"","_exactmetrics_sitenote_category":0,"footnotes":""},"categories":[42722],"tags":[26,27],"class_list":["post-42676","post","type-post","status-publish","format-standard","has-post-thumbnail","hentry","category-covid-19","tag-saude","tag-sociedade"],"yoast_head":"<!-- This site is optimized with the Yoast SEO Premium plugin v27.5 (Yoast SEO v27.5) - https:\/\/yoast.com\/product\/yoast-seo-premium-wordpress\/ -->\n<title>Espanha muito perto do pico da doen\u00e7a - Minist\u00e9rio da Sa\u00fade<\/title>\n<meta name=\"robots\" content=\"index, follow, max-snippet:-1, max-image-preview:large, max-video-preview:-1\" \/>\n<link rel=\"canonical\" href=\"https:\/\/www.altominho.tv\/site\/2020\/03\/25\/espanha-muito-perto-do-pico-da-doenca-ministerio-da-saude\/\" \/>\n<meta property=\"og:locale\" content=\"pt_PT\" \/>\n<meta property=\"og:type\" content=\"article\" \/>\n<meta property=\"og:title\" content=\"Espanha muito perto do pico da doen\u00e7a - Minist\u00e9rio da Sa\u00fade\" \/>\n<meta property=\"og:description\" content=\"Um respons\u00e1vel do Minist\u00e9rio da Sa\u00fade de Espanha considerou hoje em Madrid que a evolu\u00e7\u00e3o de casos com o novo coronav\u00edrus verificada nos \u00faltimos dias indica que o pa\u00eds est\u00e1 \u201cmuito perto&#8221; do pico da pandemia. &#8220;\u00c9 dif\u00edcil saber o momento exato em que nos encontramos com os dados que temos. Neste momento, com a [&hellip;]\" \/>\n<meta property=\"og:url\" content=\"https:\/\/www.altominho.tv\/site\/2020\/03\/25\/espanha-muito-perto-do-pico-da-doenca-ministerio-da-saude\/\" \/>\n<meta property=\"og:site_name\" content=\"Altominho.tv\" \/>\n<meta property=\"article:publisher\" content=\"https:\/\/www.facebook.com\/altominhotv\" \/>\n<meta property=\"article:published_time\" content=\"2020-03-25T15:19:16+00:00\" \/>\n<meta property=\"article:modified_time\" content=\"2020-03-25T15:19:23+00:00\" \/>\n<meta property=\"og:image\" content=\"https:\/\/www.altominho.tv\/site\/wp-content\/uploads\/2020\/03\/covid-19-1.jpg\" \/>\n\t<meta property=\"og:image:width\" content=\"1500\" \/>\n\t<meta property=\"og:image:height\" content=\"844\" \/>\n\t<meta property=\"og:image:type\" content=\"image\/jpeg\" \/>\n<meta name=\"author\" content=\"Andreia Cunha | Lusa\" \/>\n<meta name=\"twitter:card\" content=\"summary_large_image\" \/>\n<meta name=\"twitter:creator\" content=\"@altominhoTV\" \/>\n<meta name=\"twitter:site\" content=\"@altominhoTV\" \/>\n<meta name=\"twitter:label1\" content=\"Escrito por\" \/>\n\t<meta name=\"twitter:data1\" content=\"Andreia Cunha | Lusa\" \/>\n\t<meta name=\"twitter:label2\" content=\"Tempo estimado de leitura\" \/>\n\t<meta name=\"twitter:data2\" content=\"2 minutos\" \/>\n<script type=\"application\/ld+json\" class=\"yoast-schema-graph\">{\"@context\":\"https:\\\/\\\/schema.org\",\"@graph\":[{\"@type\":\"Article\",\"@id\":\"https:\\\/\\\/www.altominho.tv\\\/site\\\/2020\\\/03\\\/25\\\/espanha-muito-perto-do-pico-da-doenca-ministerio-da-saude\\\/#article\",\"isPartOf\":{\"@id\":\"https:\\\/\\\/www.altominho.tv\\\/site\\\/2020\\\/03\\\/25\\\/espanha-muito-perto-do-pico-da-doenca-ministerio-da-saude\\\/\"},\"author\":{\"name\":\"Andreia Cunha | Lusa\",\"@id\":\"https:\\\/\\\/www.altominho.tv\\\/site\\\/#\\\/schema\\\/person\\\/dbaf181c01b51ff40c9f461a905d321e\"},\"headline\":\"Espanha muito perto do pico da doen\u00e7a &#8211; Minist\u00e9rio da Sa\u00fade\",\"datePublished\":\"2020-03-25T15:19:16+00:00\",\"dateModified\":\"2020-03-25T15:19:23+00:00\",\"mainEntityOfPage\":{\"@id\":\"https:\\\/\\\/www.altominho.tv\\\/site\\\/2020\\\/03\\\/25\\\/espanha-muito-perto-do-pico-da-doenca-ministerio-da-saude\\\/\"},\"wordCount\":418,\"image\":{\"@id\":\"https:\\\/\\\/www.altominho.tv\\\/site\\\/2020\\\/03\\\/25\\\/espanha-muito-perto-do-pico-da-doenca-ministerio-da-saude\\\/#primaryimage\"},\"thumbnailUrl\":\"https:\\\/\\\/www.altominho.tv\\\/site\\\/wp-content\\\/uploads\\\/2020\\\/03\\\/covid-19-1.jpg\",\"keywords\":[\"Sa\u00fade\",\"Sociedade\"],\"articleSection\":[\"Coronav\u00edrus\"],\"inLanguage\":\"pt-PT\",\"copyrightYear\":\"2020\",\"copyrightHolder\":{\"@id\":\"https:\\\/\\\/www.altominho.tv\\\/site\\\/#organization\"}},{\"@type\":\"WebPage\",\"@id\":\"https:\\\/\\\/www.altominho.tv\\\/site\\\/2020\\\/03\\\/25\\\/espanha-muito-perto-do-pico-da-doenca-ministerio-da-saude\\\/\",\"url\":\"https:\\\/\\\/www.altominho.tv\\\/site\\\/2020\\\/03\\\/25\\\/espanha-muito-perto-do-pico-da-doenca-ministerio-da-saude\\\/\",\"name\":\"Espanha muito perto do pico da doen\u00e7a - Minist\u00e9rio da Sa\u00fade\",\"isPartOf\":{\"@id\":\"https:\\\/\\\/www.altominho.tv\\\/site\\\/#website\"},\"primaryImageOfPage\":{\"@id\":\"https:\\\/\\\/www.altominho.tv\\\/site\\\/2020\\\/03\\\/25\\\/espanha-muito-perto-do-pico-da-doenca-ministerio-da-saude\\\/#primaryimage\"},\"image\":{\"@id\":\"https:\\\/\\\/www.altominho.tv\\\/site\\\/2020\\\/03\\\/25\\\/espanha-muito-perto-do-pico-da-doenca-ministerio-da-saude\\\/#primaryimage\"},\"thumbnailUrl\":\"https:\\\/\\\/www.altominho.tv\\\/site\\\/wp-content\\\/uploads\\\/2020\\\/03\\\/covid-19-1.jpg\",\"datePublished\":\"2020-03-25T15:19:16+00:00\",\"dateModified\":\"2020-03-25T15:19:23+00:00\",\"author\":{\"@id\":\"https:\\\/\\\/www.altominho.tv\\\/site\\\/#\\\/schema\\\/person\\\/dbaf181c01b51ff40c9f461a905d321e\"},\"breadcrumb\":{\"@id\":\"https:\\\/\\\/www.altominho.tv\\\/site\\\/2020\\\/03\\\/25\\\/espanha-muito-perto-do-pico-da-doenca-ministerio-da-saude\\\/#breadcrumb\"},\"inLanguage\":\"pt-PT\",\"potentialAction\":[{\"@type\":\"ReadAction\",\"target\":[\"https:\\\/\\\/www.altominho.tv\\\/site\\\/2020\\\/03\\\/25\\\/espanha-muito-perto-do-pico-da-doenca-ministerio-da-saude\\\/\"]}]},{\"@type\":\"ImageObject\",\"inLanguage\":\"pt-PT\",\"@id\":\"https:\\\/\\\/www.altominho.tv\\\/site\\\/2020\\\/03\\\/25\\\/espanha-muito-perto-do-pico-da-doenca-ministerio-da-saude\\\/#primaryimage\",\"url\":\"https:\\\/\\\/www.altominho.tv\\\/site\\\/wp-content\\\/uploads\\\/2020\\\/03\\\/covid-19-1.jpg\",\"contentUrl\":\"https:\\\/\\\/www.altominho.tv\\\/site\\\/wp-content\\\/uploads\\\/2020\\\/03\\\/covid-19-1.jpg\",\"width\":1500,\"height\":844},{\"@type\":\"BreadcrumbList\",\"@id\":\"https:\\\/\\\/www.altominho.tv\\\/site\\\/2020\\\/03\\\/25\\\/espanha-muito-perto-do-pico-da-doenca-ministerio-da-saude\\\/#breadcrumb\",\"itemListElement\":[{\"@type\":\"ListItem\",\"position\":1,\"name\":\"In\u00edcio\",\"item\":\"https:\\\/\\\/www.altominho.tv\\\/site\\\/\"},{\"@type\":\"ListItem\",\"position\":2,\"name\":\"Espanha muito perto do pico da doen\u00e7a &#8211; Minist\u00e9rio da Sa\u00fade\"}]},{\"@type\":\"WebSite\",\"@id\":\"https:\\\/\\\/www.altominho.tv\\\/site\\\/#website\",\"url\":\"https:\\\/\\\/www.altominho.tv\\\/site\\\/\",\"name\":\"Altominho.tv\",\"description\":\"A sua regi\u00e3o \u00e0 dist\u00e2ncia de um clique...\",\"potentialAction\":[{\"@type\":\"SearchAction\",\"target\":{\"@type\":\"EntryPoint\",\"urlTemplate\":\"https:\\\/\\\/www.altominho.tv\\\/site\\\/?s={search_term_string}\"},\"query-input\":{\"@type\":\"PropertyValueSpecification\",\"valueRequired\":true,\"valueName\":\"search_term_string\"}}],\"inLanguage\":\"pt-PT\"},{\"@type\":\"Person\",\"@id\":\"https:\\\/\\\/www.altominho.tv\\\/site\\\/#\\\/schema\\\/person\\\/dbaf181c01b51ff40c9f461a905d321e\",\"name\":\"Andreia Cunha | Lusa\",\"image\":{\"@type\":\"ImageObject\",\"inLanguage\":\"pt-PT\",\"@id\":\"https:\\\/\\\/www.altominho.tv\\\/site\\\/wp-content\\\/uploads\\\/2017\\\/11\\\/Andreia_Cunha-1-150x150.jpg\",\"url\":\"https:\\\/\\\/www.altominho.tv\\\/site\\\/wp-content\\\/uploads\\\/2017\\\/11\\\/Andreia_Cunha-1-150x150.jpg\",\"contentUrl\":\"https:\\\/\\\/www.altominho.tv\\\/site\\\/wp-content\\\/uploads\\\/2017\\\/11\\\/Andreia_Cunha-1-150x150.jpg\",\"caption\":\"Andreia Cunha | Lusa\"},\"sameAs\":[\"https:\\\/\\\/www.altominho.tv\\\/site\"],\"url\":\"https:\\\/\\\/www.altominho.tv\\\/site\\\/author\\\/andreiacunhalusa\\\/\"}]}<\/script>\n<!-- \/ Yoast SEO Premium plugin. -->","yoast_head_json":{"title":"Espanha muito perto do pico da doen\u00e7a - Minist\u00e9rio da Sa\u00fade","robots":{"index":"index","follow":"follow","max-snippet":"max-snippet:-1","max-image-preview":"max-image-preview:large","max-video-preview":"max-video-preview:-1"},"canonical":"https:\/\/www.altominho.tv\/site\/2020\/03\/25\/espanha-muito-perto-do-pico-da-doenca-ministerio-da-saude\/","og_locale":"pt_PT","og_type":"article","og_title":"Espanha muito perto do pico da doen\u00e7a - Minist\u00e9rio da Sa\u00fade","og_description":"Um respons\u00e1vel do Minist\u00e9rio da Sa\u00fade de Espanha considerou hoje em Madrid que a evolu\u00e7\u00e3o de casos com o novo coronav\u00edrus verificada nos \u00faltimos dias indica que o pa\u00eds est\u00e1 \u201cmuito perto&#8221; do pico da pandemia. &#8220;\u00c9 dif\u00edcil saber o momento exato em que nos encontramos com os dados que temos. Neste momento, com a [&hellip;]","og_url":"https:\/\/www.altominho.tv\/site\/2020\/03\/25\/espanha-muito-perto-do-pico-da-doenca-ministerio-da-saude\/","og_site_name":"Altominho.tv","article_publisher":"https:\/\/www.facebook.com\/altominhotv","article_published_time":"2020-03-25T15:19:16+00:00","article_modified_time":"2020-03-25T15:19:23+00:00","og_image":[{"width":1500,"height":844,"url":"https:\/\/www.altominho.tv\/site\/wp-content\/uploads\/2020\/03\/covid-19-1.jpg","type":"image\/jpeg"}],"author":"Andreia Cunha | Lusa","twitter_card":"summary_large_image","twitter_creator":"@altominhoTV","twitter_site":"@altominhoTV","twitter_misc":{"Escrito por":"Andreia Cunha | Lusa","Tempo estimado de leitura":"2 minutos"},"schema":{"@context":"https:\/\/schema.org","@graph":[{"@type":"Article","@id":"https:\/\/www.altominho.tv\/site\/2020\/03\/25\/espanha-muito-perto-do-pico-da-doenca-ministerio-da-saude\/#article","isPartOf":{"@id":"https:\/\/www.altominho.tv\/site\/2020\/03\/25\/espanha-muito-perto-do-pico-da-doenca-ministerio-da-saude\/"},"author":{"name":"Andreia Cunha | Lusa","@id":"https:\/\/www.altominho.tv\/site\/#\/schema\/person\/dbaf181c01b51ff40c9f461a905d321e"},"headline":"Espanha muito perto do pico da doen\u00e7a &#8211; Minist\u00e9rio da Sa\u00fade","datePublished":"2020-03-25T15:19:16+00:00","dateModified":"2020-03-25T15:19:23+00:00","mainEntityOfPage":{"@id":"https:\/\/www.altominho.tv\/site\/2020\/03\/25\/espanha-muito-perto-do-pico-da-doenca-ministerio-da-saude\/"},"wordCount":418,"image":{"@id":"https:\/\/www.altominho.tv\/site\/2020\/03\/25\/espanha-muito-perto-do-pico-da-doenca-ministerio-da-saude\/#primaryimage"},"thumbnailUrl":"https:\/\/www.altominho.tv\/site\/wp-content\/uploads\/2020\/03\/covid-19-1.jpg","keywords":["Sa\u00fade","Sociedade"],"articleSection":["Coronav\u00edrus"],"inLanguage":"pt-PT","copyrightYear":"2020","copyrightHolder":{"@id":"https:\/\/www.altominho.tv\/site\/#organization"}},{"@type":"WebPage","@id":"https:\/\/www.altominho.tv\/site\/2020\/03\/25\/espanha-muito-perto-do-pico-da-doenca-ministerio-da-saude\/","url":"https:\/\/www.altominho.tv\/site\/2020\/03\/25\/espanha-muito-perto-do-pico-da-doenca-ministerio-da-saude\/","name":"Espanha muito perto do pico da doen\u00e7a - Minist\u00e9rio da Sa\u00fade","isPartOf":{"@id":"https:\/\/www.altominho.tv\/site\/#website"},"primaryImageOfPage":{"@id":"https:\/\/www.altominho.tv\/site\/2020\/03\/25\/espanha-muito-perto-do-pico-da-doenca-ministerio-da-saude\/#primaryimage"},"image":{"@id":"https:\/\/www.altominho.tv\/site\/2020\/03\/25\/espanha-muito-perto-do-pico-da-doenca-ministerio-da-saude\/#primaryimage"},"thumbnailUrl":"https:\/\/www.altominho.tv\/site\/wp-content\/uploads\/2020\/03\/covid-19-1.jpg","datePublished":"2020-03-25T15:19:16+00:00","dateModified":"2020-03-25T15:19:23+00:00","author":{"@id":"https:\/\/www.altominho.tv\/site\/#\/schema\/person\/dbaf181c01b51ff40c9f461a905d321e"},"breadcrumb":{"@id":"https:\/\/www.altominho.tv\/site\/2020\/03\/25\/espanha-muito-perto-do-pico-da-doenca-ministerio-da-saude\/#breadcrumb"},"inLanguage":"pt-PT","potentialAction":[{"@type":"ReadAction","target":["https:\/\/www.altominho.tv\/site\/2020\/03\/25\/espanha-muito-perto-do-pico-da-doenca-ministerio-da-saude\/"]}]},{"@type":"ImageObject","inLanguage":"pt-PT","@id":"https:\/\/www.altominho.tv\/site\/2020\/03\/25\/espanha-muito-perto-do-pico-da-doenca-ministerio-da-saude\/#primaryimage","url":"https:\/\/www.altominho.tv\/site\/wp-content\/uploads\/2020\/03\/covid-19-1.jpg","contentUrl":"https:\/\/www.altominho.tv\/site\/wp-content\/uploads\/2020\/03\/covid-19-1.jpg","width":1500,"height":844},{"@type":"BreadcrumbList","@id":"https:\/\/www.altominho.tv\/site\/2020\/03\/25\/espanha-muito-perto-do-pico-da-doenca-ministerio-da-saude\/#breadcrumb","itemListElement":[{"@type":"ListItem","position":1,"name":"In\u00edcio","item":"https:\/\/www.altominho.tv\/site\/"},{"@type":"ListItem","position":2,"name":"Espanha muito perto do pico da doen\u00e7a &#8211; Minist\u00e9rio da Sa\u00fade"}]},{"@type":"WebSite","@id":"https:\/\/www.altominho.tv\/site\/#website","url":"https:\/\/www.altominho.tv\/site\/","name":"Altominho.tv","description":"A sua regi\u00e3o \u00e0 dist\u00e2ncia de um clique...","potentialAction":[{"@type":"SearchAction","target":{"@type":"EntryPoint","urlTemplate":"https:\/\/www.altominho.tv\/site\/?s={search_term_string}"},"query-input":{"@type":"PropertyValueSpecification","valueRequired":true,"valueName":"search_term_string"}}],"inLanguage":"pt-PT"},{"@type":"Person","@id":"https:\/\/www.altominho.tv\/site\/#\/schema\/person\/dbaf181c01b51ff40c9f461a905d321e","name":"Andreia Cunha | Lusa","image":{"@type":"ImageObject","inLanguage":"pt-PT","@id":"https:\/\/www.altominho.tv\/site\/wp-content\/uploads\/2017\/11\/Andreia_Cunha-1-150x150.jpg","url":"https:\/\/www.altominho.tv\/site\/wp-content\/uploads\/2017\/11\/Andreia_Cunha-1-150x150.jpg","contentUrl":"https:\/\/www.altominho.tv\/site\/wp-content\/uploads\/2017\/11\/Andreia_Cunha-1-150x150.jpg","caption":"Andreia Cunha | Lusa"},"sameAs":["https:\/\/www.altominho.tv\/site"],"url":"https:\/\/www.altominho.tv\/site\/author\/andreiacunhalusa\/"}]}},"_links":{"self":[{"href":"https:\/\/www.altominho.tv\/site\/wp-json\/wp\/v2\/posts\/42676","targetHints":{"allow":["GET"]}}],"collection":[{"href":"https:\/\/www.altominho.tv\/site\/wp-json\/wp\/v2\/posts"}],"about":[{"href":"https:\/\/www.altominho.tv\/site\/wp-json\/wp\/v2\/types\/post"}],"author":[{"embeddable":true,"href":"https:\/\/www.altominho.tv\/site\/wp-json\/wp\/v2\/users\/16"}],"replies":[{"embeddable":true,"href":"https:\/\/www.altominho.tv\/site\/wp-json\/wp\/v2\/comments?post=42676"}],"version-history":[{"count":0,"href":"https:\/\/www.altominho.tv\/site\/wp-json\/wp\/v2\/posts\/42676\/revisions"}],"wp:featuredmedia":[{"embeddable":true,"href":"https:\/\/www.altominho.tv\/site\/wp-json\/wp\/v2\/media\/41984"}],"wp:attachment":[{"href":"https:\/\/www.altominho.tv\/site\/wp-json\/wp\/v2\/media?parent=42676"}],"wp:term":[{"taxonomy":"category","embeddable":true,"href":"https:\/\/www.altominho.tv\/site\/wp-json\/wp\/v2\/categories?post=42676"},{"taxonomy":"post_tag","embeddable":true,"href":"https:\/\/www.altominho.tv\/site\/wp-json\/wp\/v2\/tags?post=42676"}],"curies":[{"name":"wp","href":"https:\/\/api.w.org\/{rel}","templated":true}]}}