{"id":42673,"date":"2020-03-25T15:14:23","date_gmt":"2020-03-25T15:14:23","guid":{"rendered":"http:\/\/www.altominho.tv\/site\/?p=42673"},"modified":"2020-03-25T15:14:31","modified_gmt":"2020-03-25T15:14:31","slug":"diretora-geral-da-saude-garante-fiabilidade-dos-dados-divulgados","status":"publish","type":"post","link":"https:\/\/www.altominho.tv\/site\/2020\/03\/25\/diretora-geral-da-saude-garante-fiabilidade-dos-dados-divulgados\/","title":{"rendered":"Diretora-geral da Sa\u00fade garante fiabilidade dos dados divulgados"},"content":{"rendered":"\n<p>A diretora-geral da Sa\u00fade garantiu hoje que os n\u00fameros de mortos e infetados por covid-19 que constam do boletim da Dire\u00e7\u00e3o-Geral da Sa\u00fade s\u00e3o \u201cabsolutamente certos\u201d e que os dados mais minuciosos v\u00e3o ser melhorados atrav\u00e9s de um sistema complementar.<\/p>\n\n\n\n<p>\u201cNo geral vamos manter a metodologia para os par\u00e2metros que s\u00e3o s\u00f3lidos, para a morte, para o n\u00famero de casos [suspeitos ou confirmados por covid-19]. Nos outros dados mais finos vindos das institui\u00e7\u00f5es, dos concelhos ou das freguesias pode haver uma melhoria na colheita com outro sistema complementar e estamos a trabalhar nessas ferramentas\u201d, afirmou Gra\u00e7a Freitas, na confer\u00eancia de imprensa di\u00e1ria que se realiza no Minist\u00e9rio da Sa\u00fade, em Lisboa.<\/p>\n\n\n\n<p>Segundo a diretora-geral da Sa\u00fade, o trabalho de recolha de dados que diariamente \u00e9 divulgado est\u00e1 a ser feito atrav\u00e9s de \u201cduas plataformas muito consistentes que registam os \u00f3bitos e casos de doen\u00e7a\u201d.<\/p>\n\n\n\n<p>Na mesma confer\u00eancia de imprensa, Gra\u00e7a Freitas disse que todos os dados dos \u00f3bitos s\u00e3o \u201cinquestion\u00e1veis\u201d porque s\u00e3o reportados, at\u00e9 \u00e0 meia-noite, atrav\u00e9s de uma plataforma eletr\u00f3nica.<\/p>\n\n\n\n<p>\u201cContudo, h\u00e1 dados mais finos, nomeadamente por concelho, que podem n\u00e3o chegar preenchidos no formul\u00e1rio e s\u00f3 conseguimos colher informa\u00e7\u00e3o dos que est\u00e3o preenchidos, mas quero dizer que estamos a trabalhar a n\u00edvel local para obter essa informa\u00e7\u00e3o \u00e0 medida que o tempo passa vamos chegar \u00e0 totalidade\u201d, frisou.<\/p>\n\n\n\n<p>A diretora da DGS ressalvou que pode haver \u201cpequenos desencontros hor\u00e1rios ou na totalidade da cobertura dos campos, mas n\u00e3o h\u00e1 nenhum objetivo de enganar, mentir ou omitir\u201d.<\/p>\n\n\n\n<p>\u201cN\u00e3o h\u00e1 nenhuma vantagem, nenhuma forma de se mentir numa situa\u00e7\u00e3o destas. \u00c9 imposs\u00edvel! O escrut\u00ednio que \u00e9 feito impede-nos completamente sequer de termos a veleidade de mentirmos\u201d, sublinhou.<\/p>\n\n\n\n<p>Em Portugal, h\u00e1 43 mortes, mais 10 do que na v\u00e9spera (+30,3%), e 2.995 infe\u00e7\u00f5es confirmadas, segundo o balan\u00e7o feito hoje pela Dire\u00e7\u00e3o-Geral da Sa\u00fade, que regista 633 novos casos em rela\u00e7\u00e3o a ter\u00e7a-feira (+26,8%).<\/p>\n\n\n\n<p>Portugal, onde os primeiros casos confirmados foram registados no dia 02 de mar\u00e7o, encontra-se em estado de emerg\u00eancia desde as 00:00 de 19 de mar\u00e7o e at\u00e9 \u00e0s 23:59 de 02 de abril.<\/p>\n","protected":false},"excerpt":{"rendered":"<p>A diretora-geral da Sa\u00fade garantiu hoje que os n\u00fameros de mortos e infetados por covid-19 que constam do boletim da Dire\u00e7\u00e3o-Geral da Sa\u00fade s\u00e3o \u201cabsolutamente certos\u201d e que os dados mais minuciosos v\u00e3o ser melhorados atrav\u00e9s de um sistema complementar. \u201cNo geral vamos manter a metodologia para os par\u00e2metros que s\u00e3o s\u00f3lidos, para a morte, [&hellip;]<\/p>\n","protected":false},"author":16,"featured_media":42151,"comment_status":"closed","ping_status":"closed","sticky":false,"template":"","format":"standard","meta":{"_exactmetrics_skip_tracking":false,"_exactmetrics_sitenote_active":false,"_exactmetrics_sitenote_note":"","_exactmetrics_sitenote_category":0,"footnotes":""},"categories":[42722],"tags":[26,27],"class_list":["post-42673","post","type-post","status-publish","format-standard","has-post-thumbnail","hentry","category-covid-19","tag-saude","tag-sociedade"],"yoast_head":"<!-- This site is optimized with the Yoast SEO Premium plugin v27.5 (Yoast SEO v27.5) - https:\/\/yoast.com\/product\/yoast-seo-premium-wordpress\/ -->\n<title>Diretora-geral da Sa\u00fade garante fiabilidade dos dados divulgados<\/title>\n<meta name=\"robots\" content=\"index, follow, max-snippet:-1, max-image-preview:large, max-video-preview:-1\" \/>\n<link rel=\"canonical\" href=\"https:\/\/www.altominho.tv\/site\/2020\/03\/25\/diretora-geral-da-saude-garante-fiabilidade-dos-dados-divulgados\/\" \/>\n<meta property=\"og:locale\" content=\"pt_PT\" \/>\n<meta property=\"og:type\" content=\"article\" \/>\n<meta property=\"og:title\" content=\"Diretora-geral da Sa\u00fade garante fiabilidade dos dados divulgados\" \/>\n<meta property=\"og:description\" content=\"A diretora-geral da Sa\u00fade garantiu hoje que os n\u00fameros de mortos e infetados por covid-19 que constam do boletim da Dire\u00e7\u00e3o-Geral da Sa\u00fade s\u00e3o \u201cabsolutamente certos\u201d e que os dados mais minuciosos v\u00e3o ser melhorados atrav\u00e9s de um sistema complementar. \u201cNo geral vamos manter a metodologia para os par\u00e2metros que s\u00e3o s\u00f3lidos, para a morte, [&hellip;]\" \/>\n<meta property=\"og:url\" content=\"https:\/\/www.altominho.tv\/site\/2020\/03\/25\/diretora-geral-da-saude-garante-fiabilidade-dos-dados-divulgados\/\" \/>\n<meta property=\"og:site_name\" content=\"Altominho.tv\" \/>\n<meta property=\"article:publisher\" content=\"https:\/\/www.facebook.com\/altominhotv\" \/>\n<meta property=\"article:published_time\" content=\"2020-03-25T15:14:23+00:00\" \/>\n<meta property=\"article:modified_time\" content=\"2020-03-25T15:14:31+00:00\" \/>\n<meta property=\"og:image\" content=\"https:\/\/www.altominho.tv\/site\/wp-content\/uploads\/2020\/03\/gra\u00e7a-freitas.jpg\" \/>\n\t<meta property=\"og:image:width\" content=\"840\" \/>\n\t<meta property=\"og:image:height\" content=\"471\" \/>\n\t<meta property=\"og:image:type\" content=\"image\/jpeg\" \/>\n<meta name=\"author\" content=\"Andreia Cunha | Lusa\" \/>\n<meta name=\"twitter:card\" content=\"summary_large_image\" \/>\n<meta name=\"twitter:creator\" content=\"@altominhoTV\" \/>\n<meta name=\"twitter:site\" content=\"@altominhoTV\" \/>\n<meta name=\"twitter:label1\" content=\"Escrito por\" \/>\n\t<meta name=\"twitter:data1\" content=\"Andreia Cunha | Lusa\" \/>\n\t<meta name=\"twitter:label2\" content=\"Tempo estimado de leitura\" \/>\n\t<meta name=\"twitter:data2\" content=\"2 minutos\" \/>\n<script type=\"application\/ld+json\" class=\"yoast-schema-graph\">{\"@context\":\"https:\\\/\\\/schema.org\",\"@graph\":[{\"@type\":\"Article\",\"@id\":\"https:\\\/\\\/www.altominho.tv\\\/site\\\/2020\\\/03\\\/25\\\/diretora-geral-da-saude-garante-fiabilidade-dos-dados-divulgados\\\/#article\",\"isPartOf\":{\"@id\":\"https:\\\/\\\/www.altominho.tv\\\/site\\\/2020\\\/03\\\/25\\\/diretora-geral-da-saude-garante-fiabilidade-dos-dados-divulgados\\\/\"},\"author\":{\"name\":\"Andreia Cunha | Lusa\",\"@id\":\"https:\\\/\\\/www.altominho.tv\\\/site\\\/#\\\/schema\\\/person\\\/dbaf181c01b51ff40c9f461a905d321e\"},\"headline\":\"Diretora-geral da Sa\u00fade garante fiabilidade dos dados divulgados\",\"datePublished\":\"2020-03-25T15:14:23+00:00\",\"dateModified\":\"2020-03-25T15:14:31+00:00\",\"mainEntityOfPage\":{\"@id\":\"https:\\\/\\\/www.altominho.tv\\\/site\\\/2020\\\/03\\\/25\\\/diretora-geral-da-saude-garante-fiabilidade-dos-dados-divulgados\\\/\"},\"wordCount\":386,\"image\":{\"@id\":\"https:\\\/\\\/www.altominho.tv\\\/site\\\/2020\\\/03\\\/25\\\/diretora-geral-da-saude-garante-fiabilidade-dos-dados-divulgados\\\/#primaryimage\"},\"thumbnailUrl\":\"https:\\\/\\\/www.altominho.tv\\\/site\\\/wp-content\\\/uploads\\\/2020\\\/03\\\/gra\u00e7a-freitas.jpg\",\"keywords\":[\"Sa\u00fade\",\"Sociedade\"],\"articleSection\":[\"Coronav\u00edrus\"],\"inLanguage\":\"pt-PT\",\"copyrightYear\":\"2020\",\"copyrightHolder\":{\"@id\":\"https:\\\/\\\/www.altominho.tv\\\/site\\\/#organization\"}},{\"@type\":\"WebPage\",\"@id\":\"https:\\\/\\\/www.altominho.tv\\\/site\\\/2020\\\/03\\\/25\\\/diretora-geral-da-saude-garante-fiabilidade-dos-dados-divulgados\\\/\",\"url\":\"https:\\\/\\\/www.altominho.tv\\\/site\\\/2020\\\/03\\\/25\\\/diretora-geral-da-saude-garante-fiabilidade-dos-dados-divulgados\\\/\",\"name\":\"Diretora-geral da Sa\u00fade garante fiabilidade dos dados divulgados\",\"isPartOf\":{\"@id\":\"https:\\\/\\\/www.altominho.tv\\\/site\\\/#website\"},\"primaryImageOfPage\":{\"@id\":\"https:\\\/\\\/www.altominho.tv\\\/site\\\/2020\\\/03\\\/25\\\/diretora-geral-da-saude-garante-fiabilidade-dos-dados-divulgados\\\/#primaryimage\"},\"image\":{\"@id\":\"https:\\\/\\\/www.altominho.tv\\\/site\\\/2020\\\/03\\\/25\\\/diretora-geral-da-saude-garante-fiabilidade-dos-dados-divulgados\\\/#primaryimage\"},\"thumbnailUrl\":\"https:\\\/\\\/www.altominho.tv\\\/site\\\/wp-content\\\/uploads\\\/2020\\\/03\\\/gra\u00e7a-freitas.jpg\",\"datePublished\":\"2020-03-25T15:14:23+00:00\",\"dateModified\":\"2020-03-25T15:14:31+00:00\",\"author\":{\"@id\":\"https:\\\/\\\/www.altominho.tv\\\/site\\\/#\\\/schema\\\/person\\\/dbaf181c01b51ff40c9f461a905d321e\"},\"breadcrumb\":{\"@id\":\"https:\\\/\\\/www.altominho.tv\\\/site\\\/2020\\\/03\\\/25\\\/diretora-geral-da-saude-garante-fiabilidade-dos-dados-divulgados\\\/#breadcrumb\"},\"inLanguage\":\"pt-PT\",\"potentialAction\":[{\"@type\":\"ReadAction\",\"target\":[\"https:\\\/\\\/www.altominho.tv\\\/site\\\/2020\\\/03\\\/25\\\/diretora-geral-da-saude-garante-fiabilidade-dos-dados-divulgados\\\/\"]}]},{\"@type\":\"ImageObject\",\"inLanguage\":\"pt-PT\",\"@id\":\"https:\\\/\\\/www.altominho.tv\\\/site\\\/2020\\\/03\\\/25\\\/diretora-geral-da-saude-garante-fiabilidade-dos-dados-divulgados\\\/#primaryimage\",\"url\":\"https:\\\/\\\/www.altominho.tv\\\/site\\\/wp-content\\\/uploads\\\/2020\\\/03\\\/gra\u00e7a-freitas.jpg\",\"contentUrl\":\"https:\\\/\\\/www.altominho.tv\\\/site\\\/wp-content\\\/uploads\\\/2020\\\/03\\\/gra\u00e7a-freitas.jpg\",\"width\":840,\"height\":471},{\"@type\":\"BreadcrumbList\",\"@id\":\"https:\\\/\\\/www.altominho.tv\\\/site\\\/2020\\\/03\\\/25\\\/diretora-geral-da-saude-garante-fiabilidade-dos-dados-divulgados\\\/#breadcrumb\",\"itemListElement\":[{\"@type\":\"ListItem\",\"position\":1,\"name\":\"In\u00edcio\",\"item\":\"https:\\\/\\\/www.altominho.tv\\\/site\\\/\"},{\"@type\":\"ListItem\",\"position\":2,\"name\":\"Diretora-geral da Sa\u00fade garante fiabilidade dos dados divulgados\"}]},{\"@type\":\"WebSite\",\"@id\":\"https:\\\/\\\/www.altominho.tv\\\/site\\\/#website\",\"url\":\"https:\\\/\\\/www.altominho.tv\\\/site\\\/\",\"name\":\"Altominho.tv\",\"description\":\"A sua regi\u00e3o \u00e0 dist\u00e2ncia de um clique...\",\"potentialAction\":[{\"@type\":\"SearchAction\",\"target\":{\"@type\":\"EntryPoint\",\"urlTemplate\":\"https:\\\/\\\/www.altominho.tv\\\/site\\\/?s={search_term_string}\"},\"query-input\":{\"@type\":\"PropertyValueSpecification\",\"valueRequired\":true,\"valueName\":\"search_term_string\"}}],\"inLanguage\":\"pt-PT\"},{\"@type\":\"Person\",\"@id\":\"https:\\\/\\\/www.altominho.tv\\\/site\\\/#\\\/schema\\\/person\\\/dbaf181c01b51ff40c9f461a905d321e\",\"name\":\"Andreia Cunha | Lusa\",\"image\":{\"@type\":\"ImageObject\",\"inLanguage\":\"pt-PT\",\"@id\":\"https:\\\/\\\/www.altominho.tv\\\/site\\\/wp-content\\\/uploads\\\/2017\\\/11\\\/Andreia_Cunha-1-150x150.jpg\",\"url\":\"https:\\\/\\\/www.altominho.tv\\\/site\\\/wp-content\\\/uploads\\\/2017\\\/11\\\/Andreia_Cunha-1-150x150.jpg\",\"contentUrl\":\"https:\\\/\\\/www.altominho.tv\\\/site\\\/wp-content\\\/uploads\\\/2017\\\/11\\\/Andreia_Cunha-1-150x150.jpg\",\"caption\":\"Andreia Cunha | Lusa\"},\"sameAs\":[\"https:\\\/\\\/www.altominho.tv\\\/site\"],\"url\":\"https:\\\/\\\/www.altominho.tv\\\/site\\\/author\\\/andreiacunhalusa\\\/\"}]}<\/script>\n<!-- \/ Yoast SEO Premium plugin. -->","yoast_head_json":{"title":"Diretora-geral da Sa\u00fade garante fiabilidade dos dados divulgados","robots":{"index":"index","follow":"follow","max-snippet":"max-snippet:-1","max-image-preview":"max-image-preview:large","max-video-preview":"max-video-preview:-1"},"canonical":"https:\/\/www.altominho.tv\/site\/2020\/03\/25\/diretora-geral-da-saude-garante-fiabilidade-dos-dados-divulgados\/","og_locale":"pt_PT","og_type":"article","og_title":"Diretora-geral da Sa\u00fade garante fiabilidade dos dados divulgados","og_description":"A diretora-geral da Sa\u00fade garantiu hoje que os n\u00fameros de mortos e infetados por covid-19 que constam do boletim da Dire\u00e7\u00e3o-Geral da Sa\u00fade s\u00e3o \u201cabsolutamente certos\u201d e que os dados mais minuciosos v\u00e3o ser melhorados atrav\u00e9s de um sistema complementar. \u201cNo geral vamos manter a metodologia para os par\u00e2metros que s\u00e3o s\u00f3lidos, para a morte, [&hellip;]","og_url":"https:\/\/www.altominho.tv\/site\/2020\/03\/25\/diretora-geral-da-saude-garante-fiabilidade-dos-dados-divulgados\/","og_site_name":"Altominho.tv","article_publisher":"https:\/\/www.facebook.com\/altominhotv","article_published_time":"2020-03-25T15:14:23+00:00","article_modified_time":"2020-03-25T15:14:31+00:00","og_image":[{"width":840,"height":471,"url":"https:\/\/www.altominho.tv\/site\/wp-content\/uploads\/2020\/03\/gra\u00e7a-freitas.jpg","type":"image\/jpeg"}],"author":"Andreia Cunha | Lusa","twitter_card":"summary_large_image","twitter_creator":"@altominhoTV","twitter_site":"@altominhoTV","twitter_misc":{"Escrito por":"Andreia Cunha | Lusa","Tempo estimado de leitura":"2 minutos"},"schema":{"@context":"https:\/\/schema.org","@graph":[{"@type":"Article","@id":"https:\/\/www.altominho.tv\/site\/2020\/03\/25\/diretora-geral-da-saude-garante-fiabilidade-dos-dados-divulgados\/#article","isPartOf":{"@id":"https:\/\/www.altominho.tv\/site\/2020\/03\/25\/diretora-geral-da-saude-garante-fiabilidade-dos-dados-divulgados\/"},"author":{"name":"Andreia Cunha | Lusa","@id":"https:\/\/www.altominho.tv\/site\/#\/schema\/person\/dbaf181c01b51ff40c9f461a905d321e"},"headline":"Diretora-geral da Sa\u00fade garante fiabilidade dos dados divulgados","datePublished":"2020-03-25T15:14:23+00:00","dateModified":"2020-03-25T15:14:31+00:00","mainEntityOfPage":{"@id":"https:\/\/www.altominho.tv\/site\/2020\/03\/25\/diretora-geral-da-saude-garante-fiabilidade-dos-dados-divulgados\/"},"wordCount":386,"image":{"@id":"https:\/\/www.altominho.tv\/site\/2020\/03\/25\/diretora-geral-da-saude-garante-fiabilidade-dos-dados-divulgados\/#primaryimage"},"thumbnailUrl":"https:\/\/www.altominho.tv\/site\/wp-content\/uploads\/2020\/03\/gra\u00e7a-freitas.jpg","keywords":["Sa\u00fade","Sociedade"],"articleSection":["Coronav\u00edrus"],"inLanguage":"pt-PT","copyrightYear":"2020","copyrightHolder":{"@id":"https:\/\/www.altominho.tv\/site\/#organization"}},{"@type":"WebPage","@id":"https:\/\/www.altominho.tv\/site\/2020\/03\/25\/diretora-geral-da-saude-garante-fiabilidade-dos-dados-divulgados\/","url":"https:\/\/www.altominho.tv\/site\/2020\/03\/25\/diretora-geral-da-saude-garante-fiabilidade-dos-dados-divulgados\/","name":"Diretora-geral da Sa\u00fade garante fiabilidade dos dados divulgados","isPartOf":{"@id":"https:\/\/www.altominho.tv\/site\/#website"},"primaryImageOfPage":{"@id":"https:\/\/www.altominho.tv\/site\/2020\/03\/25\/diretora-geral-da-saude-garante-fiabilidade-dos-dados-divulgados\/#primaryimage"},"image":{"@id":"https:\/\/www.altominho.tv\/site\/2020\/03\/25\/diretora-geral-da-saude-garante-fiabilidade-dos-dados-divulgados\/#primaryimage"},"thumbnailUrl":"https:\/\/www.altominho.tv\/site\/wp-content\/uploads\/2020\/03\/gra\u00e7a-freitas.jpg","datePublished":"2020-03-25T15:14:23+00:00","dateModified":"2020-03-25T15:14:31+00:00","author":{"@id":"https:\/\/www.altominho.tv\/site\/#\/schema\/person\/dbaf181c01b51ff40c9f461a905d321e"},"breadcrumb":{"@id":"https:\/\/www.altominho.tv\/site\/2020\/03\/25\/diretora-geral-da-saude-garante-fiabilidade-dos-dados-divulgados\/#breadcrumb"},"inLanguage":"pt-PT","potentialAction":[{"@type":"ReadAction","target":["https:\/\/www.altominho.tv\/site\/2020\/03\/25\/diretora-geral-da-saude-garante-fiabilidade-dos-dados-divulgados\/"]}]},{"@type":"ImageObject","inLanguage":"pt-PT","@id":"https:\/\/www.altominho.tv\/site\/2020\/03\/25\/diretora-geral-da-saude-garante-fiabilidade-dos-dados-divulgados\/#primaryimage","url":"https:\/\/www.altominho.tv\/site\/wp-content\/uploads\/2020\/03\/gra\u00e7a-freitas.jpg","contentUrl":"https:\/\/www.altominho.tv\/site\/wp-content\/uploads\/2020\/03\/gra\u00e7a-freitas.jpg","width":840,"height":471},{"@type":"BreadcrumbList","@id":"https:\/\/www.altominho.tv\/site\/2020\/03\/25\/diretora-geral-da-saude-garante-fiabilidade-dos-dados-divulgados\/#breadcrumb","itemListElement":[{"@type":"ListItem","position":1,"name":"In\u00edcio","item":"https:\/\/www.altominho.tv\/site\/"},{"@type":"ListItem","position":2,"name":"Diretora-geral da Sa\u00fade garante fiabilidade dos dados divulgados"}]},{"@type":"WebSite","@id":"https:\/\/www.altominho.tv\/site\/#website","url":"https:\/\/www.altominho.tv\/site\/","name":"Altominho.tv","description":"A sua regi\u00e3o \u00e0 dist\u00e2ncia de um clique...","potentialAction":[{"@type":"SearchAction","target":{"@type":"EntryPoint","urlTemplate":"https:\/\/www.altominho.tv\/site\/?s={search_term_string}"},"query-input":{"@type":"PropertyValueSpecification","valueRequired":true,"valueName":"search_term_string"}}],"inLanguage":"pt-PT"},{"@type":"Person","@id":"https:\/\/www.altominho.tv\/site\/#\/schema\/person\/dbaf181c01b51ff40c9f461a905d321e","name":"Andreia Cunha | Lusa","image":{"@type":"ImageObject","inLanguage":"pt-PT","@id":"https:\/\/www.altominho.tv\/site\/wp-content\/uploads\/2017\/11\/Andreia_Cunha-1-150x150.jpg","url":"https:\/\/www.altominho.tv\/site\/wp-content\/uploads\/2017\/11\/Andreia_Cunha-1-150x150.jpg","contentUrl":"https:\/\/www.altominho.tv\/site\/wp-content\/uploads\/2017\/11\/Andreia_Cunha-1-150x150.jpg","caption":"Andreia Cunha | Lusa"},"sameAs":["https:\/\/www.altominho.tv\/site"],"url":"https:\/\/www.altominho.tv\/site\/author\/andreiacunhalusa\/"}]}},"_links":{"self":[{"href":"https:\/\/www.altominho.tv\/site\/wp-json\/wp\/v2\/posts\/42673","targetHints":{"allow":["GET"]}}],"collection":[{"href":"https:\/\/www.altominho.tv\/site\/wp-json\/wp\/v2\/posts"}],"about":[{"href":"https:\/\/www.altominho.tv\/site\/wp-json\/wp\/v2\/types\/post"}],"author":[{"embeddable":true,"href":"https:\/\/www.altominho.tv\/site\/wp-json\/wp\/v2\/users\/16"}],"replies":[{"embeddable":true,"href":"https:\/\/www.altominho.tv\/site\/wp-json\/wp\/v2\/comments?post=42673"}],"version-history":[{"count":0,"href":"https:\/\/www.altominho.tv\/site\/wp-json\/wp\/v2\/posts\/42673\/revisions"}],"wp:featuredmedia":[{"embeddable":true,"href":"https:\/\/www.altominho.tv\/site\/wp-json\/wp\/v2\/media\/42151"}],"wp:attachment":[{"href":"https:\/\/www.altominho.tv\/site\/wp-json\/wp\/v2\/media?parent=42673"}],"wp:term":[{"taxonomy":"category","embeddable":true,"href":"https:\/\/www.altominho.tv\/site\/wp-json\/wp\/v2\/categories?post=42673"},{"taxonomy":"post_tag","embeddable":true,"href":"https:\/\/www.altominho.tv\/site\/wp-json\/wp\/v2\/tags?post=42673"}],"curies":[{"name":"wp","href":"https:\/\/api.w.org\/{rel}","templated":true}]}}