{"id":42631,"date":"2020-03-25T12:26:06","date_gmt":"2020-03-25T12:26:06","guid":{"rendered":"http:\/\/www.altominho.tv\/site\/?p=42631"},"modified":"2020-03-25T12:26:14","modified_gmt":"2020-03-25T12:26:14","slug":"ulsam-apela-aos-dadores-de-sangue-para-que-continuem-a-doar","status":"publish","type":"post","link":"https:\/\/www.altominho.tv\/site\/2020\/03\/25\/ulsam-apela-aos-dadores-de-sangue-para-que-continuem-a-doar\/","title":{"rendered":"ULSAM apela aos dadores de sangue para que continuem a doar"},"content":{"rendered":"\n<p>A ULSAM \u2013 Unidade Local de Sa\u00fade do Alto Minho &#8211; apela aos dadores de sangue para que continuem a doar.<\/p>\n\n\n\n<p>Em comunicado enviado hoje, a ULSAM explicou que <em>&#8220;em causa est\u00e1 a diminui\u00e7\u00e3o das doa\u00e7\u00f5es tendo em conta a atual pandemia do Covid-19. Os servi\u00e7os de sangue continuam a necessitar de d\u00e1divas para garantir a presta\u00e7\u00e3o de cuidados de sa\u00fade a todos os doentes&#8221;.\u00a0<\/em><\/p>\n\n\n\n<p>A ULSAM garantiu ainda que <em>&#8220;Durante esta fase de pandemia e para proteger os dadores e doentes, o Servi\u00e7o de Sangue do Hospital de Viana do Castelo adotou as medidas necess\u00e1rias para o e atendimento e triagem a fim de garantir seguran\u00e7a nas d\u00e1divas de sangue&#8221;.<\/em><\/p>\n\n\n\n<p>A Unidade Local de Sa\u00fade do Alto Minho deixa o apelo: <em>&#8220;\u00c9 de notar que as transfus\u00f5es de sangue s\u00e3o sempre necess\u00e1rias e essenciais para a atividade m\u00e9dica e cir\u00fargica, agora, mais do que nunca, apelamos aos cidad\u00e3os do distrito de Viana dos dadores saud\u00e1veis, sem febre, sintomas respirat\u00f3rios (tosse seca, falta de ar), viagens ou contatos de risco conhecidos&#8221;.<\/em><\/p>\n\n\n\n<p>Deixamos uma lista com as pr\u00f3ximas datas e locais onde as Brigadas de Sangue ir\u00e3o estar para recolher as d\u00e1divas.<\/p>\n\n\n\n<ul class=\"wp-block-list\"><li>27 de Mar\u00e7o, das 09h30-12h30, no Concelho de Paredes de Coura (Associa\u00e7\u00e3o dos Dadores Ben\u00e9volos de Sangue de Paredes de Coura);<\/li><\/ul>\n\n\n\n<ul class=\"wp-block-list\"><li> 03 de Abril,\u00a0das 09h30-12h30, no Concelho de Arcos de Valdevez (Hospital de S\u00e3o Jos\u00e9);<\/li><\/ul>\n\n\n\n<ul class=\"wp-block-list\"><li> 08 de Abril,\u00a0das 09h30-12h30, no Concelho de Mon\u00e7\u00e3o (Biblioteca Municipal);<\/li><\/ul>\n\n\n\n<ul class=\"wp-block-list\"><li> 17 de Abril,\u00a0das 09h30-12h30, no Concelho de Melga\u00e7o (Casa da Cultura);<\/li><\/ul>\n\n\n\n<ul class=\"wp-block-list\"><li> 24 de Abril, das 09h30-12h30, no Concelho de Paredes de Coura (Associa\u00e7\u00e3o dos Dadores Ben\u00e9volos de Sangue de Paredes de Coura.);<\/li><\/ul>\n\n\n\n<ul class=\"wp-block-list\"><li> 30 de Abril, das 09h30-12h30, no Concelho de Ponte da Barca (Casa da Cultura). <\/li><\/ul>\n","protected":false},"excerpt":{"rendered":"<p>A ULSAM \u2013 Unidade Local de Sa\u00fade do Alto Minho &#8211; apela aos dadores de sangue para que continuem a doar. Em comunicado enviado hoje, a ULSAM explicou que &#8220;em causa est\u00e1 a diminui\u00e7\u00e3o das doa\u00e7\u00f5es tendo em conta a atual pandemia do Covid-19. Os servi\u00e7os de sangue continuam a necessitar de d\u00e1divas para garantir [&hellip;]<\/p>\n","protected":false},"author":7,"featured_media":42645,"comment_status":"closed","ping_status":"closed","sticky":false,"template":"","format":"standard","meta":{"_exactmetrics_skip_tracking":false,"_exactmetrics_sitenote_active":false,"_exactmetrics_sitenote_note":"","_exactmetrics_sitenote_category":0,"footnotes":""},"categories":[73],"tags":[26,27],"class_list":["post-42631","post","type-post","status-publish","format-standard","has-post-thumbnail","hentry","category-alto-minho","tag-saude","tag-sociedade"],"yoast_head":"<!-- This site is optimized with the Yoast SEO Premium plugin v27.5 (Yoast SEO v27.5) - https:\/\/yoast.com\/product\/yoast-seo-premium-wordpress\/ -->\n<title>ULSAM apela aos dadores de sangue para que continuem a doar<\/title>\n<meta name=\"robots\" content=\"index, follow, max-snippet:-1, max-image-preview:large, max-video-preview:-1\" \/>\n<link rel=\"canonical\" href=\"https:\/\/www.altominho.tv\/site\/2020\/03\/25\/ulsam-apela-aos-dadores-de-sangue-para-que-continuem-a-doar\/\" \/>\n<meta property=\"og:locale\" content=\"pt_PT\" \/>\n<meta property=\"og:type\" content=\"article\" \/>\n<meta property=\"og:title\" content=\"ULSAM apela aos dadores de sangue para que continuem a doar\" \/>\n<meta property=\"og:description\" content=\"A ULSAM \u2013 Unidade Local de Sa\u00fade do Alto Minho &#8211; apela aos dadores de sangue para que continuem a doar. Em comunicado enviado hoje, a ULSAM explicou que &#8220;em causa est\u00e1 a diminui\u00e7\u00e3o das doa\u00e7\u00f5es tendo em conta a atual pandemia do Covid-19. Os servi\u00e7os de sangue continuam a necessitar de d\u00e1divas para garantir [&hellip;]\" \/>\n<meta property=\"og:url\" content=\"https:\/\/www.altominho.tv\/site\/2020\/03\/25\/ulsam-apela-aos-dadores-de-sangue-para-que-continuem-a-doar\/\" \/>\n<meta property=\"og:site_name\" content=\"Altominho.tv\" \/>\n<meta property=\"article:publisher\" content=\"https:\/\/www.facebook.com\/altominhotv\" \/>\n<meta property=\"article:published_time\" content=\"2020-03-25T12:26:06+00:00\" \/>\n<meta property=\"article:modified_time\" content=\"2020-03-25T12:26:14+00:00\" \/>\n<meta property=\"og:image\" content=\"https:\/\/www.altominho.tv\/site\/wp-content\/uploads\/2020\/03\/ulsam.jpg\" \/>\n\t<meta property=\"og:image:width\" content=\"740\" \/>\n\t<meta property=\"og:image:height\" content=\"417\" \/>\n\t<meta property=\"og:image:type\" content=\"image\/jpeg\" \/>\n<meta name=\"author\" content=\"Andreia Cunha\" \/>\n<meta name=\"twitter:card\" content=\"summary_large_image\" \/>\n<meta name=\"twitter:creator\" content=\"@altominhoTV\" \/>\n<meta name=\"twitter:site\" content=\"@altominhoTV\" \/>\n<meta name=\"twitter:label1\" content=\"Escrito por\" \/>\n\t<meta name=\"twitter:data1\" content=\"Andreia Cunha\" \/>\n\t<meta name=\"twitter:label2\" content=\"Tempo estimado de leitura\" \/>\n\t<meta name=\"twitter:data2\" content=\"2 minutos\" \/>\n<script type=\"application\/ld+json\" class=\"yoast-schema-graph\">{\"@context\":\"https:\\\/\\\/schema.org\",\"@graph\":[{\"@type\":\"Article\",\"@id\":\"https:\\\/\\\/www.altominho.tv\\\/site\\\/2020\\\/03\\\/25\\\/ulsam-apela-aos-dadores-de-sangue-para-que-continuem-a-doar\\\/#article\",\"isPartOf\":{\"@id\":\"https:\\\/\\\/www.altominho.tv\\\/site\\\/2020\\\/03\\\/25\\\/ulsam-apela-aos-dadores-de-sangue-para-que-continuem-a-doar\\\/\"},\"author\":{\"name\":\"Andreia Cunha\",\"@id\":\"https:\\\/\\\/www.altominho.tv\\\/site\\\/#\\\/schema\\\/person\\\/a0e4ef6d041f98ca284393d8f1d97153\"},\"headline\":\"ULSAM apela aos dadores de sangue para que continuem a doar\",\"datePublished\":\"2020-03-25T12:26:06+00:00\",\"dateModified\":\"2020-03-25T12:26:14+00:00\",\"mainEntityOfPage\":{\"@id\":\"https:\\\/\\\/www.altominho.tv\\\/site\\\/2020\\\/03\\\/25\\\/ulsam-apela-aos-dadores-de-sangue-para-que-continuem-a-doar\\\/\"},\"wordCount\":331,\"image\":{\"@id\":\"https:\\\/\\\/www.altominho.tv\\\/site\\\/2020\\\/03\\\/25\\\/ulsam-apela-aos-dadores-de-sangue-para-que-continuem-a-doar\\\/#primaryimage\"},\"thumbnailUrl\":\"https:\\\/\\\/www.altominho.tv\\\/site\\\/wp-content\\\/uploads\\\/2020\\\/03\\\/ulsam.jpg\",\"keywords\":[\"Sa\u00fade\",\"Sociedade\"],\"articleSection\":[\"Alto Minho\"],\"inLanguage\":\"pt-PT\",\"copyrightYear\":\"2020\",\"copyrightHolder\":{\"@id\":\"https:\\\/\\\/www.altominho.tv\\\/site\\\/#organization\"}},{\"@type\":\"WebPage\",\"@id\":\"https:\\\/\\\/www.altominho.tv\\\/site\\\/2020\\\/03\\\/25\\\/ulsam-apela-aos-dadores-de-sangue-para-que-continuem-a-doar\\\/\",\"url\":\"https:\\\/\\\/www.altominho.tv\\\/site\\\/2020\\\/03\\\/25\\\/ulsam-apela-aos-dadores-de-sangue-para-que-continuem-a-doar\\\/\",\"name\":\"ULSAM apela aos dadores de sangue para que continuem a doar\",\"isPartOf\":{\"@id\":\"https:\\\/\\\/www.altominho.tv\\\/site\\\/#website\"},\"primaryImageOfPage\":{\"@id\":\"https:\\\/\\\/www.altominho.tv\\\/site\\\/2020\\\/03\\\/25\\\/ulsam-apela-aos-dadores-de-sangue-para-que-continuem-a-doar\\\/#primaryimage\"},\"image\":{\"@id\":\"https:\\\/\\\/www.altominho.tv\\\/site\\\/2020\\\/03\\\/25\\\/ulsam-apela-aos-dadores-de-sangue-para-que-continuem-a-doar\\\/#primaryimage\"},\"thumbnailUrl\":\"https:\\\/\\\/www.altominho.tv\\\/site\\\/wp-content\\\/uploads\\\/2020\\\/03\\\/ulsam.jpg\",\"datePublished\":\"2020-03-25T12:26:06+00:00\",\"dateModified\":\"2020-03-25T12:26:14+00:00\",\"author\":{\"@id\":\"https:\\\/\\\/www.altominho.tv\\\/site\\\/#\\\/schema\\\/person\\\/a0e4ef6d041f98ca284393d8f1d97153\"},\"breadcrumb\":{\"@id\":\"https:\\\/\\\/www.altominho.tv\\\/site\\\/2020\\\/03\\\/25\\\/ulsam-apela-aos-dadores-de-sangue-para-que-continuem-a-doar\\\/#breadcrumb\"},\"inLanguage\":\"pt-PT\",\"potentialAction\":[{\"@type\":\"ReadAction\",\"target\":[\"https:\\\/\\\/www.altominho.tv\\\/site\\\/2020\\\/03\\\/25\\\/ulsam-apela-aos-dadores-de-sangue-para-que-continuem-a-doar\\\/\"]}]},{\"@type\":\"ImageObject\",\"inLanguage\":\"pt-PT\",\"@id\":\"https:\\\/\\\/www.altominho.tv\\\/site\\\/2020\\\/03\\\/25\\\/ulsam-apela-aos-dadores-de-sangue-para-que-continuem-a-doar\\\/#primaryimage\",\"url\":\"https:\\\/\\\/www.altominho.tv\\\/site\\\/wp-content\\\/uploads\\\/2020\\\/03\\\/ulsam.jpg\",\"contentUrl\":\"https:\\\/\\\/www.altominho.tv\\\/site\\\/wp-content\\\/uploads\\\/2020\\\/03\\\/ulsam.jpg\",\"width\":740,\"height\":417},{\"@type\":\"BreadcrumbList\",\"@id\":\"https:\\\/\\\/www.altominho.tv\\\/site\\\/2020\\\/03\\\/25\\\/ulsam-apela-aos-dadores-de-sangue-para-que-continuem-a-doar\\\/#breadcrumb\",\"itemListElement\":[{\"@type\":\"ListItem\",\"position\":1,\"name\":\"In\u00edcio\",\"item\":\"https:\\\/\\\/www.altominho.tv\\\/site\\\/\"},{\"@type\":\"ListItem\",\"position\":2,\"name\":\"ULSAM apela aos dadores de sangue para que continuem a doar\"}]},{\"@type\":\"WebSite\",\"@id\":\"https:\\\/\\\/www.altominho.tv\\\/site\\\/#website\",\"url\":\"https:\\\/\\\/www.altominho.tv\\\/site\\\/\",\"name\":\"Altominho.tv\",\"description\":\"A sua regi\u00e3o \u00e0 dist\u00e2ncia de um clique...\",\"potentialAction\":[{\"@type\":\"SearchAction\",\"target\":{\"@type\":\"EntryPoint\",\"urlTemplate\":\"https:\\\/\\\/www.altominho.tv\\\/site\\\/?s={search_term_string}\"},\"query-input\":{\"@type\":\"PropertyValueSpecification\",\"valueRequired\":true,\"valueName\":\"search_term_string\"}}],\"inLanguage\":\"pt-PT\"},{\"@type\":\"Person\",\"@id\":\"https:\\\/\\\/www.altominho.tv\\\/site\\\/#\\\/schema\\\/person\\\/a0e4ef6d041f98ca284393d8f1d97153\",\"name\":\"Andreia Cunha\",\"image\":{\"@type\":\"ImageObject\",\"inLanguage\":\"pt-PT\",\"@id\":\"https:\\\/\\\/www.altominho.tv\\\/site\\\/wp-content\\\/uploads\\\/2017\\\/11\\\/Andreia_Cunha-1-150x150.jpg\",\"url\":\"https:\\\/\\\/www.altominho.tv\\\/site\\\/wp-content\\\/uploads\\\/2017\\\/11\\\/Andreia_Cunha-1-150x150.jpg\",\"contentUrl\":\"https:\\\/\\\/www.altominho.tv\\\/site\\\/wp-content\\\/uploads\\\/2017\\\/11\\\/Andreia_Cunha-1-150x150.jpg\",\"caption\":\"Andreia Cunha\"},\"url\":\"https:\\\/\\\/www.altominho.tv\\\/site\\\/author\\\/andreiacunha\\\/\"}]}<\/script>\n<!-- \/ Yoast SEO Premium plugin. -->","yoast_head_json":{"title":"ULSAM apela aos dadores de sangue para que continuem a doar","robots":{"index":"index","follow":"follow","max-snippet":"max-snippet:-1","max-image-preview":"max-image-preview:large","max-video-preview":"max-video-preview:-1"},"canonical":"https:\/\/www.altominho.tv\/site\/2020\/03\/25\/ulsam-apela-aos-dadores-de-sangue-para-que-continuem-a-doar\/","og_locale":"pt_PT","og_type":"article","og_title":"ULSAM apela aos dadores de sangue para que continuem a doar","og_description":"A ULSAM \u2013 Unidade Local de Sa\u00fade do Alto Minho &#8211; apela aos dadores de sangue para que continuem a doar. Em comunicado enviado hoje, a ULSAM explicou que &#8220;em causa est\u00e1 a diminui\u00e7\u00e3o das doa\u00e7\u00f5es tendo em conta a atual pandemia do Covid-19. Os servi\u00e7os de sangue continuam a necessitar de d\u00e1divas para garantir [&hellip;]","og_url":"https:\/\/www.altominho.tv\/site\/2020\/03\/25\/ulsam-apela-aos-dadores-de-sangue-para-que-continuem-a-doar\/","og_site_name":"Altominho.tv","article_publisher":"https:\/\/www.facebook.com\/altominhotv","article_published_time":"2020-03-25T12:26:06+00:00","article_modified_time":"2020-03-25T12:26:14+00:00","og_image":[{"width":740,"height":417,"url":"https:\/\/www.altominho.tv\/site\/wp-content\/uploads\/2020\/03\/ulsam.jpg","type":"image\/jpeg"}],"author":"Andreia Cunha","twitter_card":"summary_large_image","twitter_creator":"@altominhoTV","twitter_site":"@altominhoTV","twitter_misc":{"Escrito por":"Andreia Cunha","Tempo estimado de leitura":"2 minutos"},"schema":{"@context":"https:\/\/schema.org","@graph":[{"@type":"Article","@id":"https:\/\/www.altominho.tv\/site\/2020\/03\/25\/ulsam-apela-aos-dadores-de-sangue-para-que-continuem-a-doar\/#article","isPartOf":{"@id":"https:\/\/www.altominho.tv\/site\/2020\/03\/25\/ulsam-apela-aos-dadores-de-sangue-para-que-continuem-a-doar\/"},"author":{"name":"Andreia Cunha","@id":"https:\/\/www.altominho.tv\/site\/#\/schema\/person\/a0e4ef6d041f98ca284393d8f1d97153"},"headline":"ULSAM apela aos dadores de sangue para que continuem a doar","datePublished":"2020-03-25T12:26:06+00:00","dateModified":"2020-03-25T12:26:14+00:00","mainEntityOfPage":{"@id":"https:\/\/www.altominho.tv\/site\/2020\/03\/25\/ulsam-apela-aos-dadores-de-sangue-para-que-continuem-a-doar\/"},"wordCount":331,"image":{"@id":"https:\/\/www.altominho.tv\/site\/2020\/03\/25\/ulsam-apela-aos-dadores-de-sangue-para-que-continuem-a-doar\/#primaryimage"},"thumbnailUrl":"https:\/\/www.altominho.tv\/site\/wp-content\/uploads\/2020\/03\/ulsam.jpg","keywords":["Sa\u00fade","Sociedade"],"articleSection":["Alto Minho"],"inLanguage":"pt-PT","copyrightYear":"2020","copyrightHolder":{"@id":"https:\/\/www.altominho.tv\/site\/#organization"}},{"@type":"WebPage","@id":"https:\/\/www.altominho.tv\/site\/2020\/03\/25\/ulsam-apela-aos-dadores-de-sangue-para-que-continuem-a-doar\/","url":"https:\/\/www.altominho.tv\/site\/2020\/03\/25\/ulsam-apela-aos-dadores-de-sangue-para-que-continuem-a-doar\/","name":"ULSAM apela aos dadores de sangue para que continuem a doar","isPartOf":{"@id":"https:\/\/www.altominho.tv\/site\/#website"},"primaryImageOfPage":{"@id":"https:\/\/www.altominho.tv\/site\/2020\/03\/25\/ulsam-apela-aos-dadores-de-sangue-para-que-continuem-a-doar\/#primaryimage"},"image":{"@id":"https:\/\/www.altominho.tv\/site\/2020\/03\/25\/ulsam-apela-aos-dadores-de-sangue-para-que-continuem-a-doar\/#primaryimage"},"thumbnailUrl":"https:\/\/www.altominho.tv\/site\/wp-content\/uploads\/2020\/03\/ulsam.jpg","datePublished":"2020-03-25T12:26:06+00:00","dateModified":"2020-03-25T12:26:14+00:00","author":{"@id":"https:\/\/www.altominho.tv\/site\/#\/schema\/person\/a0e4ef6d041f98ca284393d8f1d97153"},"breadcrumb":{"@id":"https:\/\/www.altominho.tv\/site\/2020\/03\/25\/ulsam-apela-aos-dadores-de-sangue-para-que-continuem-a-doar\/#breadcrumb"},"inLanguage":"pt-PT","potentialAction":[{"@type":"ReadAction","target":["https:\/\/www.altominho.tv\/site\/2020\/03\/25\/ulsam-apela-aos-dadores-de-sangue-para-que-continuem-a-doar\/"]}]},{"@type":"ImageObject","inLanguage":"pt-PT","@id":"https:\/\/www.altominho.tv\/site\/2020\/03\/25\/ulsam-apela-aos-dadores-de-sangue-para-que-continuem-a-doar\/#primaryimage","url":"https:\/\/www.altominho.tv\/site\/wp-content\/uploads\/2020\/03\/ulsam.jpg","contentUrl":"https:\/\/www.altominho.tv\/site\/wp-content\/uploads\/2020\/03\/ulsam.jpg","width":740,"height":417},{"@type":"BreadcrumbList","@id":"https:\/\/www.altominho.tv\/site\/2020\/03\/25\/ulsam-apela-aos-dadores-de-sangue-para-que-continuem-a-doar\/#breadcrumb","itemListElement":[{"@type":"ListItem","position":1,"name":"In\u00edcio","item":"https:\/\/www.altominho.tv\/site\/"},{"@type":"ListItem","position":2,"name":"ULSAM apela aos dadores de sangue para que continuem a doar"}]},{"@type":"WebSite","@id":"https:\/\/www.altominho.tv\/site\/#website","url":"https:\/\/www.altominho.tv\/site\/","name":"Altominho.tv","description":"A sua regi\u00e3o \u00e0 dist\u00e2ncia de um clique...","potentialAction":[{"@type":"SearchAction","target":{"@type":"EntryPoint","urlTemplate":"https:\/\/www.altominho.tv\/site\/?s={search_term_string}"},"query-input":{"@type":"PropertyValueSpecification","valueRequired":true,"valueName":"search_term_string"}}],"inLanguage":"pt-PT"},{"@type":"Person","@id":"https:\/\/www.altominho.tv\/site\/#\/schema\/person\/a0e4ef6d041f98ca284393d8f1d97153","name":"Andreia Cunha","image":{"@type":"ImageObject","inLanguage":"pt-PT","@id":"https:\/\/www.altominho.tv\/site\/wp-content\/uploads\/2017\/11\/Andreia_Cunha-1-150x150.jpg","url":"https:\/\/www.altominho.tv\/site\/wp-content\/uploads\/2017\/11\/Andreia_Cunha-1-150x150.jpg","contentUrl":"https:\/\/www.altominho.tv\/site\/wp-content\/uploads\/2017\/11\/Andreia_Cunha-1-150x150.jpg","caption":"Andreia Cunha"},"url":"https:\/\/www.altominho.tv\/site\/author\/andreiacunha\/"}]}},"_links":{"self":[{"href":"https:\/\/www.altominho.tv\/site\/wp-json\/wp\/v2\/posts\/42631","targetHints":{"allow":["GET"]}}],"collection":[{"href":"https:\/\/www.altominho.tv\/site\/wp-json\/wp\/v2\/posts"}],"about":[{"href":"https:\/\/www.altominho.tv\/site\/wp-json\/wp\/v2\/types\/post"}],"author":[{"embeddable":true,"href":"https:\/\/www.altominho.tv\/site\/wp-json\/wp\/v2\/users\/7"}],"replies":[{"embeddable":true,"href":"https:\/\/www.altominho.tv\/site\/wp-json\/wp\/v2\/comments?post=42631"}],"version-history":[{"count":0,"href":"https:\/\/www.altominho.tv\/site\/wp-json\/wp\/v2\/posts\/42631\/revisions"}],"wp:featuredmedia":[{"embeddable":true,"href":"https:\/\/www.altominho.tv\/site\/wp-json\/wp\/v2\/media\/42645"}],"wp:attachment":[{"href":"https:\/\/www.altominho.tv\/site\/wp-json\/wp\/v2\/media?parent=42631"}],"wp:term":[{"taxonomy":"category","embeddable":true,"href":"https:\/\/www.altominho.tv\/site\/wp-json\/wp\/v2\/categories?post=42631"},{"taxonomy":"post_tag","embeddable":true,"href":"https:\/\/www.altominho.tv\/site\/wp-json\/wp\/v2\/tags?post=42631"}],"curies":[{"name":"wp","href":"https:\/\/api.w.org\/{rel}","templated":true}]}}