{"id":42630,"date":"2020-03-25T11:52:37","date_gmt":"2020-03-25T11:52:37","guid":{"rendered":"http:\/\/www.altominho.tv\/site\/?p=42630"},"modified":"2020-03-25T14:33:39","modified_gmt":"2020-03-25T14:33:39","slug":"melgaco-confirma-mais-2-casos-positivos-do-novo-coronavirus","status":"publish","type":"post","link":"https:\/\/www.altominho.tv\/site\/2020\/03\/25\/melgaco-confirma-mais-2-casos-positivos-do-novo-coronavirus\/","title":{"rendered":"Melga\u00e7o confirma mais 2 casos positivos do novo coronav\u00edrus"},"content":{"rendered":"<p>Munic\u00edpio de Melga\u00e7o acaba de confirmar a exist\u00eancia de mais 2 casos positivos de covid-19 na freguesia de Parada do Monte, estando mais pessoas com sintomas a realizar testes de despiste.<\/p>\n<p>Como medida urgente para conter a propaga\u00e7\u00e3o da pandemia, a freguesia de Parada do Monte est\u00e1 a ser submetida a uma cerca comunit\u00e1ria.<\/p>\n<p>O munic\u00edpio refor\u00e7a ainda o apelo \u00e0 popula\u00e7\u00e3o, &#8220;<strong>caso tenha estado em contacto com algu\u00e9m infetado ou com suspeita de infe\u00e7\u00e3o, \u00e9 imperativo que cumpra o isolamento durante 14 dias<\/strong>&#8220;, refere o comunicado.<\/p>\n<p>Questionado sobre a origem do foco registado naquela aldeia, o presidente da c\u00e2mara, Manoel Batista, adiantou que &#8220;<strong>a hip\u00f3tese explicativa mais plaus\u00edvel \u00e9 que a transmiss\u00e3o tenha sido feita pelo filho e a nora do primeiro doente infetado, emigrantes que chegaram no in\u00edcio de mar\u00e7o \u00e0 freguesia<\/strong>&#8220;.<\/p>\n<p>&#8220;<strong>Ambos est\u00e3o tamb\u00e9m em confinamento domicili\u00e1rio<\/strong>&#8220;, refor\u00e7ou.<br \/>\nO casal hoje confirmado tem 82 e 85 anos, e ambos est\u00e3o internados no hospital de Santa Luzia, em Viana do Castelo.<\/p>\n<p>Melga\u00e7o totaliza assim 3 casos positivos de Covid-19. <a href=\"https:\/\/www.altominho.tv\/site\/2020\/03\/23\/primeiro-caso-confirmado-no-concelho-de-melgaco\/\">O primeiro caso neste concelho foi confirmado esta segunda-feira<\/a>, trata-se de um homem de 82 anos, residente na freguesia de Parada do Monte, que constituiu o primeiro caso de infe\u00e7\u00e3o pelo novo coronav\u00edrus no concelho.<\/p>\n","protected":false},"excerpt":{"rendered":"<p>Munic\u00edpio de Melga\u00e7o acaba de confirmar a exist\u00eancia de mais 2 casos positivos de covid-19 na freguesia de Parada do Monte, estando mais pessoas com sintomas a realizar testes de despiste. Como medida urgente para conter a propaga\u00e7\u00e3o da pandemia, a freguesia de Parada do Monte est\u00e1 a ser submetida a uma cerca comunit\u00e1ria. O [&hellip;]<\/p>\n","protected":false},"author":1,"featured_media":42632,"comment_status":"closed","ping_status":"closed","sticky":false,"template":"","format":"standard","meta":{"_exactmetrics_skip_tracking":false,"_exactmetrics_sitenote_active":false,"_exactmetrics_sitenote_note":"","_exactmetrics_sitenote_category":0,"footnotes":""},"categories":[8],"tags":[26],"class_list":["post-42630","post","type-post","status-publish","format-standard","has-post-thumbnail","hentry","category-melgaco","tag-saude"],"yoast_head":"<!-- This site is optimized with the Yoast SEO Premium plugin v27.5 (Yoast SEO v27.5) - https:\/\/yoast.com\/product\/yoast-seo-premium-wordpress\/ -->\n<title>Melga\u00e7o confirma mais 2 casos positivos do novo coronav\u00edrus<\/title>\n<meta name=\"robots\" content=\"index, follow, max-snippet:-1, max-image-preview:large, max-video-preview:-1\" \/>\n<link rel=\"canonical\" href=\"https:\/\/www.altominho.tv\/site\/2020\/03\/25\/melgaco-confirma-mais-2-casos-positivos-do-novo-coronavirus\/\" \/>\n<meta property=\"og:locale\" content=\"pt_PT\" \/>\n<meta property=\"og:type\" content=\"article\" \/>\n<meta property=\"og:title\" content=\"Melga\u00e7o confirma mais 2 casos positivos do novo coronav\u00edrus\" \/>\n<meta property=\"og:description\" content=\"Munic\u00edpio de Melga\u00e7o acaba de confirmar a exist\u00eancia de mais 2 casos positivos de covid-19 na freguesia de Parada do Monte, estando mais pessoas com sintomas a realizar testes de despiste. Como medida urgente para conter a propaga\u00e7\u00e3o da pandemia, a freguesia de Parada do Monte est\u00e1 a ser submetida a uma cerca comunit\u00e1ria. O [&hellip;]\" \/>\n<meta property=\"og:url\" content=\"https:\/\/www.altominho.tv\/site\/2020\/03\/25\/melgaco-confirma-mais-2-casos-positivos-do-novo-coronavirus\/\" \/>\n<meta property=\"og:site_name\" content=\"Altominho.tv\" \/>\n<meta property=\"article:publisher\" content=\"https:\/\/www.facebook.com\/altominhotv\" \/>\n<meta property=\"article:published_time\" content=\"2020-03-25T11:52:37+00:00\" \/>\n<meta property=\"article:modified_time\" content=\"2020-03-25T14:33:39+00:00\" \/>\n<meta property=\"og:image\" content=\"https:\/\/www.altominho.tv\/site\/wp-content\/uploads\/2020\/03\/Parada-do-Monte.jpg\" \/>\n\t<meta property=\"og:image:width\" content=\"1024\" \/>\n\t<meta property=\"og:image:height\" content=\"683\" \/>\n\t<meta property=\"og:image:type\" content=\"image\/jpeg\" \/>\n<meta name=\"author\" content=\"Altominho.tv\" \/>\n<meta name=\"twitter:card\" content=\"summary_large_image\" \/>\n<meta name=\"twitter:creator\" content=\"@altominhoTV\" \/>\n<meta name=\"twitter:site\" content=\"@altominhoTV\" \/>\n<meta name=\"twitter:label1\" content=\"Escrito por\" \/>\n\t<meta name=\"twitter:data1\" content=\"Altominho.tv\" \/>\n\t<meta name=\"twitter:label2\" content=\"Tempo estimado de leitura\" \/>\n\t<meta name=\"twitter:data2\" content=\"1 minuto\" \/>\n<script type=\"application\/ld+json\" class=\"yoast-schema-graph\">{\"@context\":\"https:\\\/\\\/schema.org\",\"@graph\":[{\"@type\":\"Article\",\"@id\":\"https:\\\/\\\/www.altominho.tv\\\/site\\\/2020\\\/03\\\/25\\\/melgaco-confirma-mais-2-casos-positivos-do-novo-coronavirus\\\/#article\",\"isPartOf\":{\"@id\":\"https:\\\/\\\/www.altominho.tv\\\/site\\\/2020\\\/03\\\/25\\\/melgaco-confirma-mais-2-casos-positivos-do-novo-coronavirus\\\/\"},\"author\":{\"name\":\"Altominho.tv\",\"@id\":\"https:\\\/\\\/www.altominho.tv\\\/site\\\/#\\\/schema\\\/person\\\/4e536851627d7914baf3dac752b6af22\"},\"headline\":\"Melga\u00e7o confirma mais 2 casos positivos do novo coronav\u00edrus\",\"datePublished\":\"2020-03-25T11:52:37+00:00\",\"dateModified\":\"2020-03-25T14:33:39+00:00\",\"mainEntityOfPage\":{\"@id\":\"https:\\\/\\\/www.altominho.tv\\\/site\\\/2020\\\/03\\\/25\\\/melgaco-confirma-mais-2-casos-positivos-do-novo-coronavirus\\\/\"},\"wordCount\":230,\"image\":{\"@id\":\"https:\\\/\\\/www.altominho.tv\\\/site\\\/2020\\\/03\\\/25\\\/melgaco-confirma-mais-2-casos-positivos-do-novo-coronavirus\\\/#primaryimage\"},\"thumbnailUrl\":\"https:\\\/\\\/www.altominho.tv\\\/site\\\/wp-content\\\/uploads\\\/2020\\\/03\\\/Parada-do-Monte.jpg\",\"keywords\":[\"Sa\u00fade\"],\"articleSection\":[\"Melga\u00e7o\"],\"inLanguage\":\"pt-PT\",\"copyrightYear\":\"2020\",\"copyrightHolder\":{\"@id\":\"https:\\\/\\\/www.altominho.tv\\\/site\\\/#organization\"}},{\"@type\":\"WebPage\",\"@id\":\"https:\\\/\\\/www.altominho.tv\\\/site\\\/2020\\\/03\\\/25\\\/melgaco-confirma-mais-2-casos-positivos-do-novo-coronavirus\\\/\",\"url\":\"https:\\\/\\\/www.altominho.tv\\\/site\\\/2020\\\/03\\\/25\\\/melgaco-confirma-mais-2-casos-positivos-do-novo-coronavirus\\\/\",\"name\":\"Melga\u00e7o confirma mais 2 casos positivos do novo coronav\u00edrus\",\"isPartOf\":{\"@id\":\"https:\\\/\\\/www.altominho.tv\\\/site\\\/#website\"},\"primaryImageOfPage\":{\"@id\":\"https:\\\/\\\/www.altominho.tv\\\/site\\\/2020\\\/03\\\/25\\\/melgaco-confirma-mais-2-casos-positivos-do-novo-coronavirus\\\/#primaryimage\"},\"image\":{\"@id\":\"https:\\\/\\\/www.altominho.tv\\\/site\\\/2020\\\/03\\\/25\\\/melgaco-confirma-mais-2-casos-positivos-do-novo-coronavirus\\\/#primaryimage\"},\"thumbnailUrl\":\"https:\\\/\\\/www.altominho.tv\\\/site\\\/wp-content\\\/uploads\\\/2020\\\/03\\\/Parada-do-Monte.jpg\",\"datePublished\":\"2020-03-25T11:52:37+00:00\",\"dateModified\":\"2020-03-25T14:33:39+00:00\",\"author\":{\"@id\":\"https:\\\/\\\/www.altominho.tv\\\/site\\\/#\\\/schema\\\/person\\\/4e536851627d7914baf3dac752b6af22\"},\"breadcrumb\":{\"@id\":\"https:\\\/\\\/www.altominho.tv\\\/site\\\/2020\\\/03\\\/25\\\/melgaco-confirma-mais-2-casos-positivos-do-novo-coronavirus\\\/#breadcrumb\"},\"inLanguage\":\"pt-PT\",\"potentialAction\":[{\"@type\":\"ReadAction\",\"target\":[\"https:\\\/\\\/www.altominho.tv\\\/site\\\/2020\\\/03\\\/25\\\/melgaco-confirma-mais-2-casos-positivos-do-novo-coronavirus\\\/\"]}]},{\"@type\":\"ImageObject\",\"inLanguage\":\"pt-PT\",\"@id\":\"https:\\\/\\\/www.altominho.tv\\\/site\\\/2020\\\/03\\\/25\\\/melgaco-confirma-mais-2-casos-positivos-do-novo-coronavirus\\\/#primaryimage\",\"url\":\"https:\\\/\\\/www.altominho.tv\\\/site\\\/wp-content\\\/uploads\\\/2020\\\/03\\\/Parada-do-Monte.jpg\",\"contentUrl\":\"https:\\\/\\\/www.altominho.tv\\\/site\\\/wp-content\\\/uploads\\\/2020\\\/03\\\/Parada-do-Monte.jpg\",\"width\":1024,\"height\":683,\"caption\":\"Parada Do Monte\"},{\"@type\":\"BreadcrumbList\",\"@id\":\"https:\\\/\\\/www.altominho.tv\\\/site\\\/2020\\\/03\\\/25\\\/melgaco-confirma-mais-2-casos-positivos-do-novo-coronavirus\\\/#breadcrumb\",\"itemListElement\":[{\"@type\":\"ListItem\",\"position\":1,\"name\":\"In\u00edcio\",\"item\":\"https:\\\/\\\/www.altominho.tv\\\/site\\\/\"},{\"@type\":\"ListItem\",\"position\":2,\"name\":\"Melga\u00e7o confirma mais 2 casos positivos do novo coronav\u00edrus\"}]},{\"@type\":\"WebSite\",\"@id\":\"https:\\\/\\\/www.altominho.tv\\\/site\\\/#website\",\"url\":\"https:\\\/\\\/www.altominho.tv\\\/site\\\/\",\"name\":\"Altominho.tv\",\"description\":\"A sua regi\u00e3o \u00e0 dist\u00e2ncia de um clique...\",\"potentialAction\":[{\"@type\":\"SearchAction\",\"target\":{\"@type\":\"EntryPoint\",\"urlTemplate\":\"https:\\\/\\\/www.altominho.tv\\\/site\\\/?s={search_term_string}\"},\"query-input\":{\"@type\":\"PropertyValueSpecification\",\"valueRequired\":true,\"valueName\":\"search_term_string\"}}],\"inLanguage\":\"pt-PT\"},{\"@type\":\"Person\",\"@id\":\"https:\\\/\\\/www.altominho.tv\\\/site\\\/#\\\/schema\\\/person\\\/4e536851627d7914baf3dac752b6af22\",\"name\":\"Altominho.tv\",\"image\":{\"@type\":\"ImageObject\",\"inLanguage\":\"pt-PT\",\"@id\":\"https:\\\/\\\/www.altominho.tv\\\/site\\\/wp-content\\\/uploads\\\/2019\\\/11\\\/Logo_Avatar_2-150x150.jpg\",\"url\":\"https:\\\/\\\/www.altominho.tv\\\/site\\\/wp-content\\\/uploads\\\/2019\\\/11\\\/Logo_Avatar_2-150x150.jpg\",\"contentUrl\":\"https:\\\/\\\/www.altominho.tv\\\/site\\\/wp-content\\\/uploads\\\/2019\\\/11\\\/Logo_Avatar_2-150x150.jpg\",\"caption\":\"Altominho.tv\"},\"url\":\"https:\\\/\\\/www.altominho.tv\\\/site\\\/author\\\/altominhotv-tecnico\\\/\"}]}<\/script>\n<!-- \/ Yoast SEO Premium plugin. -->","yoast_head_json":{"title":"Melga\u00e7o confirma mais 2 casos positivos do novo coronav\u00edrus","robots":{"index":"index","follow":"follow","max-snippet":"max-snippet:-1","max-image-preview":"max-image-preview:large","max-video-preview":"max-video-preview:-1"},"canonical":"https:\/\/www.altominho.tv\/site\/2020\/03\/25\/melgaco-confirma-mais-2-casos-positivos-do-novo-coronavirus\/","og_locale":"pt_PT","og_type":"article","og_title":"Melga\u00e7o confirma mais 2 casos positivos do novo coronav\u00edrus","og_description":"Munic\u00edpio de Melga\u00e7o acaba de confirmar a exist\u00eancia de mais 2 casos positivos de covid-19 na freguesia de Parada do Monte, estando mais pessoas com sintomas a realizar testes de despiste. Como medida urgente para conter a propaga\u00e7\u00e3o da pandemia, a freguesia de Parada do Monte est\u00e1 a ser submetida a uma cerca comunit\u00e1ria. O [&hellip;]","og_url":"https:\/\/www.altominho.tv\/site\/2020\/03\/25\/melgaco-confirma-mais-2-casos-positivos-do-novo-coronavirus\/","og_site_name":"Altominho.tv","article_publisher":"https:\/\/www.facebook.com\/altominhotv","article_published_time":"2020-03-25T11:52:37+00:00","article_modified_time":"2020-03-25T14:33:39+00:00","og_image":[{"width":1024,"height":683,"url":"https:\/\/www.altominho.tv\/site\/wp-content\/uploads\/2020\/03\/Parada-do-Monte.jpg","type":"image\/jpeg"}],"author":"Altominho.tv","twitter_card":"summary_large_image","twitter_creator":"@altominhoTV","twitter_site":"@altominhoTV","twitter_misc":{"Escrito por":"Altominho.tv","Tempo estimado de leitura":"1 minuto"},"schema":{"@context":"https:\/\/schema.org","@graph":[{"@type":"Article","@id":"https:\/\/www.altominho.tv\/site\/2020\/03\/25\/melgaco-confirma-mais-2-casos-positivos-do-novo-coronavirus\/#article","isPartOf":{"@id":"https:\/\/www.altominho.tv\/site\/2020\/03\/25\/melgaco-confirma-mais-2-casos-positivos-do-novo-coronavirus\/"},"author":{"name":"Altominho.tv","@id":"https:\/\/www.altominho.tv\/site\/#\/schema\/person\/4e536851627d7914baf3dac752b6af22"},"headline":"Melga\u00e7o confirma mais 2 casos positivos do novo coronav\u00edrus","datePublished":"2020-03-25T11:52:37+00:00","dateModified":"2020-03-25T14:33:39+00:00","mainEntityOfPage":{"@id":"https:\/\/www.altominho.tv\/site\/2020\/03\/25\/melgaco-confirma-mais-2-casos-positivos-do-novo-coronavirus\/"},"wordCount":230,"image":{"@id":"https:\/\/www.altominho.tv\/site\/2020\/03\/25\/melgaco-confirma-mais-2-casos-positivos-do-novo-coronavirus\/#primaryimage"},"thumbnailUrl":"https:\/\/www.altominho.tv\/site\/wp-content\/uploads\/2020\/03\/Parada-do-Monte.jpg","keywords":["Sa\u00fade"],"articleSection":["Melga\u00e7o"],"inLanguage":"pt-PT","copyrightYear":"2020","copyrightHolder":{"@id":"https:\/\/www.altominho.tv\/site\/#organization"}},{"@type":"WebPage","@id":"https:\/\/www.altominho.tv\/site\/2020\/03\/25\/melgaco-confirma-mais-2-casos-positivos-do-novo-coronavirus\/","url":"https:\/\/www.altominho.tv\/site\/2020\/03\/25\/melgaco-confirma-mais-2-casos-positivos-do-novo-coronavirus\/","name":"Melga\u00e7o confirma mais 2 casos positivos do novo coronav\u00edrus","isPartOf":{"@id":"https:\/\/www.altominho.tv\/site\/#website"},"primaryImageOfPage":{"@id":"https:\/\/www.altominho.tv\/site\/2020\/03\/25\/melgaco-confirma-mais-2-casos-positivos-do-novo-coronavirus\/#primaryimage"},"image":{"@id":"https:\/\/www.altominho.tv\/site\/2020\/03\/25\/melgaco-confirma-mais-2-casos-positivos-do-novo-coronavirus\/#primaryimage"},"thumbnailUrl":"https:\/\/www.altominho.tv\/site\/wp-content\/uploads\/2020\/03\/Parada-do-Monte.jpg","datePublished":"2020-03-25T11:52:37+00:00","dateModified":"2020-03-25T14:33:39+00:00","author":{"@id":"https:\/\/www.altominho.tv\/site\/#\/schema\/person\/4e536851627d7914baf3dac752b6af22"},"breadcrumb":{"@id":"https:\/\/www.altominho.tv\/site\/2020\/03\/25\/melgaco-confirma-mais-2-casos-positivos-do-novo-coronavirus\/#breadcrumb"},"inLanguage":"pt-PT","potentialAction":[{"@type":"ReadAction","target":["https:\/\/www.altominho.tv\/site\/2020\/03\/25\/melgaco-confirma-mais-2-casos-positivos-do-novo-coronavirus\/"]}]},{"@type":"ImageObject","inLanguage":"pt-PT","@id":"https:\/\/www.altominho.tv\/site\/2020\/03\/25\/melgaco-confirma-mais-2-casos-positivos-do-novo-coronavirus\/#primaryimage","url":"https:\/\/www.altominho.tv\/site\/wp-content\/uploads\/2020\/03\/Parada-do-Monte.jpg","contentUrl":"https:\/\/www.altominho.tv\/site\/wp-content\/uploads\/2020\/03\/Parada-do-Monte.jpg","width":1024,"height":683,"caption":"Parada Do Monte"},{"@type":"BreadcrumbList","@id":"https:\/\/www.altominho.tv\/site\/2020\/03\/25\/melgaco-confirma-mais-2-casos-positivos-do-novo-coronavirus\/#breadcrumb","itemListElement":[{"@type":"ListItem","position":1,"name":"In\u00edcio","item":"https:\/\/www.altominho.tv\/site\/"},{"@type":"ListItem","position":2,"name":"Melga\u00e7o confirma mais 2 casos positivos do novo coronav\u00edrus"}]},{"@type":"WebSite","@id":"https:\/\/www.altominho.tv\/site\/#website","url":"https:\/\/www.altominho.tv\/site\/","name":"Altominho.tv","description":"A sua regi\u00e3o \u00e0 dist\u00e2ncia de um clique...","potentialAction":[{"@type":"SearchAction","target":{"@type":"EntryPoint","urlTemplate":"https:\/\/www.altominho.tv\/site\/?s={search_term_string}"},"query-input":{"@type":"PropertyValueSpecification","valueRequired":true,"valueName":"search_term_string"}}],"inLanguage":"pt-PT"},{"@type":"Person","@id":"https:\/\/www.altominho.tv\/site\/#\/schema\/person\/4e536851627d7914baf3dac752b6af22","name":"Altominho.tv","image":{"@type":"ImageObject","inLanguage":"pt-PT","@id":"https:\/\/www.altominho.tv\/site\/wp-content\/uploads\/2019\/11\/Logo_Avatar_2-150x150.jpg","url":"https:\/\/www.altominho.tv\/site\/wp-content\/uploads\/2019\/11\/Logo_Avatar_2-150x150.jpg","contentUrl":"https:\/\/www.altominho.tv\/site\/wp-content\/uploads\/2019\/11\/Logo_Avatar_2-150x150.jpg","caption":"Altominho.tv"},"url":"https:\/\/www.altominho.tv\/site\/author\/altominhotv-tecnico\/"}]}},"_links":{"self":[{"href":"https:\/\/www.altominho.tv\/site\/wp-json\/wp\/v2\/posts\/42630","targetHints":{"allow":["GET"]}}],"collection":[{"href":"https:\/\/www.altominho.tv\/site\/wp-json\/wp\/v2\/posts"}],"about":[{"href":"https:\/\/www.altominho.tv\/site\/wp-json\/wp\/v2\/types\/post"}],"author":[{"embeddable":true,"href":"https:\/\/www.altominho.tv\/site\/wp-json\/wp\/v2\/users\/1"}],"replies":[{"embeddable":true,"href":"https:\/\/www.altominho.tv\/site\/wp-json\/wp\/v2\/comments?post=42630"}],"version-history":[{"count":0,"href":"https:\/\/www.altominho.tv\/site\/wp-json\/wp\/v2\/posts\/42630\/revisions"}],"wp:featuredmedia":[{"embeddable":true,"href":"https:\/\/www.altominho.tv\/site\/wp-json\/wp\/v2\/media\/42632"}],"wp:attachment":[{"href":"https:\/\/www.altominho.tv\/site\/wp-json\/wp\/v2\/media?parent=42630"}],"wp:term":[{"taxonomy":"category","embeddable":true,"href":"https:\/\/www.altominho.tv\/site\/wp-json\/wp\/v2\/categories?post=42630"},{"taxonomy":"post_tag","embeddable":true,"href":"https:\/\/www.altominho.tv\/site\/wp-json\/wp\/v2\/tags?post=42630"}],"curies":[{"name":"wp","href":"https:\/\/api.w.org\/{rel}","templated":true}]}}