{"id":42616,"date":"2020-03-25T10:15:03","date_gmt":"2020-03-25T10:15:03","guid":{"rendered":"http:\/\/www.altominho.tv\/site\/?p=42616"},"modified":"2020-03-25T10:15:09","modified_gmt":"2020-03-25T10:15:09","slug":"mais-de-100-medicos-voluntarios-vao-apoiar-equipas-que-acompanham-sem-abrigo","status":"publish","type":"post","link":"https:\/\/www.altominho.tv\/site\/2020\/03\/25\/mais-de-100-medicos-voluntarios-vao-apoiar-equipas-que-acompanham-sem-abrigo\/","title":{"rendered":"Mais de 100 m\u00e9dicos volunt\u00e1rios v\u00e3o apoiar equipas que acompanham sem-abrigo"},"content":{"rendered":"\n<p>Mais de 100 m\u00e9dicos voluntariaram-se para dar apoio \u00e0s equipas de acompanham a popula\u00e7\u00e3o sem-abrigo nesta altura de pandemia de covid-19, respondendo a um apelo do baston\u00e1rio, anunciou a Ordem dos M\u00e9dicos (OM).<\/p>\n\n\n\n<p>\u201cAs esquipas que est\u00e3o todo o ano no terreno a apoiar os sem-abrigo est\u00e3o tamb\u00e9m elas a ser afetadas pela pandemia que estamos a viver, com alguns dos volunt\u00e1rios a precisar de ficar em isolamento\u201d, explica o baston\u00e1rio, Miguel Guimar\u00e3es, em comunicado.<\/p>\n\n\n\n<p>A OM explica que, para dar resposta a uma solicita\u00e7\u00e3o da Estrat\u00e9gia Nacional para a Integra\u00e7\u00e3o das Pessoas em Situa\u00e7\u00e3o de Sem-abrigo, o baston\u00e1rio decidiu lan\u00e7ar mais um apelo \u201cao esp\u00edrito humanista e solid\u00e1rio que tem definido os m\u00e9dicos portugueses\u201d, pedindo colegas volunt\u00e1rios para darem apoio telef\u00f3nico \u00e0s equipas de rua que acompanham os sem-abrigo.<\/p>\n\n\n\n<p>\u201cNesta altura torna-se tamb\u00e9m mais importante conseguir dar no momento o melhor acompanhamento cl\u00ednico poss\u00edvel, dados os riscos acrescidos de cont\u00e1gio para quem recorra a uma unidade hospitalar\u201d, explica Miguel Guimar\u00e3es.<\/p>\n\n\n\n<p>O baston\u00e1rio diz tamb\u00e9m que os m\u00e9dicos v\u00e3o esclarecer d\u00favidas atrav\u00e9s do telefone a estas equipas, estejam ou n\u00e3o relacionadas com a Covid-19\u201d.<\/p>\n\n\n\n<p>\u201cTodas as estruturas telef\u00f3nicas, como o SNS24 e a Linha de Apoio ao M\u00e9dico, est\u00e3o sobrecarregadas, e com este apoio especializado queremos garantir uma resposta \u00e1gil e com qualidade\u201d, refor\u00e7a.<\/p>\n\n\n\n<p>O Governo j\u00e1 anunciou que as For\u00e7as Armadas est\u00e3o preparadas para atuar no caso de haver car\u00eancia de volunt\u00e1rios que atualmente d\u00e3o apoio \u00e0 popula\u00e7\u00e3o sem-abrigo, nomeadamente para a distribui\u00e7\u00e3o de comida.<\/p>\n\n\n\n<p>Portugal, onde os primeiros casos confirmados da Covid-19 foram registados no dia 02 de mar\u00e7o, encontra-se em estado de emerg\u00eancia desde as 00:00 de 19 de mar\u00e7o e at\u00e9 \u00e0s 23:59 de 02 de abril.<\/p>\n\n\n\n<p>Os \u00faltimos dados da Dire\u00e7\u00e3o-Geral da Sa\u00fade indicam que foram registadas 33 mortes associadas \u00e0 doen\u00e7a e h\u00e1 2.362 infe\u00e7\u00f5es confirmadas.<\/p>\n\n\n\n<p>O novo coronav\u00edrus, respons\u00e1vel pela pandemia da Covid-19, j\u00e1 infetou mais de 400 mil pessoas em todo o mundo, das quais morreram cerca de 18.000.<\/p>\n","protected":false},"excerpt":{"rendered":"<p>Mais de 100 m\u00e9dicos voluntariaram-se para dar apoio \u00e0s equipas de acompanham a popula\u00e7\u00e3o sem-abrigo nesta altura de pandemia de covid-19, respondendo a um apelo do baston\u00e1rio, anunciou a Ordem dos M\u00e9dicos (OM). \u201cAs esquipas que est\u00e3o todo o ano no terreno a apoiar os sem-abrigo est\u00e3o tamb\u00e9m elas a ser afetadas pela pandemia que [&hellip;]<\/p>\n","protected":false},"author":16,"featured_media":42617,"comment_status":"closed","ping_status":"closed","sticky":false,"template":"","format":"standard","meta":{"_exactmetrics_skip_tracking":false,"_exactmetrics_sitenote_active":false,"_exactmetrics_sitenote_note":"","_exactmetrics_sitenote_category":0,"footnotes":""},"categories":[42722],"tags":[26,27],"class_list":["post-42616","post","type-post","status-publish","format-standard","has-post-thumbnail","hentry","category-covid-19","tag-saude","tag-sociedade"],"yoast_head":"<!-- This site is optimized with the Yoast SEO Premium plugin v27.5 (Yoast SEO v27.5) - https:\/\/yoast.com\/product\/yoast-seo-premium-wordpress\/ -->\n<title>Mais de 100 m\u00e9dicos volunt\u00e1rios v\u00e3o apoiar equipas que acompanham sem-abrigo<\/title>\n<meta name=\"robots\" content=\"index, follow, max-snippet:-1, max-image-preview:large, max-video-preview:-1\" \/>\n<link rel=\"canonical\" href=\"https:\/\/www.altominho.tv\/site\/2020\/03\/25\/mais-de-100-medicos-voluntarios-vao-apoiar-equipas-que-acompanham-sem-abrigo\/\" \/>\n<meta property=\"og:locale\" content=\"pt_PT\" \/>\n<meta property=\"og:type\" content=\"article\" \/>\n<meta property=\"og:title\" content=\"Mais de 100 m\u00e9dicos volunt\u00e1rios v\u00e3o apoiar equipas que acompanham sem-abrigo\" \/>\n<meta property=\"og:description\" content=\"Mais de 100 m\u00e9dicos voluntariaram-se para dar apoio \u00e0s equipas de acompanham a popula\u00e7\u00e3o sem-abrigo nesta altura de pandemia de covid-19, respondendo a um apelo do baston\u00e1rio, anunciou a Ordem dos M\u00e9dicos (OM). \u201cAs esquipas que est\u00e3o todo o ano no terreno a apoiar os sem-abrigo est\u00e3o tamb\u00e9m elas a ser afetadas pela pandemia que [&hellip;]\" \/>\n<meta property=\"og:url\" content=\"https:\/\/www.altominho.tv\/site\/2020\/03\/25\/mais-de-100-medicos-voluntarios-vao-apoiar-equipas-que-acompanham-sem-abrigo\/\" \/>\n<meta property=\"og:site_name\" content=\"Altominho.tv\" \/>\n<meta property=\"article:publisher\" content=\"https:\/\/www.facebook.com\/altominhotv\" \/>\n<meta property=\"article:published_time\" content=\"2020-03-25T10:15:03+00:00\" \/>\n<meta property=\"article:modified_time\" content=\"2020-03-25T10:15:09+00:00\" \/>\n<meta property=\"og:image\" content=\"https:\/\/www.altominho.tv\/site\/wp-content\/uploads\/2020\/03\/sem-abrigo.jpg\" \/>\n\t<meta property=\"og:image:width\" content=\"1920\" \/>\n\t<meta property=\"og:image:height\" content=\"1080\" \/>\n\t<meta property=\"og:image:type\" content=\"image\/jpeg\" \/>\n<meta name=\"author\" content=\"Andreia Cunha | Lusa\" \/>\n<meta name=\"twitter:card\" content=\"summary_large_image\" \/>\n<meta name=\"twitter:creator\" content=\"@altominhoTV\" \/>\n<meta name=\"twitter:site\" content=\"@altominhoTV\" \/>\n<meta name=\"twitter:label1\" content=\"Escrito por\" \/>\n\t<meta name=\"twitter:data1\" content=\"Andreia Cunha | Lusa\" \/>\n\t<meta name=\"twitter:label2\" content=\"Tempo estimado de leitura\" \/>\n\t<meta name=\"twitter:data2\" content=\"2 minutos\" \/>\n<script type=\"application\/ld+json\" class=\"yoast-schema-graph\">{\"@context\":\"https:\\\/\\\/schema.org\",\"@graph\":[{\"@type\":\"Article\",\"@id\":\"https:\\\/\\\/www.altominho.tv\\\/site\\\/2020\\\/03\\\/25\\\/mais-de-100-medicos-voluntarios-vao-apoiar-equipas-que-acompanham-sem-abrigo\\\/#article\",\"isPartOf\":{\"@id\":\"https:\\\/\\\/www.altominho.tv\\\/site\\\/2020\\\/03\\\/25\\\/mais-de-100-medicos-voluntarios-vao-apoiar-equipas-que-acompanham-sem-abrigo\\\/\"},\"author\":{\"name\":\"Andreia Cunha | Lusa\",\"@id\":\"https:\\\/\\\/www.altominho.tv\\\/site\\\/#\\\/schema\\\/person\\\/dbaf181c01b51ff40c9f461a905d321e\"},\"headline\":\"Mais de 100 m\u00e9dicos volunt\u00e1rios v\u00e3o apoiar equipas que acompanham sem-abrigo\",\"datePublished\":\"2020-03-25T10:15:03+00:00\",\"dateModified\":\"2020-03-25T10:15:09+00:00\",\"mainEntityOfPage\":{\"@id\":\"https:\\\/\\\/www.altominho.tv\\\/site\\\/2020\\\/03\\\/25\\\/mais-de-100-medicos-voluntarios-vao-apoiar-equipas-que-acompanham-sem-abrigo\\\/\"},\"wordCount\":381,\"image\":{\"@id\":\"https:\\\/\\\/www.altominho.tv\\\/site\\\/2020\\\/03\\\/25\\\/mais-de-100-medicos-voluntarios-vao-apoiar-equipas-que-acompanham-sem-abrigo\\\/#primaryimage\"},\"thumbnailUrl\":\"https:\\\/\\\/www.altominho.tv\\\/site\\\/wp-content\\\/uploads\\\/2020\\\/03\\\/sem-abrigo.jpg\",\"keywords\":[\"Sa\u00fade\",\"Sociedade\"],\"articleSection\":[\"Coronav\u00edrus\"],\"inLanguage\":\"pt-PT\",\"copyrightYear\":\"2020\",\"copyrightHolder\":{\"@id\":\"https:\\\/\\\/www.altominho.tv\\\/site\\\/#organization\"}},{\"@type\":\"WebPage\",\"@id\":\"https:\\\/\\\/www.altominho.tv\\\/site\\\/2020\\\/03\\\/25\\\/mais-de-100-medicos-voluntarios-vao-apoiar-equipas-que-acompanham-sem-abrigo\\\/\",\"url\":\"https:\\\/\\\/www.altominho.tv\\\/site\\\/2020\\\/03\\\/25\\\/mais-de-100-medicos-voluntarios-vao-apoiar-equipas-que-acompanham-sem-abrigo\\\/\",\"name\":\"Mais de 100 m\u00e9dicos volunt\u00e1rios v\u00e3o apoiar equipas que acompanham sem-abrigo\",\"isPartOf\":{\"@id\":\"https:\\\/\\\/www.altominho.tv\\\/site\\\/#website\"},\"primaryImageOfPage\":{\"@id\":\"https:\\\/\\\/www.altominho.tv\\\/site\\\/2020\\\/03\\\/25\\\/mais-de-100-medicos-voluntarios-vao-apoiar-equipas-que-acompanham-sem-abrigo\\\/#primaryimage\"},\"image\":{\"@id\":\"https:\\\/\\\/www.altominho.tv\\\/site\\\/2020\\\/03\\\/25\\\/mais-de-100-medicos-voluntarios-vao-apoiar-equipas-que-acompanham-sem-abrigo\\\/#primaryimage\"},\"thumbnailUrl\":\"https:\\\/\\\/www.altominho.tv\\\/site\\\/wp-content\\\/uploads\\\/2020\\\/03\\\/sem-abrigo.jpg\",\"datePublished\":\"2020-03-25T10:15:03+00:00\",\"dateModified\":\"2020-03-25T10:15:09+00:00\",\"author\":{\"@id\":\"https:\\\/\\\/www.altominho.tv\\\/site\\\/#\\\/schema\\\/person\\\/dbaf181c01b51ff40c9f461a905d321e\"},\"breadcrumb\":{\"@id\":\"https:\\\/\\\/www.altominho.tv\\\/site\\\/2020\\\/03\\\/25\\\/mais-de-100-medicos-voluntarios-vao-apoiar-equipas-que-acompanham-sem-abrigo\\\/#breadcrumb\"},\"inLanguage\":\"pt-PT\",\"potentialAction\":[{\"@type\":\"ReadAction\",\"target\":[\"https:\\\/\\\/www.altominho.tv\\\/site\\\/2020\\\/03\\\/25\\\/mais-de-100-medicos-voluntarios-vao-apoiar-equipas-que-acompanham-sem-abrigo\\\/\"]}]},{\"@type\":\"ImageObject\",\"inLanguage\":\"pt-PT\",\"@id\":\"https:\\\/\\\/www.altominho.tv\\\/site\\\/2020\\\/03\\\/25\\\/mais-de-100-medicos-voluntarios-vao-apoiar-equipas-que-acompanham-sem-abrigo\\\/#primaryimage\",\"url\":\"https:\\\/\\\/www.altominho.tv\\\/site\\\/wp-content\\\/uploads\\\/2020\\\/03\\\/sem-abrigo.jpg\",\"contentUrl\":\"https:\\\/\\\/www.altominho.tv\\\/site\\\/wp-content\\\/uploads\\\/2020\\\/03\\\/sem-abrigo.jpg\",\"width\":1920,\"height\":1080},{\"@type\":\"BreadcrumbList\",\"@id\":\"https:\\\/\\\/www.altominho.tv\\\/site\\\/2020\\\/03\\\/25\\\/mais-de-100-medicos-voluntarios-vao-apoiar-equipas-que-acompanham-sem-abrigo\\\/#breadcrumb\",\"itemListElement\":[{\"@type\":\"ListItem\",\"position\":1,\"name\":\"In\u00edcio\",\"item\":\"https:\\\/\\\/www.altominho.tv\\\/site\\\/\"},{\"@type\":\"ListItem\",\"position\":2,\"name\":\"Mais de 100 m\u00e9dicos volunt\u00e1rios v\u00e3o apoiar equipas que acompanham sem-abrigo\"}]},{\"@type\":\"WebSite\",\"@id\":\"https:\\\/\\\/www.altominho.tv\\\/site\\\/#website\",\"url\":\"https:\\\/\\\/www.altominho.tv\\\/site\\\/\",\"name\":\"Altominho.tv\",\"description\":\"A sua regi\u00e3o \u00e0 dist\u00e2ncia de um clique...\",\"potentialAction\":[{\"@type\":\"SearchAction\",\"target\":{\"@type\":\"EntryPoint\",\"urlTemplate\":\"https:\\\/\\\/www.altominho.tv\\\/site\\\/?s={search_term_string}\"},\"query-input\":{\"@type\":\"PropertyValueSpecification\",\"valueRequired\":true,\"valueName\":\"search_term_string\"}}],\"inLanguage\":\"pt-PT\"},{\"@type\":\"Person\",\"@id\":\"https:\\\/\\\/www.altominho.tv\\\/site\\\/#\\\/schema\\\/person\\\/dbaf181c01b51ff40c9f461a905d321e\",\"name\":\"Andreia Cunha | Lusa\",\"image\":{\"@type\":\"ImageObject\",\"inLanguage\":\"pt-PT\",\"@id\":\"https:\\\/\\\/www.altominho.tv\\\/site\\\/wp-content\\\/uploads\\\/2017\\\/11\\\/Andreia_Cunha-1-150x150.jpg\",\"url\":\"https:\\\/\\\/www.altominho.tv\\\/site\\\/wp-content\\\/uploads\\\/2017\\\/11\\\/Andreia_Cunha-1-150x150.jpg\",\"contentUrl\":\"https:\\\/\\\/www.altominho.tv\\\/site\\\/wp-content\\\/uploads\\\/2017\\\/11\\\/Andreia_Cunha-1-150x150.jpg\",\"caption\":\"Andreia Cunha | Lusa\"},\"sameAs\":[\"https:\\\/\\\/www.altominho.tv\\\/site\"],\"url\":\"https:\\\/\\\/www.altominho.tv\\\/site\\\/author\\\/andreiacunhalusa\\\/\"}]}<\/script>\n<!-- \/ Yoast SEO Premium plugin. -->","yoast_head_json":{"title":"Mais de 100 m\u00e9dicos volunt\u00e1rios v\u00e3o apoiar equipas que acompanham sem-abrigo","robots":{"index":"index","follow":"follow","max-snippet":"max-snippet:-1","max-image-preview":"max-image-preview:large","max-video-preview":"max-video-preview:-1"},"canonical":"https:\/\/www.altominho.tv\/site\/2020\/03\/25\/mais-de-100-medicos-voluntarios-vao-apoiar-equipas-que-acompanham-sem-abrigo\/","og_locale":"pt_PT","og_type":"article","og_title":"Mais de 100 m\u00e9dicos volunt\u00e1rios v\u00e3o apoiar equipas que acompanham sem-abrigo","og_description":"Mais de 100 m\u00e9dicos voluntariaram-se para dar apoio \u00e0s equipas de acompanham a popula\u00e7\u00e3o sem-abrigo nesta altura de pandemia de covid-19, respondendo a um apelo do baston\u00e1rio, anunciou a Ordem dos M\u00e9dicos (OM). \u201cAs esquipas que est\u00e3o todo o ano no terreno a apoiar os sem-abrigo est\u00e3o tamb\u00e9m elas a ser afetadas pela pandemia que [&hellip;]","og_url":"https:\/\/www.altominho.tv\/site\/2020\/03\/25\/mais-de-100-medicos-voluntarios-vao-apoiar-equipas-que-acompanham-sem-abrigo\/","og_site_name":"Altominho.tv","article_publisher":"https:\/\/www.facebook.com\/altominhotv","article_published_time":"2020-03-25T10:15:03+00:00","article_modified_time":"2020-03-25T10:15:09+00:00","og_image":[{"width":1920,"height":1080,"url":"https:\/\/www.altominho.tv\/site\/wp-content\/uploads\/2020\/03\/sem-abrigo.jpg","type":"image\/jpeg"}],"author":"Andreia Cunha | Lusa","twitter_card":"summary_large_image","twitter_creator":"@altominhoTV","twitter_site":"@altominhoTV","twitter_misc":{"Escrito por":"Andreia Cunha | Lusa","Tempo estimado de leitura":"2 minutos"},"schema":{"@context":"https:\/\/schema.org","@graph":[{"@type":"Article","@id":"https:\/\/www.altominho.tv\/site\/2020\/03\/25\/mais-de-100-medicos-voluntarios-vao-apoiar-equipas-que-acompanham-sem-abrigo\/#article","isPartOf":{"@id":"https:\/\/www.altominho.tv\/site\/2020\/03\/25\/mais-de-100-medicos-voluntarios-vao-apoiar-equipas-que-acompanham-sem-abrigo\/"},"author":{"name":"Andreia Cunha | Lusa","@id":"https:\/\/www.altominho.tv\/site\/#\/schema\/person\/dbaf181c01b51ff40c9f461a905d321e"},"headline":"Mais de 100 m\u00e9dicos volunt\u00e1rios v\u00e3o apoiar equipas que acompanham sem-abrigo","datePublished":"2020-03-25T10:15:03+00:00","dateModified":"2020-03-25T10:15:09+00:00","mainEntityOfPage":{"@id":"https:\/\/www.altominho.tv\/site\/2020\/03\/25\/mais-de-100-medicos-voluntarios-vao-apoiar-equipas-que-acompanham-sem-abrigo\/"},"wordCount":381,"image":{"@id":"https:\/\/www.altominho.tv\/site\/2020\/03\/25\/mais-de-100-medicos-voluntarios-vao-apoiar-equipas-que-acompanham-sem-abrigo\/#primaryimage"},"thumbnailUrl":"https:\/\/www.altominho.tv\/site\/wp-content\/uploads\/2020\/03\/sem-abrigo.jpg","keywords":["Sa\u00fade","Sociedade"],"articleSection":["Coronav\u00edrus"],"inLanguage":"pt-PT","copyrightYear":"2020","copyrightHolder":{"@id":"https:\/\/www.altominho.tv\/site\/#organization"}},{"@type":"WebPage","@id":"https:\/\/www.altominho.tv\/site\/2020\/03\/25\/mais-de-100-medicos-voluntarios-vao-apoiar-equipas-que-acompanham-sem-abrigo\/","url":"https:\/\/www.altominho.tv\/site\/2020\/03\/25\/mais-de-100-medicos-voluntarios-vao-apoiar-equipas-que-acompanham-sem-abrigo\/","name":"Mais de 100 m\u00e9dicos volunt\u00e1rios v\u00e3o apoiar equipas que acompanham sem-abrigo","isPartOf":{"@id":"https:\/\/www.altominho.tv\/site\/#website"},"primaryImageOfPage":{"@id":"https:\/\/www.altominho.tv\/site\/2020\/03\/25\/mais-de-100-medicos-voluntarios-vao-apoiar-equipas-que-acompanham-sem-abrigo\/#primaryimage"},"image":{"@id":"https:\/\/www.altominho.tv\/site\/2020\/03\/25\/mais-de-100-medicos-voluntarios-vao-apoiar-equipas-que-acompanham-sem-abrigo\/#primaryimage"},"thumbnailUrl":"https:\/\/www.altominho.tv\/site\/wp-content\/uploads\/2020\/03\/sem-abrigo.jpg","datePublished":"2020-03-25T10:15:03+00:00","dateModified":"2020-03-25T10:15:09+00:00","author":{"@id":"https:\/\/www.altominho.tv\/site\/#\/schema\/person\/dbaf181c01b51ff40c9f461a905d321e"},"breadcrumb":{"@id":"https:\/\/www.altominho.tv\/site\/2020\/03\/25\/mais-de-100-medicos-voluntarios-vao-apoiar-equipas-que-acompanham-sem-abrigo\/#breadcrumb"},"inLanguage":"pt-PT","potentialAction":[{"@type":"ReadAction","target":["https:\/\/www.altominho.tv\/site\/2020\/03\/25\/mais-de-100-medicos-voluntarios-vao-apoiar-equipas-que-acompanham-sem-abrigo\/"]}]},{"@type":"ImageObject","inLanguage":"pt-PT","@id":"https:\/\/www.altominho.tv\/site\/2020\/03\/25\/mais-de-100-medicos-voluntarios-vao-apoiar-equipas-que-acompanham-sem-abrigo\/#primaryimage","url":"https:\/\/www.altominho.tv\/site\/wp-content\/uploads\/2020\/03\/sem-abrigo.jpg","contentUrl":"https:\/\/www.altominho.tv\/site\/wp-content\/uploads\/2020\/03\/sem-abrigo.jpg","width":1920,"height":1080},{"@type":"BreadcrumbList","@id":"https:\/\/www.altominho.tv\/site\/2020\/03\/25\/mais-de-100-medicos-voluntarios-vao-apoiar-equipas-que-acompanham-sem-abrigo\/#breadcrumb","itemListElement":[{"@type":"ListItem","position":1,"name":"In\u00edcio","item":"https:\/\/www.altominho.tv\/site\/"},{"@type":"ListItem","position":2,"name":"Mais de 100 m\u00e9dicos volunt\u00e1rios v\u00e3o apoiar equipas que acompanham sem-abrigo"}]},{"@type":"WebSite","@id":"https:\/\/www.altominho.tv\/site\/#website","url":"https:\/\/www.altominho.tv\/site\/","name":"Altominho.tv","description":"A sua regi\u00e3o \u00e0 dist\u00e2ncia de um clique...","potentialAction":[{"@type":"SearchAction","target":{"@type":"EntryPoint","urlTemplate":"https:\/\/www.altominho.tv\/site\/?s={search_term_string}"},"query-input":{"@type":"PropertyValueSpecification","valueRequired":true,"valueName":"search_term_string"}}],"inLanguage":"pt-PT"},{"@type":"Person","@id":"https:\/\/www.altominho.tv\/site\/#\/schema\/person\/dbaf181c01b51ff40c9f461a905d321e","name":"Andreia Cunha | Lusa","image":{"@type":"ImageObject","inLanguage":"pt-PT","@id":"https:\/\/www.altominho.tv\/site\/wp-content\/uploads\/2017\/11\/Andreia_Cunha-1-150x150.jpg","url":"https:\/\/www.altominho.tv\/site\/wp-content\/uploads\/2017\/11\/Andreia_Cunha-1-150x150.jpg","contentUrl":"https:\/\/www.altominho.tv\/site\/wp-content\/uploads\/2017\/11\/Andreia_Cunha-1-150x150.jpg","caption":"Andreia Cunha | Lusa"},"sameAs":["https:\/\/www.altominho.tv\/site"],"url":"https:\/\/www.altominho.tv\/site\/author\/andreiacunhalusa\/"}]}},"_links":{"self":[{"href":"https:\/\/www.altominho.tv\/site\/wp-json\/wp\/v2\/posts\/42616","targetHints":{"allow":["GET"]}}],"collection":[{"href":"https:\/\/www.altominho.tv\/site\/wp-json\/wp\/v2\/posts"}],"about":[{"href":"https:\/\/www.altominho.tv\/site\/wp-json\/wp\/v2\/types\/post"}],"author":[{"embeddable":true,"href":"https:\/\/www.altominho.tv\/site\/wp-json\/wp\/v2\/users\/16"}],"replies":[{"embeddable":true,"href":"https:\/\/www.altominho.tv\/site\/wp-json\/wp\/v2\/comments?post=42616"}],"version-history":[{"count":0,"href":"https:\/\/www.altominho.tv\/site\/wp-json\/wp\/v2\/posts\/42616\/revisions"}],"wp:featuredmedia":[{"embeddable":true,"href":"https:\/\/www.altominho.tv\/site\/wp-json\/wp\/v2\/media\/42617"}],"wp:attachment":[{"href":"https:\/\/www.altominho.tv\/site\/wp-json\/wp\/v2\/media?parent=42616"}],"wp:term":[{"taxonomy":"category","embeddable":true,"href":"https:\/\/www.altominho.tv\/site\/wp-json\/wp\/v2\/categories?post=42616"},{"taxonomy":"post_tag","embeddable":true,"href":"https:\/\/www.altominho.tv\/site\/wp-json\/wp\/v2\/tags?post=42616"}],"curies":[{"name":"wp","href":"https:\/\/api.w.org\/{rel}","templated":true}]}}