{"id":42605,"date":"2020-03-25T09:23:08","date_gmt":"2020-03-25T09:23:08","guid":{"rendered":"http:\/\/www.altominho.tv\/site\/?p=42605"},"modified":"2020-03-25T09:23:14","modified_gmt":"2020-03-25T09:23:14","slug":"rui-sousa-acredita-que-e-possivel-ganhar-a-corrida-a-pandemia","status":"publish","type":"post","link":"https:\/\/www.altominho.tv\/site\/2020\/03\/25\/rui-sousa-acredita-que-e-possivel-ganhar-a-corrida-a-pandemia\/","title":{"rendered":"Rui Sousa acredita que \u00e9 poss\u00edvel ganhar a corrida \u00e0 pandemia"},"content":{"rendered":"<p>Rui Sousa reconheceu que a pandemia da covid-19 representa &#8220;o maior desafio&#8221; da sua vida, depois do ciclismo profissional e, mais recentemente, da pol\u00edtica, como autarca em Viana do Castelo, embora acredite que a prova ser\u00e1 superada.<\/p>\n<p>Nestes dias de incerteza, Rui Sousa, de 43 anos, concentra as suas energias na presid\u00eancia da junta da Uni\u00e3o das Freguesias de Barroselas e Carvoeiro, em Viana do Castelo, e <a href=\"https:\/\/www.altominho.tv\/site\/2020\/03\/22\/autarca-em-viana-do-castelo-reporta-casos-de-incumprimento-de-quarentena\/\">mant\u00e9m o foco na prote\u00e7\u00e3o das cerca de cinco a seis mil pessoas residentes<\/a>.<\/p>\n<p>&#8220;<strong>Vivemos momentos muito complicados e dif\u00edceis, mas o meu dever \u00e9 tentar passar a melhor mensagem e alertar para a gravidade deste problema, que \u00e9 mundial. \u00c9 uma luta muito grande, se calhar, a maior da minha vida<\/strong>&#8220;, disse o antigo ciclista.<\/p>\n<p>A popula\u00e7\u00e3o envelhecida \u00e9 uma das suas maiores preocupa\u00e7\u00f5es e prioridades, por estes dias s\u00f3 rivalizada com o alarme causado por dois casos positivos da covid-19 na EB 2,3 de Barroselas.<\/p>\n<p>&#8220;<strong>O caso envolveu dois professores, ambos de fora, e provocou algum alarme, porque o n\u00famero de alunos ainda \u00e9 significativo, mas, felizmente, n\u00e3o houve cont\u00e1gio<\/strong>&#8220;, sublinhou o autarca, a cumprir o segundo mandato e o sexto ano como presidente de junta.<\/p>\n<p>Para combater a pandemia, que em Portugal j\u00e1 matou 33 pessoas, Rui Sousa procura sensibilizar a popula\u00e7\u00e3o, sobretudo os que sem motivo de for\u00e7a maior resistem \u00e0 quarentena, percorrendo diariamente, &#8220;de manh\u00e3 e \u00e0 tarde&#8221;, praticamente todas as ruas das freguesias, sem esquecer o poder das redes sociais, atrav\u00e9s da sua p\u00e1gina oficial do Facebook.<\/p>\n<p>&#8220;A ideia \u00e9 alertar, de uma forma muito vincada, para evitarmos casos e alarmismo. Para este combate s\u00e9rio, al\u00e9m de termos acabado com a feira semanal e fechado, por exemplo, os cemit\u00e9rios, decidimos tamb\u00e9m colocar \u2018outdoors'&#8221;, referiu o vencedor de cinco etapas e cinco vezes p\u00f3dio foi segundo em 2014 e terceiro em 2013, 2012, 2011 e 2002) na Volta a Portugal.<\/p>\n<p>Para a popula\u00e7\u00e3o s\u00e9nior de Barroselas e Carvoeiro, a uni\u00e3o daquelas duas freguesias disponibiliza desde a primeira hora um servi\u00e7o de entrega de bens ao domic\u00edlio.<\/p>\n<p>&#8220;<strong>De segunda a quarta-feira, aceitamos encomendas na junta. Existe um boletim por cada pessoa, onde s\u00e3o anotados os pedidos, e fazemos a entrega ao domic\u00edlio sempre \u00e0s quintas-feiras. Ficou assim definido tamb\u00e9m para nos protegermos e porque entendemos que as pessoas n\u00e3o v\u00e3o todos os dias \u00e0s compras<\/strong>&#8220;, explicou Rui Sousa, destacando, ainda, &#8220;o papel crucial da juventude, em miss\u00e3o de voluntariado, na ajuda aos mais velhos&#8221;.<\/p>\n<p>O antigo corredor, que abandonou o pelot\u00e3o em 2017, reconheceu que a resili\u00eancia, a capacidade de sacrif\u00edcio e de sofrimento pr\u00f3prias do ciclismo fizeram de si &#8220;um homem mais fortalecido&#8221;, com um &#8220;suporte emocional e intelectual mais forte&#8221;, e que \u00e9 isso que lhe permite lidar melhor com a dureza dos dias, sem perder a f\u00e9 num final em que a humanidade corta a meta e a vida vence a doen\u00e7a.<\/p>\n<p>&#8220;Em 20 anos de carreira, com \u00e9pocas de fevereiro a mar\u00e7o, chegam as duas m\u00e3os para dizer as [metas] que n\u00e3o cortei, e sempre nesses casos por les\u00f5es ou indisposi\u00e7\u00f5es. Por conseguinte, temos todos de acreditar, dar o nosso melhor e, com mais ou menos dificuldade, sem pessimismos, mas com consci\u00eancia dos nossos atos, respeitando as regras, vamos cortar a meta e vencer esta prova&#8221;, concluiu.<\/p>\n","protected":false},"excerpt":{"rendered":"<p>Rui Sousa reconheceu que a pandemia da covid-19 representa &#8220;o maior desafio&#8221; da sua vida, depois do ciclismo profissional e, mais recentemente, da pol\u00edtica, como autarca em Viana do Castelo, embora acredite que a prova ser\u00e1 superada. Nestes dias de incerteza, Rui Sousa, de 43 anos, concentra as suas energias na presid\u00eancia da junta da [&hellip;]<\/p>\n","protected":false},"author":1,"featured_media":42606,"comment_status":"closed","ping_status":"closed","sticky":false,"template":"","format":"standard","meta":{"_exactmetrics_skip_tracking":false,"_exactmetrics_sitenote_active":false,"_exactmetrics_sitenote_note":"","_exactmetrics_sitenote_category":0,"footnotes":""},"categories":[14],"tags":[26],"class_list":["post-42605","post","type-post","status-publish","format-standard","has-post-thumbnail","hentry","category-viana-do-castelo","tag-saude"],"yoast_head":"<!-- This site is optimized with the Yoast SEO Premium plugin v27.5 (Yoast SEO v27.5) - https:\/\/yoast.com\/product\/yoast-seo-premium-wordpress\/ -->\n<title>Rui Sousa acredita que \u00e9 poss\u00edvel ganhar a corrida \u00e0 pandemia<\/title>\n<meta name=\"robots\" content=\"index, follow, max-snippet:-1, max-image-preview:large, max-video-preview:-1\" \/>\n<link rel=\"canonical\" href=\"https:\/\/www.altominho.tv\/site\/2020\/03\/25\/rui-sousa-acredita-que-e-possivel-ganhar-a-corrida-a-pandemia\/\" \/>\n<meta property=\"og:locale\" content=\"pt_PT\" \/>\n<meta property=\"og:type\" content=\"article\" \/>\n<meta property=\"og:title\" content=\"Rui Sousa acredita que \u00e9 poss\u00edvel ganhar a corrida \u00e0 pandemia\" \/>\n<meta property=\"og:description\" content=\"Rui Sousa reconheceu que a pandemia da covid-19 representa &#8220;o maior desafio&#8221; da sua vida, depois do ciclismo profissional e, mais recentemente, da pol\u00edtica, como autarca em Viana do Castelo, embora acredite que a prova ser\u00e1 superada. Nestes dias de incerteza, Rui Sousa, de 43 anos, concentra as suas energias na presid\u00eancia da junta da [&hellip;]\" \/>\n<meta property=\"og:url\" content=\"https:\/\/www.altominho.tv\/site\/2020\/03\/25\/rui-sousa-acredita-que-e-possivel-ganhar-a-corrida-a-pandemia\/\" \/>\n<meta property=\"og:site_name\" content=\"Altominho.tv\" \/>\n<meta property=\"article:publisher\" content=\"https:\/\/www.facebook.com\/altominhotv\" \/>\n<meta property=\"article:published_time\" content=\"2020-03-25T09:23:08+00:00\" \/>\n<meta property=\"article:modified_time\" content=\"2020-03-25T09:23:14+00:00\" \/>\n<meta property=\"og:image\" content=\"https:\/\/www.altominho.tv\/site\/wp-content\/uploads\/2020\/03\/Rui_Sousa_.jpg\" \/>\n\t<meta property=\"og:image:width\" content=\"1200\" \/>\n\t<meta property=\"og:image:height\" content=\"800\" \/>\n\t<meta property=\"og:image:type\" content=\"image\/jpeg\" \/>\n<meta name=\"author\" content=\"Altominho.tv\" \/>\n<meta name=\"twitter:card\" content=\"summary_large_image\" \/>\n<meta name=\"twitter:creator\" content=\"@altominhoTV\" \/>\n<meta name=\"twitter:site\" content=\"@altominhoTV\" \/>\n<meta name=\"twitter:label1\" content=\"Escrito por\" \/>\n\t<meta name=\"twitter:data1\" content=\"Altominho.tv\" \/>\n\t<meta name=\"twitter:label2\" content=\"Tempo estimado de leitura\" \/>\n\t<meta name=\"twitter:data2\" content=\"3 minutos\" \/>\n<script type=\"application\/ld+json\" class=\"yoast-schema-graph\">{\"@context\":\"https:\\\/\\\/schema.org\",\"@graph\":[{\"@type\":\"Article\",\"@id\":\"https:\\\/\\\/www.altominho.tv\\\/site\\\/2020\\\/03\\\/25\\\/rui-sousa-acredita-que-e-possivel-ganhar-a-corrida-a-pandemia\\\/#article\",\"isPartOf\":{\"@id\":\"https:\\\/\\\/www.altominho.tv\\\/site\\\/2020\\\/03\\\/25\\\/rui-sousa-acredita-que-e-possivel-ganhar-a-corrida-a-pandemia\\\/\"},\"author\":{\"name\":\"Altominho.tv\",\"@id\":\"https:\\\/\\\/www.altominho.tv\\\/site\\\/#\\\/schema\\\/person\\\/4e536851627d7914baf3dac752b6af22\"},\"headline\":\"Rui Sousa acredita que \u00e9 poss\u00edvel ganhar a corrida \u00e0 pandemia\",\"datePublished\":\"2020-03-25T09:23:08+00:00\",\"dateModified\":\"2020-03-25T09:23:14+00:00\",\"mainEntityOfPage\":{\"@id\":\"https:\\\/\\\/www.altominho.tv\\\/site\\\/2020\\\/03\\\/25\\\/rui-sousa-acredita-que-e-possivel-ganhar-a-corrida-a-pandemia\\\/\"},\"wordCount\":575,\"image\":{\"@id\":\"https:\\\/\\\/www.altominho.tv\\\/site\\\/2020\\\/03\\\/25\\\/rui-sousa-acredita-que-e-possivel-ganhar-a-corrida-a-pandemia\\\/#primaryimage\"},\"thumbnailUrl\":\"https:\\\/\\\/www.altominho.tv\\\/site\\\/wp-content\\\/uploads\\\/2020\\\/03\\\/Rui_Sousa_.jpg\",\"keywords\":[\"Sa\u00fade\"],\"articleSection\":[\"Viana do Castelo\"],\"inLanguage\":\"pt-PT\",\"copyrightYear\":\"2020\",\"copyrightHolder\":{\"@id\":\"https:\\\/\\\/www.altominho.tv\\\/site\\\/#organization\"}},{\"@type\":\"WebPage\",\"@id\":\"https:\\\/\\\/www.altominho.tv\\\/site\\\/2020\\\/03\\\/25\\\/rui-sousa-acredita-que-e-possivel-ganhar-a-corrida-a-pandemia\\\/\",\"url\":\"https:\\\/\\\/www.altominho.tv\\\/site\\\/2020\\\/03\\\/25\\\/rui-sousa-acredita-que-e-possivel-ganhar-a-corrida-a-pandemia\\\/\",\"name\":\"Rui Sousa acredita que \u00e9 poss\u00edvel ganhar a corrida \u00e0 pandemia\",\"isPartOf\":{\"@id\":\"https:\\\/\\\/www.altominho.tv\\\/site\\\/#website\"},\"primaryImageOfPage\":{\"@id\":\"https:\\\/\\\/www.altominho.tv\\\/site\\\/2020\\\/03\\\/25\\\/rui-sousa-acredita-que-e-possivel-ganhar-a-corrida-a-pandemia\\\/#primaryimage\"},\"image\":{\"@id\":\"https:\\\/\\\/www.altominho.tv\\\/site\\\/2020\\\/03\\\/25\\\/rui-sousa-acredita-que-e-possivel-ganhar-a-corrida-a-pandemia\\\/#primaryimage\"},\"thumbnailUrl\":\"https:\\\/\\\/www.altominho.tv\\\/site\\\/wp-content\\\/uploads\\\/2020\\\/03\\\/Rui_Sousa_.jpg\",\"datePublished\":\"2020-03-25T09:23:08+00:00\",\"dateModified\":\"2020-03-25T09:23:14+00:00\",\"author\":{\"@id\":\"https:\\\/\\\/www.altominho.tv\\\/site\\\/#\\\/schema\\\/person\\\/4e536851627d7914baf3dac752b6af22\"},\"breadcrumb\":{\"@id\":\"https:\\\/\\\/www.altominho.tv\\\/site\\\/2020\\\/03\\\/25\\\/rui-sousa-acredita-que-e-possivel-ganhar-a-corrida-a-pandemia\\\/#breadcrumb\"},\"inLanguage\":\"pt-PT\",\"potentialAction\":[{\"@type\":\"ReadAction\",\"target\":[\"https:\\\/\\\/www.altominho.tv\\\/site\\\/2020\\\/03\\\/25\\\/rui-sousa-acredita-que-e-possivel-ganhar-a-corrida-a-pandemia\\\/\"]}]},{\"@type\":\"ImageObject\",\"inLanguage\":\"pt-PT\",\"@id\":\"https:\\\/\\\/www.altominho.tv\\\/site\\\/2020\\\/03\\\/25\\\/rui-sousa-acredita-que-e-possivel-ganhar-a-corrida-a-pandemia\\\/#primaryimage\",\"url\":\"https:\\\/\\\/www.altominho.tv\\\/site\\\/wp-content\\\/uploads\\\/2020\\\/03\\\/Rui_Sousa_.jpg\",\"contentUrl\":\"https:\\\/\\\/www.altominho.tv\\\/site\\\/wp-content\\\/uploads\\\/2020\\\/03\\\/Rui_Sousa_.jpg\",\"width\":1200,\"height\":800},{\"@type\":\"BreadcrumbList\",\"@id\":\"https:\\\/\\\/www.altominho.tv\\\/site\\\/2020\\\/03\\\/25\\\/rui-sousa-acredita-que-e-possivel-ganhar-a-corrida-a-pandemia\\\/#breadcrumb\",\"itemListElement\":[{\"@type\":\"ListItem\",\"position\":1,\"name\":\"In\u00edcio\",\"item\":\"https:\\\/\\\/www.altominho.tv\\\/site\\\/\"},{\"@type\":\"ListItem\",\"position\":2,\"name\":\"Rui Sousa acredita que \u00e9 poss\u00edvel ganhar a corrida \u00e0 pandemia\"}]},{\"@type\":\"WebSite\",\"@id\":\"https:\\\/\\\/www.altominho.tv\\\/site\\\/#website\",\"url\":\"https:\\\/\\\/www.altominho.tv\\\/site\\\/\",\"name\":\"Altominho.tv\",\"description\":\"A sua regi\u00e3o \u00e0 dist\u00e2ncia de um clique...\",\"potentialAction\":[{\"@type\":\"SearchAction\",\"target\":{\"@type\":\"EntryPoint\",\"urlTemplate\":\"https:\\\/\\\/www.altominho.tv\\\/site\\\/?s={search_term_string}\"},\"query-input\":{\"@type\":\"PropertyValueSpecification\",\"valueRequired\":true,\"valueName\":\"search_term_string\"}}],\"inLanguage\":\"pt-PT\"},{\"@type\":\"Person\",\"@id\":\"https:\\\/\\\/www.altominho.tv\\\/site\\\/#\\\/schema\\\/person\\\/4e536851627d7914baf3dac752b6af22\",\"name\":\"Altominho.tv\",\"image\":{\"@type\":\"ImageObject\",\"inLanguage\":\"pt-PT\",\"@id\":\"https:\\\/\\\/www.altominho.tv\\\/site\\\/wp-content\\\/uploads\\\/2019\\\/11\\\/Logo_Avatar_2-150x150.jpg\",\"url\":\"https:\\\/\\\/www.altominho.tv\\\/site\\\/wp-content\\\/uploads\\\/2019\\\/11\\\/Logo_Avatar_2-150x150.jpg\",\"contentUrl\":\"https:\\\/\\\/www.altominho.tv\\\/site\\\/wp-content\\\/uploads\\\/2019\\\/11\\\/Logo_Avatar_2-150x150.jpg\",\"caption\":\"Altominho.tv\"},\"url\":\"https:\\\/\\\/www.altominho.tv\\\/site\\\/author\\\/altominhotv-tecnico\\\/\"}]}<\/script>\n<!-- \/ Yoast SEO Premium plugin. -->","yoast_head_json":{"title":"Rui Sousa acredita que \u00e9 poss\u00edvel ganhar a corrida \u00e0 pandemia","robots":{"index":"index","follow":"follow","max-snippet":"max-snippet:-1","max-image-preview":"max-image-preview:large","max-video-preview":"max-video-preview:-1"},"canonical":"https:\/\/www.altominho.tv\/site\/2020\/03\/25\/rui-sousa-acredita-que-e-possivel-ganhar-a-corrida-a-pandemia\/","og_locale":"pt_PT","og_type":"article","og_title":"Rui Sousa acredita que \u00e9 poss\u00edvel ganhar a corrida \u00e0 pandemia","og_description":"Rui Sousa reconheceu que a pandemia da covid-19 representa &#8220;o maior desafio&#8221; da sua vida, depois do ciclismo profissional e, mais recentemente, da pol\u00edtica, como autarca em Viana do Castelo, embora acredite que a prova ser\u00e1 superada. Nestes dias de incerteza, Rui Sousa, de 43 anos, concentra as suas energias na presid\u00eancia da junta da [&hellip;]","og_url":"https:\/\/www.altominho.tv\/site\/2020\/03\/25\/rui-sousa-acredita-que-e-possivel-ganhar-a-corrida-a-pandemia\/","og_site_name":"Altominho.tv","article_publisher":"https:\/\/www.facebook.com\/altominhotv","article_published_time":"2020-03-25T09:23:08+00:00","article_modified_time":"2020-03-25T09:23:14+00:00","og_image":[{"width":1200,"height":800,"url":"https:\/\/www.altominho.tv\/site\/wp-content\/uploads\/2020\/03\/Rui_Sousa_.jpg","type":"image\/jpeg"}],"author":"Altominho.tv","twitter_card":"summary_large_image","twitter_creator":"@altominhoTV","twitter_site":"@altominhoTV","twitter_misc":{"Escrito por":"Altominho.tv","Tempo estimado de leitura":"3 minutos"},"schema":{"@context":"https:\/\/schema.org","@graph":[{"@type":"Article","@id":"https:\/\/www.altominho.tv\/site\/2020\/03\/25\/rui-sousa-acredita-que-e-possivel-ganhar-a-corrida-a-pandemia\/#article","isPartOf":{"@id":"https:\/\/www.altominho.tv\/site\/2020\/03\/25\/rui-sousa-acredita-que-e-possivel-ganhar-a-corrida-a-pandemia\/"},"author":{"name":"Altominho.tv","@id":"https:\/\/www.altominho.tv\/site\/#\/schema\/person\/4e536851627d7914baf3dac752b6af22"},"headline":"Rui Sousa acredita que \u00e9 poss\u00edvel ganhar a corrida \u00e0 pandemia","datePublished":"2020-03-25T09:23:08+00:00","dateModified":"2020-03-25T09:23:14+00:00","mainEntityOfPage":{"@id":"https:\/\/www.altominho.tv\/site\/2020\/03\/25\/rui-sousa-acredita-que-e-possivel-ganhar-a-corrida-a-pandemia\/"},"wordCount":575,"image":{"@id":"https:\/\/www.altominho.tv\/site\/2020\/03\/25\/rui-sousa-acredita-que-e-possivel-ganhar-a-corrida-a-pandemia\/#primaryimage"},"thumbnailUrl":"https:\/\/www.altominho.tv\/site\/wp-content\/uploads\/2020\/03\/Rui_Sousa_.jpg","keywords":["Sa\u00fade"],"articleSection":["Viana do Castelo"],"inLanguage":"pt-PT","copyrightYear":"2020","copyrightHolder":{"@id":"https:\/\/www.altominho.tv\/site\/#organization"}},{"@type":"WebPage","@id":"https:\/\/www.altominho.tv\/site\/2020\/03\/25\/rui-sousa-acredita-que-e-possivel-ganhar-a-corrida-a-pandemia\/","url":"https:\/\/www.altominho.tv\/site\/2020\/03\/25\/rui-sousa-acredita-que-e-possivel-ganhar-a-corrida-a-pandemia\/","name":"Rui Sousa acredita que \u00e9 poss\u00edvel ganhar a corrida \u00e0 pandemia","isPartOf":{"@id":"https:\/\/www.altominho.tv\/site\/#website"},"primaryImageOfPage":{"@id":"https:\/\/www.altominho.tv\/site\/2020\/03\/25\/rui-sousa-acredita-que-e-possivel-ganhar-a-corrida-a-pandemia\/#primaryimage"},"image":{"@id":"https:\/\/www.altominho.tv\/site\/2020\/03\/25\/rui-sousa-acredita-que-e-possivel-ganhar-a-corrida-a-pandemia\/#primaryimage"},"thumbnailUrl":"https:\/\/www.altominho.tv\/site\/wp-content\/uploads\/2020\/03\/Rui_Sousa_.jpg","datePublished":"2020-03-25T09:23:08+00:00","dateModified":"2020-03-25T09:23:14+00:00","author":{"@id":"https:\/\/www.altominho.tv\/site\/#\/schema\/person\/4e536851627d7914baf3dac752b6af22"},"breadcrumb":{"@id":"https:\/\/www.altominho.tv\/site\/2020\/03\/25\/rui-sousa-acredita-que-e-possivel-ganhar-a-corrida-a-pandemia\/#breadcrumb"},"inLanguage":"pt-PT","potentialAction":[{"@type":"ReadAction","target":["https:\/\/www.altominho.tv\/site\/2020\/03\/25\/rui-sousa-acredita-que-e-possivel-ganhar-a-corrida-a-pandemia\/"]}]},{"@type":"ImageObject","inLanguage":"pt-PT","@id":"https:\/\/www.altominho.tv\/site\/2020\/03\/25\/rui-sousa-acredita-que-e-possivel-ganhar-a-corrida-a-pandemia\/#primaryimage","url":"https:\/\/www.altominho.tv\/site\/wp-content\/uploads\/2020\/03\/Rui_Sousa_.jpg","contentUrl":"https:\/\/www.altominho.tv\/site\/wp-content\/uploads\/2020\/03\/Rui_Sousa_.jpg","width":1200,"height":800},{"@type":"BreadcrumbList","@id":"https:\/\/www.altominho.tv\/site\/2020\/03\/25\/rui-sousa-acredita-que-e-possivel-ganhar-a-corrida-a-pandemia\/#breadcrumb","itemListElement":[{"@type":"ListItem","position":1,"name":"In\u00edcio","item":"https:\/\/www.altominho.tv\/site\/"},{"@type":"ListItem","position":2,"name":"Rui Sousa acredita que \u00e9 poss\u00edvel ganhar a corrida \u00e0 pandemia"}]},{"@type":"WebSite","@id":"https:\/\/www.altominho.tv\/site\/#website","url":"https:\/\/www.altominho.tv\/site\/","name":"Altominho.tv","description":"A sua regi\u00e3o \u00e0 dist\u00e2ncia de um clique...","potentialAction":[{"@type":"SearchAction","target":{"@type":"EntryPoint","urlTemplate":"https:\/\/www.altominho.tv\/site\/?s={search_term_string}"},"query-input":{"@type":"PropertyValueSpecification","valueRequired":true,"valueName":"search_term_string"}}],"inLanguage":"pt-PT"},{"@type":"Person","@id":"https:\/\/www.altominho.tv\/site\/#\/schema\/person\/4e536851627d7914baf3dac752b6af22","name":"Altominho.tv","image":{"@type":"ImageObject","inLanguage":"pt-PT","@id":"https:\/\/www.altominho.tv\/site\/wp-content\/uploads\/2019\/11\/Logo_Avatar_2-150x150.jpg","url":"https:\/\/www.altominho.tv\/site\/wp-content\/uploads\/2019\/11\/Logo_Avatar_2-150x150.jpg","contentUrl":"https:\/\/www.altominho.tv\/site\/wp-content\/uploads\/2019\/11\/Logo_Avatar_2-150x150.jpg","caption":"Altominho.tv"},"url":"https:\/\/www.altominho.tv\/site\/author\/altominhotv-tecnico\/"}]}},"_links":{"self":[{"href":"https:\/\/www.altominho.tv\/site\/wp-json\/wp\/v2\/posts\/42605","targetHints":{"allow":["GET"]}}],"collection":[{"href":"https:\/\/www.altominho.tv\/site\/wp-json\/wp\/v2\/posts"}],"about":[{"href":"https:\/\/www.altominho.tv\/site\/wp-json\/wp\/v2\/types\/post"}],"author":[{"embeddable":true,"href":"https:\/\/www.altominho.tv\/site\/wp-json\/wp\/v2\/users\/1"}],"replies":[{"embeddable":true,"href":"https:\/\/www.altominho.tv\/site\/wp-json\/wp\/v2\/comments?post=42605"}],"version-history":[{"count":0,"href":"https:\/\/www.altominho.tv\/site\/wp-json\/wp\/v2\/posts\/42605\/revisions"}],"wp:featuredmedia":[{"embeddable":true,"href":"https:\/\/www.altominho.tv\/site\/wp-json\/wp\/v2\/media\/42606"}],"wp:attachment":[{"href":"https:\/\/www.altominho.tv\/site\/wp-json\/wp\/v2\/media?parent=42605"}],"wp:term":[{"taxonomy":"category","embeddable":true,"href":"https:\/\/www.altominho.tv\/site\/wp-json\/wp\/v2\/categories?post=42605"},{"taxonomy":"post_tag","embeddable":true,"href":"https:\/\/www.altominho.tv\/site\/wp-json\/wp\/v2\/tags?post=42605"}],"curies":[{"name":"wp","href":"https:\/\/api.w.org\/{rel}","templated":true}]}}