{"id":42574,"date":"2020-03-24T20:32:14","date_gmt":"2020-03-24T20:32:14","guid":{"rendered":"http:\/\/www.altominho.tv\/site\/?p=42574"},"modified":"2020-03-24T22:53:25","modified_gmt":"2020-03-24T22:53:25","slug":"estudantes-de-viana-lancam-iniciativa-para-apoiar-idosos-que-estao-sozinhos-ou-isolados","status":"publish","type":"post","link":"https:\/\/www.altominho.tv\/site\/2020\/03\/24\/estudantes-de-viana-lancam-iniciativa-para-apoiar-idosos-que-estao-sozinhos-ou-isolados\/","title":{"rendered":"Estudantes de Viana lan\u00e7am iniciativa para apoiar idosos que est\u00e3o sozinhos ou isolados"},"content":{"rendered":"<p>Recuperar uma antiga pr\u00e1tica comunit\u00e1ria de comunica\u00e7\u00e3o com vizinhos e amigos \u00e0 janela ou \u00e0 varanda \u00e9 o objetivo da campanha lan\u00e7ada esta ter\u00e7a-feira por alunos do Instituto Polit\u00e9cnico de Viana do Castelo (IPVC) para contrariar o &#8220;isolamento&#8221; de idosos.<\/p>\n<p>Os 90 estudantes da licenciatura de Educa\u00e7\u00e3o Social Gerontol\u00f3gica e do mestrado em Gerontologia Social da Escola Superior de Educa\u00e7\u00e3o (ESE) do IPVC &#8220;convidam cada portugu\u00eas a, diariamente, conversar com os seus vizinhos mais velhos \u00e0 janela ou varanda&#8221;.<\/p>\n<p>A iniciativa, designada Janelas CONVIDA, come\u00e7ou na capital do distrito de Viana do Castelo, para assinalar o dia do Geront\u00f3logo, mas a inten\u00e7\u00e3o dos estudantes passa por &#8220;estender a campanha, como uma onda de solidariedade, a todo o pa\u00eds e \u00e0s regi\u00f5es aut\u00f3nomas da Madeira e dos A\u00e7ores&#8221;, numa &#8220;rede nacional de apoio aos idosos que se encontram em confinamento no domic\u00edlio, devido \u00e0 pandemia de Covid-19.<\/p>\n<p>O desafio &#8220;foi abra\u00e7ado pela Associa\u00e7\u00e3o Nacional de Gerontologia que gostou muito do projeto&#8221; e lan\u00e7ado &#8220;a outras institui\u00e7\u00f5es com cursos na \u00e1rea da gerontologia social como Bragan\u00e7a, Porto e Coimbra para que adiram, juntando cada vez mais pessoas numa onda gigante, replicada em todo o pa\u00eds para apoiar, sobretudo, as pessoas da terceira idade, durante este per\u00edodo&#8221; em que &#8220;todos t\u00eam de ficar em casa&#8221; para conter o surto do novo coronav\u00edrus.<\/p>\n<p>&#8220;Trata-se de uma a\u00e7\u00e3o de proximidade e suporte \u00e0s pessoas mais velhas que vivem, neste momento, sozinhas ou com contacto limitado com os seus familiares e amigos na sequ\u00eancia do estado de emerg\u00eancia decretado em Portugal&#8221;, explica o IPVC na nota enviada \u00e0 imprensa.<\/p>\n<p>Segundo o IPVC, o projeto nasceu da &#8220;consci\u00eancia dos riscos e da vulnerabilidade acrescida a que este grupo populacional fica exposto no atual contexto, nomeadamente o aumento de sentimentos de isolamento, solid\u00e3o, inseguran\u00e7a, abandono e exclus\u00e3o&#8221;.<\/p>\n<p>Os estudantes de gerontologia &#8220;pretendem criar uma rede de suporte e ajuda \u00e0s pessoas mais velhas; identificar e sinalizar necessidades ou situa\u00e7\u00f5es de risco vividas pelas pessoas mais velhas, ajudar os mais velhos a manter-se em casa, seguros e protegidos, evitando o risco de cont\u00e1gio da Covid-19, minimizando desta forma a viv\u00eancia de sentimentos de solid\u00e3o, isolamento social, inseguran\u00e7a ou abandono&#8221;.<\/p>\n<p>Na <a href=\"https:\/\/www.facebook.com\/JanelasConVIDA\/?__xts__[0]=68.ARCzHOIE-3UQeeYPKihky0vyIuVCnw8GZPaspF0YXo7QakhJ2iIQkf1MhvlCZrUtK0FpmsYvIbBMwjm5-IE34TcCFQqO_aUN60OjnvNZGLX0SJ559o59ACIDu5QFWfcBCxstKAj6jGWDhCMXMXLw-b7BVxzU3N-mbxFRjF6i36dUbzPFgoEEjjx2PLMUjMus05V8ryw5Lmklf1jAwXPaQUxqNdcO89TervF0_BRUTRXqjPUtmP3B6UsR88zbAJK-tGw69iLx0EflowAKdwEP1IltWtW0TdyZ7LqEthcYyhBUJPgaMwsMrdwSu9KRJimAaKDoTlVkXnf296SBmSS6g2OYDnh68cjmGaWp5POEOr3IOsWijQbovkBmgNzSzv-aLYNav0lNVTkyXQCgkPH39YslW6xXSgncYoeA5y9_FbEbvzN6yfkpMs0J46SPLaPY8W6PyRnUOFKwyhd5AC7vvT-A13m93pAnsILsTMzANNQqnHYncxjL-Q\" target=\"_blank\" rel=\"noopener noreferrer\">p\u00e1gina<\/a> que &#8220;criaram nas redes sociais est\u00e3o a divulgar a iniciativa, a fazer sugest\u00f5es, a sensibilizar e a recolher experi\u00eancias&#8221;, lan\u00e7ando o apelo: &#8220;V\u00e1 \u00e0 janela, convide o seu vizinho mais velhos para uma conversa&#8221;.<\/p>\n<p>&#8220;Quando todos temos de ficar em casa para nossa prote\u00e7\u00e3o e da nossa comunidade, as janelas e varandas foram escolhidas como a nossa liga\u00e7\u00e3o ao mundo f\u00edsico e social, particularmente para aqueles em que a tecnologia n\u00e3o \u00e9 alternativa. Por isso, as janelas ganham vida quando convidamos o(s) outro(s) para uma conversa entre vizinhos, para uma pequena troca de palavras, mas que se transforma em algo muito maior &#8211; cria uma liga\u00e7\u00e3o, transmite esperan\u00e7a, cuidado, interesse genu\u00edno&#8221;, referem os estudantes.<\/p>\n","protected":false},"excerpt":{"rendered":"<p>Recuperar uma antiga pr\u00e1tica comunit\u00e1ria de comunica\u00e7\u00e3o com vizinhos e amigos \u00e0 janela ou \u00e0 varanda \u00e9 o objetivo da campanha lan\u00e7ada esta ter\u00e7a-feira por alunos do Instituto Polit\u00e9cnico de Viana do Castelo (IPVC) para contrariar o &#8220;isolamento&#8221; de idosos. Os 90 estudantes da licenciatura de Educa\u00e7\u00e3o Social Gerontol\u00f3gica e do mestrado em Gerontologia Social [&hellip;]<\/p>\n","protected":false},"author":15,"featured_media":42575,"comment_status":"closed","ping_status":"closed","sticky":false,"template":"","format":"standard","meta":{"_exactmetrics_skip_tracking":false,"_exactmetrics_sitenote_active":false,"_exactmetrics_sitenote_note":"","_exactmetrics_sitenote_category":0,"footnotes":""},"categories":[14],"tags":[27],"class_list":["post-42574","post","type-post","status-publish","format-standard","has-post-thumbnail","hentry","category-viana-do-castelo","tag-sociedade"],"yoast_head":"<!-- This site is optimized with the Yoast SEO Premium plugin v27.5 (Yoast SEO v27.5) - https:\/\/yoast.com\/product\/yoast-seo-premium-wordpress\/ -->\n<title>Estudantes de Viana lan\u00e7am iniciativa para apoiar idosos que est\u00e3o sozinhos ou isolados<\/title>\n<meta name=\"robots\" content=\"index, follow, max-snippet:-1, max-image-preview:large, max-video-preview:-1\" \/>\n<link rel=\"canonical\" href=\"https:\/\/www.altominho.tv\/site\/2020\/03\/24\/estudantes-de-viana-lancam-iniciativa-para-apoiar-idosos-que-estao-sozinhos-ou-isolados\/\" \/>\n<meta property=\"og:locale\" content=\"pt_PT\" \/>\n<meta property=\"og:type\" content=\"article\" \/>\n<meta property=\"og:title\" content=\"Estudantes de Viana lan\u00e7am iniciativa para apoiar idosos que est\u00e3o sozinhos ou isolados\" \/>\n<meta property=\"og:description\" content=\"Recuperar uma antiga pr\u00e1tica comunit\u00e1ria de comunica\u00e7\u00e3o com vizinhos e amigos \u00e0 janela ou \u00e0 varanda \u00e9 o objetivo da campanha lan\u00e7ada esta ter\u00e7a-feira por alunos do Instituto Polit\u00e9cnico de Viana do Castelo (IPVC) para contrariar o &#8220;isolamento&#8221; de idosos. Os 90 estudantes da licenciatura de Educa\u00e7\u00e3o Social Gerontol\u00f3gica e do mestrado em Gerontologia Social [&hellip;]\" \/>\n<meta property=\"og:url\" content=\"https:\/\/www.altominho.tv\/site\/2020\/03\/24\/estudantes-de-viana-lancam-iniciativa-para-apoiar-idosos-que-estao-sozinhos-ou-isolados\/\" \/>\n<meta property=\"og:site_name\" content=\"Altominho.tv\" \/>\n<meta property=\"article:publisher\" content=\"https:\/\/www.facebook.com\/altominhotv\" \/>\n<meta property=\"article:published_time\" content=\"2020-03-24T20:32:14+00:00\" \/>\n<meta property=\"article:modified_time\" content=\"2020-03-24T22:53:25+00:00\" \/>\n<meta property=\"og:image\" content=\"https:\/\/www.altominho.tv\/site\/wp-content\/uploads\/2020\/03\/90676662_102863694698005_319429821748740096_n.jpg\" \/>\n\t<meta property=\"og:image:width\" content=\"960\" \/>\n\t<meta property=\"og:image:height\" content=\"720\" \/>\n\t<meta property=\"og:image:type\" content=\"image\/jpeg\" \/>\n<meta name=\"author\" content=\"Andreia Ferreira | Lusa\" \/>\n<meta name=\"twitter:card\" content=\"summary_large_image\" \/>\n<meta name=\"twitter:creator\" content=\"@altominhoTV\" \/>\n<meta name=\"twitter:site\" content=\"@altominhoTV\" \/>\n<meta name=\"twitter:label1\" content=\"Escrito por\" \/>\n\t<meta name=\"twitter:data1\" content=\"Andreia Ferreira | Lusa\" \/>\n\t<meta name=\"twitter:label2\" content=\"Tempo estimado de leitura\" \/>\n\t<meta name=\"twitter:data2\" content=\"3 minutos\" \/>\n<script type=\"application\/ld+json\" class=\"yoast-schema-graph\">{\"@context\":\"https:\\\/\\\/schema.org\",\"@graph\":[{\"@type\":\"Article\",\"@id\":\"https:\\\/\\\/www.altominho.tv\\\/site\\\/2020\\\/03\\\/24\\\/estudantes-de-viana-lancam-iniciativa-para-apoiar-idosos-que-estao-sozinhos-ou-isolados\\\/#article\",\"isPartOf\":{\"@id\":\"https:\\\/\\\/www.altominho.tv\\\/site\\\/2020\\\/03\\\/24\\\/estudantes-de-viana-lancam-iniciativa-para-apoiar-idosos-que-estao-sozinhos-ou-isolados\\\/\"},\"author\":{\"name\":\"Andreia Ferreira | Lusa\",\"@id\":\"https:\\\/\\\/www.altominho.tv\\\/site\\\/#\\\/schema\\\/person\\\/a0bff6dc1041aadd46fa81887444b017\"},\"headline\":\"Estudantes de Viana lan\u00e7am iniciativa para apoiar idosos que est\u00e3o sozinhos ou isolados\",\"datePublished\":\"2020-03-24T20:32:14+00:00\",\"dateModified\":\"2020-03-24T22:53:25+00:00\",\"mainEntityOfPage\":{\"@id\":\"https:\\\/\\\/www.altominho.tv\\\/site\\\/2020\\\/03\\\/24\\\/estudantes-de-viana-lancam-iniciativa-para-apoiar-idosos-que-estao-sozinhos-ou-isolados\\\/\"},\"wordCount\":535,\"image\":{\"@id\":\"https:\\\/\\\/www.altominho.tv\\\/site\\\/2020\\\/03\\\/24\\\/estudantes-de-viana-lancam-iniciativa-para-apoiar-idosos-que-estao-sozinhos-ou-isolados\\\/#primaryimage\"},\"thumbnailUrl\":\"https:\\\/\\\/www.altominho.tv\\\/site\\\/wp-content\\\/uploads\\\/2020\\\/03\\\/90676662_102863694698005_319429821748740096_n.jpg\",\"keywords\":[\"Sociedade\"],\"articleSection\":[\"Viana do Castelo\"],\"inLanguage\":\"pt-PT\",\"copyrightYear\":\"2020\",\"copyrightHolder\":{\"@id\":\"https:\\\/\\\/www.altominho.tv\\\/site\\\/#organization\"}},{\"@type\":\"WebPage\",\"@id\":\"https:\\\/\\\/www.altominho.tv\\\/site\\\/2020\\\/03\\\/24\\\/estudantes-de-viana-lancam-iniciativa-para-apoiar-idosos-que-estao-sozinhos-ou-isolados\\\/\",\"url\":\"https:\\\/\\\/www.altominho.tv\\\/site\\\/2020\\\/03\\\/24\\\/estudantes-de-viana-lancam-iniciativa-para-apoiar-idosos-que-estao-sozinhos-ou-isolados\\\/\",\"name\":\"Estudantes de Viana lan\u00e7am iniciativa para apoiar idosos que est\u00e3o sozinhos ou isolados\",\"isPartOf\":{\"@id\":\"https:\\\/\\\/www.altominho.tv\\\/site\\\/#website\"},\"primaryImageOfPage\":{\"@id\":\"https:\\\/\\\/www.altominho.tv\\\/site\\\/2020\\\/03\\\/24\\\/estudantes-de-viana-lancam-iniciativa-para-apoiar-idosos-que-estao-sozinhos-ou-isolados\\\/#primaryimage\"},\"image\":{\"@id\":\"https:\\\/\\\/www.altominho.tv\\\/site\\\/2020\\\/03\\\/24\\\/estudantes-de-viana-lancam-iniciativa-para-apoiar-idosos-que-estao-sozinhos-ou-isolados\\\/#primaryimage\"},\"thumbnailUrl\":\"https:\\\/\\\/www.altominho.tv\\\/site\\\/wp-content\\\/uploads\\\/2020\\\/03\\\/90676662_102863694698005_319429821748740096_n.jpg\",\"datePublished\":\"2020-03-24T20:32:14+00:00\",\"dateModified\":\"2020-03-24T22:53:25+00:00\",\"author\":{\"@id\":\"https:\\\/\\\/www.altominho.tv\\\/site\\\/#\\\/schema\\\/person\\\/a0bff6dc1041aadd46fa81887444b017\"},\"breadcrumb\":{\"@id\":\"https:\\\/\\\/www.altominho.tv\\\/site\\\/2020\\\/03\\\/24\\\/estudantes-de-viana-lancam-iniciativa-para-apoiar-idosos-que-estao-sozinhos-ou-isolados\\\/#breadcrumb\"},\"inLanguage\":\"pt-PT\",\"potentialAction\":[{\"@type\":\"ReadAction\",\"target\":[\"https:\\\/\\\/www.altominho.tv\\\/site\\\/2020\\\/03\\\/24\\\/estudantes-de-viana-lancam-iniciativa-para-apoiar-idosos-que-estao-sozinhos-ou-isolados\\\/\"]}]},{\"@type\":\"ImageObject\",\"inLanguage\":\"pt-PT\",\"@id\":\"https:\\\/\\\/www.altominho.tv\\\/site\\\/2020\\\/03\\\/24\\\/estudantes-de-viana-lancam-iniciativa-para-apoiar-idosos-que-estao-sozinhos-ou-isolados\\\/#primaryimage\",\"url\":\"https:\\\/\\\/www.altominho.tv\\\/site\\\/wp-content\\\/uploads\\\/2020\\\/03\\\/90676662_102863694698005_319429821748740096_n.jpg\",\"contentUrl\":\"https:\\\/\\\/www.altominho.tv\\\/site\\\/wp-content\\\/uploads\\\/2020\\\/03\\\/90676662_102863694698005_319429821748740096_n.jpg\",\"width\":960,\"height\":720,\"caption\":\"FACEBOOK JANELAS CONVIDA\"},{\"@type\":\"BreadcrumbList\",\"@id\":\"https:\\\/\\\/www.altominho.tv\\\/site\\\/2020\\\/03\\\/24\\\/estudantes-de-viana-lancam-iniciativa-para-apoiar-idosos-que-estao-sozinhos-ou-isolados\\\/#breadcrumb\",\"itemListElement\":[{\"@type\":\"ListItem\",\"position\":1,\"name\":\"In\u00edcio\",\"item\":\"https:\\\/\\\/www.altominho.tv\\\/site\\\/\"},{\"@type\":\"ListItem\",\"position\":2,\"name\":\"Estudantes de Viana lan\u00e7am iniciativa para apoiar idosos que est\u00e3o sozinhos ou isolados\"}]},{\"@type\":\"WebSite\",\"@id\":\"https:\\\/\\\/www.altominho.tv\\\/site\\\/#website\",\"url\":\"https:\\\/\\\/www.altominho.tv\\\/site\\\/\",\"name\":\"Altominho.tv\",\"description\":\"A sua regi\u00e3o \u00e0 dist\u00e2ncia de um clique...\",\"potentialAction\":[{\"@type\":\"SearchAction\",\"target\":{\"@type\":\"EntryPoint\",\"urlTemplate\":\"https:\\\/\\\/www.altominho.tv\\\/site\\\/?s={search_term_string}\"},\"query-input\":{\"@type\":\"PropertyValueSpecification\",\"valueRequired\":true,\"valueName\":\"search_term_string\"}}],\"inLanguage\":\"pt-PT\"},{\"@type\":\"Person\",\"@id\":\"https:\\\/\\\/www.altominho.tv\\\/site\\\/#\\\/schema\\\/person\\\/a0bff6dc1041aadd46fa81887444b017\",\"name\":\"Andreia Ferreira | Lusa\",\"image\":{\"@type\":\"ImageObject\",\"inLanguage\":\"pt-PT\",\"@id\":\"https:\\\/\\\/www.altominho.tv\\\/site\\\/wp-content\\\/uploads\\\/2018\\\/04\\\/Andreia-150x150.jpg\",\"url\":\"https:\\\/\\\/www.altominho.tv\\\/site\\\/wp-content\\\/uploads\\\/2018\\\/04\\\/Andreia-150x150.jpg\",\"contentUrl\":\"https:\\\/\\\/www.altominho.tv\\\/site\\\/wp-content\\\/uploads\\\/2018\\\/04\\\/Andreia-150x150.jpg\",\"caption\":\"Andreia Ferreira | Lusa\"},\"sameAs\":[\"https:\\\/\\\/www.altominho.tv\\\/site\"],\"url\":\"https:\\\/\\\/www.altominho.tv\\\/site\\\/author\\\/andreiaferreiralusa\\\/\"}]}<\/script>\n<!-- \/ Yoast SEO Premium plugin. -->","yoast_head_json":{"title":"Estudantes de Viana lan\u00e7am iniciativa para apoiar idosos que est\u00e3o sozinhos ou isolados","robots":{"index":"index","follow":"follow","max-snippet":"max-snippet:-1","max-image-preview":"max-image-preview:large","max-video-preview":"max-video-preview:-1"},"canonical":"https:\/\/www.altominho.tv\/site\/2020\/03\/24\/estudantes-de-viana-lancam-iniciativa-para-apoiar-idosos-que-estao-sozinhos-ou-isolados\/","og_locale":"pt_PT","og_type":"article","og_title":"Estudantes de Viana lan\u00e7am iniciativa para apoiar idosos que est\u00e3o sozinhos ou isolados","og_description":"Recuperar uma antiga pr\u00e1tica comunit\u00e1ria de comunica\u00e7\u00e3o com vizinhos e amigos \u00e0 janela ou \u00e0 varanda \u00e9 o objetivo da campanha lan\u00e7ada esta ter\u00e7a-feira por alunos do Instituto Polit\u00e9cnico de Viana do Castelo (IPVC) para contrariar o &#8220;isolamento&#8221; de idosos. Os 90 estudantes da licenciatura de Educa\u00e7\u00e3o Social Gerontol\u00f3gica e do mestrado em Gerontologia Social [&hellip;]","og_url":"https:\/\/www.altominho.tv\/site\/2020\/03\/24\/estudantes-de-viana-lancam-iniciativa-para-apoiar-idosos-que-estao-sozinhos-ou-isolados\/","og_site_name":"Altominho.tv","article_publisher":"https:\/\/www.facebook.com\/altominhotv","article_published_time":"2020-03-24T20:32:14+00:00","article_modified_time":"2020-03-24T22:53:25+00:00","og_image":[{"width":960,"height":720,"url":"https:\/\/www.altominho.tv\/site\/wp-content\/uploads\/2020\/03\/90676662_102863694698005_319429821748740096_n.jpg","type":"image\/jpeg"}],"author":"Andreia Ferreira | Lusa","twitter_card":"summary_large_image","twitter_creator":"@altominhoTV","twitter_site":"@altominhoTV","twitter_misc":{"Escrito por":"Andreia Ferreira | Lusa","Tempo estimado de leitura":"3 minutos"},"schema":{"@context":"https:\/\/schema.org","@graph":[{"@type":"Article","@id":"https:\/\/www.altominho.tv\/site\/2020\/03\/24\/estudantes-de-viana-lancam-iniciativa-para-apoiar-idosos-que-estao-sozinhos-ou-isolados\/#article","isPartOf":{"@id":"https:\/\/www.altominho.tv\/site\/2020\/03\/24\/estudantes-de-viana-lancam-iniciativa-para-apoiar-idosos-que-estao-sozinhos-ou-isolados\/"},"author":{"name":"Andreia Ferreira | Lusa","@id":"https:\/\/www.altominho.tv\/site\/#\/schema\/person\/a0bff6dc1041aadd46fa81887444b017"},"headline":"Estudantes de Viana lan\u00e7am iniciativa para apoiar idosos que est\u00e3o sozinhos ou isolados","datePublished":"2020-03-24T20:32:14+00:00","dateModified":"2020-03-24T22:53:25+00:00","mainEntityOfPage":{"@id":"https:\/\/www.altominho.tv\/site\/2020\/03\/24\/estudantes-de-viana-lancam-iniciativa-para-apoiar-idosos-que-estao-sozinhos-ou-isolados\/"},"wordCount":535,"image":{"@id":"https:\/\/www.altominho.tv\/site\/2020\/03\/24\/estudantes-de-viana-lancam-iniciativa-para-apoiar-idosos-que-estao-sozinhos-ou-isolados\/#primaryimage"},"thumbnailUrl":"https:\/\/www.altominho.tv\/site\/wp-content\/uploads\/2020\/03\/90676662_102863694698005_319429821748740096_n.jpg","keywords":["Sociedade"],"articleSection":["Viana do Castelo"],"inLanguage":"pt-PT","copyrightYear":"2020","copyrightHolder":{"@id":"https:\/\/www.altominho.tv\/site\/#organization"}},{"@type":"WebPage","@id":"https:\/\/www.altominho.tv\/site\/2020\/03\/24\/estudantes-de-viana-lancam-iniciativa-para-apoiar-idosos-que-estao-sozinhos-ou-isolados\/","url":"https:\/\/www.altominho.tv\/site\/2020\/03\/24\/estudantes-de-viana-lancam-iniciativa-para-apoiar-idosos-que-estao-sozinhos-ou-isolados\/","name":"Estudantes de Viana lan\u00e7am iniciativa para apoiar idosos que est\u00e3o sozinhos ou isolados","isPartOf":{"@id":"https:\/\/www.altominho.tv\/site\/#website"},"primaryImageOfPage":{"@id":"https:\/\/www.altominho.tv\/site\/2020\/03\/24\/estudantes-de-viana-lancam-iniciativa-para-apoiar-idosos-que-estao-sozinhos-ou-isolados\/#primaryimage"},"image":{"@id":"https:\/\/www.altominho.tv\/site\/2020\/03\/24\/estudantes-de-viana-lancam-iniciativa-para-apoiar-idosos-que-estao-sozinhos-ou-isolados\/#primaryimage"},"thumbnailUrl":"https:\/\/www.altominho.tv\/site\/wp-content\/uploads\/2020\/03\/90676662_102863694698005_319429821748740096_n.jpg","datePublished":"2020-03-24T20:32:14+00:00","dateModified":"2020-03-24T22:53:25+00:00","author":{"@id":"https:\/\/www.altominho.tv\/site\/#\/schema\/person\/a0bff6dc1041aadd46fa81887444b017"},"breadcrumb":{"@id":"https:\/\/www.altominho.tv\/site\/2020\/03\/24\/estudantes-de-viana-lancam-iniciativa-para-apoiar-idosos-que-estao-sozinhos-ou-isolados\/#breadcrumb"},"inLanguage":"pt-PT","potentialAction":[{"@type":"ReadAction","target":["https:\/\/www.altominho.tv\/site\/2020\/03\/24\/estudantes-de-viana-lancam-iniciativa-para-apoiar-idosos-que-estao-sozinhos-ou-isolados\/"]}]},{"@type":"ImageObject","inLanguage":"pt-PT","@id":"https:\/\/www.altominho.tv\/site\/2020\/03\/24\/estudantes-de-viana-lancam-iniciativa-para-apoiar-idosos-que-estao-sozinhos-ou-isolados\/#primaryimage","url":"https:\/\/www.altominho.tv\/site\/wp-content\/uploads\/2020\/03\/90676662_102863694698005_319429821748740096_n.jpg","contentUrl":"https:\/\/www.altominho.tv\/site\/wp-content\/uploads\/2020\/03\/90676662_102863694698005_319429821748740096_n.jpg","width":960,"height":720,"caption":"FACEBOOK JANELAS CONVIDA"},{"@type":"BreadcrumbList","@id":"https:\/\/www.altominho.tv\/site\/2020\/03\/24\/estudantes-de-viana-lancam-iniciativa-para-apoiar-idosos-que-estao-sozinhos-ou-isolados\/#breadcrumb","itemListElement":[{"@type":"ListItem","position":1,"name":"In\u00edcio","item":"https:\/\/www.altominho.tv\/site\/"},{"@type":"ListItem","position":2,"name":"Estudantes de Viana lan\u00e7am iniciativa para apoiar idosos que est\u00e3o sozinhos ou isolados"}]},{"@type":"WebSite","@id":"https:\/\/www.altominho.tv\/site\/#website","url":"https:\/\/www.altominho.tv\/site\/","name":"Altominho.tv","description":"A sua regi\u00e3o \u00e0 dist\u00e2ncia de um clique...","potentialAction":[{"@type":"SearchAction","target":{"@type":"EntryPoint","urlTemplate":"https:\/\/www.altominho.tv\/site\/?s={search_term_string}"},"query-input":{"@type":"PropertyValueSpecification","valueRequired":true,"valueName":"search_term_string"}}],"inLanguage":"pt-PT"},{"@type":"Person","@id":"https:\/\/www.altominho.tv\/site\/#\/schema\/person\/a0bff6dc1041aadd46fa81887444b017","name":"Andreia Ferreira | Lusa","image":{"@type":"ImageObject","inLanguage":"pt-PT","@id":"https:\/\/www.altominho.tv\/site\/wp-content\/uploads\/2018\/04\/Andreia-150x150.jpg","url":"https:\/\/www.altominho.tv\/site\/wp-content\/uploads\/2018\/04\/Andreia-150x150.jpg","contentUrl":"https:\/\/www.altominho.tv\/site\/wp-content\/uploads\/2018\/04\/Andreia-150x150.jpg","caption":"Andreia Ferreira | Lusa"},"sameAs":["https:\/\/www.altominho.tv\/site"],"url":"https:\/\/www.altominho.tv\/site\/author\/andreiaferreiralusa\/"}]}},"_links":{"self":[{"href":"https:\/\/www.altominho.tv\/site\/wp-json\/wp\/v2\/posts\/42574","targetHints":{"allow":["GET"]}}],"collection":[{"href":"https:\/\/www.altominho.tv\/site\/wp-json\/wp\/v2\/posts"}],"about":[{"href":"https:\/\/www.altominho.tv\/site\/wp-json\/wp\/v2\/types\/post"}],"author":[{"embeddable":true,"href":"https:\/\/www.altominho.tv\/site\/wp-json\/wp\/v2\/users\/15"}],"replies":[{"embeddable":true,"href":"https:\/\/www.altominho.tv\/site\/wp-json\/wp\/v2\/comments?post=42574"}],"version-history":[{"count":0,"href":"https:\/\/www.altominho.tv\/site\/wp-json\/wp\/v2\/posts\/42574\/revisions"}],"wp:featuredmedia":[{"embeddable":true,"href":"https:\/\/www.altominho.tv\/site\/wp-json\/wp\/v2\/media\/42575"}],"wp:attachment":[{"href":"https:\/\/www.altominho.tv\/site\/wp-json\/wp\/v2\/media?parent=42574"}],"wp:term":[{"taxonomy":"category","embeddable":true,"href":"https:\/\/www.altominho.tv\/site\/wp-json\/wp\/v2\/categories?post=42574"},{"taxonomy":"post_tag","embeddable":true,"href":"https:\/\/www.altominho.tv\/site\/wp-json\/wp\/v2\/tags?post=42574"}],"curies":[{"name":"wp","href":"https:\/\/api.w.org\/{rel}","templated":true}]}}