{"id":42560,"date":"2020-03-24T20:20:42","date_gmt":"2020-03-24T20:20:42","guid":{"rendered":"http:\/\/www.altominho.tv\/site\/?p=42560"},"modified":"2020-03-24T20:20:49","modified_gmt":"2020-03-24T20:20:49","slug":"dgs-avanca-com-numero-de-casos-confirmados-em-dois-concelhos-do-alto-minho","status":"publish","type":"post","link":"https:\/\/www.altominho.tv\/site\/2020\/03\/24\/dgs-avanca-com-numero-de-casos-confirmados-em-dois-concelhos-do-alto-minho\/","title":{"rendered":"DGS avan\u00e7a com n\u00famero de casos confirmados em dois concelhos do Alto Minho"},"content":{"rendered":"<p>O concelho de Viana do Castelo apresenta o maior n\u00famero de infetados por Covid-19 na regi\u00e3o do Alto Minho, com sete casos confirmados, e Arcos de Valdevez soma tr\u00eas casos, de acordo com um relat\u00f3rio divulgado\u00a0esta ter\u00e7a-feira pela Dire\u00e7\u00e3o-Geral da Sa\u00fade (DGS).<\/p>\n<p>Os restantes concelhos do Alto Minho n\u00e3o constam na lista da DGS, que apenas reporta 54% dos casos j\u00e1 confirmados, mas segundo o que a Altominho TV apurou o concelho de Caminha tem dois casos confirmados, assim como os concelhos de Mon\u00e7\u00e3o e Paredes de Coura.<\/p>\n<p>A C\u00e2mara de Paredes de Coura confirmou, esta ter\u00e7a-feira, a exist\u00eancia de dois casos no concelho. Em comunicado enviado \u00e0 imprensa, a autarquia adianta que &#8220;o estado de sa\u00fade de ambos \u00e9 est\u00e1vel e encontram-se sob vigil\u00e2ncia das autoridades, com a monitoriza\u00e7\u00e3o exigida de todos os casos de contacto direto que identificaram&#8221;.<\/p>\n<p>O presidente da C\u00e2mara, V\u00edtor Paulo Pereira, citado naquela nota, afirmou que \u201c\u00e9 inevit\u00e1vel existirem casos de infe\u00e7\u00e3o\u201d. \u201cO n\u00famero de infetados vai aumentar por todo o pa\u00eds, nos concelhos vizinhos e no concelho de Paredes de Coura. Aumentar\u00e1 sobretudo se n\u00e3o forem adotadas as medidas de conten\u00e7\u00e3o e preven\u00e7\u00e3o j\u00e1 divulgadas\u201d, sublinha.<\/p>\n<p>Segundo o autarca, \u201cmais do que identificar cada um dos doentes\u201d, \u00e9 fundamental manter um \u201ccomportamento respons\u00e1vel\u201d. \u201cPara conter esta doen\u00e7a, todos devemos concentrar-nos nas regras divulgadas at\u00e9 \u00e0 exaust\u00e3o pelas autoridades e pelos \u00f3rg\u00e3os de comunica\u00e7\u00e3o social: lavar as m\u00e3os, manter o distanciamento m\u00ednimo de seguran\u00e7a, manter o isolamento social e evitar sa\u00eddas desnecess\u00e1rias de casa. Cada um ter\u00e1 de fazer o seu trabalho, proteger-se, proteger a comunidade e, sempre que poss\u00edvel, ficar em casa.\u201d<\/p>\n<p>Sobre a evolu\u00e7\u00e3o dos n\u00fameros, V\u00edtor Paulo Pereira adiantou que a autarquia vai procurar \u201cdivulgar informa\u00e7\u00f5es oficiais quando existam\u201d.<\/p>\n<p>No concelho de Melga\u00e7o, o <a href=\"http:\/\/www.altominho.tv\/site\/2020\/03\/23\/primeiro-caso-confirmado-no-concelho-de-melgaco\/\">primeiro caso positivo<\/a>, confirmado esta segunda-feira, \u00e9 o de um homem de 82 anos da freguesia de Parada do Monte.<\/p>\n<div id=\"artigotexto_11970338\">\n<aside class=\"t-article-float-media-1\">\n<div class=\"t-article-block-1\"><span style=\"font-size: inherit\">O munic\u00edpio de Ponte de Lima apresentava, at\u00e9 esta segunda-feira, dois casos de infe\u00e7\u00e3o pelo novo coronav\u00edrus, de acordo com os <\/span>dados<span style=\"font-size: inherit\"> avan\u00e7ados pelo <\/span><a href=\"https:\/\/www.jn.pt\/local\/noticias\/viana-do-castelo\/viana-do-castelo\/alto-minho-com-27-casos-de-covid-19-11973833.html?fbclid=IwAR1TOVYZOwo2H0fxNtP-2LzankG-pxzwPPrKY1RhccQa6F_KMTZ6Y_BvSyk\" target=\"_blank\" rel=\"noopener noreferrer\"><em style=\"font-size: inherit\">Jornal de Not\u00edcias<\/em><\/a><span style=\"font-size: inherit\">.<\/span><\/div>\n<\/aside>\n<\/div>\n<figure id=\"attachment_42561\" aria-describedby=\"caption-attachment-42561\" style=\"width: 724px\" class=\"wp-caption alignnone\"><img loading=\"lazy\" decoding=\"async\" class=\"wp-image-42561 size-large\" src=\"http:\/\/www.altominho.tv\/site\/wp-content\/uploads\/2020\/03\/90623733_2915421021813833_1855407330498183168_o-724x1024.jpg\" alt=\"\" width=\"724\" height=\"1024\" srcset=\"https:\/\/www.altominho.tv\/site\/wp-content\/uploads\/2020\/03\/90623733_2915421021813833_1855407330498183168_o-724x1024.jpg 724w, https:\/\/www.altominho.tv\/site\/wp-content\/uploads\/2020\/03\/90623733_2915421021813833_1855407330498183168_o-306x433.jpg 306w, https:\/\/www.altominho.tv\/site\/wp-content\/uploads\/2020\/03\/90623733_2915421021813833_1855407330498183168_o-768x1086.jpg 768w, https:\/\/www.altominho.tv\/site\/wp-content\/uploads\/2020\/03\/90623733_2915421021813833_1855407330498183168_o-1086x1536.jpg 1086w, https:\/\/www.altominho.tv\/site\/wp-content\/uploads\/2020\/03\/90623733_2915421021813833_1855407330498183168_o-370x523.jpg 370w, https:\/\/www.altominho.tv\/site\/wp-content\/uploads\/2020\/03\/90623733_2915421021813833_1855407330498183168_o-270x382.jpg 270w, https:\/\/www.altominho.tv\/site\/wp-content\/uploads\/2020\/03\/90623733_2915421021813833_1855407330498183168_o-570x806.jpg 570w, https:\/\/www.altominho.tv\/site\/wp-content\/uploads\/2020\/03\/90623733_2915421021813833_1855407330498183168_o-740x1047.jpg 740w, https:\/\/www.altominho.tv\/site\/wp-content\/uploads\/2020\/03\/90623733_2915421021813833_1855407330498183168_o.jpg 1447w\" sizes=\"auto, (max-width: 724px) 100vw, 724px\" \/><figcaption id=\"caption-attachment-42561\" class=\"wp-caption-text\">DIRE\u00c7\u00c3O-GERAL DA SA\u00daDE<\/figcaption><\/figure>\n","protected":false},"excerpt":{"rendered":"<p>O concelho de Viana do Castelo apresenta o maior n\u00famero de infetados por Covid-19 na regi\u00e3o do Alto Minho, com sete casos confirmados, e Arcos de Valdevez soma tr\u00eas casos, de acordo com um relat\u00f3rio divulgado\u00a0esta ter\u00e7a-feira pela Dire\u00e7\u00e3o-Geral da Sa\u00fade (DGS). Os restantes concelhos do Alto Minho n\u00e3o constam na lista da DGS, que [&hellip;]<\/p>\n","protected":false},"author":12,"featured_media":42305,"comment_status":"closed","ping_status":"closed","sticky":false,"template":"","format":"standard","meta":{"_exactmetrics_skip_tracking":false,"_exactmetrics_sitenote_active":false,"_exactmetrics_sitenote_note":"","_exactmetrics_sitenote_category":0,"footnotes":""},"categories":[73],"tags":[27],"class_list":["post-42560","post","type-post","status-publish","format-standard","has-post-thumbnail","hentry","category-alto-minho","tag-sociedade"],"yoast_head":"<!-- This site is optimized with the Yoast SEO Premium plugin v27.5 (Yoast SEO v27.5) - https:\/\/yoast.com\/product\/yoast-seo-premium-wordpress\/ -->\n<title>DGS avan\u00e7a com n\u00famero de casos confirmados em dois concelhos do Alto Minho<\/title>\n<meta name=\"robots\" content=\"index, follow, max-snippet:-1, max-image-preview:large, max-video-preview:-1\" \/>\n<link rel=\"canonical\" href=\"https:\/\/www.altominho.tv\/site\/2020\/03\/24\/dgs-avanca-com-numero-de-casos-confirmados-em-dois-concelhos-do-alto-minho\/\" \/>\n<meta property=\"og:locale\" content=\"pt_PT\" \/>\n<meta property=\"og:type\" content=\"article\" \/>\n<meta property=\"og:title\" content=\"DGS avan\u00e7a com n\u00famero de casos confirmados em dois concelhos do Alto Minho\" \/>\n<meta property=\"og:description\" content=\"O concelho de Viana do Castelo apresenta o maior n\u00famero de infetados por Covid-19 na regi\u00e3o do Alto Minho, com sete casos confirmados, e Arcos de Valdevez soma tr\u00eas casos, de acordo com um relat\u00f3rio divulgado\u00a0esta ter\u00e7a-feira pela Dire\u00e7\u00e3o-Geral da Sa\u00fade (DGS). Os restantes concelhos do Alto Minho n\u00e3o constam na lista da DGS, que [&hellip;]\" \/>\n<meta property=\"og:url\" content=\"https:\/\/www.altominho.tv\/site\/2020\/03\/24\/dgs-avanca-com-numero-de-casos-confirmados-em-dois-concelhos-do-alto-minho\/\" \/>\n<meta property=\"og:site_name\" content=\"Altominho.tv\" \/>\n<meta property=\"article:publisher\" content=\"https:\/\/www.facebook.com\/altominhotv\" \/>\n<meta property=\"article:published_time\" content=\"2020-03-24T20:20:42+00:00\" \/>\n<meta property=\"article:modified_time\" content=\"2020-03-24T20:20:49+00:00\" \/>\n<meta property=\"og:image\" content=\"https:\/\/www.altominho.tv\/site\/wp-content\/uploads\/2020\/03\/Teste_Coronavirus.jpg\" \/>\n\t<meta property=\"og:image:width\" content=\"1011\" \/>\n\t<meta property=\"og:image:height\" content=\"673\" \/>\n\t<meta property=\"og:image:type\" content=\"image\/jpeg\" \/>\n<meta name=\"author\" content=\"Andreia Ferreira\" \/>\n<meta name=\"twitter:card\" content=\"summary_large_image\" \/>\n<meta name=\"twitter:creator\" content=\"@altominhoTV\" \/>\n<meta name=\"twitter:site\" content=\"@altominhoTV\" \/>\n<meta name=\"twitter:label1\" content=\"Escrito por\" \/>\n\t<meta name=\"twitter:data1\" content=\"Andreia Ferreira\" \/>\n\t<meta name=\"twitter:label2\" content=\"Tempo estimado de leitura\" \/>\n\t<meta name=\"twitter:data2\" content=\"2 minutos\" \/>\n<script type=\"application\/ld+json\" class=\"yoast-schema-graph\">{\"@context\":\"https:\\\/\\\/schema.org\",\"@graph\":[{\"@type\":\"Article\",\"@id\":\"https:\\\/\\\/www.altominho.tv\\\/site\\\/2020\\\/03\\\/24\\\/dgs-avanca-com-numero-de-casos-confirmados-em-dois-concelhos-do-alto-minho\\\/#article\",\"isPartOf\":{\"@id\":\"https:\\\/\\\/www.altominho.tv\\\/site\\\/2020\\\/03\\\/24\\\/dgs-avanca-com-numero-de-casos-confirmados-em-dois-concelhos-do-alto-minho\\\/\"},\"author\":{\"name\":\"Andreia Ferreira\",\"@id\":\"https:\\\/\\\/www.altominho.tv\\\/site\\\/#\\\/schema\\\/person\\\/d9be4265364723f14ea8e0d56a1d38cd\"},\"headline\":\"DGS avan\u00e7a com n\u00famero de casos confirmados em dois concelhos do Alto Minho\",\"datePublished\":\"2020-03-24T20:20:42+00:00\",\"dateModified\":\"2020-03-24T20:20:49+00:00\",\"mainEntityOfPage\":{\"@id\":\"https:\\\/\\\/www.altominho.tv\\\/site\\\/2020\\\/03\\\/24\\\/dgs-avanca-com-numero-de-casos-confirmados-em-dois-concelhos-do-alto-minho\\\/\"},\"wordCount\":406,\"image\":{\"@id\":\"https:\\\/\\\/www.altominho.tv\\\/site\\\/2020\\\/03\\\/24\\\/dgs-avanca-com-numero-de-casos-confirmados-em-dois-concelhos-do-alto-minho\\\/#primaryimage\"},\"thumbnailUrl\":\"https:\\\/\\\/www.altominho.tv\\\/site\\\/wp-content\\\/uploads\\\/2020\\\/03\\\/Teste_Coronavirus.jpg\",\"keywords\":[\"Sociedade\"],\"articleSection\":[\"Alto Minho\"],\"inLanguage\":\"pt-PT\",\"copyrightYear\":\"2020\",\"copyrightHolder\":{\"@id\":\"https:\\\/\\\/www.altominho.tv\\\/site\\\/#organization\"}},{\"@type\":\"WebPage\",\"@id\":\"https:\\\/\\\/www.altominho.tv\\\/site\\\/2020\\\/03\\\/24\\\/dgs-avanca-com-numero-de-casos-confirmados-em-dois-concelhos-do-alto-minho\\\/\",\"url\":\"https:\\\/\\\/www.altominho.tv\\\/site\\\/2020\\\/03\\\/24\\\/dgs-avanca-com-numero-de-casos-confirmados-em-dois-concelhos-do-alto-minho\\\/\",\"name\":\"DGS avan\u00e7a com n\u00famero de casos confirmados em dois concelhos do Alto Minho\",\"isPartOf\":{\"@id\":\"https:\\\/\\\/www.altominho.tv\\\/site\\\/#website\"},\"primaryImageOfPage\":{\"@id\":\"https:\\\/\\\/www.altominho.tv\\\/site\\\/2020\\\/03\\\/24\\\/dgs-avanca-com-numero-de-casos-confirmados-em-dois-concelhos-do-alto-minho\\\/#primaryimage\"},\"image\":{\"@id\":\"https:\\\/\\\/www.altominho.tv\\\/site\\\/2020\\\/03\\\/24\\\/dgs-avanca-com-numero-de-casos-confirmados-em-dois-concelhos-do-alto-minho\\\/#primaryimage\"},\"thumbnailUrl\":\"https:\\\/\\\/www.altominho.tv\\\/site\\\/wp-content\\\/uploads\\\/2020\\\/03\\\/Teste_Coronavirus.jpg\",\"datePublished\":\"2020-03-24T20:20:42+00:00\",\"dateModified\":\"2020-03-24T20:20:49+00:00\",\"author\":{\"@id\":\"https:\\\/\\\/www.altominho.tv\\\/site\\\/#\\\/schema\\\/person\\\/d9be4265364723f14ea8e0d56a1d38cd\"},\"breadcrumb\":{\"@id\":\"https:\\\/\\\/www.altominho.tv\\\/site\\\/2020\\\/03\\\/24\\\/dgs-avanca-com-numero-de-casos-confirmados-em-dois-concelhos-do-alto-minho\\\/#breadcrumb\"},\"inLanguage\":\"pt-PT\",\"potentialAction\":[{\"@type\":\"ReadAction\",\"target\":[\"https:\\\/\\\/www.altominho.tv\\\/site\\\/2020\\\/03\\\/24\\\/dgs-avanca-com-numero-de-casos-confirmados-em-dois-concelhos-do-alto-minho\\\/\"]}]},{\"@type\":\"ImageObject\",\"inLanguage\":\"pt-PT\",\"@id\":\"https:\\\/\\\/www.altominho.tv\\\/site\\\/2020\\\/03\\\/24\\\/dgs-avanca-com-numero-de-casos-confirmados-em-dois-concelhos-do-alto-minho\\\/#primaryimage\",\"url\":\"https:\\\/\\\/www.altominho.tv\\\/site\\\/wp-content\\\/uploads\\\/2020\\\/03\\\/Teste_Coronavirus.jpg\",\"contentUrl\":\"https:\\\/\\\/www.altominho.tv\\\/site\\\/wp-content\\\/uploads\\\/2020\\\/03\\\/Teste_Coronavirus.jpg\",\"width\":1011,\"height\":673},{\"@type\":\"BreadcrumbList\",\"@id\":\"https:\\\/\\\/www.altominho.tv\\\/site\\\/2020\\\/03\\\/24\\\/dgs-avanca-com-numero-de-casos-confirmados-em-dois-concelhos-do-alto-minho\\\/#breadcrumb\",\"itemListElement\":[{\"@type\":\"ListItem\",\"position\":1,\"name\":\"In\u00edcio\",\"item\":\"https:\\\/\\\/www.altominho.tv\\\/site\\\/\"},{\"@type\":\"ListItem\",\"position\":2,\"name\":\"DGS avan\u00e7a com n\u00famero de casos confirmados em dois concelhos do Alto Minho\"}]},{\"@type\":\"WebSite\",\"@id\":\"https:\\\/\\\/www.altominho.tv\\\/site\\\/#website\",\"url\":\"https:\\\/\\\/www.altominho.tv\\\/site\\\/\",\"name\":\"Altominho.tv\",\"description\":\"A sua regi\u00e3o \u00e0 dist\u00e2ncia de um clique...\",\"potentialAction\":[{\"@type\":\"SearchAction\",\"target\":{\"@type\":\"EntryPoint\",\"urlTemplate\":\"https:\\\/\\\/www.altominho.tv\\\/site\\\/?s={search_term_string}\"},\"query-input\":{\"@type\":\"PropertyValueSpecification\",\"valueRequired\":true,\"valueName\":\"search_term_string\"}}],\"inLanguage\":\"pt-PT\"},{\"@type\":\"Person\",\"@id\":\"https:\\\/\\\/www.altominho.tv\\\/site\\\/#\\\/schema\\\/person\\\/d9be4265364723f14ea8e0d56a1d38cd\",\"name\":\"Andreia Ferreira\",\"image\":{\"@type\":\"ImageObject\",\"inLanguage\":\"pt-PT\",\"@id\":\"https:\\\/\\\/www.altominho.tv\\\/site\\\/wp-content\\\/uploads\\\/2021\\\/01\\\/AndreiaFerreira-150x150.jpg\",\"url\":\"https:\\\/\\\/www.altominho.tv\\\/site\\\/wp-content\\\/uploads\\\/2021\\\/01\\\/AndreiaFerreira-150x150.jpg\",\"contentUrl\":\"https:\\\/\\\/www.altominho.tv\\\/site\\\/wp-content\\\/uploads\\\/2021\\\/01\\\/AndreiaFerreira-150x150.jpg\",\"caption\":\"Andreia Ferreira\"},\"url\":\"https:\\\/\\\/www.altominho.tv\\\/site\\\/author\\\/andreiaferreira\\\/\"}]}<\/script>\n<!-- \/ Yoast SEO Premium plugin. -->","yoast_head_json":{"title":"DGS avan\u00e7a com n\u00famero de casos confirmados em dois concelhos do Alto Minho","robots":{"index":"index","follow":"follow","max-snippet":"max-snippet:-1","max-image-preview":"max-image-preview:large","max-video-preview":"max-video-preview:-1"},"canonical":"https:\/\/www.altominho.tv\/site\/2020\/03\/24\/dgs-avanca-com-numero-de-casos-confirmados-em-dois-concelhos-do-alto-minho\/","og_locale":"pt_PT","og_type":"article","og_title":"DGS avan\u00e7a com n\u00famero de casos confirmados em dois concelhos do Alto Minho","og_description":"O concelho de Viana do Castelo apresenta o maior n\u00famero de infetados por Covid-19 na regi\u00e3o do Alto Minho, com sete casos confirmados, e Arcos de Valdevez soma tr\u00eas casos, de acordo com um relat\u00f3rio divulgado\u00a0esta ter\u00e7a-feira pela Dire\u00e7\u00e3o-Geral da Sa\u00fade (DGS). Os restantes concelhos do Alto Minho n\u00e3o constam na lista da DGS, que [&hellip;]","og_url":"https:\/\/www.altominho.tv\/site\/2020\/03\/24\/dgs-avanca-com-numero-de-casos-confirmados-em-dois-concelhos-do-alto-minho\/","og_site_name":"Altominho.tv","article_publisher":"https:\/\/www.facebook.com\/altominhotv","article_published_time":"2020-03-24T20:20:42+00:00","article_modified_time":"2020-03-24T20:20:49+00:00","og_image":[{"width":1011,"height":673,"url":"https:\/\/www.altominho.tv\/site\/wp-content\/uploads\/2020\/03\/Teste_Coronavirus.jpg","type":"image\/jpeg"}],"author":"Andreia Ferreira","twitter_card":"summary_large_image","twitter_creator":"@altominhoTV","twitter_site":"@altominhoTV","twitter_misc":{"Escrito por":"Andreia Ferreira","Tempo estimado de leitura":"2 minutos"},"schema":{"@context":"https:\/\/schema.org","@graph":[{"@type":"Article","@id":"https:\/\/www.altominho.tv\/site\/2020\/03\/24\/dgs-avanca-com-numero-de-casos-confirmados-em-dois-concelhos-do-alto-minho\/#article","isPartOf":{"@id":"https:\/\/www.altominho.tv\/site\/2020\/03\/24\/dgs-avanca-com-numero-de-casos-confirmados-em-dois-concelhos-do-alto-minho\/"},"author":{"name":"Andreia Ferreira","@id":"https:\/\/www.altominho.tv\/site\/#\/schema\/person\/d9be4265364723f14ea8e0d56a1d38cd"},"headline":"DGS avan\u00e7a com n\u00famero de casos confirmados em dois concelhos do Alto Minho","datePublished":"2020-03-24T20:20:42+00:00","dateModified":"2020-03-24T20:20:49+00:00","mainEntityOfPage":{"@id":"https:\/\/www.altominho.tv\/site\/2020\/03\/24\/dgs-avanca-com-numero-de-casos-confirmados-em-dois-concelhos-do-alto-minho\/"},"wordCount":406,"image":{"@id":"https:\/\/www.altominho.tv\/site\/2020\/03\/24\/dgs-avanca-com-numero-de-casos-confirmados-em-dois-concelhos-do-alto-minho\/#primaryimage"},"thumbnailUrl":"https:\/\/www.altominho.tv\/site\/wp-content\/uploads\/2020\/03\/Teste_Coronavirus.jpg","keywords":["Sociedade"],"articleSection":["Alto Minho"],"inLanguage":"pt-PT","copyrightYear":"2020","copyrightHolder":{"@id":"https:\/\/www.altominho.tv\/site\/#organization"}},{"@type":"WebPage","@id":"https:\/\/www.altominho.tv\/site\/2020\/03\/24\/dgs-avanca-com-numero-de-casos-confirmados-em-dois-concelhos-do-alto-minho\/","url":"https:\/\/www.altominho.tv\/site\/2020\/03\/24\/dgs-avanca-com-numero-de-casos-confirmados-em-dois-concelhos-do-alto-minho\/","name":"DGS avan\u00e7a com n\u00famero de casos confirmados em dois concelhos do Alto Minho","isPartOf":{"@id":"https:\/\/www.altominho.tv\/site\/#website"},"primaryImageOfPage":{"@id":"https:\/\/www.altominho.tv\/site\/2020\/03\/24\/dgs-avanca-com-numero-de-casos-confirmados-em-dois-concelhos-do-alto-minho\/#primaryimage"},"image":{"@id":"https:\/\/www.altominho.tv\/site\/2020\/03\/24\/dgs-avanca-com-numero-de-casos-confirmados-em-dois-concelhos-do-alto-minho\/#primaryimage"},"thumbnailUrl":"https:\/\/www.altominho.tv\/site\/wp-content\/uploads\/2020\/03\/Teste_Coronavirus.jpg","datePublished":"2020-03-24T20:20:42+00:00","dateModified":"2020-03-24T20:20:49+00:00","author":{"@id":"https:\/\/www.altominho.tv\/site\/#\/schema\/person\/d9be4265364723f14ea8e0d56a1d38cd"},"breadcrumb":{"@id":"https:\/\/www.altominho.tv\/site\/2020\/03\/24\/dgs-avanca-com-numero-de-casos-confirmados-em-dois-concelhos-do-alto-minho\/#breadcrumb"},"inLanguage":"pt-PT","potentialAction":[{"@type":"ReadAction","target":["https:\/\/www.altominho.tv\/site\/2020\/03\/24\/dgs-avanca-com-numero-de-casos-confirmados-em-dois-concelhos-do-alto-minho\/"]}]},{"@type":"ImageObject","inLanguage":"pt-PT","@id":"https:\/\/www.altominho.tv\/site\/2020\/03\/24\/dgs-avanca-com-numero-de-casos-confirmados-em-dois-concelhos-do-alto-minho\/#primaryimage","url":"https:\/\/www.altominho.tv\/site\/wp-content\/uploads\/2020\/03\/Teste_Coronavirus.jpg","contentUrl":"https:\/\/www.altominho.tv\/site\/wp-content\/uploads\/2020\/03\/Teste_Coronavirus.jpg","width":1011,"height":673},{"@type":"BreadcrumbList","@id":"https:\/\/www.altominho.tv\/site\/2020\/03\/24\/dgs-avanca-com-numero-de-casos-confirmados-em-dois-concelhos-do-alto-minho\/#breadcrumb","itemListElement":[{"@type":"ListItem","position":1,"name":"In\u00edcio","item":"https:\/\/www.altominho.tv\/site\/"},{"@type":"ListItem","position":2,"name":"DGS avan\u00e7a com n\u00famero de casos confirmados em dois concelhos do Alto Minho"}]},{"@type":"WebSite","@id":"https:\/\/www.altominho.tv\/site\/#website","url":"https:\/\/www.altominho.tv\/site\/","name":"Altominho.tv","description":"A sua regi\u00e3o \u00e0 dist\u00e2ncia de um clique...","potentialAction":[{"@type":"SearchAction","target":{"@type":"EntryPoint","urlTemplate":"https:\/\/www.altominho.tv\/site\/?s={search_term_string}"},"query-input":{"@type":"PropertyValueSpecification","valueRequired":true,"valueName":"search_term_string"}}],"inLanguage":"pt-PT"},{"@type":"Person","@id":"https:\/\/www.altominho.tv\/site\/#\/schema\/person\/d9be4265364723f14ea8e0d56a1d38cd","name":"Andreia Ferreira","image":{"@type":"ImageObject","inLanguage":"pt-PT","@id":"https:\/\/www.altominho.tv\/site\/wp-content\/uploads\/2021\/01\/AndreiaFerreira-150x150.jpg","url":"https:\/\/www.altominho.tv\/site\/wp-content\/uploads\/2021\/01\/AndreiaFerreira-150x150.jpg","contentUrl":"https:\/\/www.altominho.tv\/site\/wp-content\/uploads\/2021\/01\/AndreiaFerreira-150x150.jpg","caption":"Andreia Ferreira"},"url":"https:\/\/www.altominho.tv\/site\/author\/andreiaferreira\/"}]}},"_links":{"self":[{"href":"https:\/\/www.altominho.tv\/site\/wp-json\/wp\/v2\/posts\/42560","targetHints":{"allow":["GET"]}}],"collection":[{"href":"https:\/\/www.altominho.tv\/site\/wp-json\/wp\/v2\/posts"}],"about":[{"href":"https:\/\/www.altominho.tv\/site\/wp-json\/wp\/v2\/types\/post"}],"author":[{"embeddable":true,"href":"https:\/\/www.altominho.tv\/site\/wp-json\/wp\/v2\/users\/12"}],"replies":[{"embeddable":true,"href":"https:\/\/www.altominho.tv\/site\/wp-json\/wp\/v2\/comments?post=42560"}],"version-history":[{"count":0,"href":"https:\/\/www.altominho.tv\/site\/wp-json\/wp\/v2\/posts\/42560\/revisions"}],"wp:featuredmedia":[{"embeddable":true,"href":"https:\/\/www.altominho.tv\/site\/wp-json\/wp\/v2\/media\/42305"}],"wp:attachment":[{"href":"https:\/\/www.altominho.tv\/site\/wp-json\/wp\/v2\/media?parent=42560"}],"wp:term":[{"taxonomy":"category","embeddable":true,"href":"https:\/\/www.altominho.tv\/site\/wp-json\/wp\/v2\/categories?post=42560"},{"taxonomy":"post_tag","embeddable":true,"href":"https:\/\/www.altominho.tv\/site\/wp-json\/wp\/v2\/tags?post=42560"}],"curies":[{"name":"wp","href":"https:\/\/api.w.org\/{rel}","templated":true}]}}